{"id":364299,"date":"2018-02-22T17:00:00","date_gmt":"2018-02-22T16:00:00","guid":{"rendered":"https:\/\/hudo.com\/si\/2018\/02\/22\/ob-abrahamu-policiji-nov-helikopter\/"},"modified":"2018-02-22T17:00:00","modified_gmt":"2018-02-22T16:00:00","slug":"ob-abrahamu-policiji-nov-helikopter","status":"publish","type":"post","link":"https:\/\/hudo.com\/si\/aktualno\/ob-abrahamu-policiji-nov-helikopter\/","title":{"rendered":"Ob abrahamu policiji nov helikopter"},"content":{"rendered":"<p>Kategorija: Kronika Thu, 22 Feb 2018 18:00:00 +0100  Mojstrana \u2013 Z re\u0161evalno vajo, v kateri sta sodelovala policijski in voja\u0161ki helikopter, so danes v Mojstrani zaznamovali 50-letnico helikopterskega re\u0161evanja pri nas. V policiji ob iztro\u0161eni floti zra\u010dnih plovil nov helikopter pri\u010dakujejo prihodnje leto, medtem ko bodo v vojski na novega \u0161e \u010dakali.Slovesnosti se je udele\u017eila ministrica za notranje zadeve Vesna Gy\u00f6rk\u00f6s \u017dnidar, medtem ko njene kolegice z obrambnega ministrstva Andreje Kati\u010d, ki je bila predvidena za slavnostno govornico, zaradi menjave na vrhu slovenske vojske ni bilo. Notranja ministrica je po ogledu vaje dejala, da je zelo zadovoljna in ponosna na vse, ki sodelujejo v helikopterskem re\u0161evanju, saj je zgodba o helikopterskem re\u0161evanju tudi zgodba o pogumu \u0161tevilnih re\u0161evalcev, od \u010dlanov helikopterskih posadk do gorskih re\u0161evalcev, zdravnikov in drugih. Helikoptersko re\u0161evanje predstavlja pomemben del helikopterske dejavnosti slovenske policije, zato\u00a0&#8230;<\/p>\n","protected":false},"excerpt":{"rendered":"<p>Kategorija: Kronika Thu, 22 Feb 2018 18:00:00 +0100  Mojstrana \u2013 Z re\u0161evalno vajo, v kateri sta sodelovala policijski in voja\u0161ki helikopter, so danes v Mojstrani zaznamovali 50-letnico helikopterskega re\u0161evanja pri nas. V policiji ob iztro\u0161eni floti zra\u010dnih plovil nov helikopter pri\u010dakujejo prihodnje leto, medtem ko bodo v vojski na novega \u0161e \u010dakali.Slovesnosti se je udele\u017eila ministrica za notranje zadeve Vesna Gy\u00f6rk\u00f6s \u017dnidar, medtem ko njene kolegice z obrambnega ministrstva Andreje Kati\u010d, ki je bila predvidena za slavnostno govornico, zaradi menjave na vrhu slovenske vojske ni bilo. Notranja ministrica je po ogledu vaje dejala, da je zelo zadovoljna in ponosna na vse, ki sodelujejo v helikopterskem re\u0161evanju, saj je zgodba o helikopterskem re\u0161evanju tudi zgodba o pogumu \u0161tevilnih re\u0161evalcev, od \u010dlanov helikopterskih posadk do gorskih re\u0161evalcev, zdravnikov in drugih. Helikoptersko re\u0161evanje predstavlja pomemben del helikopterske dejavnosti slovenske policije, zato\u00a0&#8230;<\/p>\n","protected":false},"author":1,"featured_media":0,"comment_status":"closed","ping_status":"closed","sticky":false,"template":"","format":"standard","meta":{"footnotes":""},"categories":[1179],"tags":[],"source":[1703],"supertag":[],"acf":[],"yoast_head":"<!-- This site is optimized with the Yoast SEO plugin v21.3 - https:\/\/yoast.com\/wordpress\/plugins\/seo\/ -->\n<title>Ob abrahamu policiji nov helikopter - Hudo Slovenija<\/title>\n<meta name=\"robots\" content=\"index, follow, max-snippet:-1, max-image-preview:large, max-video-preview:-1\" \/>\n<link rel=\"canonical\" href=\"https:\/\/hudo.com\/si\/aktualno\/ob-abrahamu-policiji-nov-helikopter\/\" \/>\n<meta property=\"og:locale\" content=\"sl_SI\" \/>\n<meta property=\"og:type\" content=\"article\" \/>\n<meta property=\"og:title\" content=\"Ob abrahamu policiji nov helikopter - Hudo Slovenija\" \/>\n<meta property=\"og:description\" content=\"Kategorija: Kronika Thu, 22 Feb 2018 18:00:00 +0100 Mojstrana \u2013 Z re\u0161evalno vajo, v kateri sta sodelovala policijski in voja\u0161ki helikopter, so danes v Mojstrani zaznamovali 50-letnico helikopterskega re\u0161evanja pri nas. V policiji ob iztro\u0161eni floti zra\u010dnih plovil nov helikopter pri\u010dakujejo prihodnje leto, medtem ko bodo v vojski na novega \u0161e \u010dakali.Slovesnosti se je udele\u017eila ministrica za notranje zadeve Vesna Gy\u00f6rk\u00f6s \u017dnidar, medtem ko njene kolegice z obrambnega ministrstva Andreje Kati\u010d, ki je bila predvidena za slavnostno govornico, zaradi menjave na vrhu slovenske vojske ni bilo. Notranja ministrica je po ogledu vaje dejala, da je zelo zadovoljna in ponosna na vse, ki sodelujejo v helikopterskem re\u0161evanju, saj je zgodba o helikopterskem re\u0161evanju tudi zgodba o pogumu \u0161tevilnih re\u0161evalcev, od \u010dlanov helikopterskih posadk do gorskih re\u0161evalcev, zdravnikov in drugih. Helikoptersko re\u0161evanje predstavlja pomemben del helikopterske dejavnosti slovenske policije, zato\u00a0...\" \/>\n<meta property=\"og:url\" content=\"https:\/\/hudo.com\/si\/aktualno\/ob-abrahamu-policiji-nov-helikopter\/\" \/>\n<meta property=\"og:site_name\" content=\"Hudo Slovenija\" \/>\n<meta property=\"article:publisher\" content=\"https:\/\/www.facebook.com\/hudo.si\" \/>\n<meta property=\"article:published_time\" content=\"2018-02-22T16:00:00+00:00\" \/>\n<meta property=\"og:image\" content=\"https:\/\/hudo.com\/si\/wp-content\/uploads\/sites\/2\/2018\/02\/480x290_Kronika__Delo_Foto_20180222.1_hires0.jpeg\" \/>\n\t<meta property=\"og:image:width\" content=\"480\" \/>\n\t<meta property=\"og:image:height\" content=\"290\" \/>\n\t<meta property=\"og:image:type\" content=\"image\/jpeg\" \/>\n<meta name=\"author\" content=\"hudo\" \/>\n<meta name=\"twitter:card\" content=\"summary_large_image\" \/>\n<meta name=\"twitter:creator\" content=\"@hudo_si\" \/>\n<meta name=\"twitter:site\" content=\"@hudo_si\" \/>\n<meta name=\"twitter:label1\" content=\"Written by\" \/>\n\t<meta name=\"twitter:data1\" content=\"hudo\" \/>\n\t<meta name=\"twitter:label2\" content=\"Est. reading time\" \/>\n\t<meta name=\"twitter:data2\" content=\"1 minuta\" \/>\n<script type=\"application\/ld+json\" class=\"yoast-schema-graph\">{\"@context\":\"https:\/\/schema.org\",\"@graph\":[{\"@type\":\"Article\",\"@id\":\"https:\/\/hudo.com\/si\/aktualno\/ob-abrahamu-policiji-nov-helikopter\/#article\",\"isPartOf\":{\"@id\":\"https:\/\/hudo.com\/si\/aktualno\/ob-abrahamu-policiji-nov-helikopter\/\"},\"author\":{\"name\":\"hudo\",\"@id\":\"https:\/\/hudo.com\/si\/#\/schema\/person\/601cf3379633985b20f7e50f2bb47707\"},\"headline\":\"Ob abrahamu policiji nov helikopter\",\"datePublished\":\"2018-02-22T16:00:00+00:00\",\"dateModified\":\"2018-02-22T16:00:00+00:00\",\"mainEntityOfPage\":{\"@id\":\"https:\/\/hudo.com\/si\/aktualno\/ob-abrahamu-policiji-nov-helikopter\/\"},\"wordCount\":153,\"publisher\":{\"@id\":\"https:\/\/hudo.com\/si\/#organization\"},\"articleSection\":[\"Aktualno\"],\"inLanguage\":\"sl-SI\"},{\"@type\":\"WebPage\",\"@id\":\"https:\/\/hudo.com\/si\/aktualno\/ob-abrahamu-policiji-nov-helikopter\/\",\"url\":\"https:\/\/hudo.com\/si\/aktualno\/ob-abrahamu-policiji-nov-helikopter\/\",\"name\":\"Ob abrahamu policiji nov helikopter - Hudo Slovenija\",\"isPartOf\":{\"@id\":\"https:\/\/hudo.com\/si\/#website\"},\"datePublished\":\"2018-02-22T16:00:00+00:00\",\"dateModified\":\"2018-02-22T16:00:00+00:00\",\"breadcrumb\":{\"@id\":\"https:\/\/hudo.com\/si\/aktualno\/ob-abrahamu-policiji-nov-helikopter\/#breadcrumb\"},\"inLanguage\":\"sl-SI\",\"potentialAction\":[{\"@type\":\"ReadAction\",\"target\":[\"https:\/\/hudo.com\/si\/aktualno\/ob-abrahamu-policiji-nov-helikopter\/\"]}]},{\"@type\":\"BreadcrumbList\",\"@id\":\"https:\/\/hudo.com\/si\/aktualno\/ob-abrahamu-policiji-nov-helikopter\/#breadcrumb\",\"itemListElement\":[{\"@type\":\"ListItem\",\"position\":1,\"name\":\"Home\",\"item\":\"https:\/\/hudo.com\/si\/\"},{\"@type\":\"ListItem\",\"position\":2,\"name\":\"Ob abrahamu policiji nov helikopter\"}]},{\"@type\":\"WebSite\",\"@id\":\"https:\/\/hudo.com\/si\/#website\",\"url\":\"https:\/\/hudo.com\/si\/\",\"name\":\"Hudo Slovenija\",\"description\":\"Vse novice iz Slovenije in sveta\",\"publisher\":{\"@id\":\"https:\/\/hudo.com\/si\/#organization\"},\"potentialAction\":[{\"@type\":\"SearchAction\",\"target\":{\"@type\":\"EntryPoint\",\"urlTemplate\":\"https:\/\/hudo.com\/si\/?s={search_term_string}\"},\"query-input\":\"required name=search_term_string\"}],\"inLanguage\":\"sl-SI\"},{\"@type\":\"Organization\",\"@id\":\"https:\/\/hudo.com\/si\/#organization\",\"name\":\"VSN Media\",\"url\":\"https:\/\/hudo.com\/si\/\",\"logo\":{\"@type\":\"ImageObject\",\"inLanguage\":\"sl-SI\",\"@id\":\"https:\/\/hudo.com\/si\/#\/schema\/logo\/image\/\",\"url\":\"https:\/\/hudo.com\/si\/wp-content\/uploads\/sites\/2\/2021\/03\/hudo-app-2.png\",\"contentUrl\":\"https:\/\/hudo.com\/si\/wp-content\/uploads\/sites\/2\/2021\/03\/hudo-app-2.png\",\"width\":2185,\"height\":2167,\"caption\":\"VSN Media\"},\"image\":{\"@id\":\"https:\/\/hudo.com\/si\/#\/schema\/logo\/image\/\"},\"sameAs\":[\"https:\/\/www.facebook.com\/hudo.si\",\"https:\/\/twitter.com\/hudo_si\"]},{\"@type\":\"Person\",\"@id\":\"https:\/\/hudo.com\/si\/#\/schema\/person\/601cf3379633985b20f7e50f2bb47707\",\"name\":\"hudo\",\"image\":{\"@type\":\"ImageObject\",\"inLanguage\":\"sl-SI\",\"@id\":\"https:\/\/hudo.com\/si\/#\/schema\/person\/image\/\",\"url\":\"https:\/\/secure.gravatar.com\/avatar\/c4ca25fa72cace7a696b52ff5db9e095?s=96&d=mm&r=g\",\"contentUrl\":\"https:\/\/secure.gravatar.com\/avatar\/c4ca25fa72cace7a696b52ff5db9e095?s=96&d=mm&r=g\",\"caption\":\"hudo\"},\"url\":\"https:\/\/hudo.com\/si\/author\/hudo\/\"}]}<\/script>\n<!-- \/ Yoast SEO plugin. -->","yoast_head_json":{"title":"Ob abrahamu policiji nov helikopter - Hudo Slovenija","robots":{"index":"index","follow":"follow","max-snippet":"max-snippet:-1","max-image-preview":"max-image-preview:large","max-video-preview":"max-video-preview:-1"},"canonical":"https:\/\/hudo.com\/si\/aktualno\/ob-abrahamu-policiji-nov-helikopter\/","og_locale":"sl_SI","og_type":"article","og_title":"Ob abrahamu policiji nov helikopter - Hudo Slovenija","og_description":"Kategorija: Kronika Thu, 22 Feb 2018 18:00:00 +0100 Mojstrana \u2013 Z re\u0161evalno vajo, v kateri sta sodelovala policijski in voja\u0161ki helikopter, so danes v Mojstrani zaznamovali 50-letnico helikopterskega re\u0161evanja pri nas. V policiji ob iztro\u0161eni floti zra\u010dnih plovil nov helikopter pri\u010dakujejo prihodnje leto, medtem ko bodo v vojski na novega \u0161e \u010dakali.Slovesnosti se je udele\u017eila ministrica za notranje zadeve Vesna Gy\u00f6rk\u00f6s \u017dnidar, medtem ko njene kolegice z obrambnega ministrstva Andreje Kati\u010d, ki je bila predvidena za slavnostno govornico, zaradi menjave na vrhu slovenske vojske ni bilo. Notranja ministrica je po ogledu vaje dejala, da je zelo zadovoljna in ponosna na vse, ki sodelujejo v helikopterskem re\u0161evanju, saj je zgodba o helikopterskem re\u0161evanju tudi zgodba o pogumu \u0161tevilnih re\u0161evalcev, od \u010dlanov helikopterskih posadk do gorskih re\u0161evalcev, zdravnikov in drugih. Helikoptersko re\u0161evanje predstavlja pomemben del helikopterske dejavnosti slovenske policije, zato\u00a0...","og_url":"https:\/\/hudo.com\/si\/aktualno\/ob-abrahamu-policiji-nov-helikopter\/","og_site_name":"Hudo Slovenija","article_publisher":"https:\/\/www.facebook.com\/hudo.si","article_published_time":"2018-02-22T16:00:00+00:00","og_image":[{"width":480,"height":290,"url":"https:\/\/hudo.com\/si\/wp-content\/uploads\/sites\/2\/2018\/02\/480x290_Kronika__Delo_Foto_20180222.1_hires0.jpeg","type":"image\/jpeg"}],"author":"hudo","twitter_card":"summary_large_image","twitter_creator":"@hudo_si","twitter_site":"@hudo_si","twitter_misc":{"Written by":"hudo","Est. reading time":"1 minuta"},"schema":{"@context":"https:\/\/schema.org","@graph":[{"@type":"Article","@id":"https:\/\/hudo.com\/si\/aktualno\/ob-abrahamu-policiji-nov-helikopter\/#article","isPartOf":{"@id":"https:\/\/hudo.com\/si\/aktualno\/ob-abrahamu-policiji-nov-helikopter\/"},"author":{"name":"hudo","@id":"https:\/\/hudo.com\/si\/#\/schema\/person\/601cf3379633985b20f7e50f2bb47707"},"headline":"Ob abrahamu policiji nov helikopter","datePublished":"2018-02-22T16:00:00+00:00","dateModified":"2018-02-22T16:00:00+00:00","mainEntityOfPage":{"@id":"https:\/\/hudo.com\/si\/aktualno\/ob-abrahamu-policiji-nov-helikopter\/"},"wordCount":153,"publisher":{"@id":"https:\/\/hudo.com\/si\/#organization"},"articleSection":["Aktualno"],"inLanguage":"sl-SI"},{"@type":"WebPage","@id":"https:\/\/hudo.com\/si\/aktualno\/ob-abrahamu-policiji-nov-helikopter\/","url":"https:\/\/hudo.com\/si\/aktualno\/ob-abrahamu-policiji-nov-helikopter\/","name":"Ob abrahamu policiji nov helikopter - Hudo Slovenija","isPartOf":{"@id":"https:\/\/hudo.com\/si\/#website"},"datePublished":"2018-02-22T16:00:00+00:00","dateModified":"2018-02-22T16:00:00+00:00","breadcrumb":{"@id":"https:\/\/hudo.com\/si\/aktualno\/ob-abrahamu-policiji-nov-helikopter\/#breadcrumb"},"inLanguage":"sl-SI","potentialAction":[{"@type":"ReadAction","target":["https:\/\/hudo.com\/si\/aktualno\/ob-abrahamu-policiji-nov-helikopter\/"]}]},{"@type":"BreadcrumbList","@id":"https:\/\/hudo.com\/si\/aktualno\/ob-abrahamu-policiji-nov-helikopter\/#breadcrumb","itemListElement":[{"@type":"ListItem","position":1,"name":"Home","item":"https:\/\/hudo.com\/si\/"},{"@type":"ListItem","position":2,"name":"Ob abrahamu policiji nov helikopter"}]},{"@type":"WebSite","@id":"https:\/\/hudo.com\/si\/#website","url":"https:\/\/hudo.com\/si\/","name":"Hudo Slovenija","description":"Vse novice iz Slovenije in sveta","publisher":{"@id":"https:\/\/hudo.com\/si\/#organization"},"potentialAction":[{"@type":"SearchAction","target":{"@type":"EntryPoint","urlTemplate":"https:\/\/hudo.com\/si\/?s={search_term_string}"},"query-input":"required name=search_term_string"}],"inLanguage":"sl-SI"},{"@type":"Organization","@id":"https:\/\/hudo.com\/si\/#organization","name":"VSN Media","url":"https:\/\/hudo.com\/si\/","logo":{"@type":"ImageObject","inLanguage":"sl-SI","@id":"https:\/\/hudo.com\/si\/#\/schema\/logo\/image\/","url":"https:\/\/hudo.com\/si\/wp-content\/uploads\/sites\/2\/2021\/03\/hudo-app-2.png","contentUrl":"https:\/\/hudo.com\/si\/wp-content\/uploads\/sites\/2\/2021\/03\/hudo-app-2.png","width":2185,"height":2167,"caption":"VSN Media"},"image":{"@id":"https:\/\/hudo.com\/si\/#\/schema\/logo\/image\/"},"sameAs":["https:\/\/www.facebook.com\/hudo.si","https:\/\/twitter.com\/hudo_si"]},{"@type":"Person","@id":"https:\/\/hudo.com\/si\/#\/schema\/person\/601cf3379633985b20f7e50f2bb47707","name":"hudo","image":{"@type":"ImageObject","inLanguage":"sl-SI","@id":"https:\/\/hudo.com\/si\/#\/schema\/person\/image\/","url":"https:\/\/secure.gravatar.com\/avatar\/c4ca25fa72cace7a696b52ff5db9e095?s=96&d=mm&r=g","contentUrl":"https:\/\/secure.gravatar.com\/avatar\/c4ca25fa72cace7a696b52ff5db9e095?s=96&d=mm&r=g","caption":"hudo"},"url":"https:\/\/hudo.com\/si\/author\/hudo\/"}]}},"amp_enabled":true,"_links":{"self":[{"href":"https:\/\/hudo.com\/si\/wp-json\/wp\/v2\/posts\/364299"}],"collection":[{"href":"https:\/\/hudo.com\/si\/wp-json\/wp\/v2\/posts"}],"about":[{"href":"https:\/\/hudo.com\/si\/wp-json\/wp\/v2\/types\/post"}],"author":[{"embeddable":true,"href":"https:\/\/hudo.com\/si\/wp-json\/wp\/v2\/users\/1"}],"replies":[{"embeddable":true,"href":"https:\/\/hudo.com\/si\/wp-json\/wp\/v2\/comments?post=364299"}],"version-history":[{"count":0,"href":"https:\/\/hudo.com\/si\/wp-json\/wp\/v2\/posts\/364299\/revisions"}],"wp:attachment":[{"href":"https:\/\/hudo.com\/si\/wp-json\/wp\/v2\/media?parent=364299"}],"wp:term":[{"taxonomy":"category","embeddable":true,"href":"https:\/\/hudo.com\/si\/wp-json\/wp\/v2\/categories?post=364299"},{"taxonomy":"post_tag","embeddable":true,"href":"https:\/\/hudo.com\/si\/wp-json\/wp\/v2\/tags?post=364299"},{"taxonomy":"source","embeddable":true,"href":"https:\/\/hudo.com\/si\/wp-json\/wp\/v2\/source?post=364299"},{"taxonomy":"supertag","embeddable":true,"href":"https:\/\/hudo.com\/si\/wp-json\/wp\/v2\/supertag?post=364299"}],"curies":[{"name":"wp","href":"https:\/\/api.w.org\/{rel}","templated":true}]}}