{"id":364301,"date":"2018-02-22T17:00:00","date_gmt":"2018-02-22T16:00:00","guid":{"rendered":"https:\/\/hudo.com\/si\/2018\/02\/22\/o-strganem-skornju-in-odstavljenem-generalmajorju\/"},"modified":"2018-02-22T17:00:00","modified_gmt":"2018-02-22T16:00:00","slug":"o-strganem-skornju-in-odstavljenem-generalmajorju","status":"publish","type":"post","link":"https:\/\/hudo.com\/si\/aktualno\/o-strganem-skornju-in-odstavljenem-generalmajorju\/","title":{"rendered":"O strganem \u0161kornju in odstavljenem generalmajorju"},"content":{"rendered":"<p>Kategorija: Komentarji Thu, 22 Feb 2018 18:00:00 +0100  Razvpita zgodba o ozeblih stopalih slabo obutih in pripravljenih vojakov, ki so odnesla na\u010delnika general\u0161taba, je celo za kroni\u010dno bolno Slovensko vojsko preve\u010d bizarna. Zakaj bi dejstvo, da \u0161est vojakov od 800 na neki vaji zebe v noge, sploh zanimalo navadnega smrtnika?Navadnega smrtnika, ki je do ljudi v uniformi zadr\u017ean, a razume, da dr\u017eava vojsko potrebuje in za profesionalne vojake tudi pla\u010duje, zanima, ali ga vojska lahko ubrani. Ali poklicnega vojaka pozimi zebe in mu je poleti vro\u010de? Ali je zadovoljen v svoji ko\u017ei? Se zna premikati po boji\u0161\u010du? Ali je kondicijsko pripravljen? Tovrstna vpra\u0161anja ne bi smela biti predmet javne razprave.\u010ce zgoraj na\u0161teto postane predmet javne razprave, pomeni, da smo z vojsko po\u0161teno za\u0161li. Za\u0161li smo \u017ee zdavnaj in to nikakor ni krivda vojakov, temve\u010d so za to krivi\u00a0&#8230;<\/p>\n","protected":false},"excerpt":{"rendered":"<p>Kategorija: Komentarji Thu, 22 Feb 2018 18:00:00 +0100  Razvpita zgodba o ozeblih stopalih slabo obutih in pripravljenih vojakov, ki so odnesla na\u010delnika general\u0161taba, je celo za kroni\u010dno bolno Slovensko vojsko preve\u010d bizarna. Zakaj bi dejstvo, da \u0161est vojakov od 800 na neki vaji zebe v noge, sploh zanimalo navadnega smrtnika?Navadnega smrtnika, ki je do ljudi v uniformi zadr\u017ean, a razume, da dr\u017eava vojsko potrebuje in za profesionalne vojake tudi pla\u010duje, zanima, ali ga vojska lahko ubrani. Ali poklicnega vojaka pozimi zebe in mu je poleti vro\u010de? Ali je zadovoljen v svoji ko\u017ei? Se zna premikati po boji\u0161\u010du? Ali je kondicijsko pripravljen? Tovrstna vpra\u0161anja ne bi smela biti predmet javne razprave.\u010ce zgoraj na\u0161teto postane predmet javne razprave, pomeni, da smo z vojsko po\u0161teno za\u0161li. Za\u0161li smo \u017ee zdavnaj in to nikakor ni krivda vojakov, temve\u010d so za to krivi\u00a0&#8230;<\/p>\n","protected":false},"author":1,"featured_media":0,"comment_status":"closed","ping_status":"closed","sticky":false,"template":"","format":"standard","meta":{"footnotes":""},"categories":[1179],"tags":[],"source":[1703],"supertag":[],"acf":[],"yoast_head":"<!-- This site is optimized with the Yoast SEO plugin v21.3 - https:\/\/yoast.com\/wordpress\/plugins\/seo\/ -->\n<title>O strganem \u0161kornju in odstavljenem generalmajorju - Hudo Slovenija<\/title>\n<meta name=\"robots\" content=\"index, follow, max-snippet:-1, max-image-preview:large, max-video-preview:-1\" \/>\n<link rel=\"canonical\" href=\"https:\/\/hudo.com\/si\/aktualno\/o-strganem-skornju-in-odstavljenem-generalmajorju\/\" \/>\n<meta property=\"og:locale\" content=\"sl_SI\" \/>\n<meta property=\"og:type\" content=\"article\" \/>\n<meta property=\"og:title\" content=\"O strganem \u0161kornju in odstavljenem generalmajorju - Hudo Slovenija\" \/>\n<meta property=\"og:description\" content=\"Kategorija: Komentarji Thu, 22 Feb 2018 18:00:00 +0100 Razvpita zgodba o ozeblih stopalih slabo obutih in pripravljenih vojakov, ki so odnesla na\u010delnika general\u0161taba, je celo za kroni\u010dno bolno Slovensko vojsko preve\u010d bizarna. Zakaj bi dejstvo, da \u0161est vojakov od 800 na neki vaji zebe v noge, sploh zanimalo navadnega smrtnika?Navadnega smrtnika, ki je do ljudi v uniformi zadr\u017ean, a razume, da dr\u017eava vojsko potrebuje in za profesionalne vojake tudi pla\u010duje, zanima, ali ga vojska lahko ubrani. Ali poklicnega vojaka pozimi zebe in mu je poleti vro\u010de? Ali je zadovoljen v svoji ko\u017ei? Se zna premikati po boji\u0161\u010du? Ali je kondicijsko pripravljen? Tovrstna vpra\u0161anja ne bi smela biti predmet javne razprave.\u010ce zgoraj na\u0161teto postane predmet javne razprave, pomeni, da smo z vojsko po\u0161teno za\u0161li. Za\u0161li smo \u017ee zdavnaj in to nikakor ni krivda vojakov, temve\u010d so za to krivi\u00a0...\" \/>\n<meta property=\"og:url\" content=\"https:\/\/hudo.com\/si\/aktualno\/o-strganem-skornju-in-odstavljenem-generalmajorju\/\" \/>\n<meta property=\"og:site_name\" content=\"Hudo Slovenija\" \/>\n<meta property=\"article:publisher\" content=\"https:\/\/www.facebook.com\/hudo.si\" \/>\n<meta property=\"article:published_time\" content=\"2018-02-22T16:00:00+00:00\" \/>\n<meta property=\"og:image\" content=\"https:\/\/hudo.com\/si\/wp-content\/uploads\/sites\/2\/2018\/02\/480x290_Delo_Foto-20180213160834-61125500-1.jpeg\" \/>\n\t<meta property=\"og:image:width\" content=\"480\" \/>\n\t<meta property=\"og:image:height\" content=\"290\" \/>\n\t<meta property=\"og:image:type\" content=\"image\/jpeg\" \/>\n<meta name=\"author\" content=\"hudo\" \/>\n<meta name=\"twitter:card\" content=\"summary_large_image\" \/>\n<meta name=\"twitter:creator\" content=\"@hudo_si\" \/>\n<meta name=\"twitter:site\" content=\"@hudo_si\" \/>\n<meta name=\"twitter:label1\" content=\"Written by\" \/>\n\t<meta name=\"twitter:data1\" content=\"hudo\" \/>\n\t<meta name=\"twitter:label2\" content=\"Est. reading time\" \/>\n\t<meta name=\"twitter:data2\" content=\"1 minuta\" \/>\n<script type=\"application\/ld+json\" class=\"yoast-schema-graph\">{\"@context\":\"https:\/\/schema.org\",\"@graph\":[{\"@type\":\"Article\",\"@id\":\"https:\/\/hudo.com\/si\/aktualno\/o-strganem-skornju-in-odstavljenem-generalmajorju\/#article\",\"isPartOf\":{\"@id\":\"https:\/\/hudo.com\/si\/aktualno\/o-strganem-skornju-in-odstavljenem-generalmajorju\/\"},\"author\":{\"name\":\"hudo\",\"@id\":\"https:\/\/hudo.com\/si\/#\/schema\/person\/601cf3379633985b20f7e50f2bb47707\"},\"headline\":\"O strganem \u0161kornju in odstavljenem generalmajorju\",\"datePublished\":\"2018-02-22T16:00:00+00:00\",\"dateModified\":\"2018-02-22T16:00:00+00:00\",\"mainEntityOfPage\":{\"@id\":\"https:\/\/hudo.com\/si\/aktualno\/o-strganem-skornju-in-odstavljenem-generalmajorju\/\"},\"wordCount\":155,\"publisher\":{\"@id\":\"https:\/\/hudo.com\/si\/#organization\"},\"articleSection\":[\"Aktualno\"],\"inLanguage\":\"sl-SI\"},{\"@type\":\"WebPage\",\"@id\":\"https:\/\/hudo.com\/si\/aktualno\/o-strganem-skornju-in-odstavljenem-generalmajorju\/\",\"url\":\"https:\/\/hudo.com\/si\/aktualno\/o-strganem-skornju-in-odstavljenem-generalmajorju\/\",\"name\":\"O strganem \u0161kornju in odstavljenem generalmajorju - Hudo Slovenija\",\"isPartOf\":{\"@id\":\"https:\/\/hudo.com\/si\/#website\"},\"datePublished\":\"2018-02-22T16:00:00+00:00\",\"dateModified\":\"2018-02-22T16:00:00+00:00\",\"breadcrumb\":{\"@id\":\"https:\/\/hudo.com\/si\/aktualno\/o-strganem-skornju-in-odstavljenem-generalmajorju\/#breadcrumb\"},\"inLanguage\":\"sl-SI\",\"potentialAction\":[{\"@type\":\"ReadAction\",\"target\":[\"https:\/\/hudo.com\/si\/aktualno\/o-strganem-skornju-in-odstavljenem-generalmajorju\/\"]}]},{\"@type\":\"BreadcrumbList\",\"@id\":\"https:\/\/hudo.com\/si\/aktualno\/o-strganem-skornju-in-odstavljenem-generalmajorju\/#breadcrumb\",\"itemListElement\":[{\"@type\":\"ListItem\",\"position\":1,\"name\":\"Home\",\"item\":\"https:\/\/hudo.com\/si\/\"},{\"@type\":\"ListItem\",\"position\":2,\"name\":\"O strganem \u0161kornju in odstavljenem generalmajorju\"}]},{\"@type\":\"WebSite\",\"@id\":\"https:\/\/hudo.com\/si\/#website\",\"url\":\"https:\/\/hudo.com\/si\/\",\"name\":\"Hudo Slovenija\",\"description\":\"Vse novice iz Slovenije in sveta\",\"publisher\":{\"@id\":\"https:\/\/hudo.com\/si\/#organization\"},\"potentialAction\":[{\"@type\":\"SearchAction\",\"target\":{\"@type\":\"EntryPoint\",\"urlTemplate\":\"https:\/\/hudo.com\/si\/?s={search_term_string}\"},\"query-input\":\"required name=search_term_string\"}],\"inLanguage\":\"sl-SI\"},{\"@type\":\"Organization\",\"@id\":\"https:\/\/hudo.com\/si\/#organization\",\"name\":\"VSN Media\",\"url\":\"https:\/\/hudo.com\/si\/\",\"logo\":{\"@type\":\"ImageObject\",\"inLanguage\":\"sl-SI\",\"@id\":\"https:\/\/hudo.com\/si\/#\/schema\/logo\/image\/\",\"url\":\"https:\/\/hudo.com\/si\/wp-content\/uploads\/sites\/2\/2021\/03\/hudo-app-2.png\",\"contentUrl\":\"https:\/\/hudo.com\/si\/wp-content\/uploads\/sites\/2\/2021\/03\/hudo-app-2.png\",\"width\":2185,\"height\":2167,\"caption\":\"VSN Media\"},\"image\":{\"@id\":\"https:\/\/hudo.com\/si\/#\/schema\/logo\/image\/\"},\"sameAs\":[\"https:\/\/www.facebook.com\/hudo.si\",\"https:\/\/twitter.com\/hudo_si\"]},{\"@type\":\"Person\",\"@id\":\"https:\/\/hudo.com\/si\/#\/schema\/person\/601cf3379633985b20f7e50f2bb47707\",\"name\":\"hudo\",\"image\":{\"@type\":\"ImageObject\",\"inLanguage\":\"sl-SI\",\"@id\":\"https:\/\/hudo.com\/si\/#\/schema\/person\/image\/\",\"url\":\"https:\/\/secure.gravatar.com\/avatar\/c4ca25fa72cace7a696b52ff5db9e095?s=96&d=mm&r=g\",\"contentUrl\":\"https:\/\/secure.gravatar.com\/avatar\/c4ca25fa72cace7a696b52ff5db9e095?s=96&d=mm&r=g\",\"caption\":\"hudo\"},\"url\":\"https:\/\/hudo.com\/si\/author\/hudo\/\"}]}<\/script>\n<!-- \/ Yoast SEO plugin. -->","yoast_head_json":{"title":"O strganem \u0161kornju in odstavljenem generalmajorju - Hudo Slovenija","robots":{"index":"index","follow":"follow","max-snippet":"max-snippet:-1","max-image-preview":"max-image-preview:large","max-video-preview":"max-video-preview:-1"},"canonical":"https:\/\/hudo.com\/si\/aktualno\/o-strganem-skornju-in-odstavljenem-generalmajorju\/","og_locale":"sl_SI","og_type":"article","og_title":"O strganem \u0161kornju in odstavljenem generalmajorju - Hudo Slovenija","og_description":"Kategorija: Komentarji Thu, 22 Feb 2018 18:00:00 +0100 Razvpita zgodba o ozeblih stopalih slabo obutih in pripravljenih vojakov, ki so odnesla na\u010delnika general\u0161taba, je celo za kroni\u010dno bolno Slovensko vojsko preve\u010d bizarna. Zakaj bi dejstvo, da \u0161est vojakov od 800 na neki vaji zebe v noge, sploh zanimalo navadnega smrtnika?Navadnega smrtnika, ki je do ljudi v uniformi zadr\u017ean, a razume, da dr\u017eava vojsko potrebuje in za profesionalne vojake tudi pla\u010duje, zanima, ali ga vojska lahko ubrani. Ali poklicnega vojaka pozimi zebe in mu je poleti vro\u010de? Ali je zadovoljen v svoji ko\u017ei? Se zna premikati po boji\u0161\u010du? Ali je kondicijsko pripravljen? Tovrstna vpra\u0161anja ne bi smela biti predmet javne razprave.\u010ce zgoraj na\u0161teto postane predmet javne razprave, pomeni, da smo z vojsko po\u0161teno za\u0161li. Za\u0161li smo \u017ee zdavnaj in to nikakor ni krivda vojakov, temve\u010d so za to krivi\u00a0...","og_url":"https:\/\/hudo.com\/si\/aktualno\/o-strganem-skornju-in-odstavljenem-generalmajorju\/","og_site_name":"Hudo Slovenija","article_publisher":"https:\/\/www.facebook.com\/hudo.si","article_published_time":"2018-02-22T16:00:00+00:00","og_image":[{"width":480,"height":290,"url":"https:\/\/hudo.com\/si\/wp-content\/uploads\/sites\/2\/2018\/02\/480x290_Delo_Foto-20180213160834-61125500-1.jpeg","type":"image\/jpeg"}],"author":"hudo","twitter_card":"summary_large_image","twitter_creator":"@hudo_si","twitter_site":"@hudo_si","twitter_misc":{"Written by":"hudo","Est. reading time":"1 minuta"},"schema":{"@context":"https:\/\/schema.org","@graph":[{"@type":"Article","@id":"https:\/\/hudo.com\/si\/aktualno\/o-strganem-skornju-in-odstavljenem-generalmajorju\/#article","isPartOf":{"@id":"https:\/\/hudo.com\/si\/aktualno\/o-strganem-skornju-in-odstavljenem-generalmajorju\/"},"author":{"name":"hudo","@id":"https:\/\/hudo.com\/si\/#\/schema\/person\/601cf3379633985b20f7e50f2bb47707"},"headline":"O strganem \u0161kornju in odstavljenem generalmajorju","datePublished":"2018-02-22T16:00:00+00:00","dateModified":"2018-02-22T16:00:00+00:00","mainEntityOfPage":{"@id":"https:\/\/hudo.com\/si\/aktualno\/o-strganem-skornju-in-odstavljenem-generalmajorju\/"},"wordCount":155,"publisher":{"@id":"https:\/\/hudo.com\/si\/#organization"},"articleSection":["Aktualno"],"inLanguage":"sl-SI"},{"@type":"WebPage","@id":"https:\/\/hudo.com\/si\/aktualno\/o-strganem-skornju-in-odstavljenem-generalmajorju\/","url":"https:\/\/hudo.com\/si\/aktualno\/o-strganem-skornju-in-odstavljenem-generalmajorju\/","name":"O strganem \u0161kornju in odstavljenem generalmajorju - Hudo Slovenija","isPartOf":{"@id":"https:\/\/hudo.com\/si\/#website"},"datePublished":"2018-02-22T16:00:00+00:00","dateModified":"2018-02-22T16:00:00+00:00","breadcrumb":{"@id":"https:\/\/hudo.com\/si\/aktualno\/o-strganem-skornju-in-odstavljenem-generalmajorju\/#breadcrumb"},"inLanguage":"sl-SI","potentialAction":[{"@type":"ReadAction","target":["https:\/\/hudo.com\/si\/aktualno\/o-strganem-skornju-in-odstavljenem-generalmajorju\/"]}]},{"@type":"BreadcrumbList","@id":"https:\/\/hudo.com\/si\/aktualno\/o-strganem-skornju-in-odstavljenem-generalmajorju\/#breadcrumb","itemListElement":[{"@type":"ListItem","position":1,"name":"Home","item":"https:\/\/hudo.com\/si\/"},{"@type":"ListItem","position":2,"name":"O strganem \u0161kornju in odstavljenem generalmajorju"}]},{"@type":"WebSite","@id":"https:\/\/hudo.com\/si\/#website","url":"https:\/\/hudo.com\/si\/","name":"Hudo Slovenija","description":"Vse novice iz Slovenije in sveta","publisher":{"@id":"https:\/\/hudo.com\/si\/#organization"},"potentialAction":[{"@type":"SearchAction","target":{"@type":"EntryPoint","urlTemplate":"https:\/\/hudo.com\/si\/?s={search_term_string}"},"query-input":"required name=search_term_string"}],"inLanguage":"sl-SI"},{"@type":"Organization","@id":"https:\/\/hudo.com\/si\/#organization","name":"VSN Media","url":"https:\/\/hudo.com\/si\/","logo":{"@type":"ImageObject","inLanguage":"sl-SI","@id":"https:\/\/hudo.com\/si\/#\/schema\/logo\/image\/","url":"https:\/\/hudo.com\/si\/wp-content\/uploads\/sites\/2\/2021\/03\/hudo-app-2.png","contentUrl":"https:\/\/hudo.com\/si\/wp-content\/uploads\/sites\/2\/2021\/03\/hudo-app-2.png","width":2185,"height":2167,"caption":"VSN Media"},"image":{"@id":"https:\/\/hudo.com\/si\/#\/schema\/logo\/image\/"},"sameAs":["https:\/\/www.facebook.com\/hudo.si","https:\/\/twitter.com\/hudo_si"]},{"@type":"Person","@id":"https:\/\/hudo.com\/si\/#\/schema\/person\/601cf3379633985b20f7e50f2bb47707","name":"hudo","image":{"@type":"ImageObject","inLanguage":"sl-SI","@id":"https:\/\/hudo.com\/si\/#\/schema\/person\/image\/","url":"https:\/\/secure.gravatar.com\/avatar\/c4ca25fa72cace7a696b52ff5db9e095?s=96&d=mm&r=g","contentUrl":"https:\/\/secure.gravatar.com\/avatar\/c4ca25fa72cace7a696b52ff5db9e095?s=96&d=mm&r=g","caption":"hudo"},"url":"https:\/\/hudo.com\/si\/author\/hudo\/"}]}},"amp_enabled":true,"_links":{"self":[{"href":"https:\/\/hudo.com\/si\/wp-json\/wp\/v2\/posts\/364301"}],"collection":[{"href":"https:\/\/hudo.com\/si\/wp-json\/wp\/v2\/posts"}],"about":[{"href":"https:\/\/hudo.com\/si\/wp-json\/wp\/v2\/types\/post"}],"author":[{"embeddable":true,"href":"https:\/\/hudo.com\/si\/wp-json\/wp\/v2\/users\/1"}],"replies":[{"embeddable":true,"href":"https:\/\/hudo.com\/si\/wp-json\/wp\/v2\/comments?post=364301"}],"version-history":[{"count":0,"href":"https:\/\/hudo.com\/si\/wp-json\/wp\/v2\/posts\/364301\/revisions"}],"wp:attachment":[{"href":"https:\/\/hudo.com\/si\/wp-json\/wp\/v2\/media?parent=364301"}],"wp:term":[{"taxonomy":"category","embeddable":true,"href":"https:\/\/hudo.com\/si\/wp-json\/wp\/v2\/categories?post=364301"},{"taxonomy":"post_tag","embeddable":true,"href":"https:\/\/hudo.com\/si\/wp-json\/wp\/v2\/tags?post=364301"},{"taxonomy":"source","embeddable":true,"href":"https:\/\/hudo.com\/si\/wp-json\/wp\/v2\/source?post=364301"},{"taxonomy":"supertag","embeddable":true,"href":"https:\/\/hudo.com\/si\/wp-json\/wp\/v2\/supertag?post=364301"}],"curies":[{"name":"wp","href":"https:\/\/api.w.org\/{rel}","templated":true}]}}