{"id":364323,"date":"2018-02-22T18:30:00","date_gmt":"2018-02-22T17:30:00","guid":{"rendered":"https:\/\/hudo.com\/si\/2018\/02\/22\/vs-zn-razpravlja-o-razmerah-v-vzhodni-guti\/"},"modified":"2018-02-22T18:30:00","modified_gmt":"2018-02-22T17:30:00","slug":"vs-zn-razpravlja-o-razmerah-v-vzhodni-guti","status":"publish","type":"post","link":"https:\/\/hudo.com\/si\/aktualno\/vs-zn-razpravlja-o-razmerah-v-vzhodni-guti\/","title":{"rendered":"VS ZN razpravlja o razmerah v Vzhodni Guti"},"content":{"rendered":"<p>Kategorija: Globalno Thu, 22 Feb 2018 19:30:00 +0100  New York &#8211; Varnostni svet Zdru\u017eenih narodov je za\u010del sejo o razmerah v sirski uporni\u0161ki enklavi Vzhodna Guta, kjer so sirske vladne sile v petih dneh silovitega letalskega in topni\u0161kega obstreljevanja ubile \u017ee ve\u010d kot 400 civilistov, poro\u010dajo tuje tiskovne agencije. Sejo so sklicali na zahtevo Rusije. Ni pa \u0161e jasno, ali bodo na njej tudi glasovali o predlogu resolucije. Ta zahteva 30-dnevno prekinitev ognja v enklavi, kjer je ujetih 400.000 ljudi, ki bi omogo\u010dila dostavo humanitarne pomo\u010di in evakuacijo bolnih in ranjenih. Tamkaj\u0161nje razmere je generalni sekretar ZN Antonio Guterres v sredo ozna\u010dil kot \u00bbpekel na Zemlji\u00ab. Resolucijo, ki jo usklajujejo \u017ee skoraj dva tedna, sta pripravila \u0160vedska in Kuvajt, ki sta izrazila pri\u010dakovanje, da bodo o njej danes glasovali. A je ruski veleposlanik Vasilij Nebenzia danes vlo\u017eil dopolnila in pri\u00a0&#8230;<\/p>\n","protected":false},"excerpt":{"rendered":"<p>Kategorija: Globalno Thu, 22 Feb 2018 19:30:00 +0100  New York &#8211; Varnostni svet Zdru\u017eenih narodov je za\u010del sejo o razmerah v sirski uporni\u0161ki enklavi Vzhodna Guta, kjer so sirske vladne sile v petih dneh silovitega letalskega in topni\u0161kega obstreljevanja ubile \u017ee ve\u010d kot 400 civilistov, poro\u010dajo tuje tiskovne agencije. Sejo so sklicali na zahtevo Rusije. Ni pa \u0161e jasno, ali bodo na njej tudi glasovali o predlogu resolucije. Ta zahteva 30-dnevno prekinitev ognja v enklavi, kjer je ujetih 400.000 ljudi, ki bi omogo\u010dila dostavo humanitarne pomo\u010di in evakuacijo bolnih in ranjenih. Tamkaj\u0161nje razmere je generalni sekretar ZN Antonio Guterres v sredo ozna\u010dil kot \u00bbpekel na Zemlji\u00ab. Resolucijo, ki jo usklajujejo \u017ee skoraj dva tedna, sta pripravila \u0160vedska in Kuvajt, ki sta izrazila pri\u010dakovanje, da bodo o njej danes glasovali. A je ruski veleposlanik Vasilij Nebenzia danes vlo\u017eil dopolnila in pri\u00a0&#8230;<\/p>\n","protected":false},"author":1,"featured_media":0,"comment_status":"closed","ping_status":"closed","sticky":false,"template":"","format":"standard","meta":{"footnotes":""},"categories":[1179],"tags":[],"source":[1703],"supertag":[],"acf":[],"yoast_head":"<!-- This site is optimized with the Yoast SEO plugin v21.3 - https:\/\/yoast.com\/wordpress\/plugins\/seo\/ -->\n<title>VS ZN razpravlja o razmerah v Vzhodni Guti - Hudo Slovenija<\/title>\n<meta name=\"robots\" content=\"index, follow, max-snippet:-1, max-image-preview:large, max-video-preview:-1\" \/>\n<link rel=\"canonical\" href=\"https:\/\/hudo.com\/si\/aktualno\/vs-zn-razpravlja-o-razmerah-v-vzhodni-guti\/\" \/>\n<meta property=\"og:locale\" content=\"sl_SI\" \/>\n<meta property=\"og:type\" content=\"article\" \/>\n<meta property=\"og:title\" content=\"VS ZN razpravlja o razmerah v Vzhodni Guti - Hudo Slovenija\" \/>\n<meta property=\"og:description\" content=\"Kategorija: Globalno Thu, 22 Feb 2018 19:30:00 +0100 New York - Varnostni svet Zdru\u017eenih narodov je za\u010del sejo o razmerah v sirski uporni\u0161ki enklavi Vzhodna Guta, kjer so sirske vladne sile v petih dneh silovitega letalskega in topni\u0161kega obstreljevanja ubile \u017ee ve\u010d kot 400 civilistov, poro\u010dajo tuje tiskovne agencije. Sejo so sklicali na zahtevo Rusije. Ni pa \u0161e jasno, ali bodo na njej tudi glasovali o predlogu resolucije. Ta zahteva 30-dnevno prekinitev ognja v enklavi, kjer je ujetih 400.000 ljudi, ki bi omogo\u010dila dostavo humanitarne pomo\u010di in evakuacijo bolnih in ranjenih. Tamkaj\u0161nje razmere je generalni sekretar ZN Antonio Guterres v sredo ozna\u010dil kot \u00bbpekel na Zemlji\u00ab. Resolucijo, ki jo usklajujejo \u017ee skoraj dva tedna, sta pripravila \u0160vedska in Kuvajt, ki sta izrazila pri\u010dakovanje, da bodo o njej danes glasovali. A je ruski veleposlanik Vasilij Nebenzia danes vlo\u017eil dopolnila in pri\u00a0...\" \/>\n<meta property=\"og:url\" content=\"https:\/\/hudo.com\/si\/aktualno\/vs-zn-razpravlja-o-razmerah-v-vzhodni-guti\/\" \/>\n<meta property=\"og:site_name\" content=\"Hudo Slovenija\" \/>\n<meta property=\"article:publisher\" content=\"https:\/\/www.facebook.com\/hudo.si\" \/>\n<meta property=\"article:published_time\" content=\"2018-02-22T17:30:00+00:00\" \/>\n<meta property=\"og:image\" content=\"https:\/\/hudo.com\/si\/wp-content\/uploads\/sites\/2\/2018\/02\/480x290_Reuters_Pictures-20180221215044-05971000.jpeg\" \/>\n\t<meta property=\"og:image:width\" content=\"480\" \/>\n\t<meta property=\"og:image:height\" content=\"290\" \/>\n\t<meta property=\"og:image:type\" content=\"image\/jpeg\" \/>\n<meta name=\"author\" content=\"hudo\" \/>\n<meta name=\"twitter:card\" content=\"summary_large_image\" \/>\n<meta name=\"twitter:creator\" content=\"@hudo_si\" \/>\n<meta name=\"twitter:site\" content=\"@hudo_si\" \/>\n<meta name=\"twitter:label1\" content=\"Written by\" \/>\n\t<meta name=\"twitter:data1\" content=\"hudo\" \/>\n\t<meta name=\"twitter:label2\" content=\"Est. reading time\" \/>\n\t<meta name=\"twitter:data2\" content=\"1 minuta\" \/>\n<script type=\"application\/ld+json\" class=\"yoast-schema-graph\">{\"@context\":\"https:\/\/schema.org\",\"@graph\":[{\"@type\":\"Article\",\"@id\":\"https:\/\/hudo.com\/si\/aktualno\/vs-zn-razpravlja-o-razmerah-v-vzhodni-guti\/#article\",\"isPartOf\":{\"@id\":\"https:\/\/hudo.com\/si\/aktualno\/vs-zn-razpravlja-o-razmerah-v-vzhodni-guti\/\"},\"author\":{\"name\":\"hudo\",\"@id\":\"https:\/\/hudo.com\/si\/#\/schema\/person\/601cf3379633985b20f7e50f2bb47707\"},\"headline\":\"VS ZN razpravlja o razmerah v Vzhodni Guti\",\"datePublished\":\"2018-02-22T17:30:00+00:00\",\"dateModified\":\"2018-02-22T17:30:00+00:00\",\"mainEntityOfPage\":{\"@id\":\"https:\/\/hudo.com\/si\/aktualno\/vs-zn-razpravlja-o-razmerah-v-vzhodni-guti\/\"},\"wordCount\":153,\"publisher\":{\"@id\":\"https:\/\/hudo.com\/si\/#organization\"},\"articleSection\":[\"Aktualno\"],\"inLanguage\":\"sl-SI\"},{\"@type\":\"WebPage\",\"@id\":\"https:\/\/hudo.com\/si\/aktualno\/vs-zn-razpravlja-o-razmerah-v-vzhodni-guti\/\",\"url\":\"https:\/\/hudo.com\/si\/aktualno\/vs-zn-razpravlja-o-razmerah-v-vzhodni-guti\/\",\"name\":\"VS ZN razpravlja o razmerah v Vzhodni Guti - Hudo Slovenija\",\"isPartOf\":{\"@id\":\"https:\/\/hudo.com\/si\/#website\"},\"datePublished\":\"2018-02-22T17:30:00+00:00\",\"dateModified\":\"2018-02-22T17:30:00+00:00\",\"breadcrumb\":{\"@id\":\"https:\/\/hudo.com\/si\/aktualno\/vs-zn-razpravlja-o-razmerah-v-vzhodni-guti\/#breadcrumb\"},\"inLanguage\":\"sl-SI\",\"potentialAction\":[{\"@type\":\"ReadAction\",\"target\":[\"https:\/\/hudo.com\/si\/aktualno\/vs-zn-razpravlja-o-razmerah-v-vzhodni-guti\/\"]}]},{\"@type\":\"BreadcrumbList\",\"@id\":\"https:\/\/hudo.com\/si\/aktualno\/vs-zn-razpravlja-o-razmerah-v-vzhodni-guti\/#breadcrumb\",\"itemListElement\":[{\"@type\":\"ListItem\",\"position\":1,\"name\":\"Home\",\"item\":\"https:\/\/hudo.com\/si\/\"},{\"@type\":\"ListItem\",\"position\":2,\"name\":\"VS ZN razpravlja o razmerah v Vzhodni Guti\"}]},{\"@type\":\"WebSite\",\"@id\":\"https:\/\/hudo.com\/si\/#website\",\"url\":\"https:\/\/hudo.com\/si\/\",\"name\":\"Hudo Slovenija\",\"description\":\"Vse novice iz Slovenije in sveta\",\"publisher\":{\"@id\":\"https:\/\/hudo.com\/si\/#organization\"},\"potentialAction\":[{\"@type\":\"SearchAction\",\"target\":{\"@type\":\"EntryPoint\",\"urlTemplate\":\"https:\/\/hudo.com\/si\/?s={search_term_string}\"},\"query-input\":\"required name=search_term_string\"}],\"inLanguage\":\"sl-SI\"},{\"@type\":\"Organization\",\"@id\":\"https:\/\/hudo.com\/si\/#organization\",\"name\":\"VSN Media\",\"url\":\"https:\/\/hudo.com\/si\/\",\"logo\":{\"@type\":\"ImageObject\",\"inLanguage\":\"sl-SI\",\"@id\":\"https:\/\/hudo.com\/si\/#\/schema\/logo\/image\/\",\"url\":\"https:\/\/hudo.com\/si\/wp-content\/uploads\/sites\/2\/2021\/03\/hudo-app-2.png\",\"contentUrl\":\"https:\/\/hudo.com\/si\/wp-content\/uploads\/sites\/2\/2021\/03\/hudo-app-2.png\",\"width\":2185,\"height\":2167,\"caption\":\"VSN Media\"},\"image\":{\"@id\":\"https:\/\/hudo.com\/si\/#\/schema\/logo\/image\/\"},\"sameAs\":[\"https:\/\/www.facebook.com\/hudo.si\",\"https:\/\/twitter.com\/hudo_si\"]},{\"@type\":\"Person\",\"@id\":\"https:\/\/hudo.com\/si\/#\/schema\/person\/601cf3379633985b20f7e50f2bb47707\",\"name\":\"hudo\",\"image\":{\"@type\":\"ImageObject\",\"inLanguage\":\"sl-SI\",\"@id\":\"https:\/\/hudo.com\/si\/#\/schema\/person\/image\/\",\"url\":\"https:\/\/secure.gravatar.com\/avatar\/c4ca25fa72cace7a696b52ff5db9e095?s=96&d=mm&r=g\",\"contentUrl\":\"https:\/\/secure.gravatar.com\/avatar\/c4ca25fa72cace7a696b52ff5db9e095?s=96&d=mm&r=g\",\"caption\":\"hudo\"},\"url\":\"https:\/\/hudo.com\/si\/author\/hudo\/\"}]}<\/script>\n<!-- \/ Yoast SEO plugin. -->","yoast_head_json":{"title":"VS ZN razpravlja o razmerah v Vzhodni Guti - Hudo Slovenija","robots":{"index":"index","follow":"follow","max-snippet":"max-snippet:-1","max-image-preview":"max-image-preview:large","max-video-preview":"max-video-preview:-1"},"canonical":"https:\/\/hudo.com\/si\/aktualno\/vs-zn-razpravlja-o-razmerah-v-vzhodni-guti\/","og_locale":"sl_SI","og_type":"article","og_title":"VS ZN razpravlja o razmerah v Vzhodni Guti - Hudo Slovenija","og_description":"Kategorija: Globalno Thu, 22 Feb 2018 19:30:00 +0100 New York - Varnostni svet Zdru\u017eenih narodov je za\u010del sejo o razmerah v sirski uporni\u0161ki enklavi Vzhodna Guta, kjer so sirske vladne sile v petih dneh silovitega letalskega in topni\u0161kega obstreljevanja ubile \u017ee ve\u010d kot 400 civilistov, poro\u010dajo tuje tiskovne agencije. Sejo so sklicali na zahtevo Rusije. Ni pa \u0161e jasno, ali bodo na njej tudi glasovali o predlogu resolucije. Ta zahteva 30-dnevno prekinitev ognja v enklavi, kjer je ujetih 400.000 ljudi, ki bi omogo\u010dila dostavo humanitarne pomo\u010di in evakuacijo bolnih in ranjenih. Tamkaj\u0161nje razmere je generalni sekretar ZN Antonio Guterres v sredo ozna\u010dil kot \u00bbpekel na Zemlji\u00ab. Resolucijo, ki jo usklajujejo \u017ee skoraj dva tedna, sta pripravila \u0160vedska in Kuvajt, ki sta izrazila pri\u010dakovanje, da bodo o njej danes glasovali. A je ruski veleposlanik Vasilij Nebenzia danes vlo\u017eil dopolnila in pri\u00a0...","og_url":"https:\/\/hudo.com\/si\/aktualno\/vs-zn-razpravlja-o-razmerah-v-vzhodni-guti\/","og_site_name":"Hudo Slovenija","article_publisher":"https:\/\/www.facebook.com\/hudo.si","article_published_time":"2018-02-22T17:30:00+00:00","og_image":[{"width":480,"height":290,"url":"https:\/\/hudo.com\/si\/wp-content\/uploads\/sites\/2\/2018\/02\/480x290_Reuters_Pictures-20180221215044-05971000.jpeg","type":"image\/jpeg"}],"author":"hudo","twitter_card":"summary_large_image","twitter_creator":"@hudo_si","twitter_site":"@hudo_si","twitter_misc":{"Written by":"hudo","Est. reading time":"1 minuta"},"schema":{"@context":"https:\/\/schema.org","@graph":[{"@type":"Article","@id":"https:\/\/hudo.com\/si\/aktualno\/vs-zn-razpravlja-o-razmerah-v-vzhodni-guti\/#article","isPartOf":{"@id":"https:\/\/hudo.com\/si\/aktualno\/vs-zn-razpravlja-o-razmerah-v-vzhodni-guti\/"},"author":{"name":"hudo","@id":"https:\/\/hudo.com\/si\/#\/schema\/person\/601cf3379633985b20f7e50f2bb47707"},"headline":"VS ZN razpravlja o razmerah v Vzhodni Guti","datePublished":"2018-02-22T17:30:00+00:00","dateModified":"2018-02-22T17:30:00+00:00","mainEntityOfPage":{"@id":"https:\/\/hudo.com\/si\/aktualno\/vs-zn-razpravlja-o-razmerah-v-vzhodni-guti\/"},"wordCount":153,"publisher":{"@id":"https:\/\/hudo.com\/si\/#organization"},"articleSection":["Aktualno"],"inLanguage":"sl-SI"},{"@type":"WebPage","@id":"https:\/\/hudo.com\/si\/aktualno\/vs-zn-razpravlja-o-razmerah-v-vzhodni-guti\/","url":"https:\/\/hudo.com\/si\/aktualno\/vs-zn-razpravlja-o-razmerah-v-vzhodni-guti\/","name":"VS ZN razpravlja o razmerah v Vzhodni Guti - Hudo Slovenija","isPartOf":{"@id":"https:\/\/hudo.com\/si\/#website"},"datePublished":"2018-02-22T17:30:00+00:00","dateModified":"2018-02-22T17:30:00+00:00","breadcrumb":{"@id":"https:\/\/hudo.com\/si\/aktualno\/vs-zn-razpravlja-o-razmerah-v-vzhodni-guti\/#breadcrumb"},"inLanguage":"sl-SI","potentialAction":[{"@type":"ReadAction","target":["https:\/\/hudo.com\/si\/aktualno\/vs-zn-razpravlja-o-razmerah-v-vzhodni-guti\/"]}]},{"@type":"BreadcrumbList","@id":"https:\/\/hudo.com\/si\/aktualno\/vs-zn-razpravlja-o-razmerah-v-vzhodni-guti\/#breadcrumb","itemListElement":[{"@type":"ListItem","position":1,"name":"Home","item":"https:\/\/hudo.com\/si\/"},{"@type":"ListItem","position":2,"name":"VS ZN razpravlja o razmerah v Vzhodni Guti"}]},{"@type":"WebSite","@id":"https:\/\/hudo.com\/si\/#website","url":"https:\/\/hudo.com\/si\/","name":"Hudo Slovenija","description":"Vse novice iz Slovenije in sveta","publisher":{"@id":"https:\/\/hudo.com\/si\/#organization"},"potentialAction":[{"@type":"SearchAction","target":{"@type":"EntryPoint","urlTemplate":"https:\/\/hudo.com\/si\/?s={search_term_string}"},"query-input":"required name=search_term_string"}],"inLanguage":"sl-SI"},{"@type":"Organization","@id":"https:\/\/hudo.com\/si\/#organization","name":"VSN Media","url":"https:\/\/hudo.com\/si\/","logo":{"@type":"ImageObject","inLanguage":"sl-SI","@id":"https:\/\/hudo.com\/si\/#\/schema\/logo\/image\/","url":"https:\/\/hudo.com\/si\/wp-content\/uploads\/sites\/2\/2021\/03\/hudo-app-2.png","contentUrl":"https:\/\/hudo.com\/si\/wp-content\/uploads\/sites\/2\/2021\/03\/hudo-app-2.png","width":2185,"height":2167,"caption":"VSN Media"},"image":{"@id":"https:\/\/hudo.com\/si\/#\/schema\/logo\/image\/"},"sameAs":["https:\/\/www.facebook.com\/hudo.si","https:\/\/twitter.com\/hudo_si"]},{"@type":"Person","@id":"https:\/\/hudo.com\/si\/#\/schema\/person\/601cf3379633985b20f7e50f2bb47707","name":"hudo","image":{"@type":"ImageObject","inLanguage":"sl-SI","@id":"https:\/\/hudo.com\/si\/#\/schema\/person\/image\/","url":"https:\/\/secure.gravatar.com\/avatar\/c4ca25fa72cace7a696b52ff5db9e095?s=96&d=mm&r=g","contentUrl":"https:\/\/secure.gravatar.com\/avatar\/c4ca25fa72cace7a696b52ff5db9e095?s=96&d=mm&r=g","caption":"hudo"},"url":"https:\/\/hudo.com\/si\/author\/hudo\/"}]}},"amp_enabled":true,"_links":{"self":[{"href":"https:\/\/hudo.com\/si\/wp-json\/wp\/v2\/posts\/364323"}],"collection":[{"href":"https:\/\/hudo.com\/si\/wp-json\/wp\/v2\/posts"}],"about":[{"href":"https:\/\/hudo.com\/si\/wp-json\/wp\/v2\/types\/post"}],"author":[{"embeddable":true,"href":"https:\/\/hudo.com\/si\/wp-json\/wp\/v2\/users\/1"}],"replies":[{"embeddable":true,"href":"https:\/\/hudo.com\/si\/wp-json\/wp\/v2\/comments?post=364323"}],"version-history":[{"count":0,"href":"https:\/\/hudo.com\/si\/wp-json\/wp\/v2\/posts\/364323\/revisions"}],"wp:attachment":[{"href":"https:\/\/hudo.com\/si\/wp-json\/wp\/v2\/media?parent=364323"}],"wp:term":[{"taxonomy":"category","embeddable":true,"href":"https:\/\/hudo.com\/si\/wp-json\/wp\/v2\/categories?post=364323"},{"taxonomy":"post_tag","embeddable":true,"href":"https:\/\/hudo.com\/si\/wp-json\/wp\/v2\/tags?post=364323"},{"taxonomy":"source","embeddable":true,"href":"https:\/\/hudo.com\/si\/wp-json\/wp\/v2\/source?post=364323"},{"taxonomy":"supertag","embeddable":true,"href":"https:\/\/hudo.com\/si\/wp-json\/wp\/v2\/supertag?post=364323"}],"curies":[{"name":"wp","href":"https:\/\/api.w.org\/{rel}","templated":true}]}}