{"id":364341,"date":"2018-02-22T19:32:00","date_gmt":"2018-02-22T18:32:00","guid":{"rendered":"https:\/\/hudo.com\/si\/2018\/02\/22\/petek-v-pjongcangu-na-delu-le-moska-biatlonska-stafeta\/"},"modified":"2018-02-22T19:32:00","modified_gmt":"2018-02-22T18:32:00","slug":"petek-v-pjongcangu-na-delu-le-moska-biatlonska-stafeta","status":"publish","type":"post","link":"https:\/\/hudo.com\/si\/aktualno\/petek-v-pjongcangu-na-delu-le-moska-biatlonska-stafeta\/","title":{"rendered":"Petek v Pjong\u010dangu: Na delu le mo\u0161ka biatlonska \u0161tafeta"},"content":{"rendered":"<p>Kategorija: Slovenija Thu, 22 Feb 2018 20:32:00 +0100  Pjong\u010dang &#8211; Po tem, ko je bilo v \u010detrtek podeljenih kar deset kompletov kolajn, bo petek nekoliko mirnej\u0161i. O\u010di slovenske \u0161portne javnosti bodo tokrat uprte v nastop mo\u0161ke biatlonske \u0161tafete. Slovensko \u010detverico bosta vodila v Pjong\u010dangu zelo razpolo\u017eena Jakov Fak in Klemen Bauer, Miha Dov\u017ean in Mitja Drinovec pa nabirata izku\u0161nje za prihodnje olimpijske igre. Slovenske biatlonce boste lahko spremljali od poldneva dalje, zlato pa bi morala braniti ruska \u0161tafeta, a je zaradi znanih razlogov letos na \u0161tartu ni. Lahko pa presenetijo olimpijski \u0161portniki Rusije, ki na teh igrah \u0161e niso osvojili naslova olimpijskih prvakov. Srebro branijo Nemci, bron pa Avstrijci. Slovenija je bila pred \u0161tirimi leti v So\u010diju zelo uspe\u0161na, \u0161tafeto je kon\u010dala na \u0161estem mestu, ob Bauerju in Faku sta bila takrat na \u0161tartu \u0161e Janez Mari\u010d in Peter Dokl,\u00a0&#8230;<\/p>\n","protected":false},"excerpt":{"rendered":"<p>Kategorija: Slovenija Thu, 22 Feb 2018 20:32:00 +0100  Pjong\u010dang &#8211; Po tem, ko je bilo v \u010detrtek podeljenih kar deset kompletov kolajn, bo petek nekoliko mirnej\u0161i. O\u010di slovenske \u0161portne javnosti bodo tokrat uprte v nastop mo\u0161ke biatlonske \u0161tafete. Slovensko \u010detverico bosta vodila v Pjong\u010dangu zelo razpolo\u017eena Jakov Fak in Klemen Bauer, Miha Dov\u017ean in Mitja Drinovec pa nabirata izku\u0161nje za prihodnje olimpijske igre. Slovenske biatlonce boste lahko spremljali od poldneva dalje, zlato pa bi morala braniti ruska \u0161tafeta, a je zaradi znanih razlogov letos na \u0161tartu ni. Lahko pa presenetijo olimpijski \u0161portniki Rusije, ki na teh igrah \u0161e niso osvojili naslova olimpijskih prvakov. Srebro branijo Nemci, bron pa Avstrijci. Slovenija je bila pred \u0161tirimi leti v So\u010diju zelo uspe\u0161na, \u0161tafeto je kon\u010dala na \u0161estem mestu, ob Bauerju in Faku sta bila takrat na \u0161tartu \u0161e Janez Mari\u010d in Peter Dokl,\u00a0&#8230;<\/p>\n","protected":false},"author":1,"featured_media":0,"comment_status":"closed","ping_status":"closed","sticky":false,"template":"","format":"standard","meta":{"footnotes":""},"categories":[1179],"tags":[],"source":[1703],"supertag":[],"acf":[],"yoast_head":"<!-- This site is optimized with the Yoast SEO plugin v21.3 - https:\/\/yoast.com\/wordpress\/plugins\/seo\/ -->\n<title>Petek v Pjong\u010dangu: Na delu le mo\u0161ka biatlonska \u0161tafeta - Hudo Slovenija<\/title>\n<meta name=\"robots\" content=\"index, follow, max-snippet:-1, max-image-preview:large, max-video-preview:-1\" \/>\n<link rel=\"canonical\" href=\"https:\/\/hudo.com\/si\/aktualno\/petek-v-pjongcangu-na-delu-le-moska-biatlonska-stafeta\/\" \/>\n<meta property=\"og:locale\" content=\"sl_SI\" \/>\n<meta property=\"og:type\" content=\"article\" \/>\n<meta property=\"og:title\" content=\"Petek v Pjong\u010dangu: Na delu le mo\u0161ka biatlonska \u0161tafeta - Hudo Slovenija\" \/>\n<meta property=\"og:description\" content=\"Kategorija: Slovenija Thu, 22 Feb 2018 20:32:00 +0100 Pjong\u010dang - Po tem, ko je bilo v \u010detrtek podeljenih kar deset kompletov kolajn, bo petek nekoliko mirnej\u0161i. O\u010di slovenske \u0161portne javnosti bodo tokrat uprte v nastop mo\u0161ke biatlonske \u0161tafete. Slovensko \u010detverico bosta vodila v Pjong\u010dangu zelo razpolo\u017eena Jakov Fak in Klemen Bauer, Miha Dov\u017ean in Mitja Drinovec pa nabirata izku\u0161nje za prihodnje olimpijske igre. Slovenske biatlonce boste lahko spremljali od poldneva dalje, zlato pa bi morala braniti ruska \u0161tafeta, a je zaradi znanih razlogov letos na \u0161tartu ni. Lahko pa presenetijo olimpijski \u0161portniki Rusije, ki na teh igrah \u0161e niso osvojili naslova olimpijskih prvakov. Srebro branijo Nemci, bron pa Avstrijci. Slovenija je bila pred \u0161tirimi leti v So\u010diju zelo uspe\u0161na, \u0161tafeto je kon\u010dala na \u0161estem mestu, ob Bauerju in Faku sta bila takrat na \u0161tartu \u0161e Janez Mari\u010d in Peter Dokl,\u00a0...\" \/>\n<meta property=\"og:url\" content=\"https:\/\/hudo.com\/si\/aktualno\/petek-v-pjongcangu-na-delu-le-moska-biatlonska-stafeta\/\" \/>\n<meta property=\"og:site_name\" content=\"Hudo Slovenija\" \/>\n<meta property=\"article:publisher\" content=\"https:\/\/www.facebook.com\/hudo.si\" \/>\n<meta property=\"article:published_time\" content=\"2018-02-22T18:32:00+00:00\" \/>\n<meta property=\"og:image\" content=\"https:\/\/hudo.com\/si\/wp-content\/uploads\/sites\/2\/2018\/02\/480x290_Delo_Foto-20180215153511-89793300.jpeg\" \/>\n\t<meta property=\"og:image:width\" content=\"480\" \/>\n\t<meta property=\"og:image:height\" content=\"290\" \/>\n\t<meta property=\"og:image:type\" content=\"image\/jpeg\" \/>\n<meta name=\"author\" content=\"hudo\" \/>\n<meta name=\"twitter:card\" content=\"summary_large_image\" \/>\n<meta name=\"twitter:creator\" content=\"@hudo_si\" \/>\n<meta name=\"twitter:site\" content=\"@hudo_si\" \/>\n<meta name=\"twitter:label1\" content=\"Written by\" \/>\n\t<meta name=\"twitter:data1\" content=\"hudo\" \/>\n\t<meta name=\"twitter:label2\" content=\"Est. reading time\" \/>\n\t<meta name=\"twitter:data2\" content=\"1 minuta\" \/>\n<script type=\"application\/ld+json\" class=\"yoast-schema-graph\">{\"@context\":\"https:\/\/schema.org\",\"@graph\":[{\"@type\":\"Article\",\"@id\":\"https:\/\/hudo.com\/si\/aktualno\/petek-v-pjongcangu-na-delu-le-moska-biatlonska-stafeta\/#article\",\"isPartOf\":{\"@id\":\"https:\/\/hudo.com\/si\/aktualno\/petek-v-pjongcangu-na-delu-le-moska-biatlonska-stafeta\/\"},\"author\":{\"name\":\"hudo\",\"@id\":\"https:\/\/hudo.com\/si\/#\/schema\/person\/601cf3379633985b20f7e50f2bb47707\"},\"headline\":\"Petek v Pjong\u010dangu: Na delu le mo\u0161ka biatlonska \u0161tafeta\",\"datePublished\":\"2018-02-22T18:32:00+00:00\",\"dateModified\":\"2018-02-22T18:32:00+00:00\",\"mainEntityOfPage\":{\"@id\":\"https:\/\/hudo.com\/si\/aktualno\/petek-v-pjongcangu-na-delu-le-moska-biatlonska-stafeta\/\"},\"wordCount\":158,\"publisher\":{\"@id\":\"https:\/\/hudo.com\/si\/#organization\"},\"articleSection\":[\"Aktualno\"],\"inLanguage\":\"sl-SI\"},{\"@type\":\"WebPage\",\"@id\":\"https:\/\/hudo.com\/si\/aktualno\/petek-v-pjongcangu-na-delu-le-moska-biatlonska-stafeta\/\",\"url\":\"https:\/\/hudo.com\/si\/aktualno\/petek-v-pjongcangu-na-delu-le-moska-biatlonska-stafeta\/\",\"name\":\"Petek v Pjong\u010dangu: Na delu le mo\u0161ka biatlonska \u0161tafeta - Hudo Slovenija\",\"isPartOf\":{\"@id\":\"https:\/\/hudo.com\/si\/#website\"},\"datePublished\":\"2018-02-22T18:32:00+00:00\",\"dateModified\":\"2018-02-22T18:32:00+00:00\",\"breadcrumb\":{\"@id\":\"https:\/\/hudo.com\/si\/aktualno\/petek-v-pjongcangu-na-delu-le-moska-biatlonska-stafeta\/#breadcrumb\"},\"inLanguage\":\"sl-SI\",\"potentialAction\":[{\"@type\":\"ReadAction\",\"target\":[\"https:\/\/hudo.com\/si\/aktualno\/petek-v-pjongcangu-na-delu-le-moska-biatlonska-stafeta\/\"]}]},{\"@type\":\"BreadcrumbList\",\"@id\":\"https:\/\/hudo.com\/si\/aktualno\/petek-v-pjongcangu-na-delu-le-moska-biatlonska-stafeta\/#breadcrumb\",\"itemListElement\":[{\"@type\":\"ListItem\",\"position\":1,\"name\":\"Home\",\"item\":\"https:\/\/hudo.com\/si\/\"},{\"@type\":\"ListItem\",\"position\":2,\"name\":\"Petek v Pjong\u010dangu: Na delu le mo\u0161ka biatlonska \u0161tafeta\"}]},{\"@type\":\"WebSite\",\"@id\":\"https:\/\/hudo.com\/si\/#website\",\"url\":\"https:\/\/hudo.com\/si\/\",\"name\":\"Hudo Slovenija\",\"description\":\"Vse novice iz Slovenije in sveta\",\"publisher\":{\"@id\":\"https:\/\/hudo.com\/si\/#organization\"},\"potentialAction\":[{\"@type\":\"SearchAction\",\"target\":{\"@type\":\"EntryPoint\",\"urlTemplate\":\"https:\/\/hudo.com\/si\/?s={search_term_string}\"},\"query-input\":\"required name=search_term_string\"}],\"inLanguage\":\"sl-SI\"},{\"@type\":\"Organization\",\"@id\":\"https:\/\/hudo.com\/si\/#organization\",\"name\":\"VSN Media\",\"url\":\"https:\/\/hudo.com\/si\/\",\"logo\":{\"@type\":\"ImageObject\",\"inLanguage\":\"sl-SI\",\"@id\":\"https:\/\/hudo.com\/si\/#\/schema\/logo\/image\/\",\"url\":\"https:\/\/hudo.com\/si\/wp-content\/uploads\/sites\/2\/2021\/03\/hudo-app-2.png\",\"contentUrl\":\"https:\/\/hudo.com\/si\/wp-content\/uploads\/sites\/2\/2021\/03\/hudo-app-2.png\",\"width\":2185,\"height\":2167,\"caption\":\"VSN Media\"},\"image\":{\"@id\":\"https:\/\/hudo.com\/si\/#\/schema\/logo\/image\/\"},\"sameAs\":[\"https:\/\/www.facebook.com\/hudo.si\",\"https:\/\/twitter.com\/hudo_si\"]},{\"@type\":\"Person\",\"@id\":\"https:\/\/hudo.com\/si\/#\/schema\/person\/601cf3379633985b20f7e50f2bb47707\",\"name\":\"hudo\",\"image\":{\"@type\":\"ImageObject\",\"inLanguage\":\"sl-SI\",\"@id\":\"https:\/\/hudo.com\/si\/#\/schema\/person\/image\/\",\"url\":\"https:\/\/secure.gravatar.com\/avatar\/c4ca25fa72cace7a696b52ff5db9e095?s=96&d=mm&r=g\",\"contentUrl\":\"https:\/\/secure.gravatar.com\/avatar\/c4ca25fa72cace7a696b52ff5db9e095?s=96&d=mm&r=g\",\"caption\":\"hudo\"},\"url\":\"https:\/\/hudo.com\/si\/author\/hudo\/\"}]}<\/script>\n<!-- \/ Yoast SEO plugin. -->","yoast_head_json":{"title":"Petek v Pjong\u010dangu: Na delu le mo\u0161ka biatlonska \u0161tafeta - Hudo Slovenija","robots":{"index":"index","follow":"follow","max-snippet":"max-snippet:-1","max-image-preview":"max-image-preview:large","max-video-preview":"max-video-preview:-1"},"canonical":"https:\/\/hudo.com\/si\/aktualno\/petek-v-pjongcangu-na-delu-le-moska-biatlonska-stafeta\/","og_locale":"sl_SI","og_type":"article","og_title":"Petek v Pjong\u010dangu: Na delu le mo\u0161ka biatlonska \u0161tafeta - Hudo Slovenija","og_description":"Kategorija: Slovenija Thu, 22 Feb 2018 20:32:00 +0100 Pjong\u010dang - Po tem, ko je bilo v \u010detrtek podeljenih kar deset kompletov kolajn, bo petek nekoliko mirnej\u0161i. O\u010di slovenske \u0161portne javnosti bodo tokrat uprte v nastop mo\u0161ke biatlonske \u0161tafete. Slovensko \u010detverico bosta vodila v Pjong\u010dangu zelo razpolo\u017eena Jakov Fak in Klemen Bauer, Miha Dov\u017ean in Mitja Drinovec pa nabirata izku\u0161nje za prihodnje olimpijske igre. Slovenske biatlonce boste lahko spremljali od poldneva dalje, zlato pa bi morala braniti ruska \u0161tafeta, a je zaradi znanih razlogov letos na \u0161tartu ni. Lahko pa presenetijo olimpijski \u0161portniki Rusije, ki na teh igrah \u0161e niso osvojili naslova olimpijskih prvakov. Srebro branijo Nemci, bron pa Avstrijci. Slovenija je bila pred \u0161tirimi leti v So\u010diju zelo uspe\u0161na, \u0161tafeto je kon\u010dala na \u0161estem mestu, ob Bauerju in Faku sta bila takrat na \u0161tartu \u0161e Janez Mari\u010d in Peter Dokl,\u00a0...","og_url":"https:\/\/hudo.com\/si\/aktualno\/petek-v-pjongcangu-na-delu-le-moska-biatlonska-stafeta\/","og_site_name":"Hudo Slovenija","article_publisher":"https:\/\/www.facebook.com\/hudo.si","article_published_time":"2018-02-22T18:32:00+00:00","og_image":[{"width":480,"height":290,"url":"https:\/\/hudo.com\/si\/wp-content\/uploads\/sites\/2\/2018\/02\/480x290_Delo_Foto-20180215153511-89793300.jpeg","type":"image\/jpeg"}],"author":"hudo","twitter_card":"summary_large_image","twitter_creator":"@hudo_si","twitter_site":"@hudo_si","twitter_misc":{"Written by":"hudo","Est. reading time":"1 minuta"},"schema":{"@context":"https:\/\/schema.org","@graph":[{"@type":"Article","@id":"https:\/\/hudo.com\/si\/aktualno\/petek-v-pjongcangu-na-delu-le-moska-biatlonska-stafeta\/#article","isPartOf":{"@id":"https:\/\/hudo.com\/si\/aktualno\/petek-v-pjongcangu-na-delu-le-moska-biatlonska-stafeta\/"},"author":{"name":"hudo","@id":"https:\/\/hudo.com\/si\/#\/schema\/person\/601cf3379633985b20f7e50f2bb47707"},"headline":"Petek v Pjong\u010dangu: Na delu le mo\u0161ka biatlonska \u0161tafeta","datePublished":"2018-02-22T18:32:00+00:00","dateModified":"2018-02-22T18:32:00+00:00","mainEntityOfPage":{"@id":"https:\/\/hudo.com\/si\/aktualno\/petek-v-pjongcangu-na-delu-le-moska-biatlonska-stafeta\/"},"wordCount":158,"publisher":{"@id":"https:\/\/hudo.com\/si\/#organization"},"articleSection":["Aktualno"],"inLanguage":"sl-SI"},{"@type":"WebPage","@id":"https:\/\/hudo.com\/si\/aktualno\/petek-v-pjongcangu-na-delu-le-moska-biatlonska-stafeta\/","url":"https:\/\/hudo.com\/si\/aktualno\/petek-v-pjongcangu-na-delu-le-moska-biatlonska-stafeta\/","name":"Petek v Pjong\u010dangu: Na delu le mo\u0161ka biatlonska \u0161tafeta - Hudo Slovenija","isPartOf":{"@id":"https:\/\/hudo.com\/si\/#website"},"datePublished":"2018-02-22T18:32:00+00:00","dateModified":"2018-02-22T18:32:00+00:00","breadcrumb":{"@id":"https:\/\/hudo.com\/si\/aktualno\/petek-v-pjongcangu-na-delu-le-moska-biatlonska-stafeta\/#breadcrumb"},"inLanguage":"sl-SI","potentialAction":[{"@type":"ReadAction","target":["https:\/\/hudo.com\/si\/aktualno\/petek-v-pjongcangu-na-delu-le-moska-biatlonska-stafeta\/"]}]},{"@type":"BreadcrumbList","@id":"https:\/\/hudo.com\/si\/aktualno\/petek-v-pjongcangu-na-delu-le-moska-biatlonska-stafeta\/#breadcrumb","itemListElement":[{"@type":"ListItem","position":1,"name":"Home","item":"https:\/\/hudo.com\/si\/"},{"@type":"ListItem","position":2,"name":"Petek v Pjong\u010dangu: Na delu le mo\u0161ka biatlonska \u0161tafeta"}]},{"@type":"WebSite","@id":"https:\/\/hudo.com\/si\/#website","url":"https:\/\/hudo.com\/si\/","name":"Hudo Slovenija","description":"Vse novice iz Slovenije in sveta","publisher":{"@id":"https:\/\/hudo.com\/si\/#organization"},"potentialAction":[{"@type":"SearchAction","target":{"@type":"EntryPoint","urlTemplate":"https:\/\/hudo.com\/si\/?s={search_term_string}"},"query-input":"required name=search_term_string"}],"inLanguage":"sl-SI"},{"@type":"Organization","@id":"https:\/\/hudo.com\/si\/#organization","name":"VSN Media","url":"https:\/\/hudo.com\/si\/","logo":{"@type":"ImageObject","inLanguage":"sl-SI","@id":"https:\/\/hudo.com\/si\/#\/schema\/logo\/image\/","url":"https:\/\/hudo.com\/si\/wp-content\/uploads\/sites\/2\/2021\/03\/hudo-app-2.png","contentUrl":"https:\/\/hudo.com\/si\/wp-content\/uploads\/sites\/2\/2021\/03\/hudo-app-2.png","width":2185,"height":2167,"caption":"VSN Media"},"image":{"@id":"https:\/\/hudo.com\/si\/#\/schema\/logo\/image\/"},"sameAs":["https:\/\/www.facebook.com\/hudo.si","https:\/\/twitter.com\/hudo_si"]},{"@type":"Person","@id":"https:\/\/hudo.com\/si\/#\/schema\/person\/601cf3379633985b20f7e50f2bb47707","name":"hudo","image":{"@type":"ImageObject","inLanguage":"sl-SI","@id":"https:\/\/hudo.com\/si\/#\/schema\/person\/image\/","url":"https:\/\/secure.gravatar.com\/avatar\/c4ca25fa72cace7a696b52ff5db9e095?s=96&d=mm&r=g","contentUrl":"https:\/\/secure.gravatar.com\/avatar\/c4ca25fa72cace7a696b52ff5db9e095?s=96&d=mm&r=g","caption":"hudo"},"url":"https:\/\/hudo.com\/si\/author\/hudo\/"}]}},"amp_enabled":true,"_links":{"self":[{"href":"https:\/\/hudo.com\/si\/wp-json\/wp\/v2\/posts\/364341"}],"collection":[{"href":"https:\/\/hudo.com\/si\/wp-json\/wp\/v2\/posts"}],"about":[{"href":"https:\/\/hudo.com\/si\/wp-json\/wp\/v2\/types\/post"}],"author":[{"embeddable":true,"href":"https:\/\/hudo.com\/si\/wp-json\/wp\/v2\/users\/1"}],"replies":[{"embeddable":true,"href":"https:\/\/hudo.com\/si\/wp-json\/wp\/v2\/comments?post=364341"}],"version-history":[{"count":0,"href":"https:\/\/hudo.com\/si\/wp-json\/wp\/v2\/posts\/364341\/revisions"}],"wp:attachment":[{"href":"https:\/\/hudo.com\/si\/wp-json\/wp\/v2\/media?parent=364341"}],"wp:term":[{"taxonomy":"category","embeddable":true,"href":"https:\/\/hudo.com\/si\/wp-json\/wp\/v2\/categories?post=364341"},{"taxonomy":"post_tag","embeddable":true,"href":"https:\/\/hudo.com\/si\/wp-json\/wp\/v2\/tags?post=364341"},{"taxonomy":"source","embeddable":true,"href":"https:\/\/hudo.com\/si\/wp-json\/wp\/v2\/source?post=364341"},{"taxonomy":"supertag","embeddable":true,"href":"https:\/\/hudo.com\/si\/wp-json\/wp\/v2\/supertag?post=364341"}],"curies":[{"name":"wp","href":"https:\/\/api.w.org\/{rel}","templated":true}]}}