{"id":364343,"date":"2018-02-22T19:30:00","date_gmt":"2018-02-22T18:30:00","guid":{"rendered":"https:\/\/hudo.com\/si\/2018\/02\/22\/sosu-bo-predsedoval-jaka-trilar\/"},"modified":"2018-02-22T19:30:00","modified_gmt":"2018-02-22T18:30:00","slug":"sosu-bo-predsedoval-jaka-trilar","status":"publish","type":"post","link":"https:\/\/hudo.com\/si\/aktualno\/sosu-bo-predsedoval-jaka-trilar\/","title":{"rendered":"\u0160osu bo predsedoval Jaka Trilar"},"content":{"rendered":"<p>Kategorija: Slovenija Thu, 22 Feb 2018 20:30:00 +0100  Ljubljana &#8211; Na 31. skup\u0161\u010dini \u0160tudentske organizacije Slovenije (\u0160OS) so za novega predsednika organizacije danes imenovali Jako Trilarja. Novi generalni sekretar bo za obdobje dveh let dosedanji predsednik \u0160OS Aleksandar Spremo, dopolnili pa so tudi \u0161tudentsko ustavo ter sprejeli finan\u010dni na\u010drt za leto 2018, so sporo\u010dili iz organizacije. Predstavniki \u0161tudentskih zborov \u0160tudentske organizacije Univerze v Ljubljani, Mariboru, na Primorskem in predstavniki sveta \u0160tudentskih organizacij lokalnih skupnosti so \u0161tudenta mariborske filozofske fakultete Trilarja za novega predsednika \u0160OS imenovali za mandatno obdobje enega leta. Trilar je do zdaj deloval kot vodja Dija\u0161ke organizacije Slovenije, v \u0160tudentskem svetu mariborske filozofske fakultete, v \u0160tudentskem klubu Gro\u0161 in v Zvezi \u0160kis. \u00bbKot predsednik se bom zavzemal za ohranitev avtonomije in \u0161e ve\u010djo transparentnost delovanja \u0160OS, ki mora biti vklju\u010den v vse procese, ki urejajo \u0161tudentsko problematiko. Na\u00a0&#8230;<\/p>\n","protected":false},"excerpt":{"rendered":"<p>Kategorija: Slovenija Thu, 22 Feb 2018 20:30:00 +0100  Ljubljana &#8211; Na 31. skup\u0161\u010dini \u0160tudentske organizacije Slovenije (\u0160OS) so za novega predsednika organizacije danes imenovali Jako Trilarja. Novi generalni sekretar bo za obdobje dveh let dosedanji predsednik \u0160OS Aleksandar Spremo, dopolnili pa so tudi \u0161tudentsko ustavo ter sprejeli finan\u010dni na\u010drt za leto 2018, so sporo\u010dili iz organizacije. Predstavniki \u0161tudentskih zborov \u0160tudentske organizacije Univerze v Ljubljani, Mariboru, na Primorskem in predstavniki sveta \u0160tudentskih organizacij lokalnih skupnosti so \u0161tudenta mariborske filozofske fakultete Trilarja za novega predsednika \u0160OS imenovali za mandatno obdobje enega leta. Trilar je do zdaj deloval kot vodja Dija\u0161ke organizacije Slovenije, v \u0160tudentskem svetu mariborske filozofske fakultete, v \u0160tudentskem klubu Gro\u0161 in v Zvezi \u0160kis. \u00bbKot predsednik se bom zavzemal za ohranitev avtonomije in \u0161e ve\u010djo transparentnost delovanja \u0160OS, ki mora biti vklju\u010den v vse procese, ki urejajo \u0161tudentsko problematiko. Na\u00a0&#8230;<\/p>\n","protected":false},"author":1,"featured_media":0,"comment_status":"closed","ping_status":"closed","sticky":false,"template":"","format":"standard","meta":{"footnotes":""},"categories":[1179],"tags":[],"source":[1703],"supertag":[],"acf":[],"yoast_head":"<!-- This site is optimized with the Yoast SEO plugin v21.3 - https:\/\/yoast.com\/wordpress\/plugins\/seo\/ -->\n<title>\u0160osu bo predsedoval Jaka Trilar - Hudo Slovenija<\/title>\n<meta name=\"robots\" content=\"index, follow, max-snippet:-1, max-image-preview:large, max-video-preview:-1\" \/>\n<link rel=\"canonical\" href=\"https:\/\/hudo.com\/si\/aktualno\/sosu-bo-predsedoval-jaka-trilar\/\" \/>\n<meta property=\"og:locale\" content=\"sl_SI\" \/>\n<meta property=\"og:type\" content=\"article\" \/>\n<meta property=\"og:title\" content=\"\u0160osu bo predsedoval Jaka Trilar - Hudo Slovenija\" \/>\n<meta property=\"og:description\" content=\"Kategorija: Slovenija Thu, 22 Feb 2018 20:30:00 +0100 Ljubljana - Na 31. skup\u0161\u010dini \u0160tudentske organizacije Slovenije (\u0160OS) so za novega predsednika organizacije danes imenovali Jako Trilarja. Novi generalni sekretar bo za obdobje dveh let dosedanji predsednik \u0160OS Aleksandar Spremo, dopolnili pa so tudi \u0161tudentsko ustavo ter sprejeli finan\u010dni na\u010drt za leto 2018, so sporo\u010dili iz organizacije. Predstavniki \u0161tudentskih zborov \u0160tudentske organizacije Univerze v Ljubljani, Mariboru, na Primorskem in predstavniki sveta \u0160tudentskih organizacij lokalnih skupnosti so \u0161tudenta mariborske filozofske fakultete Trilarja za novega predsednika \u0160OS imenovali za mandatno obdobje enega leta. Trilar je do zdaj deloval kot vodja Dija\u0161ke organizacije Slovenije, v \u0160tudentskem svetu mariborske filozofske fakultete, v \u0160tudentskem klubu Gro\u0161 in v Zvezi \u0160kis. \u00bbKot predsednik se bom zavzemal za ohranitev avtonomije in \u0161e ve\u010djo transparentnost delovanja \u0160OS, ki mora biti vklju\u010den v vse procese, ki urejajo \u0161tudentsko problematiko. Na\u00a0...\" \/>\n<meta property=\"og:url\" content=\"https:\/\/hudo.com\/si\/aktualno\/sosu-bo-predsedoval-jaka-trilar\/\" \/>\n<meta property=\"og:site_name\" content=\"Hudo Slovenija\" \/>\n<meta property=\"article:publisher\" content=\"https:\/\/www.facebook.com\/hudo.si\" \/>\n<meta property=\"article:published_time\" content=\"2018-02-22T18:30:00+00:00\" \/>\n<meta property=\"og:image\" content=\"https:\/\/hudo.com\/si\/wp-content\/uploads\/sites\/2\/2018\/02\/480x290_Delo_Foto-20170612135026-39136300.jpeg\" \/>\n\t<meta property=\"og:image:width\" content=\"480\" \/>\n\t<meta property=\"og:image:height\" content=\"290\" \/>\n\t<meta property=\"og:image:type\" content=\"image\/jpeg\" \/>\n<meta name=\"author\" content=\"hudo\" \/>\n<meta name=\"twitter:card\" content=\"summary_large_image\" \/>\n<meta name=\"twitter:creator\" content=\"@hudo_si\" \/>\n<meta name=\"twitter:site\" content=\"@hudo_si\" \/>\n<meta name=\"twitter:label1\" content=\"Written by\" \/>\n\t<meta name=\"twitter:data1\" content=\"hudo\" \/>\n\t<meta name=\"twitter:label2\" content=\"Est. reading time\" \/>\n\t<meta name=\"twitter:data2\" content=\"1 minuta\" \/>\n<script type=\"application\/ld+json\" class=\"yoast-schema-graph\">{\"@context\":\"https:\/\/schema.org\",\"@graph\":[{\"@type\":\"Article\",\"@id\":\"https:\/\/hudo.com\/si\/aktualno\/sosu-bo-predsedoval-jaka-trilar\/#article\",\"isPartOf\":{\"@id\":\"https:\/\/hudo.com\/si\/aktualno\/sosu-bo-predsedoval-jaka-trilar\/\"},\"author\":{\"name\":\"hudo\",\"@id\":\"https:\/\/hudo.com\/si\/#\/schema\/person\/601cf3379633985b20f7e50f2bb47707\"},\"headline\":\"\u0160osu bo predsedoval Jaka Trilar\",\"datePublished\":\"2018-02-22T18:30:00+00:00\",\"dateModified\":\"2018-02-22T18:30:00+00:00\",\"mainEntityOfPage\":{\"@id\":\"https:\/\/hudo.com\/si\/aktualno\/sosu-bo-predsedoval-jaka-trilar\/\"},\"wordCount\":146,\"publisher\":{\"@id\":\"https:\/\/hudo.com\/si\/#organization\"},\"articleSection\":[\"Aktualno\"],\"inLanguage\":\"sl-SI\"},{\"@type\":\"WebPage\",\"@id\":\"https:\/\/hudo.com\/si\/aktualno\/sosu-bo-predsedoval-jaka-trilar\/\",\"url\":\"https:\/\/hudo.com\/si\/aktualno\/sosu-bo-predsedoval-jaka-trilar\/\",\"name\":\"\u0160osu bo predsedoval Jaka Trilar - Hudo Slovenija\",\"isPartOf\":{\"@id\":\"https:\/\/hudo.com\/si\/#website\"},\"datePublished\":\"2018-02-22T18:30:00+00:00\",\"dateModified\":\"2018-02-22T18:30:00+00:00\",\"breadcrumb\":{\"@id\":\"https:\/\/hudo.com\/si\/aktualno\/sosu-bo-predsedoval-jaka-trilar\/#breadcrumb\"},\"inLanguage\":\"sl-SI\",\"potentialAction\":[{\"@type\":\"ReadAction\",\"target\":[\"https:\/\/hudo.com\/si\/aktualno\/sosu-bo-predsedoval-jaka-trilar\/\"]}]},{\"@type\":\"BreadcrumbList\",\"@id\":\"https:\/\/hudo.com\/si\/aktualno\/sosu-bo-predsedoval-jaka-trilar\/#breadcrumb\",\"itemListElement\":[{\"@type\":\"ListItem\",\"position\":1,\"name\":\"Home\",\"item\":\"https:\/\/hudo.com\/si\/\"},{\"@type\":\"ListItem\",\"position\":2,\"name\":\"\u0160osu bo predsedoval Jaka Trilar\"}]},{\"@type\":\"WebSite\",\"@id\":\"https:\/\/hudo.com\/si\/#website\",\"url\":\"https:\/\/hudo.com\/si\/\",\"name\":\"Hudo Slovenija\",\"description\":\"Vse novice iz Slovenije in sveta\",\"publisher\":{\"@id\":\"https:\/\/hudo.com\/si\/#organization\"},\"potentialAction\":[{\"@type\":\"SearchAction\",\"target\":{\"@type\":\"EntryPoint\",\"urlTemplate\":\"https:\/\/hudo.com\/si\/?s={search_term_string}\"},\"query-input\":\"required name=search_term_string\"}],\"inLanguage\":\"sl-SI\"},{\"@type\":\"Organization\",\"@id\":\"https:\/\/hudo.com\/si\/#organization\",\"name\":\"VSN Media\",\"url\":\"https:\/\/hudo.com\/si\/\",\"logo\":{\"@type\":\"ImageObject\",\"inLanguage\":\"sl-SI\",\"@id\":\"https:\/\/hudo.com\/si\/#\/schema\/logo\/image\/\",\"url\":\"https:\/\/hudo.com\/si\/wp-content\/uploads\/sites\/2\/2021\/03\/hudo-app-2.png\",\"contentUrl\":\"https:\/\/hudo.com\/si\/wp-content\/uploads\/sites\/2\/2021\/03\/hudo-app-2.png\",\"width\":2185,\"height\":2167,\"caption\":\"VSN Media\"},\"image\":{\"@id\":\"https:\/\/hudo.com\/si\/#\/schema\/logo\/image\/\"},\"sameAs\":[\"https:\/\/www.facebook.com\/hudo.si\",\"https:\/\/twitter.com\/hudo_si\"]},{\"@type\":\"Person\",\"@id\":\"https:\/\/hudo.com\/si\/#\/schema\/person\/601cf3379633985b20f7e50f2bb47707\",\"name\":\"hudo\",\"image\":{\"@type\":\"ImageObject\",\"inLanguage\":\"sl-SI\",\"@id\":\"https:\/\/hudo.com\/si\/#\/schema\/person\/image\/\",\"url\":\"https:\/\/secure.gravatar.com\/avatar\/c4ca25fa72cace7a696b52ff5db9e095?s=96&d=mm&r=g\",\"contentUrl\":\"https:\/\/secure.gravatar.com\/avatar\/c4ca25fa72cace7a696b52ff5db9e095?s=96&d=mm&r=g\",\"caption\":\"hudo\"},\"url\":\"https:\/\/hudo.com\/si\/author\/hudo\/\"}]}<\/script>\n<!-- \/ Yoast SEO plugin. -->","yoast_head_json":{"title":"\u0160osu bo predsedoval Jaka Trilar - Hudo Slovenija","robots":{"index":"index","follow":"follow","max-snippet":"max-snippet:-1","max-image-preview":"max-image-preview:large","max-video-preview":"max-video-preview:-1"},"canonical":"https:\/\/hudo.com\/si\/aktualno\/sosu-bo-predsedoval-jaka-trilar\/","og_locale":"sl_SI","og_type":"article","og_title":"\u0160osu bo predsedoval Jaka Trilar - Hudo Slovenija","og_description":"Kategorija: Slovenija Thu, 22 Feb 2018 20:30:00 +0100 Ljubljana - Na 31. skup\u0161\u010dini \u0160tudentske organizacije Slovenije (\u0160OS) so za novega predsednika organizacije danes imenovali Jako Trilarja. Novi generalni sekretar bo za obdobje dveh let dosedanji predsednik \u0160OS Aleksandar Spremo, dopolnili pa so tudi \u0161tudentsko ustavo ter sprejeli finan\u010dni na\u010drt za leto 2018, so sporo\u010dili iz organizacije. Predstavniki \u0161tudentskih zborov \u0160tudentske organizacije Univerze v Ljubljani, Mariboru, na Primorskem in predstavniki sveta \u0160tudentskih organizacij lokalnih skupnosti so \u0161tudenta mariborske filozofske fakultete Trilarja za novega predsednika \u0160OS imenovali za mandatno obdobje enega leta. Trilar je do zdaj deloval kot vodja Dija\u0161ke organizacije Slovenije, v \u0160tudentskem svetu mariborske filozofske fakultete, v \u0160tudentskem klubu Gro\u0161 in v Zvezi \u0160kis. \u00bbKot predsednik se bom zavzemal za ohranitev avtonomije in \u0161e ve\u010djo transparentnost delovanja \u0160OS, ki mora biti vklju\u010den v vse procese, ki urejajo \u0161tudentsko problematiko. Na\u00a0...","og_url":"https:\/\/hudo.com\/si\/aktualno\/sosu-bo-predsedoval-jaka-trilar\/","og_site_name":"Hudo Slovenija","article_publisher":"https:\/\/www.facebook.com\/hudo.si","article_published_time":"2018-02-22T18:30:00+00:00","og_image":[{"width":480,"height":290,"url":"https:\/\/hudo.com\/si\/wp-content\/uploads\/sites\/2\/2018\/02\/480x290_Delo_Foto-20170612135026-39136300.jpeg","type":"image\/jpeg"}],"author":"hudo","twitter_card":"summary_large_image","twitter_creator":"@hudo_si","twitter_site":"@hudo_si","twitter_misc":{"Written by":"hudo","Est. reading time":"1 minuta"},"schema":{"@context":"https:\/\/schema.org","@graph":[{"@type":"Article","@id":"https:\/\/hudo.com\/si\/aktualno\/sosu-bo-predsedoval-jaka-trilar\/#article","isPartOf":{"@id":"https:\/\/hudo.com\/si\/aktualno\/sosu-bo-predsedoval-jaka-trilar\/"},"author":{"name":"hudo","@id":"https:\/\/hudo.com\/si\/#\/schema\/person\/601cf3379633985b20f7e50f2bb47707"},"headline":"\u0160osu bo predsedoval Jaka Trilar","datePublished":"2018-02-22T18:30:00+00:00","dateModified":"2018-02-22T18:30:00+00:00","mainEntityOfPage":{"@id":"https:\/\/hudo.com\/si\/aktualno\/sosu-bo-predsedoval-jaka-trilar\/"},"wordCount":146,"publisher":{"@id":"https:\/\/hudo.com\/si\/#organization"},"articleSection":["Aktualno"],"inLanguage":"sl-SI"},{"@type":"WebPage","@id":"https:\/\/hudo.com\/si\/aktualno\/sosu-bo-predsedoval-jaka-trilar\/","url":"https:\/\/hudo.com\/si\/aktualno\/sosu-bo-predsedoval-jaka-trilar\/","name":"\u0160osu bo predsedoval Jaka Trilar - Hudo Slovenija","isPartOf":{"@id":"https:\/\/hudo.com\/si\/#website"},"datePublished":"2018-02-22T18:30:00+00:00","dateModified":"2018-02-22T18:30:00+00:00","breadcrumb":{"@id":"https:\/\/hudo.com\/si\/aktualno\/sosu-bo-predsedoval-jaka-trilar\/#breadcrumb"},"inLanguage":"sl-SI","potentialAction":[{"@type":"ReadAction","target":["https:\/\/hudo.com\/si\/aktualno\/sosu-bo-predsedoval-jaka-trilar\/"]}]},{"@type":"BreadcrumbList","@id":"https:\/\/hudo.com\/si\/aktualno\/sosu-bo-predsedoval-jaka-trilar\/#breadcrumb","itemListElement":[{"@type":"ListItem","position":1,"name":"Home","item":"https:\/\/hudo.com\/si\/"},{"@type":"ListItem","position":2,"name":"\u0160osu bo predsedoval Jaka Trilar"}]},{"@type":"WebSite","@id":"https:\/\/hudo.com\/si\/#website","url":"https:\/\/hudo.com\/si\/","name":"Hudo Slovenija","description":"Vse novice iz Slovenije in sveta","publisher":{"@id":"https:\/\/hudo.com\/si\/#organization"},"potentialAction":[{"@type":"SearchAction","target":{"@type":"EntryPoint","urlTemplate":"https:\/\/hudo.com\/si\/?s={search_term_string}"},"query-input":"required name=search_term_string"}],"inLanguage":"sl-SI"},{"@type":"Organization","@id":"https:\/\/hudo.com\/si\/#organization","name":"VSN Media","url":"https:\/\/hudo.com\/si\/","logo":{"@type":"ImageObject","inLanguage":"sl-SI","@id":"https:\/\/hudo.com\/si\/#\/schema\/logo\/image\/","url":"https:\/\/hudo.com\/si\/wp-content\/uploads\/sites\/2\/2021\/03\/hudo-app-2.png","contentUrl":"https:\/\/hudo.com\/si\/wp-content\/uploads\/sites\/2\/2021\/03\/hudo-app-2.png","width":2185,"height":2167,"caption":"VSN Media"},"image":{"@id":"https:\/\/hudo.com\/si\/#\/schema\/logo\/image\/"},"sameAs":["https:\/\/www.facebook.com\/hudo.si","https:\/\/twitter.com\/hudo_si"]},{"@type":"Person","@id":"https:\/\/hudo.com\/si\/#\/schema\/person\/601cf3379633985b20f7e50f2bb47707","name":"hudo","image":{"@type":"ImageObject","inLanguage":"sl-SI","@id":"https:\/\/hudo.com\/si\/#\/schema\/person\/image\/","url":"https:\/\/secure.gravatar.com\/avatar\/c4ca25fa72cace7a696b52ff5db9e095?s=96&d=mm&r=g","contentUrl":"https:\/\/secure.gravatar.com\/avatar\/c4ca25fa72cace7a696b52ff5db9e095?s=96&d=mm&r=g","caption":"hudo"},"url":"https:\/\/hudo.com\/si\/author\/hudo\/"}]}},"amp_enabled":true,"_links":{"self":[{"href":"https:\/\/hudo.com\/si\/wp-json\/wp\/v2\/posts\/364343"}],"collection":[{"href":"https:\/\/hudo.com\/si\/wp-json\/wp\/v2\/posts"}],"about":[{"href":"https:\/\/hudo.com\/si\/wp-json\/wp\/v2\/types\/post"}],"author":[{"embeddable":true,"href":"https:\/\/hudo.com\/si\/wp-json\/wp\/v2\/users\/1"}],"replies":[{"embeddable":true,"href":"https:\/\/hudo.com\/si\/wp-json\/wp\/v2\/comments?post=364343"}],"version-history":[{"count":0,"href":"https:\/\/hudo.com\/si\/wp-json\/wp\/v2\/posts\/364343\/revisions"}],"wp:attachment":[{"href":"https:\/\/hudo.com\/si\/wp-json\/wp\/v2\/media?parent=364343"}],"wp:term":[{"taxonomy":"category","embeddable":true,"href":"https:\/\/hudo.com\/si\/wp-json\/wp\/v2\/categories?post=364343"},{"taxonomy":"post_tag","embeddable":true,"href":"https:\/\/hudo.com\/si\/wp-json\/wp\/v2\/tags?post=364343"},{"taxonomy":"source","embeddable":true,"href":"https:\/\/hudo.com\/si\/wp-json\/wp\/v2\/source?post=364343"},{"taxonomy":"supertag","embeddable":true,"href":"https:\/\/hudo.com\/si\/wp-json\/wp\/v2\/supertag?post=364343"}],"curies":[{"name":"wp","href":"https:\/\/api.w.org\/{rel}","templated":true}]}}