{"id":364349,"date":"2018-02-22T19:00:00","date_gmt":"2018-02-22T18:00:00","guid":{"rendered":"https:\/\/hudo.com\/si\/2018\/02\/22\/z-brajkovicem-optimisticno-v-novo-sezono\/"},"modified":"2018-02-22T19:00:00","modified_gmt":"2018-02-22T18:00:00","slug":"z-brajkovicem-optimisticno-v-novo-sezono","status":"publish","type":"post","link":"https:\/\/hudo.com\/si\/aktualno\/z-brajkovicem-optimisticno-v-novo-sezono\/","title":{"rendered":"Z Brajkovi\u010dem optimisti\u010dno v novo sezono"},"content":{"rendered":"<p>Kategorija: Kolesarstvo Thu, 22 Feb 2018 20:00:00 +0100  Novo mesto &#8211; Novome\u0161\u010dani so zadnje dni pred pri\u010detkom doma\u010de sezone izkoristili za predstavitev zasedbe, ki bo v leto\u0161nji sezoni branila barve Adrie Mobil. Najve\u010d pozornosti je bilo namenjene povratniku v Novo mesto Janiju Brajkovi\u010du, ki je zavrnil nekaj ponudb iz tujine, pri Adrii pa bo skupaj z Juretom Gol\u010derjem in Radoslavom Rogino sestavljal izku\u0161eno navezo, ki verjame, da v kolesarstvu \u0161e ni rekla zadnje besede. \u00bbLetos imam znova bolj\u0161i ob\u010dutek glede ekipe. Po malce slab\u0161i sezoni imamo nov zagon in motivacijo. Za nami so dolo\u010dene spremembe, zdaj pa pri\u010dakujemo da bomo dobro delovali in da bomo dobra ekipa,\u00ab je pred sezono optimisti\u010den Rogina. Novome\u0161\u010dani so se sicer \u017ee predstavili na dveh dirkah, na Cipru so blesteli Jon Bo\u017ei\u010d s skupno zmago, Du\u0161an Rajovi\u0107 z etapno in Ga\u0161per Katra\u0161nik z zeleno\u00a0&#8230;<\/p>\n","protected":false},"excerpt":{"rendered":"<p>Kategorija: Kolesarstvo Thu, 22 Feb 2018 20:00:00 +0100  Novo mesto &#8211; Novome\u0161\u010dani so zadnje dni pred pri\u010detkom doma\u010de sezone izkoristili za predstavitev zasedbe, ki bo v leto\u0161nji sezoni branila barve Adrie Mobil. Najve\u010d pozornosti je bilo namenjene povratniku v Novo mesto Janiju Brajkovi\u010du, ki je zavrnil nekaj ponudb iz tujine, pri Adrii pa bo skupaj z Juretom Gol\u010derjem in Radoslavom Rogino sestavljal izku\u0161eno navezo, ki verjame, da v kolesarstvu \u0161e ni rekla zadnje besede. \u00bbLetos imam znova bolj\u0161i ob\u010dutek glede ekipe. Po malce slab\u0161i sezoni imamo nov zagon in motivacijo. Za nami so dolo\u010dene spremembe, zdaj pa pri\u010dakujemo da bomo dobro delovali in da bomo dobra ekipa,\u00ab je pred sezono optimisti\u010den Rogina. Novome\u0161\u010dani so se sicer \u017ee predstavili na dveh dirkah, na Cipru so blesteli Jon Bo\u017ei\u010d s skupno zmago, Du\u0161an Rajovi\u0107 z etapno in Ga\u0161per Katra\u0161nik z zeleno\u00a0&#8230;<\/p>\n","protected":false},"author":1,"featured_media":0,"comment_status":"closed","ping_status":"closed","sticky":false,"template":"","format":"standard","meta":{"footnotes":""},"categories":[1179],"tags":[],"source":[1703],"supertag":[],"acf":[],"yoast_head":"<!-- This site is optimized with the Yoast SEO plugin v21.3 - https:\/\/yoast.com\/wordpress\/plugins\/seo\/ -->\n<title>Z Brajkovi\u010dem optimisti\u010dno v novo sezono - Hudo Slovenija<\/title>\n<meta name=\"robots\" content=\"index, follow, max-snippet:-1, max-image-preview:large, max-video-preview:-1\" \/>\n<link rel=\"canonical\" href=\"https:\/\/hudo.com\/si\/aktualno\/z-brajkovicem-optimisticno-v-novo-sezono\/\" \/>\n<meta property=\"og:locale\" content=\"sl_SI\" \/>\n<meta property=\"og:type\" content=\"article\" \/>\n<meta property=\"og:title\" content=\"Z Brajkovi\u010dem optimisti\u010dno v novo sezono - Hudo Slovenija\" \/>\n<meta property=\"og:description\" content=\"Kategorija: Kolesarstvo Thu, 22 Feb 2018 20:00:00 +0100 Novo mesto - Novome\u0161\u010dani so zadnje dni pred pri\u010detkom doma\u010de sezone izkoristili za predstavitev zasedbe, ki bo v leto\u0161nji sezoni branila barve Adrie Mobil. Najve\u010d pozornosti je bilo namenjene povratniku v Novo mesto Janiju Brajkovi\u010du, ki je zavrnil nekaj ponudb iz tujine, pri Adrii pa bo skupaj z Juretom Gol\u010derjem in Radoslavom Rogino sestavljal izku\u0161eno navezo, ki verjame, da v kolesarstvu \u0161e ni rekla zadnje besede. \u00bbLetos imam znova bolj\u0161i ob\u010dutek glede ekipe. Po malce slab\u0161i sezoni imamo nov zagon in motivacijo. Za nami so dolo\u010dene spremembe, zdaj pa pri\u010dakujemo da bomo dobro delovali in da bomo dobra ekipa,\u00ab je pred sezono optimisti\u010den Rogina. Novome\u0161\u010dani so se sicer \u017ee predstavili na dveh dirkah, na Cipru so blesteli Jon Bo\u017ei\u010d s skupno zmago, Du\u0161an Rajovi\u0107 z etapno in Ga\u0161per Katra\u0161nik z zeleno\u00a0...\" \/>\n<meta property=\"og:url\" content=\"https:\/\/hudo.com\/si\/aktualno\/z-brajkovicem-optimisticno-v-novo-sezono\/\" \/>\n<meta property=\"og:site_name\" content=\"Hudo Slovenija\" \/>\n<meta property=\"article:publisher\" content=\"https:\/\/www.facebook.com\/hudo.si\" \/>\n<meta property=\"article:published_time\" content=\"2018-02-22T18:00:00+00:00\" \/>\n<meta property=\"og:image\" content=\"https:\/\/hudo.com\/si\/wp-content\/uploads\/sites\/2\/2018\/02\/480x290_Delo_Foto-20180222193016-43795900.jpeg\" \/>\n\t<meta property=\"og:image:width\" content=\"480\" \/>\n\t<meta property=\"og:image:height\" content=\"290\" \/>\n\t<meta property=\"og:image:type\" content=\"image\/jpeg\" \/>\n<meta name=\"author\" content=\"hudo\" \/>\n<meta name=\"twitter:card\" content=\"summary_large_image\" \/>\n<meta name=\"twitter:creator\" content=\"@hudo_si\" \/>\n<meta name=\"twitter:site\" content=\"@hudo_si\" \/>\n<meta name=\"twitter:label1\" content=\"Written by\" \/>\n\t<meta name=\"twitter:data1\" content=\"hudo\" \/>\n\t<meta name=\"twitter:label2\" content=\"Est. reading time\" \/>\n\t<meta name=\"twitter:data2\" content=\"1 minuta\" \/>\n<script type=\"application\/ld+json\" class=\"yoast-schema-graph\">{\"@context\":\"https:\/\/schema.org\",\"@graph\":[{\"@type\":\"Article\",\"@id\":\"https:\/\/hudo.com\/si\/aktualno\/z-brajkovicem-optimisticno-v-novo-sezono\/#article\",\"isPartOf\":{\"@id\":\"https:\/\/hudo.com\/si\/aktualno\/z-brajkovicem-optimisticno-v-novo-sezono\/\"},\"author\":{\"name\":\"hudo\",\"@id\":\"https:\/\/hudo.com\/si\/#\/schema\/person\/601cf3379633985b20f7e50f2bb47707\"},\"headline\":\"Z Brajkovi\u010dem optimisti\u010dno v novo sezono\",\"datePublished\":\"2018-02-22T18:00:00+00:00\",\"dateModified\":\"2018-02-22T18:00:00+00:00\",\"mainEntityOfPage\":{\"@id\":\"https:\/\/hudo.com\/si\/aktualno\/z-brajkovicem-optimisticno-v-novo-sezono\/\"},\"wordCount\":161,\"publisher\":{\"@id\":\"https:\/\/hudo.com\/si\/#organization\"},\"articleSection\":[\"Aktualno\"],\"inLanguage\":\"sl-SI\"},{\"@type\":\"WebPage\",\"@id\":\"https:\/\/hudo.com\/si\/aktualno\/z-brajkovicem-optimisticno-v-novo-sezono\/\",\"url\":\"https:\/\/hudo.com\/si\/aktualno\/z-brajkovicem-optimisticno-v-novo-sezono\/\",\"name\":\"Z Brajkovi\u010dem optimisti\u010dno v novo sezono - Hudo Slovenija\",\"isPartOf\":{\"@id\":\"https:\/\/hudo.com\/si\/#website\"},\"datePublished\":\"2018-02-22T18:00:00+00:00\",\"dateModified\":\"2018-02-22T18:00:00+00:00\",\"breadcrumb\":{\"@id\":\"https:\/\/hudo.com\/si\/aktualno\/z-brajkovicem-optimisticno-v-novo-sezono\/#breadcrumb\"},\"inLanguage\":\"sl-SI\",\"potentialAction\":[{\"@type\":\"ReadAction\",\"target\":[\"https:\/\/hudo.com\/si\/aktualno\/z-brajkovicem-optimisticno-v-novo-sezono\/\"]}]},{\"@type\":\"BreadcrumbList\",\"@id\":\"https:\/\/hudo.com\/si\/aktualno\/z-brajkovicem-optimisticno-v-novo-sezono\/#breadcrumb\",\"itemListElement\":[{\"@type\":\"ListItem\",\"position\":1,\"name\":\"Home\",\"item\":\"https:\/\/hudo.com\/si\/\"},{\"@type\":\"ListItem\",\"position\":2,\"name\":\"Z Brajkovi\u010dem optimisti\u010dno v novo sezono\"}]},{\"@type\":\"WebSite\",\"@id\":\"https:\/\/hudo.com\/si\/#website\",\"url\":\"https:\/\/hudo.com\/si\/\",\"name\":\"Hudo Slovenija\",\"description\":\"Vse novice iz Slovenije in sveta\",\"publisher\":{\"@id\":\"https:\/\/hudo.com\/si\/#organization\"},\"potentialAction\":[{\"@type\":\"SearchAction\",\"target\":{\"@type\":\"EntryPoint\",\"urlTemplate\":\"https:\/\/hudo.com\/si\/?s={search_term_string}\"},\"query-input\":\"required name=search_term_string\"}],\"inLanguage\":\"sl-SI\"},{\"@type\":\"Organization\",\"@id\":\"https:\/\/hudo.com\/si\/#organization\",\"name\":\"VSN Media\",\"url\":\"https:\/\/hudo.com\/si\/\",\"logo\":{\"@type\":\"ImageObject\",\"inLanguage\":\"sl-SI\",\"@id\":\"https:\/\/hudo.com\/si\/#\/schema\/logo\/image\/\",\"url\":\"https:\/\/hudo.com\/si\/wp-content\/uploads\/sites\/2\/2021\/03\/hudo-app-2.png\",\"contentUrl\":\"https:\/\/hudo.com\/si\/wp-content\/uploads\/sites\/2\/2021\/03\/hudo-app-2.png\",\"width\":2185,\"height\":2167,\"caption\":\"VSN Media\"},\"image\":{\"@id\":\"https:\/\/hudo.com\/si\/#\/schema\/logo\/image\/\"},\"sameAs\":[\"https:\/\/www.facebook.com\/hudo.si\",\"https:\/\/twitter.com\/hudo_si\"]},{\"@type\":\"Person\",\"@id\":\"https:\/\/hudo.com\/si\/#\/schema\/person\/601cf3379633985b20f7e50f2bb47707\",\"name\":\"hudo\",\"image\":{\"@type\":\"ImageObject\",\"inLanguage\":\"sl-SI\",\"@id\":\"https:\/\/hudo.com\/si\/#\/schema\/person\/image\/\",\"url\":\"https:\/\/secure.gravatar.com\/avatar\/c4ca25fa72cace7a696b52ff5db9e095?s=96&d=mm&r=g\",\"contentUrl\":\"https:\/\/secure.gravatar.com\/avatar\/c4ca25fa72cace7a696b52ff5db9e095?s=96&d=mm&r=g\",\"caption\":\"hudo\"},\"url\":\"https:\/\/hudo.com\/si\/author\/hudo\/\"}]}<\/script>\n<!-- \/ Yoast SEO plugin. -->","yoast_head_json":{"title":"Z Brajkovi\u010dem optimisti\u010dno v novo sezono - Hudo Slovenija","robots":{"index":"index","follow":"follow","max-snippet":"max-snippet:-1","max-image-preview":"max-image-preview:large","max-video-preview":"max-video-preview:-1"},"canonical":"https:\/\/hudo.com\/si\/aktualno\/z-brajkovicem-optimisticno-v-novo-sezono\/","og_locale":"sl_SI","og_type":"article","og_title":"Z Brajkovi\u010dem optimisti\u010dno v novo sezono - Hudo Slovenija","og_description":"Kategorija: Kolesarstvo Thu, 22 Feb 2018 20:00:00 +0100 Novo mesto - Novome\u0161\u010dani so zadnje dni pred pri\u010detkom doma\u010de sezone izkoristili za predstavitev zasedbe, ki bo v leto\u0161nji sezoni branila barve Adrie Mobil. Najve\u010d pozornosti je bilo namenjene povratniku v Novo mesto Janiju Brajkovi\u010du, ki je zavrnil nekaj ponudb iz tujine, pri Adrii pa bo skupaj z Juretom Gol\u010derjem in Radoslavom Rogino sestavljal izku\u0161eno navezo, ki verjame, da v kolesarstvu \u0161e ni rekla zadnje besede. \u00bbLetos imam znova bolj\u0161i ob\u010dutek glede ekipe. Po malce slab\u0161i sezoni imamo nov zagon in motivacijo. Za nami so dolo\u010dene spremembe, zdaj pa pri\u010dakujemo da bomo dobro delovali in da bomo dobra ekipa,\u00ab je pred sezono optimisti\u010den Rogina. Novome\u0161\u010dani so se sicer \u017ee predstavili na dveh dirkah, na Cipru so blesteli Jon Bo\u017ei\u010d s skupno zmago, Du\u0161an Rajovi\u0107 z etapno in Ga\u0161per Katra\u0161nik z zeleno\u00a0...","og_url":"https:\/\/hudo.com\/si\/aktualno\/z-brajkovicem-optimisticno-v-novo-sezono\/","og_site_name":"Hudo Slovenija","article_publisher":"https:\/\/www.facebook.com\/hudo.si","article_published_time":"2018-02-22T18:00:00+00:00","og_image":[{"width":480,"height":290,"url":"https:\/\/hudo.com\/si\/wp-content\/uploads\/sites\/2\/2018\/02\/480x290_Delo_Foto-20180222193016-43795900.jpeg","type":"image\/jpeg"}],"author":"hudo","twitter_card":"summary_large_image","twitter_creator":"@hudo_si","twitter_site":"@hudo_si","twitter_misc":{"Written by":"hudo","Est. reading time":"1 minuta"},"schema":{"@context":"https:\/\/schema.org","@graph":[{"@type":"Article","@id":"https:\/\/hudo.com\/si\/aktualno\/z-brajkovicem-optimisticno-v-novo-sezono\/#article","isPartOf":{"@id":"https:\/\/hudo.com\/si\/aktualno\/z-brajkovicem-optimisticno-v-novo-sezono\/"},"author":{"name":"hudo","@id":"https:\/\/hudo.com\/si\/#\/schema\/person\/601cf3379633985b20f7e50f2bb47707"},"headline":"Z Brajkovi\u010dem optimisti\u010dno v novo sezono","datePublished":"2018-02-22T18:00:00+00:00","dateModified":"2018-02-22T18:00:00+00:00","mainEntityOfPage":{"@id":"https:\/\/hudo.com\/si\/aktualno\/z-brajkovicem-optimisticno-v-novo-sezono\/"},"wordCount":161,"publisher":{"@id":"https:\/\/hudo.com\/si\/#organization"},"articleSection":["Aktualno"],"inLanguage":"sl-SI"},{"@type":"WebPage","@id":"https:\/\/hudo.com\/si\/aktualno\/z-brajkovicem-optimisticno-v-novo-sezono\/","url":"https:\/\/hudo.com\/si\/aktualno\/z-brajkovicem-optimisticno-v-novo-sezono\/","name":"Z Brajkovi\u010dem optimisti\u010dno v novo sezono - Hudo Slovenija","isPartOf":{"@id":"https:\/\/hudo.com\/si\/#website"},"datePublished":"2018-02-22T18:00:00+00:00","dateModified":"2018-02-22T18:00:00+00:00","breadcrumb":{"@id":"https:\/\/hudo.com\/si\/aktualno\/z-brajkovicem-optimisticno-v-novo-sezono\/#breadcrumb"},"inLanguage":"sl-SI","potentialAction":[{"@type":"ReadAction","target":["https:\/\/hudo.com\/si\/aktualno\/z-brajkovicem-optimisticno-v-novo-sezono\/"]}]},{"@type":"BreadcrumbList","@id":"https:\/\/hudo.com\/si\/aktualno\/z-brajkovicem-optimisticno-v-novo-sezono\/#breadcrumb","itemListElement":[{"@type":"ListItem","position":1,"name":"Home","item":"https:\/\/hudo.com\/si\/"},{"@type":"ListItem","position":2,"name":"Z Brajkovi\u010dem optimisti\u010dno v novo sezono"}]},{"@type":"WebSite","@id":"https:\/\/hudo.com\/si\/#website","url":"https:\/\/hudo.com\/si\/","name":"Hudo Slovenija","description":"Vse novice iz Slovenije in sveta","publisher":{"@id":"https:\/\/hudo.com\/si\/#organization"},"potentialAction":[{"@type":"SearchAction","target":{"@type":"EntryPoint","urlTemplate":"https:\/\/hudo.com\/si\/?s={search_term_string}"},"query-input":"required name=search_term_string"}],"inLanguage":"sl-SI"},{"@type":"Organization","@id":"https:\/\/hudo.com\/si\/#organization","name":"VSN Media","url":"https:\/\/hudo.com\/si\/","logo":{"@type":"ImageObject","inLanguage":"sl-SI","@id":"https:\/\/hudo.com\/si\/#\/schema\/logo\/image\/","url":"https:\/\/hudo.com\/si\/wp-content\/uploads\/sites\/2\/2021\/03\/hudo-app-2.png","contentUrl":"https:\/\/hudo.com\/si\/wp-content\/uploads\/sites\/2\/2021\/03\/hudo-app-2.png","width":2185,"height":2167,"caption":"VSN Media"},"image":{"@id":"https:\/\/hudo.com\/si\/#\/schema\/logo\/image\/"},"sameAs":["https:\/\/www.facebook.com\/hudo.si","https:\/\/twitter.com\/hudo_si"]},{"@type":"Person","@id":"https:\/\/hudo.com\/si\/#\/schema\/person\/601cf3379633985b20f7e50f2bb47707","name":"hudo","image":{"@type":"ImageObject","inLanguage":"sl-SI","@id":"https:\/\/hudo.com\/si\/#\/schema\/person\/image\/","url":"https:\/\/secure.gravatar.com\/avatar\/c4ca25fa72cace7a696b52ff5db9e095?s=96&d=mm&r=g","contentUrl":"https:\/\/secure.gravatar.com\/avatar\/c4ca25fa72cace7a696b52ff5db9e095?s=96&d=mm&r=g","caption":"hudo"},"url":"https:\/\/hudo.com\/si\/author\/hudo\/"}]}},"amp_enabled":true,"_links":{"self":[{"href":"https:\/\/hudo.com\/si\/wp-json\/wp\/v2\/posts\/364349"}],"collection":[{"href":"https:\/\/hudo.com\/si\/wp-json\/wp\/v2\/posts"}],"about":[{"href":"https:\/\/hudo.com\/si\/wp-json\/wp\/v2\/types\/post"}],"author":[{"embeddable":true,"href":"https:\/\/hudo.com\/si\/wp-json\/wp\/v2\/users\/1"}],"replies":[{"embeddable":true,"href":"https:\/\/hudo.com\/si\/wp-json\/wp\/v2\/comments?post=364349"}],"version-history":[{"count":0,"href":"https:\/\/hudo.com\/si\/wp-json\/wp\/v2\/posts\/364349\/revisions"}],"wp:attachment":[{"href":"https:\/\/hudo.com\/si\/wp-json\/wp\/v2\/media?parent=364349"}],"wp:term":[{"taxonomy":"category","embeddable":true,"href":"https:\/\/hudo.com\/si\/wp-json\/wp\/v2\/categories?post=364349"},{"taxonomy":"post_tag","embeddable":true,"href":"https:\/\/hudo.com\/si\/wp-json\/wp\/v2\/tags?post=364349"},{"taxonomy":"source","embeddable":true,"href":"https:\/\/hudo.com\/si\/wp-json\/wp\/v2\/source?post=364349"},{"taxonomy":"supertag","embeddable":true,"href":"https:\/\/hudo.com\/si\/wp-json\/wp\/v2\/supertag?post=364349"}],"curies":[{"name":"wp","href":"https:\/\/api.w.org\/{rel}","templated":true}]}}