{"id":364383,"date":"2018-02-23T05:00:00","date_gmt":"2018-02-23T04:00:00","guid":{"rendered":"https:\/\/hudo.com\/si\/2018\/02\/23\/kaj-prinasa-nov-evropski-proracun-sloveniji\/"},"modified":"2018-02-23T05:00:00","modified_gmt":"2018-02-23T04:00:00","slug":"kaj-prinasa-nov-evropski-proracun-sloveniji","status":"publish","type":"post","link":"https:\/\/hudo.com\/si\/aktualno\/kaj-prinasa-nov-evropski-proracun-sloveniji\/","title":{"rendered":"Kaj prina\u0161a nov evropski prora\u010dun Sloveniji?"},"content":{"rendered":"<p>Kategorija: Finance Fri, 23 Feb 2018 06:00:00 +0100  Ljubljana \u2013 Ker Evropsko unijo zapu\u0161\u010da velika neto pla\u010dnica Velika Britanija, je realno, da bo v Slovenijo iz evropskega prora\u010duna po letu 2020 pri\u0161lo manj denarja, ocenjuje dr\u017eavni sekretar v Cerarjevem kabinetu Igor Mally. Da bo denarja manj, a da bo Slovenija ostala neto prejemnica, pravijo tudi viri v EU. Pri\u010dakovati je, da bo skupni obseg prihodnjega ve\u010dletnega evropskega prora\u010duna manj\u0161i, pravijo v Slu\u017ebi vlade za razvoj in kohezijsko politiko (SVRK): \u00bbSlovenija si bo v pogajanjih prizadevala, da bi bilo zni\u017eanje sredstev \u010dim manj\u0161e ob zavedanju, da bo denarja manj.\u00ab Koliko manj bo Slovenija prejela v prihodnji evropski sedemletki, je odvisno od predloga evropske komisije na za\u010detku maja in poteka pogajanj, dodaja dr\u017eavni sekretar, pristojen za evropske zadeve. Po njegovem mnenju je legitimno pri\u010dakovati, da bomo ostali neto prejemniki tudi v\u00a0&#8230;<\/p>\n","protected":false},"excerpt":{"rendered":"<p>Kategorija: Finance Fri, 23 Feb 2018 06:00:00 +0100  Ljubljana \u2013 Ker Evropsko unijo zapu\u0161\u010da velika neto pla\u010dnica Velika Britanija, je realno, da bo v Slovenijo iz evropskega prora\u010duna po letu 2020 pri\u0161lo manj denarja, ocenjuje dr\u017eavni sekretar v Cerarjevem kabinetu Igor Mally. Da bo denarja manj, a da bo Slovenija ostala neto prejemnica, pravijo tudi viri v EU. Pri\u010dakovati je, da bo skupni obseg prihodnjega ve\u010dletnega evropskega prora\u010duna manj\u0161i, pravijo v Slu\u017ebi vlade za razvoj in kohezijsko politiko (SVRK): \u00bbSlovenija si bo v pogajanjih prizadevala, da bi bilo zni\u017eanje sredstev \u010dim manj\u0161e ob zavedanju, da bo denarja manj.\u00ab Koliko manj bo Slovenija prejela v prihodnji evropski sedemletki, je odvisno od predloga evropske komisije na za\u010detku maja in poteka pogajanj, dodaja dr\u017eavni sekretar, pristojen za evropske zadeve. Po njegovem mnenju je legitimno pri\u010dakovati, da bomo ostali neto prejemniki tudi v\u00a0&#8230;<\/p>\n","protected":false},"author":1,"featured_media":0,"comment_status":"closed","ping_status":"closed","sticky":false,"template":"","format":"standard","meta":{"footnotes":""},"categories":[1179],"tags":[],"source":[1703],"supertag":[],"acf":[],"yoast_head":"<!-- This site is optimized with the Yoast SEO plugin v21.3 - https:\/\/yoast.com\/wordpress\/plugins\/seo\/ -->\n<title>Kaj prina\u0161a nov evropski prora\u010dun Sloveniji? - Hudo Slovenija<\/title>\n<meta name=\"robots\" content=\"index, follow, max-snippet:-1, max-image-preview:large, max-video-preview:-1\" \/>\n<link rel=\"canonical\" href=\"https:\/\/hudo.com\/si\/aktualno\/kaj-prinasa-nov-evropski-proracun-sloveniji\/\" \/>\n<meta property=\"og:locale\" content=\"sl_SI\" \/>\n<meta property=\"og:type\" content=\"article\" \/>\n<meta property=\"og:title\" content=\"Kaj prina\u0161a nov evropski prora\u010dun Sloveniji? - Hudo Slovenija\" \/>\n<meta property=\"og:description\" content=\"Kategorija: Finance Fri, 23 Feb 2018 06:00:00 +0100 Ljubljana \u2013 Ker Evropsko unijo zapu\u0161\u010da velika neto pla\u010dnica Velika Britanija, je realno, da bo v Slovenijo iz evropskega prora\u010duna po letu 2020 pri\u0161lo manj denarja, ocenjuje dr\u017eavni sekretar v Cerarjevem kabinetu Igor Mally. Da bo denarja manj, a da bo Slovenija ostala neto prejemnica, pravijo tudi viri v EU. Pri\u010dakovati je, da bo skupni obseg prihodnjega ve\u010dletnega evropskega prora\u010duna manj\u0161i, pravijo v Slu\u017ebi vlade za razvoj in kohezijsko politiko (SVRK): \u00bbSlovenija si bo v pogajanjih prizadevala, da bi bilo zni\u017eanje sredstev \u010dim manj\u0161e ob zavedanju, da bo denarja manj.\u00ab Koliko manj bo Slovenija prejela v prihodnji evropski sedemletki, je odvisno od predloga evropske komisije na za\u010detku maja in poteka pogajanj, dodaja dr\u017eavni sekretar, pristojen za evropske zadeve. Po njegovem mnenju je legitimno pri\u010dakovati, da bomo ostali neto prejemniki tudi v\u00a0...\" \/>\n<meta property=\"og:url\" content=\"https:\/\/hudo.com\/si\/aktualno\/kaj-prinasa-nov-evropski-proracun-sloveniji\/\" \/>\n<meta property=\"og:site_name\" content=\"Hudo Slovenija\" \/>\n<meta property=\"article:publisher\" content=\"https:\/\/www.facebook.com\/hudo.si\" \/>\n<meta property=\"article:published_time\" content=\"2018-02-23T04:00:00+00:00\" \/>\n<meta property=\"og:image\" content=\"https:\/\/hudo.com\/si\/wp-content\/uploads\/sites\/2\/2018\/02\/480x290_Delo_Foto-20180119192502-97917100-1.jpeg\" \/>\n\t<meta property=\"og:image:width\" content=\"480\" \/>\n\t<meta property=\"og:image:height\" content=\"290\" \/>\n\t<meta property=\"og:image:type\" content=\"image\/jpeg\" \/>\n<meta name=\"author\" content=\"hudo\" \/>\n<meta name=\"twitter:card\" content=\"summary_large_image\" \/>\n<meta name=\"twitter:creator\" content=\"@hudo_si\" \/>\n<meta name=\"twitter:site\" content=\"@hudo_si\" \/>\n<meta name=\"twitter:label1\" content=\"Written by\" \/>\n\t<meta name=\"twitter:data1\" content=\"hudo\" \/>\n\t<meta name=\"twitter:label2\" content=\"Est. reading time\" \/>\n\t<meta name=\"twitter:data2\" content=\"1 minuta\" \/>\n<script type=\"application\/ld+json\" class=\"yoast-schema-graph\">{\"@context\":\"https:\/\/schema.org\",\"@graph\":[{\"@type\":\"Article\",\"@id\":\"https:\/\/hudo.com\/si\/aktualno\/kaj-prinasa-nov-evropski-proracun-sloveniji\/#article\",\"isPartOf\":{\"@id\":\"https:\/\/hudo.com\/si\/aktualno\/kaj-prinasa-nov-evropski-proracun-sloveniji\/\"},\"author\":{\"name\":\"hudo\",\"@id\":\"https:\/\/hudo.com\/si\/#\/schema\/person\/601cf3379633985b20f7e50f2bb47707\"},\"headline\":\"Kaj prina\u0161a nov evropski prora\u010dun Sloveniji?\",\"datePublished\":\"2018-02-23T04:00:00+00:00\",\"dateModified\":\"2018-02-23T04:00:00+00:00\",\"mainEntityOfPage\":{\"@id\":\"https:\/\/hudo.com\/si\/aktualno\/kaj-prinasa-nov-evropski-proracun-sloveniji\/\"},\"wordCount\":156,\"publisher\":{\"@id\":\"https:\/\/hudo.com\/si\/#organization\"},\"articleSection\":[\"Aktualno\"],\"inLanguage\":\"sl-SI\"},{\"@type\":\"WebPage\",\"@id\":\"https:\/\/hudo.com\/si\/aktualno\/kaj-prinasa-nov-evropski-proracun-sloveniji\/\",\"url\":\"https:\/\/hudo.com\/si\/aktualno\/kaj-prinasa-nov-evropski-proracun-sloveniji\/\",\"name\":\"Kaj prina\u0161a nov evropski prora\u010dun Sloveniji? - Hudo Slovenija\",\"isPartOf\":{\"@id\":\"https:\/\/hudo.com\/si\/#website\"},\"datePublished\":\"2018-02-23T04:00:00+00:00\",\"dateModified\":\"2018-02-23T04:00:00+00:00\",\"breadcrumb\":{\"@id\":\"https:\/\/hudo.com\/si\/aktualno\/kaj-prinasa-nov-evropski-proracun-sloveniji\/#breadcrumb\"},\"inLanguage\":\"sl-SI\",\"potentialAction\":[{\"@type\":\"ReadAction\",\"target\":[\"https:\/\/hudo.com\/si\/aktualno\/kaj-prinasa-nov-evropski-proracun-sloveniji\/\"]}]},{\"@type\":\"BreadcrumbList\",\"@id\":\"https:\/\/hudo.com\/si\/aktualno\/kaj-prinasa-nov-evropski-proracun-sloveniji\/#breadcrumb\",\"itemListElement\":[{\"@type\":\"ListItem\",\"position\":1,\"name\":\"Home\",\"item\":\"https:\/\/hudo.com\/si\/\"},{\"@type\":\"ListItem\",\"position\":2,\"name\":\"Kaj prina\u0161a nov evropski prora\u010dun Sloveniji?\"}]},{\"@type\":\"WebSite\",\"@id\":\"https:\/\/hudo.com\/si\/#website\",\"url\":\"https:\/\/hudo.com\/si\/\",\"name\":\"Hudo Slovenija\",\"description\":\"Vse novice iz Slovenije in sveta\",\"publisher\":{\"@id\":\"https:\/\/hudo.com\/si\/#organization\"},\"potentialAction\":[{\"@type\":\"SearchAction\",\"target\":{\"@type\":\"EntryPoint\",\"urlTemplate\":\"https:\/\/hudo.com\/si\/?s={search_term_string}\"},\"query-input\":\"required name=search_term_string\"}],\"inLanguage\":\"sl-SI\"},{\"@type\":\"Organization\",\"@id\":\"https:\/\/hudo.com\/si\/#organization\",\"name\":\"VSN Media\",\"url\":\"https:\/\/hudo.com\/si\/\",\"logo\":{\"@type\":\"ImageObject\",\"inLanguage\":\"sl-SI\",\"@id\":\"https:\/\/hudo.com\/si\/#\/schema\/logo\/image\/\",\"url\":\"https:\/\/hudo.com\/si\/wp-content\/uploads\/sites\/2\/2021\/03\/hudo-app-2.png\",\"contentUrl\":\"https:\/\/hudo.com\/si\/wp-content\/uploads\/sites\/2\/2021\/03\/hudo-app-2.png\",\"width\":2185,\"height\":2167,\"caption\":\"VSN Media\"},\"image\":{\"@id\":\"https:\/\/hudo.com\/si\/#\/schema\/logo\/image\/\"},\"sameAs\":[\"https:\/\/www.facebook.com\/hudo.si\",\"https:\/\/twitter.com\/hudo_si\"]},{\"@type\":\"Person\",\"@id\":\"https:\/\/hudo.com\/si\/#\/schema\/person\/601cf3379633985b20f7e50f2bb47707\",\"name\":\"hudo\",\"image\":{\"@type\":\"ImageObject\",\"inLanguage\":\"sl-SI\",\"@id\":\"https:\/\/hudo.com\/si\/#\/schema\/person\/image\/\",\"url\":\"https:\/\/secure.gravatar.com\/avatar\/c4ca25fa72cace7a696b52ff5db9e095?s=96&d=mm&r=g\",\"contentUrl\":\"https:\/\/secure.gravatar.com\/avatar\/c4ca25fa72cace7a696b52ff5db9e095?s=96&d=mm&r=g\",\"caption\":\"hudo\"},\"url\":\"https:\/\/hudo.com\/si\/author\/hudo\/\"}]}<\/script>\n<!-- \/ Yoast SEO plugin. -->","yoast_head_json":{"title":"Kaj prina\u0161a nov evropski prora\u010dun Sloveniji? - Hudo Slovenija","robots":{"index":"index","follow":"follow","max-snippet":"max-snippet:-1","max-image-preview":"max-image-preview:large","max-video-preview":"max-video-preview:-1"},"canonical":"https:\/\/hudo.com\/si\/aktualno\/kaj-prinasa-nov-evropski-proracun-sloveniji\/","og_locale":"sl_SI","og_type":"article","og_title":"Kaj prina\u0161a nov evropski prora\u010dun Sloveniji? - Hudo Slovenija","og_description":"Kategorija: Finance Fri, 23 Feb 2018 06:00:00 +0100 Ljubljana \u2013 Ker Evropsko unijo zapu\u0161\u010da velika neto pla\u010dnica Velika Britanija, je realno, da bo v Slovenijo iz evropskega prora\u010duna po letu 2020 pri\u0161lo manj denarja, ocenjuje dr\u017eavni sekretar v Cerarjevem kabinetu Igor Mally. Da bo denarja manj, a da bo Slovenija ostala neto prejemnica, pravijo tudi viri v EU. Pri\u010dakovati je, da bo skupni obseg prihodnjega ve\u010dletnega evropskega prora\u010duna manj\u0161i, pravijo v Slu\u017ebi vlade za razvoj in kohezijsko politiko (SVRK): \u00bbSlovenija si bo v pogajanjih prizadevala, da bi bilo zni\u017eanje sredstev \u010dim manj\u0161e ob zavedanju, da bo denarja manj.\u00ab Koliko manj bo Slovenija prejela v prihodnji evropski sedemletki, je odvisno od predloga evropske komisije na za\u010detku maja in poteka pogajanj, dodaja dr\u017eavni sekretar, pristojen za evropske zadeve. Po njegovem mnenju je legitimno pri\u010dakovati, da bomo ostali neto prejemniki tudi v\u00a0...","og_url":"https:\/\/hudo.com\/si\/aktualno\/kaj-prinasa-nov-evropski-proracun-sloveniji\/","og_site_name":"Hudo Slovenija","article_publisher":"https:\/\/www.facebook.com\/hudo.si","article_published_time":"2018-02-23T04:00:00+00:00","og_image":[{"width":480,"height":290,"url":"https:\/\/hudo.com\/si\/wp-content\/uploads\/sites\/2\/2018\/02\/480x290_Delo_Foto-20180119192502-97917100-1.jpeg","type":"image\/jpeg"}],"author":"hudo","twitter_card":"summary_large_image","twitter_creator":"@hudo_si","twitter_site":"@hudo_si","twitter_misc":{"Written by":"hudo","Est. reading time":"1 minuta"},"schema":{"@context":"https:\/\/schema.org","@graph":[{"@type":"Article","@id":"https:\/\/hudo.com\/si\/aktualno\/kaj-prinasa-nov-evropski-proracun-sloveniji\/#article","isPartOf":{"@id":"https:\/\/hudo.com\/si\/aktualno\/kaj-prinasa-nov-evropski-proracun-sloveniji\/"},"author":{"name":"hudo","@id":"https:\/\/hudo.com\/si\/#\/schema\/person\/601cf3379633985b20f7e50f2bb47707"},"headline":"Kaj prina\u0161a nov evropski prora\u010dun Sloveniji?","datePublished":"2018-02-23T04:00:00+00:00","dateModified":"2018-02-23T04:00:00+00:00","mainEntityOfPage":{"@id":"https:\/\/hudo.com\/si\/aktualno\/kaj-prinasa-nov-evropski-proracun-sloveniji\/"},"wordCount":156,"publisher":{"@id":"https:\/\/hudo.com\/si\/#organization"},"articleSection":["Aktualno"],"inLanguage":"sl-SI"},{"@type":"WebPage","@id":"https:\/\/hudo.com\/si\/aktualno\/kaj-prinasa-nov-evropski-proracun-sloveniji\/","url":"https:\/\/hudo.com\/si\/aktualno\/kaj-prinasa-nov-evropski-proracun-sloveniji\/","name":"Kaj prina\u0161a nov evropski prora\u010dun Sloveniji? - Hudo Slovenija","isPartOf":{"@id":"https:\/\/hudo.com\/si\/#website"},"datePublished":"2018-02-23T04:00:00+00:00","dateModified":"2018-02-23T04:00:00+00:00","breadcrumb":{"@id":"https:\/\/hudo.com\/si\/aktualno\/kaj-prinasa-nov-evropski-proracun-sloveniji\/#breadcrumb"},"inLanguage":"sl-SI","potentialAction":[{"@type":"ReadAction","target":["https:\/\/hudo.com\/si\/aktualno\/kaj-prinasa-nov-evropski-proracun-sloveniji\/"]}]},{"@type":"BreadcrumbList","@id":"https:\/\/hudo.com\/si\/aktualno\/kaj-prinasa-nov-evropski-proracun-sloveniji\/#breadcrumb","itemListElement":[{"@type":"ListItem","position":1,"name":"Home","item":"https:\/\/hudo.com\/si\/"},{"@type":"ListItem","position":2,"name":"Kaj prina\u0161a nov evropski prora\u010dun Sloveniji?"}]},{"@type":"WebSite","@id":"https:\/\/hudo.com\/si\/#website","url":"https:\/\/hudo.com\/si\/","name":"Hudo Slovenija","description":"Vse novice iz Slovenije in sveta","publisher":{"@id":"https:\/\/hudo.com\/si\/#organization"},"potentialAction":[{"@type":"SearchAction","target":{"@type":"EntryPoint","urlTemplate":"https:\/\/hudo.com\/si\/?s={search_term_string}"},"query-input":"required name=search_term_string"}],"inLanguage":"sl-SI"},{"@type":"Organization","@id":"https:\/\/hudo.com\/si\/#organization","name":"VSN Media","url":"https:\/\/hudo.com\/si\/","logo":{"@type":"ImageObject","inLanguage":"sl-SI","@id":"https:\/\/hudo.com\/si\/#\/schema\/logo\/image\/","url":"https:\/\/hudo.com\/si\/wp-content\/uploads\/sites\/2\/2021\/03\/hudo-app-2.png","contentUrl":"https:\/\/hudo.com\/si\/wp-content\/uploads\/sites\/2\/2021\/03\/hudo-app-2.png","width":2185,"height":2167,"caption":"VSN Media"},"image":{"@id":"https:\/\/hudo.com\/si\/#\/schema\/logo\/image\/"},"sameAs":["https:\/\/www.facebook.com\/hudo.si","https:\/\/twitter.com\/hudo_si"]},{"@type":"Person","@id":"https:\/\/hudo.com\/si\/#\/schema\/person\/601cf3379633985b20f7e50f2bb47707","name":"hudo","image":{"@type":"ImageObject","inLanguage":"sl-SI","@id":"https:\/\/hudo.com\/si\/#\/schema\/person\/image\/","url":"https:\/\/secure.gravatar.com\/avatar\/c4ca25fa72cace7a696b52ff5db9e095?s=96&d=mm&r=g","contentUrl":"https:\/\/secure.gravatar.com\/avatar\/c4ca25fa72cace7a696b52ff5db9e095?s=96&d=mm&r=g","caption":"hudo"},"url":"https:\/\/hudo.com\/si\/author\/hudo\/"}]}},"amp_enabled":true,"_links":{"self":[{"href":"https:\/\/hudo.com\/si\/wp-json\/wp\/v2\/posts\/364383"}],"collection":[{"href":"https:\/\/hudo.com\/si\/wp-json\/wp\/v2\/posts"}],"about":[{"href":"https:\/\/hudo.com\/si\/wp-json\/wp\/v2\/types\/post"}],"author":[{"embeddable":true,"href":"https:\/\/hudo.com\/si\/wp-json\/wp\/v2\/users\/1"}],"replies":[{"embeddable":true,"href":"https:\/\/hudo.com\/si\/wp-json\/wp\/v2\/comments?post=364383"}],"version-history":[{"count":0,"href":"https:\/\/hudo.com\/si\/wp-json\/wp\/v2\/posts\/364383\/revisions"}],"wp:attachment":[{"href":"https:\/\/hudo.com\/si\/wp-json\/wp\/v2\/media?parent=364383"}],"wp:term":[{"taxonomy":"category","embeddable":true,"href":"https:\/\/hudo.com\/si\/wp-json\/wp\/v2\/categories?post=364383"},{"taxonomy":"post_tag","embeddable":true,"href":"https:\/\/hudo.com\/si\/wp-json\/wp\/v2\/tags?post=364383"},{"taxonomy":"source","embeddable":true,"href":"https:\/\/hudo.com\/si\/wp-json\/wp\/v2\/source?post=364383"},{"taxonomy":"supertag","embeddable":true,"href":"https:\/\/hudo.com\/si\/wp-json\/wp\/v2\/supertag?post=364383"}],"curies":[{"name":"wp","href":"https:\/\/api.w.org\/{rel}","templated":true}]}}