{"id":364502,"date":"2018-02-23T08:00:00","date_gmt":"2018-02-23T07:00:00","guid":{"rendered":"https:\/\/hudo.com\/si\/2018\/02\/23\/obtozeni-bi-sel-na-elektricni-stol\/"},"modified":"2018-02-23T08:00:00","modified_gmt":"2018-02-23T07:00:00","slug":"obtozeni-bi-sel-na-elektricni-stol","status":"publish","type":"post","link":"https:\/\/hudo.com\/si\/aktualno\/obtozeni-bi-sel-na-elektricni-stol\/","title":{"rendered":"Obto\u017eeni bi \u0161el na elektri\u010dni stol"},"content":{"rendered":"<p>Kategorija: Kronika Fri, 23 Feb 2018 09:00:00 +0100  Ptuj \u2013 \u00bbMeni je najbolj hudo na svetu. Rad bi vedel, kaj se je dogajalo v moji hi\u0161i. Takoj grem na elektri\u010dni stol, \u010de sem imel kaj pri umoru Sre\u010dka Marina,\u00ab je po sodni dvorani ptujskega okro\u017enega sodi\u0161\u010da kri\u010dal 56-letni Franc Vajda. Obto\u017eeni, ki je pred leti nekaj \u010dasa nosil celo policijsko uniformo, skupaj z 42-letnim Andrejem Bagarijem sedi na zato\u017eni klopi zaradi uboja 65-letnega Sre\u010dka Marina junija lani v hi\u0161i sredi Ptuja. Obto\u017eena na predobravnavnem naroku krivde nista hotela priznati, nekdanja prijatelja pa krivdo za smrt pokojnega valita drug na drugega.\u017de na za\u010detku v\u010deraj\u0161nje obravnave je dr\u017eavni to\u017eilec Gregor Pograjc modificiral obto\u017enico: \u00bbTo je bilo potrebno zaradi priznanja obto\u017eenega Andreja Bagarija. Ta je opisal samo izvr\u0161itev dejanja, zato je bilo treba dejanja obeh obto\u017eenih posledi\u010dno konkretizirati.\u00ab A spremenjena obto\u017enica\u00a0&#8230;<\/p>\n","protected":false},"excerpt":{"rendered":"<p>Kategorija: Kronika Fri, 23 Feb 2018 09:00:00 +0100  Ptuj \u2013 \u00bbMeni je najbolj hudo na svetu. Rad bi vedel, kaj se je dogajalo v moji hi\u0161i. Takoj grem na elektri\u010dni stol, \u010de sem imel kaj pri umoru Sre\u010dka Marina,\u00ab je po sodni dvorani ptujskega okro\u017enega sodi\u0161\u010da kri\u010dal 56-letni Franc Vajda. Obto\u017eeni, ki je pred leti nekaj \u010dasa nosil celo policijsko uniformo, skupaj z 42-letnim Andrejem Bagarijem sedi na zato\u017eni klopi zaradi uboja 65-letnega Sre\u010dka Marina junija lani v hi\u0161i sredi Ptuja. Obto\u017eena na predobravnavnem naroku krivde nista hotela priznati, nekdanja prijatelja pa krivdo za smrt pokojnega valita drug na drugega.\u017de na za\u010detku v\u010deraj\u0161nje obravnave je dr\u017eavni to\u017eilec Gregor Pograjc modificiral obto\u017enico: \u00bbTo je bilo potrebno zaradi priznanja obto\u017eenega Andreja Bagarija. Ta je opisal samo izvr\u0161itev dejanja, zato je bilo treba dejanja obeh obto\u017eenih posledi\u010dno konkretizirati.\u00ab A spremenjena obto\u017enica\u00a0&#8230;<\/p>\n","protected":false},"author":1,"featured_media":0,"comment_status":"closed","ping_status":"closed","sticky":false,"template":"","format":"standard","meta":{"footnotes":""},"categories":[1179],"tags":[],"source":[1703],"supertag":[],"acf":[],"yoast_head":"<!-- This site is optimized with the Yoast SEO plugin v21.3 - https:\/\/yoast.com\/wordpress\/plugins\/seo\/ -->\n<title>Obto\u017eeni bi \u0161el na elektri\u010dni stol - Hudo Slovenija<\/title>\n<meta name=\"robots\" content=\"index, follow, max-snippet:-1, max-image-preview:large, max-video-preview:-1\" \/>\n<link rel=\"canonical\" href=\"https:\/\/hudo.com\/si\/aktualno\/obtozeni-bi-sel-na-elektricni-stol\/\" \/>\n<meta property=\"og:locale\" content=\"sl_SI\" \/>\n<meta property=\"og:type\" content=\"article\" \/>\n<meta property=\"og:title\" content=\"Obto\u017eeni bi \u0161el na elektri\u010dni stol - Hudo Slovenija\" \/>\n<meta property=\"og:description\" content=\"Kategorija: Kronika Fri, 23 Feb 2018 09:00:00 +0100 Ptuj \u2013 \u00bbMeni je najbolj hudo na svetu. Rad bi vedel, kaj se je dogajalo v moji hi\u0161i. Takoj grem na elektri\u010dni stol, \u010de sem imel kaj pri umoru Sre\u010dka Marina,\u00ab je po sodni dvorani ptujskega okro\u017enega sodi\u0161\u010da kri\u010dal 56-letni Franc Vajda. Obto\u017eeni, ki je pred leti nekaj \u010dasa nosil celo policijsko uniformo, skupaj z 42-letnim Andrejem Bagarijem sedi na zato\u017eni klopi zaradi uboja 65-letnega Sre\u010dka Marina junija lani v hi\u0161i sredi Ptuja. Obto\u017eena na predobravnavnem naroku krivde nista hotela priznati, nekdanja prijatelja pa krivdo za smrt pokojnega valita drug na drugega.\u017de na za\u010detku v\u010deraj\u0161nje obravnave je dr\u017eavni to\u017eilec Gregor Pograjc modificiral obto\u017enico: \u00bbTo je bilo potrebno zaradi priznanja obto\u017eenega Andreja Bagarija. Ta je opisal samo izvr\u0161itev dejanja, zato je bilo treba dejanja obeh obto\u017eenih posledi\u010dno konkretizirati.\u00ab A spremenjena obto\u017enica\u00a0...\" \/>\n<meta property=\"og:url\" content=\"https:\/\/hudo.com\/si\/aktualno\/obtozeni-bi-sel-na-elektricni-stol\/\" \/>\n<meta property=\"og:site_name\" content=\"Hudo Slovenija\" \/>\n<meta property=\"article:publisher\" content=\"https:\/\/www.facebook.com\/hudo.si\" \/>\n<meta property=\"article:published_time\" content=\"2018-02-23T07:00:00+00:00\" \/>\n<meta property=\"og:image\" content=\"https:\/\/hudo.com\/si\/wp-content\/uploads\/sites\/2\/2018\/02\/480x290_Delo_Foto-20180222194537-77858500.jpeg\" \/>\n\t<meta property=\"og:image:width\" content=\"480\" \/>\n\t<meta property=\"og:image:height\" content=\"290\" \/>\n\t<meta property=\"og:image:type\" content=\"image\/jpeg\" \/>\n<meta name=\"author\" content=\"hudo\" \/>\n<meta name=\"twitter:card\" content=\"summary_large_image\" \/>\n<meta name=\"twitter:creator\" content=\"@hudo_si\" \/>\n<meta name=\"twitter:site\" content=\"@hudo_si\" \/>\n<meta name=\"twitter:label1\" content=\"Written by\" \/>\n\t<meta name=\"twitter:data1\" content=\"hudo\" \/>\n\t<meta name=\"twitter:label2\" content=\"Est. reading time\" \/>\n\t<meta name=\"twitter:data2\" content=\"1 minuta\" \/>\n<script type=\"application\/ld+json\" class=\"yoast-schema-graph\">{\"@context\":\"https:\/\/schema.org\",\"@graph\":[{\"@type\":\"Article\",\"@id\":\"https:\/\/hudo.com\/si\/aktualno\/obtozeni-bi-sel-na-elektricni-stol\/#article\",\"isPartOf\":{\"@id\":\"https:\/\/hudo.com\/si\/aktualno\/obtozeni-bi-sel-na-elektricni-stol\/\"},\"author\":{\"name\":\"hudo\",\"@id\":\"https:\/\/hudo.com\/si\/#\/schema\/person\/601cf3379633985b20f7e50f2bb47707\"},\"headline\":\"Obto\u017eeni bi \u0161el na elektri\u010dni stol\",\"datePublished\":\"2018-02-23T07:00:00+00:00\",\"dateModified\":\"2018-02-23T07:00:00+00:00\",\"mainEntityOfPage\":{\"@id\":\"https:\/\/hudo.com\/si\/aktualno\/obtozeni-bi-sel-na-elektricni-stol\/\"},\"wordCount\":164,\"publisher\":{\"@id\":\"https:\/\/hudo.com\/si\/#organization\"},\"articleSection\":[\"Aktualno\"],\"inLanguage\":\"sl-SI\"},{\"@type\":\"WebPage\",\"@id\":\"https:\/\/hudo.com\/si\/aktualno\/obtozeni-bi-sel-na-elektricni-stol\/\",\"url\":\"https:\/\/hudo.com\/si\/aktualno\/obtozeni-bi-sel-na-elektricni-stol\/\",\"name\":\"Obto\u017eeni bi \u0161el na elektri\u010dni stol - Hudo Slovenija\",\"isPartOf\":{\"@id\":\"https:\/\/hudo.com\/si\/#website\"},\"datePublished\":\"2018-02-23T07:00:00+00:00\",\"dateModified\":\"2018-02-23T07:00:00+00:00\",\"breadcrumb\":{\"@id\":\"https:\/\/hudo.com\/si\/aktualno\/obtozeni-bi-sel-na-elektricni-stol\/#breadcrumb\"},\"inLanguage\":\"sl-SI\",\"potentialAction\":[{\"@type\":\"ReadAction\",\"target\":[\"https:\/\/hudo.com\/si\/aktualno\/obtozeni-bi-sel-na-elektricni-stol\/\"]}]},{\"@type\":\"BreadcrumbList\",\"@id\":\"https:\/\/hudo.com\/si\/aktualno\/obtozeni-bi-sel-na-elektricni-stol\/#breadcrumb\",\"itemListElement\":[{\"@type\":\"ListItem\",\"position\":1,\"name\":\"Home\",\"item\":\"https:\/\/hudo.com\/si\/\"},{\"@type\":\"ListItem\",\"position\":2,\"name\":\"Obto\u017eeni bi \u0161el na elektri\u010dni stol\"}]},{\"@type\":\"WebSite\",\"@id\":\"https:\/\/hudo.com\/si\/#website\",\"url\":\"https:\/\/hudo.com\/si\/\",\"name\":\"Hudo Slovenija\",\"description\":\"Vse novice iz Slovenije in sveta\",\"publisher\":{\"@id\":\"https:\/\/hudo.com\/si\/#organization\"},\"potentialAction\":[{\"@type\":\"SearchAction\",\"target\":{\"@type\":\"EntryPoint\",\"urlTemplate\":\"https:\/\/hudo.com\/si\/?s={search_term_string}\"},\"query-input\":\"required name=search_term_string\"}],\"inLanguage\":\"sl-SI\"},{\"@type\":\"Organization\",\"@id\":\"https:\/\/hudo.com\/si\/#organization\",\"name\":\"VSN Media\",\"url\":\"https:\/\/hudo.com\/si\/\",\"logo\":{\"@type\":\"ImageObject\",\"inLanguage\":\"sl-SI\",\"@id\":\"https:\/\/hudo.com\/si\/#\/schema\/logo\/image\/\",\"url\":\"https:\/\/hudo.com\/si\/wp-content\/uploads\/sites\/2\/2021\/03\/hudo-app-2.png\",\"contentUrl\":\"https:\/\/hudo.com\/si\/wp-content\/uploads\/sites\/2\/2021\/03\/hudo-app-2.png\",\"width\":2185,\"height\":2167,\"caption\":\"VSN Media\"},\"image\":{\"@id\":\"https:\/\/hudo.com\/si\/#\/schema\/logo\/image\/\"},\"sameAs\":[\"https:\/\/www.facebook.com\/hudo.si\",\"https:\/\/twitter.com\/hudo_si\"]},{\"@type\":\"Person\",\"@id\":\"https:\/\/hudo.com\/si\/#\/schema\/person\/601cf3379633985b20f7e50f2bb47707\",\"name\":\"hudo\",\"image\":{\"@type\":\"ImageObject\",\"inLanguage\":\"sl-SI\",\"@id\":\"https:\/\/hudo.com\/si\/#\/schema\/person\/image\/\",\"url\":\"https:\/\/secure.gravatar.com\/avatar\/c4ca25fa72cace7a696b52ff5db9e095?s=96&d=mm&r=g\",\"contentUrl\":\"https:\/\/secure.gravatar.com\/avatar\/c4ca25fa72cace7a696b52ff5db9e095?s=96&d=mm&r=g\",\"caption\":\"hudo\"},\"url\":\"https:\/\/hudo.com\/si\/author\/hudo\/\"}]}<\/script>\n<!-- \/ Yoast SEO plugin. -->","yoast_head_json":{"title":"Obto\u017eeni bi \u0161el na elektri\u010dni stol - Hudo Slovenija","robots":{"index":"index","follow":"follow","max-snippet":"max-snippet:-1","max-image-preview":"max-image-preview:large","max-video-preview":"max-video-preview:-1"},"canonical":"https:\/\/hudo.com\/si\/aktualno\/obtozeni-bi-sel-na-elektricni-stol\/","og_locale":"sl_SI","og_type":"article","og_title":"Obto\u017eeni bi \u0161el na elektri\u010dni stol - Hudo Slovenija","og_description":"Kategorija: Kronika Fri, 23 Feb 2018 09:00:00 +0100 Ptuj \u2013 \u00bbMeni je najbolj hudo na svetu. Rad bi vedel, kaj se je dogajalo v moji hi\u0161i. Takoj grem na elektri\u010dni stol, \u010de sem imel kaj pri umoru Sre\u010dka Marina,\u00ab je po sodni dvorani ptujskega okro\u017enega sodi\u0161\u010da kri\u010dal 56-letni Franc Vajda. Obto\u017eeni, ki je pred leti nekaj \u010dasa nosil celo policijsko uniformo, skupaj z 42-letnim Andrejem Bagarijem sedi na zato\u017eni klopi zaradi uboja 65-letnega Sre\u010dka Marina junija lani v hi\u0161i sredi Ptuja. Obto\u017eena na predobravnavnem naroku krivde nista hotela priznati, nekdanja prijatelja pa krivdo za smrt pokojnega valita drug na drugega.\u017de na za\u010detku v\u010deraj\u0161nje obravnave je dr\u017eavni to\u017eilec Gregor Pograjc modificiral obto\u017enico: \u00bbTo je bilo potrebno zaradi priznanja obto\u017eenega Andreja Bagarija. Ta je opisal samo izvr\u0161itev dejanja, zato je bilo treba dejanja obeh obto\u017eenih posledi\u010dno konkretizirati.\u00ab A spremenjena obto\u017enica\u00a0...","og_url":"https:\/\/hudo.com\/si\/aktualno\/obtozeni-bi-sel-na-elektricni-stol\/","og_site_name":"Hudo Slovenija","article_publisher":"https:\/\/www.facebook.com\/hudo.si","article_published_time":"2018-02-23T07:00:00+00:00","og_image":[{"width":480,"height":290,"url":"https:\/\/hudo.com\/si\/wp-content\/uploads\/sites\/2\/2018\/02\/480x290_Delo_Foto-20180222194537-77858500.jpeg","type":"image\/jpeg"}],"author":"hudo","twitter_card":"summary_large_image","twitter_creator":"@hudo_si","twitter_site":"@hudo_si","twitter_misc":{"Written by":"hudo","Est. reading time":"1 minuta"},"schema":{"@context":"https:\/\/schema.org","@graph":[{"@type":"Article","@id":"https:\/\/hudo.com\/si\/aktualno\/obtozeni-bi-sel-na-elektricni-stol\/#article","isPartOf":{"@id":"https:\/\/hudo.com\/si\/aktualno\/obtozeni-bi-sel-na-elektricni-stol\/"},"author":{"name":"hudo","@id":"https:\/\/hudo.com\/si\/#\/schema\/person\/601cf3379633985b20f7e50f2bb47707"},"headline":"Obto\u017eeni bi \u0161el na elektri\u010dni stol","datePublished":"2018-02-23T07:00:00+00:00","dateModified":"2018-02-23T07:00:00+00:00","mainEntityOfPage":{"@id":"https:\/\/hudo.com\/si\/aktualno\/obtozeni-bi-sel-na-elektricni-stol\/"},"wordCount":164,"publisher":{"@id":"https:\/\/hudo.com\/si\/#organization"},"articleSection":["Aktualno"],"inLanguage":"sl-SI"},{"@type":"WebPage","@id":"https:\/\/hudo.com\/si\/aktualno\/obtozeni-bi-sel-na-elektricni-stol\/","url":"https:\/\/hudo.com\/si\/aktualno\/obtozeni-bi-sel-na-elektricni-stol\/","name":"Obto\u017eeni bi \u0161el na elektri\u010dni stol - Hudo Slovenija","isPartOf":{"@id":"https:\/\/hudo.com\/si\/#website"},"datePublished":"2018-02-23T07:00:00+00:00","dateModified":"2018-02-23T07:00:00+00:00","breadcrumb":{"@id":"https:\/\/hudo.com\/si\/aktualno\/obtozeni-bi-sel-na-elektricni-stol\/#breadcrumb"},"inLanguage":"sl-SI","potentialAction":[{"@type":"ReadAction","target":["https:\/\/hudo.com\/si\/aktualno\/obtozeni-bi-sel-na-elektricni-stol\/"]}]},{"@type":"BreadcrumbList","@id":"https:\/\/hudo.com\/si\/aktualno\/obtozeni-bi-sel-na-elektricni-stol\/#breadcrumb","itemListElement":[{"@type":"ListItem","position":1,"name":"Home","item":"https:\/\/hudo.com\/si\/"},{"@type":"ListItem","position":2,"name":"Obto\u017eeni bi \u0161el na elektri\u010dni stol"}]},{"@type":"WebSite","@id":"https:\/\/hudo.com\/si\/#website","url":"https:\/\/hudo.com\/si\/","name":"Hudo Slovenija","description":"Vse novice iz Slovenije in sveta","publisher":{"@id":"https:\/\/hudo.com\/si\/#organization"},"potentialAction":[{"@type":"SearchAction","target":{"@type":"EntryPoint","urlTemplate":"https:\/\/hudo.com\/si\/?s={search_term_string}"},"query-input":"required name=search_term_string"}],"inLanguage":"sl-SI"},{"@type":"Organization","@id":"https:\/\/hudo.com\/si\/#organization","name":"VSN Media","url":"https:\/\/hudo.com\/si\/","logo":{"@type":"ImageObject","inLanguage":"sl-SI","@id":"https:\/\/hudo.com\/si\/#\/schema\/logo\/image\/","url":"https:\/\/hudo.com\/si\/wp-content\/uploads\/sites\/2\/2021\/03\/hudo-app-2.png","contentUrl":"https:\/\/hudo.com\/si\/wp-content\/uploads\/sites\/2\/2021\/03\/hudo-app-2.png","width":2185,"height":2167,"caption":"VSN Media"},"image":{"@id":"https:\/\/hudo.com\/si\/#\/schema\/logo\/image\/"},"sameAs":["https:\/\/www.facebook.com\/hudo.si","https:\/\/twitter.com\/hudo_si"]},{"@type":"Person","@id":"https:\/\/hudo.com\/si\/#\/schema\/person\/601cf3379633985b20f7e50f2bb47707","name":"hudo","image":{"@type":"ImageObject","inLanguage":"sl-SI","@id":"https:\/\/hudo.com\/si\/#\/schema\/person\/image\/","url":"https:\/\/secure.gravatar.com\/avatar\/c4ca25fa72cace7a696b52ff5db9e095?s=96&d=mm&r=g","contentUrl":"https:\/\/secure.gravatar.com\/avatar\/c4ca25fa72cace7a696b52ff5db9e095?s=96&d=mm&r=g","caption":"hudo"},"url":"https:\/\/hudo.com\/si\/author\/hudo\/"}]}},"amp_enabled":true,"_links":{"self":[{"href":"https:\/\/hudo.com\/si\/wp-json\/wp\/v2\/posts\/364502"}],"collection":[{"href":"https:\/\/hudo.com\/si\/wp-json\/wp\/v2\/posts"}],"about":[{"href":"https:\/\/hudo.com\/si\/wp-json\/wp\/v2\/types\/post"}],"author":[{"embeddable":true,"href":"https:\/\/hudo.com\/si\/wp-json\/wp\/v2\/users\/1"}],"replies":[{"embeddable":true,"href":"https:\/\/hudo.com\/si\/wp-json\/wp\/v2\/comments?post=364502"}],"version-history":[{"count":0,"href":"https:\/\/hudo.com\/si\/wp-json\/wp\/v2\/posts\/364502\/revisions"}],"wp:attachment":[{"href":"https:\/\/hudo.com\/si\/wp-json\/wp\/v2\/media?parent=364502"}],"wp:term":[{"taxonomy":"category","embeddable":true,"href":"https:\/\/hudo.com\/si\/wp-json\/wp\/v2\/categories?post=364502"},{"taxonomy":"post_tag","embeddable":true,"href":"https:\/\/hudo.com\/si\/wp-json\/wp\/v2\/tags?post=364502"},{"taxonomy":"source","embeddable":true,"href":"https:\/\/hudo.com\/si\/wp-json\/wp\/v2\/source?post=364502"},{"taxonomy":"supertag","embeddable":true,"href":"https:\/\/hudo.com\/si\/wp-json\/wp\/v2\/supertag?post=364502"}],"curies":[{"name":"wp","href":"https:\/\/api.w.org\/{rel}","templated":true}]}}