{"id":364616,"date":"2018-02-23T07:56:05","date_gmt":"2018-02-23T06:56:05","guid":{"rendered":"https:\/\/hudo.com\/si\/2018\/02\/23\/zimsko-vreme-povzroca-preglavice-zlasti-na-primorski-avtocesti\/"},"modified":"2018-02-23T07:56:05","modified_gmt":"2018-02-23T06:56:05","slug":"zimsko-vreme-povzroca-preglavice-zlasti-na-primorski-avtocesti","status":"publish","type":"post","link":"https:\/\/hudo.com\/si\/aktualno\/zimsko-vreme-povzroca-preglavice-zlasti-na-primorski-avtocesti\/","title":{"rendered":"Zimsko vreme povzro\u010da preglavice zlasti na primorski avtocesti"},"content":{"rendered":"<p>Sne\u017eenje, ki je pono\u010di znova zajelo ve\u010dji del dr\u017eave, ponekod \u017ee povzro\u010da te\u017eave v prometu. Novega snega sicer za zdaj ni veliko. Je pa zaradi prometnih nesre\u010d in zdrsov tovornih vozil promet \u017ee oviran na ve\u010d avtocestnih odsekih po Sloveniji. Na primorski avtocesti iz prometa izlo\u010dajo tovorna vozila, poro\u010da prometnoinformacijski center.<\/p>\n","protected":false},"excerpt":{"rendered":"<p>Sne\u017eenje, ki je pono\u010di znova zajelo ve\u010dji del dr\u017eave, ponekod \u017ee povzro\u010da te\u017eave v prometu. Novega snega sicer za zdaj ni veliko. Je pa zaradi prometnih nesre\u010d in zdrsov tovornih vozil promet \u017ee oviran na ve\u010d avtocestnih odsekih po Sloveniji. Na primorski avtocesti iz prometa izlo\u010dajo tovorna vozila, poro\u010da prometnoinformacijski center.<\/p>\n","protected":false},"author":1,"featured_media":0,"comment_status":"closed","ping_status":"closed","sticky":false,"template":"","format":"standard","meta":{"footnotes":""},"categories":[1179],"tags":[],"source":[1707],"supertag":[],"acf":[],"yoast_head":"<!-- This site is optimized with the Yoast SEO plugin v21.3 - https:\/\/yoast.com\/wordpress\/plugins\/seo\/ -->\n<title>Zimsko vreme povzro\u010da preglavice zlasti na primorski avtocesti - Hudo Slovenija<\/title>\n<meta name=\"robots\" content=\"index, follow, max-snippet:-1, max-image-preview:large, max-video-preview:-1\" \/>\n<link rel=\"canonical\" href=\"https:\/\/hudo.com\/si\/aktualno\/zimsko-vreme-povzroca-preglavice-zlasti-na-primorski-avtocesti\/\" \/>\n<meta property=\"og:locale\" content=\"sl_SI\" \/>\n<meta property=\"og:type\" content=\"article\" \/>\n<meta property=\"og:title\" content=\"Zimsko vreme povzro\u010da preglavice zlasti na primorski avtocesti - Hudo Slovenija\" \/>\n<meta property=\"og:description\" content=\"Sne\u017eenje, ki je pono\u010di znova zajelo ve\u010dji del dr\u017eave, ponekod \u017ee povzro\u010da te\u017eave v prometu. Novega snega sicer za zdaj ni veliko. Je pa zaradi prometnih nesre\u010d in zdrsov tovornih vozil promet \u017ee oviran na ve\u010d avtocestnih odsekih po Sloveniji. Na primorski avtocesti iz prometa izlo\u010dajo tovorna vozila, poro\u010da prometnoinformacijski center.\" \/>\n<meta property=\"og:url\" content=\"https:\/\/hudo.com\/si\/aktualno\/zimsko-vreme-povzroca-preglavice-zlasti-na-primorski-avtocesti\/\" \/>\n<meta property=\"og:site_name\" content=\"Hudo Slovenija\" \/>\n<meta property=\"article:publisher\" content=\"https:\/\/www.facebook.com\/hudo.si\" \/>\n<meta property=\"article:published_time\" content=\"2018-02-23T06:56:05+00:00\" \/>\n<meta property=\"og:image\" content=\"https:\/\/hudo.com\/si\/wp-content\/uploads\/sites\/2\/2018\/02\/044-ac.jpg\" \/>\n\t<meta property=\"og:image:width\" content=\"1250\" \/>\n\t<meta property=\"og:image:height\" content=\"938\" \/>\n\t<meta property=\"og:image:type\" content=\"image\/jpeg\" \/>\n<meta name=\"author\" content=\"hudo\" \/>\n<meta name=\"twitter:card\" content=\"summary_large_image\" \/>\n<meta name=\"twitter:creator\" content=\"@hudo_si\" \/>\n<meta name=\"twitter:site\" content=\"@hudo_si\" \/>\n<meta name=\"twitter:label1\" content=\"Written by\" \/>\n\t<meta name=\"twitter:data1\" content=\"hudo\" \/>\n<script type=\"application\/ld+json\" class=\"yoast-schema-graph\">{\"@context\":\"https:\/\/schema.org\",\"@graph\":[{\"@type\":\"Article\",\"@id\":\"https:\/\/hudo.com\/si\/aktualno\/zimsko-vreme-povzroca-preglavice-zlasti-na-primorski-avtocesti\/#article\",\"isPartOf\":{\"@id\":\"https:\/\/hudo.com\/si\/aktualno\/zimsko-vreme-povzroca-preglavice-zlasti-na-primorski-avtocesti\/\"},\"author\":{\"name\":\"hudo\",\"@id\":\"https:\/\/hudo.com\/si\/#\/schema\/person\/601cf3379633985b20f7e50f2bb47707\"},\"headline\":\"Zimsko vreme povzro\u010da preglavice zlasti na primorski avtocesti\",\"datePublished\":\"2018-02-23T06:56:05+00:00\",\"dateModified\":\"2018-02-23T06:56:05+00:00\",\"mainEntityOfPage\":{\"@id\":\"https:\/\/hudo.com\/si\/aktualno\/zimsko-vreme-povzroca-preglavice-zlasti-na-primorski-avtocesti\/\"},\"wordCount\":68,\"publisher\":{\"@id\":\"https:\/\/hudo.com\/si\/#organization\"},\"articleSection\":[\"Aktualno\"],\"inLanguage\":\"sl-SI\"},{\"@type\":\"WebPage\",\"@id\":\"https:\/\/hudo.com\/si\/aktualno\/zimsko-vreme-povzroca-preglavice-zlasti-na-primorski-avtocesti\/\",\"url\":\"https:\/\/hudo.com\/si\/aktualno\/zimsko-vreme-povzroca-preglavice-zlasti-na-primorski-avtocesti\/\",\"name\":\"Zimsko vreme povzro\u010da preglavice zlasti na primorski avtocesti - Hudo Slovenija\",\"isPartOf\":{\"@id\":\"https:\/\/hudo.com\/si\/#website\"},\"datePublished\":\"2018-02-23T06:56:05+00:00\",\"dateModified\":\"2018-02-23T06:56:05+00:00\",\"breadcrumb\":{\"@id\":\"https:\/\/hudo.com\/si\/aktualno\/zimsko-vreme-povzroca-preglavice-zlasti-na-primorski-avtocesti\/#breadcrumb\"},\"inLanguage\":\"sl-SI\",\"potentialAction\":[{\"@type\":\"ReadAction\",\"target\":[\"https:\/\/hudo.com\/si\/aktualno\/zimsko-vreme-povzroca-preglavice-zlasti-na-primorski-avtocesti\/\"]}]},{\"@type\":\"BreadcrumbList\",\"@id\":\"https:\/\/hudo.com\/si\/aktualno\/zimsko-vreme-povzroca-preglavice-zlasti-na-primorski-avtocesti\/#breadcrumb\",\"itemListElement\":[{\"@type\":\"ListItem\",\"position\":1,\"name\":\"Home\",\"item\":\"https:\/\/hudo.com\/si\/\"},{\"@type\":\"ListItem\",\"position\":2,\"name\":\"Zimsko vreme povzro\u010da preglavice zlasti na primorski avtocesti\"}]},{\"@type\":\"WebSite\",\"@id\":\"https:\/\/hudo.com\/si\/#website\",\"url\":\"https:\/\/hudo.com\/si\/\",\"name\":\"Hudo Slovenija\",\"description\":\"Vse novice iz Slovenije in sveta\",\"publisher\":{\"@id\":\"https:\/\/hudo.com\/si\/#organization\"},\"potentialAction\":[{\"@type\":\"SearchAction\",\"target\":{\"@type\":\"EntryPoint\",\"urlTemplate\":\"https:\/\/hudo.com\/si\/?s={search_term_string}\"},\"query-input\":\"required name=search_term_string\"}],\"inLanguage\":\"sl-SI\"},{\"@type\":\"Organization\",\"@id\":\"https:\/\/hudo.com\/si\/#organization\",\"name\":\"VSN Media\",\"url\":\"https:\/\/hudo.com\/si\/\",\"logo\":{\"@type\":\"ImageObject\",\"inLanguage\":\"sl-SI\",\"@id\":\"https:\/\/hudo.com\/si\/#\/schema\/logo\/image\/\",\"url\":\"https:\/\/hudo.com\/si\/wp-content\/uploads\/sites\/2\/2021\/03\/hudo-app-2.png\",\"contentUrl\":\"https:\/\/hudo.com\/si\/wp-content\/uploads\/sites\/2\/2021\/03\/hudo-app-2.png\",\"width\":2185,\"height\":2167,\"caption\":\"VSN Media\"},\"image\":{\"@id\":\"https:\/\/hudo.com\/si\/#\/schema\/logo\/image\/\"},\"sameAs\":[\"https:\/\/www.facebook.com\/hudo.si\",\"https:\/\/twitter.com\/hudo_si\"]},{\"@type\":\"Person\",\"@id\":\"https:\/\/hudo.com\/si\/#\/schema\/person\/601cf3379633985b20f7e50f2bb47707\",\"name\":\"hudo\",\"image\":{\"@type\":\"ImageObject\",\"inLanguage\":\"sl-SI\",\"@id\":\"https:\/\/hudo.com\/si\/#\/schema\/person\/image\/\",\"url\":\"https:\/\/secure.gravatar.com\/avatar\/c4ca25fa72cace7a696b52ff5db9e095?s=96&d=mm&r=g\",\"contentUrl\":\"https:\/\/secure.gravatar.com\/avatar\/c4ca25fa72cace7a696b52ff5db9e095?s=96&d=mm&r=g\",\"caption\":\"hudo\"},\"url\":\"https:\/\/hudo.com\/si\/author\/hudo\/\"}]}<\/script>\n<!-- \/ Yoast SEO plugin. -->","yoast_head_json":{"title":"Zimsko vreme povzro\u010da preglavice zlasti na primorski avtocesti - Hudo Slovenija","robots":{"index":"index","follow":"follow","max-snippet":"max-snippet:-1","max-image-preview":"max-image-preview:large","max-video-preview":"max-video-preview:-1"},"canonical":"https:\/\/hudo.com\/si\/aktualno\/zimsko-vreme-povzroca-preglavice-zlasti-na-primorski-avtocesti\/","og_locale":"sl_SI","og_type":"article","og_title":"Zimsko vreme povzro\u010da preglavice zlasti na primorski avtocesti - Hudo Slovenija","og_description":"Sne\u017eenje, ki je pono\u010di znova zajelo ve\u010dji del dr\u017eave, ponekod \u017ee povzro\u010da te\u017eave v prometu. Novega snega sicer za zdaj ni veliko. Je pa zaradi prometnih nesre\u010d in zdrsov tovornih vozil promet \u017ee oviran na ve\u010d avtocestnih odsekih po Sloveniji. Na primorski avtocesti iz prometa izlo\u010dajo tovorna vozila, poro\u010da prometnoinformacijski center.","og_url":"https:\/\/hudo.com\/si\/aktualno\/zimsko-vreme-povzroca-preglavice-zlasti-na-primorski-avtocesti\/","og_site_name":"Hudo Slovenija","article_publisher":"https:\/\/www.facebook.com\/hudo.si","article_published_time":"2018-02-23T06:56:05+00:00","og_image":[{"width":1250,"height":938,"url":"https:\/\/hudo.com\/si\/wp-content\/uploads\/sites\/2\/2018\/02\/044-ac.jpg","type":"image\/jpeg"}],"author":"hudo","twitter_card":"summary_large_image","twitter_creator":"@hudo_si","twitter_site":"@hudo_si","twitter_misc":{"Written by":"hudo"},"schema":{"@context":"https:\/\/schema.org","@graph":[{"@type":"Article","@id":"https:\/\/hudo.com\/si\/aktualno\/zimsko-vreme-povzroca-preglavice-zlasti-na-primorski-avtocesti\/#article","isPartOf":{"@id":"https:\/\/hudo.com\/si\/aktualno\/zimsko-vreme-povzroca-preglavice-zlasti-na-primorski-avtocesti\/"},"author":{"name":"hudo","@id":"https:\/\/hudo.com\/si\/#\/schema\/person\/601cf3379633985b20f7e50f2bb47707"},"headline":"Zimsko vreme povzro\u010da preglavice zlasti na primorski avtocesti","datePublished":"2018-02-23T06:56:05+00:00","dateModified":"2018-02-23T06:56:05+00:00","mainEntityOfPage":{"@id":"https:\/\/hudo.com\/si\/aktualno\/zimsko-vreme-povzroca-preglavice-zlasti-na-primorski-avtocesti\/"},"wordCount":68,"publisher":{"@id":"https:\/\/hudo.com\/si\/#organization"},"articleSection":["Aktualno"],"inLanguage":"sl-SI"},{"@type":"WebPage","@id":"https:\/\/hudo.com\/si\/aktualno\/zimsko-vreme-povzroca-preglavice-zlasti-na-primorski-avtocesti\/","url":"https:\/\/hudo.com\/si\/aktualno\/zimsko-vreme-povzroca-preglavice-zlasti-na-primorski-avtocesti\/","name":"Zimsko vreme povzro\u010da preglavice zlasti na primorski avtocesti - Hudo Slovenija","isPartOf":{"@id":"https:\/\/hudo.com\/si\/#website"},"datePublished":"2018-02-23T06:56:05+00:00","dateModified":"2018-02-23T06:56:05+00:00","breadcrumb":{"@id":"https:\/\/hudo.com\/si\/aktualno\/zimsko-vreme-povzroca-preglavice-zlasti-na-primorski-avtocesti\/#breadcrumb"},"inLanguage":"sl-SI","potentialAction":[{"@type":"ReadAction","target":["https:\/\/hudo.com\/si\/aktualno\/zimsko-vreme-povzroca-preglavice-zlasti-na-primorski-avtocesti\/"]}]},{"@type":"BreadcrumbList","@id":"https:\/\/hudo.com\/si\/aktualno\/zimsko-vreme-povzroca-preglavice-zlasti-na-primorski-avtocesti\/#breadcrumb","itemListElement":[{"@type":"ListItem","position":1,"name":"Home","item":"https:\/\/hudo.com\/si\/"},{"@type":"ListItem","position":2,"name":"Zimsko vreme povzro\u010da preglavice zlasti na primorski avtocesti"}]},{"@type":"WebSite","@id":"https:\/\/hudo.com\/si\/#website","url":"https:\/\/hudo.com\/si\/","name":"Hudo Slovenija","description":"Vse novice iz Slovenije in sveta","publisher":{"@id":"https:\/\/hudo.com\/si\/#organization"},"potentialAction":[{"@type":"SearchAction","target":{"@type":"EntryPoint","urlTemplate":"https:\/\/hudo.com\/si\/?s={search_term_string}"},"query-input":"required name=search_term_string"}],"inLanguage":"sl-SI"},{"@type":"Organization","@id":"https:\/\/hudo.com\/si\/#organization","name":"VSN Media","url":"https:\/\/hudo.com\/si\/","logo":{"@type":"ImageObject","inLanguage":"sl-SI","@id":"https:\/\/hudo.com\/si\/#\/schema\/logo\/image\/","url":"https:\/\/hudo.com\/si\/wp-content\/uploads\/sites\/2\/2021\/03\/hudo-app-2.png","contentUrl":"https:\/\/hudo.com\/si\/wp-content\/uploads\/sites\/2\/2021\/03\/hudo-app-2.png","width":2185,"height":2167,"caption":"VSN Media"},"image":{"@id":"https:\/\/hudo.com\/si\/#\/schema\/logo\/image\/"},"sameAs":["https:\/\/www.facebook.com\/hudo.si","https:\/\/twitter.com\/hudo_si"]},{"@type":"Person","@id":"https:\/\/hudo.com\/si\/#\/schema\/person\/601cf3379633985b20f7e50f2bb47707","name":"hudo","image":{"@type":"ImageObject","inLanguage":"sl-SI","@id":"https:\/\/hudo.com\/si\/#\/schema\/person\/image\/","url":"https:\/\/secure.gravatar.com\/avatar\/c4ca25fa72cace7a696b52ff5db9e095?s=96&d=mm&r=g","contentUrl":"https:\/\/secure.gravatar.com\/avatar\/c4ca25fa72cace7a696b52ff5db9e095?s=96&d=mm&r=g","caption":"hudo"},"url":"https:\/\/hudo.com\/si\/author\/hudo\/"}]}},"amp_enabled":true,"_links":{"self":[{"href":"https:\/\/hudo.com\/si\/wp-json\/wp\/v2\/posts\/364616"}],"collection":[{"href":"https:\/\/hudo.com\/si\/wp-json\/wp\/v2\/posts"}],"about":[{"href":"https:\/\/hudo.com\/si\/wp-json\/wp\/v2\/types\/post"}],"author":[{"embeddable":true,"href":"https:\/\/hudo.com\/si\/wp-json\/wp\/v2\/users\/1"}],"replies":[{"embeddable":true,"href":"https:\/\/hudo.com\/si\/wp-json\/wp\/v2\/comments?post=364616"}],"version-history":[{"count":0,"href":"https:\/\/hudo.com\/si\/wp-json\/wp\/v2\/posts\/364616\/revisions"}],"wp:attachment":[{"href":"https:\/\/hudo.com\/si\/wp-json\/wp\/v2\/media?parent=364616"}],"wp:term":[{"taxonomy":"category","embeddable":true,"href":"https:\/\/hudo.com\/si\/wp-json\/wp\/v2\/categories?post=364616"},{"taxonomy":"post_tag","embeddable":true,"href":"https:\/\/hudo.com\/si\/wp-json\/wp\/v2\/tags?post=364616"},{"taxonomy":"source","embeddable":true,"href":"https:\/\/hudo.com\/si\/wp-json\/wp\/v2\/source?post=364616"},{"taxonomy":"supertag","embeddable":true,"href":"https:\/\/hudo.com\/si\/wp-json\/wp\/v2\/supertag?post=364616"}],"curies":[{"name":"wp","href":"https:\/\/api.w.org\/{rel}","templated":true}]}}