{"id":364682,"date":"2018-02-23T15:44:52","date_gmt":"2018-02-23T14:44:52","guid":{"rendered":"http:\/\/hudo.com\/si\/?p=364682"},"modified":"2018-02-23T15:44:52","modified_gmt":"2018-02-23T14:44:52","slug":"pomagajmo-najti-14-letnega-matijasa-jotica-odsel-v-solo-na-avtobus-ni-vstopil","status":"publish","type":"post","link":"https:\/\/hudo.com\/si\/aktualno\/pomagajmo-najti-14-letnega-matijasa-jotica-odsel-v-solo-na-avtobus-ni-vstopil\/","title":{"rendered":"Pomagajmo najti 14-letnega Matija\u0161a Joti\u0107a: Od\u0161el v \u0161olo, a na avtobus ni vstopil"},"content":{"rendered":"<div class=\"text\">\n<p>Pogre\u0161ani je visok pribli\u017eno 177 centimetrov, vitke postave, kratkih temno rjavih las. Ko je od\u0161el od doma, je bil oble\u010den v temnomodro bundo, sivobele hla\u010de z voja\u0161kim vzorcem ter obut v vi\u0161je \u010drne \u010devlje. S seboj je imel temnej\u0161i manj\u0161i nahrbtnik.<\/p>\n<figure id=\"attachment_364683\" aria-describedby=\"caption-attachment-364683\" style=\"width: 497px\" class=\"wp-caption alignnone\"><a href=\"http:\/\/hudo.com\/si\/wp-content\/uploads\/sites\/2\/2018\/02\/20180223-00843035.jpg\"><img loading=\"lazy\" decoding=\"async\" class=\"size-full wp-image-364683\" src=\"http:\/\/hudo.com\/si\/wp-content\/uploads\/sites\/2\/2018\/02\/20180223-00843035.jpg\" alt=\"\" width=\"497\" height=\"640\" srcset=\"https:\/\/hudo.com\/si\/wp-content\/uploads\/sites\/2\/2018\/02\/20180223-00843035.jpg 497w, https:\/\/hudo.com\/si\/wp-content\/uploads\/sites\/2\/2018\/02\/20180223-00843035-233x300.jpg 233w, https:\/\/hudo.com\/si\/wp-content\/uploads\/sites\/2\/2018\/02\/20180223-00843035-300x386.jpg 300w\" sizes=\"(max-width: 497px) 100vw, 497px\" \/><\/a><figcaption id=\"caption-attachment-364683\" class=\"wp-caption-text\">Pogresan 14-letni Matijas Jotic iz Locice ob Savinji.<\/figcaption><\/figure>\n<p>Policisti prosijo vse, ki so ga opazili ali vedo, kje bi se lahko nahajal, da pokli\u010dejo na policijsko postajo \u017dalec na \u0161tevilko 03 713 47 00, na \u0161tevilko 113 oziroma na anonimno \u0161tevilko policije.<\/p>\n<\/div>\n","protected":false},"excerpt":{"rendered":"<p>Od \u010detrtka zjutraj pogre\u0161ajo 14-letnega Matija\u0161a Joti\u0107a iz Lo\u010dice ob Savinji. Kot so sporo\u010dili s Policijske uprave Celje, je zjutraj od doma od\u0161el v \u0161olo, vendar na avtobus, s katerim se vozi v \u017dalec, ni vstopil.<\/p>\n","protected":false},"author":5,"featured_media":364683,"comment_status":"closed","ping_status":"closed","sticky":false,"template":"","format":"standard","meta":{"footnotes":""},"categories":[1179],"tags":[10605,4917,1595],"source":[4511],"supertag":[],"acf":[],"yoast_head":"<!-- This site is optimized with the Yoast SEO plugin v21.3 - https:\/\/yoast.com\/wordpress\/plugins\/seo\/ -->\n<title>Pomagajmo najti 14-letnega Matija\u0161a Joti\u0107a: Od\u0161el v \u0161olo, a na avtobus ni vstopil - Hudo Slovenija<\/title>\n<meta name=\"robots\" content=\"index, follow, max-snippet:-1, max-image-preview:large, max-video-preview:-1\" \/>\n<link rel=\"canonical\" href=\"https:\/\/hudo.com\/si\/aktualno\/pomagajmo-najti-14-letnega-matijasa-jotica-odsel-v-solo-na-avtobus-ni-vstopil\/\" \/>\n<meta property=\"og:locale\" content=\"sl_SI\" \/>\n<meta property=\"og:type\" content=\"article\" \/>\n<meta property=\"og:title\" content=\"Pomagajmo najti 14-letnega Matija\u0161a Joti\u0107a: Od\u0161el v \u0161olo, a na avtobus ni vstopil - Hudo Slovenija\" \/>\n<meta property=\"og:description\" content=\"Od \u010detrtka zjutraj pogre\u0161ajo 14-letnega Matija\u0161a Joti\u0107a iz Lo\u010dice ob Savinji. Kot so sporo\u010dili s Policijske uprave Celje, je zjutraj od doma od\u0161el v \u0161olo, vendar na avtobus, s katerim se vozi v \u017dalec, ni vstopil.\" \/>\n<meta property=\"og:url\" content=\"https:\/\/hudo.com\/si\/aktualno\/pomagajmo-najti-14-letnega-matijasa-jotica-odsel-v-solo-na-avtobus-ni-vstopil\/\" \/>\n<meta property=\"og:site_name\" content=\"Hudo Slovenija\" \/>\n<meta property=\"article:publisher\" content=\"https:\/\/www.facebook.com\/hudo.si\" \/>\n<meta property=\"article:published_time\" content=\"2018-02-23T14:44:52+00:00\" \/>\n<meta property=\"og:image\" content=\"https:\/\/hudo.com\/si\/wp-content\/uploads\/sites\/2\/2018\/02\/20180223-00843035.jpg\" \/>\n\t<meta property=\"og:image:width\" content=\"497\" \/>\n\t<meta property=\"og:image:height\" content=\"640\" \/>\n\t<meta property=\"og:image:type\" content=\"image\/jpeg\" \/>\n<meta name=\"author\" content=\"A. G., STA\" \/>\n<meta name=\"twitter:card\" content=\"summary_large_image\" \/>\n<meta name=\"twitter:creator\" content=\"@hudo_si\" \/>\n<meta name=\"twitter:site\" content=\"@hudo_si\" \/>\n<meta name=\"twitter:label1\" content=\"Written by\" \/>\n\t<meta name=\"twitter:data1\" content=\"A. G., STA\" \/>\n<script type=\"application\/ld+json\" class=\"yoast-schema-graph\">{\"@context\":\"https:\/\/schema.org\",\"@graph\":[{\"@type\":\"Article\",\"@id\":\"https:\/\/hudo.com\/si\/aktualno\/pomagajmo-najti-14-letnega-matijasa-jotica-odsel-v-solo-na-avtobus-ni-vstopil\/#article\",\"isPartOf\":{\"@id\":\"https:\/\/hudo.com\/si\/aktualno\/pomagajmo-najti-14-letnega-matijasa-jotica-odsel-v-solo-na-avtobus-ni-vstopil\/\"},\"author\":{\"name\":\"A. G., STA\",\"@id\":\"https:\/\/hudo.com\/si\/#\/schema\/person\/2391667a63ea075ba94f2f2dc6b77537\"},\"headline\":\"Pomagajmo najti 14-letnega Matija\u0161a Joti\u0107a: Od\u0161el v \u0161olo, a na avtobus ni vstopil\",\"datePublished\":\"2018-02-23T14:44:52+00:00\",\"dateModified\":\"2018-02-23T14:44:52+00:00\",\"mainEntityOfPage\":{\"@id\":\"https:\/\/hudo.com\/si\/aktualno\/pomagajmo-najti-14-letnega-matijasa-jotica-odsel-v-solo-na-avtobus-ni-vstopil\/\"},\"wordCount\":110,\"publisher\":{\"@id\":\"https:\/\/hudo.com\/si\/#organization\"},\"keywords\":[\"Matija\u0161 Joti\u0107\",\"pogre\u0161ani\",\"Slovenija\"],\"articleSection\":[\"Aktualno\"],\"inLanguage\":\"sl-SI\"},{\"@type\":\"WebPage\",\"@id\":\"https:\/\/hudo.com\/si\/aktualno\/pomagajmo-najti-14-letnega-matijasa-jotica-odsel-v-solo-na-avtobus-ni-vstopil\/\",\"url\":\"https:\/\/hudo.com\/si\/aktualno\/pomagajmo-najti-14-letnega-matijasa-jotica-odsel-v-solo-na-avtobus-ni-vstopil\/\",\"name\":\"Pomagajmo najti 14-letnega Matija\u0161a Joti\u0107a: Od\u0161el v \u0161olo, a na avtobus ni vstopil - Hudo Slovenija\",\"isPartOf\":{\"@id\":\"https:\/\/hudo.com\/si\/#website\"},\"datePublished\":\"2018-02-23T14:44:52+00:00\",\"dateModified\":\"2018-02-23T14:44:52+00:00\",\"breadcrumb\":{\"@id\":\"https:\/\/hudo.com\/si\/aktualno\/pomagajmo-najti-14-letnega-matijasa-jotica-odsel-v-solo-na-avtobus-ni-vstopil\/#breadcrumb\"},\"inLanguage\":\"sl-SI\",\"potentialAction\":[{\"@type\":\"ReadAction\",\"target\":[\"https:\/\/hudo.com\/si\/aktualno\/pomagajmo-najti-14-letnega-matijasa-jotica-odsel-v-solo-na-avtobus-ni-vstopil\/\"]}]},{\"@type\":\"BreadcrumbList\",\"@id\":\"https:\/\/hudo.com\/si\/aktualno\/pomagajmo-najti-14-letnega-matijasa-jotica-odsel-v-solo-na-avtobus-ni-vstopil\/#breadcrumb\",\"itemListElement\":[{\"@type\":\"ListItem\",\"position\":1,\"name\":\"Home\",\"item\":\"https:\/\/hudo.com\/si\/\"},{\"@type\":\"ListItem\",\"position\":2,\"name\":\"Pomagajmo najti 14-letnega Matija\u0161a Joti\u0107a: Od\u0161el v \u0161olo, a na avtobus ni vstopil\"}]},{\"@type\":\"WebSite\",\"@id\":\"https:\/\/hudo.com\/si\/#website\",\"url\":\"https:\/\/hudo.com\/si\/\",\"name\":\"Hudo Slovenija\",\"description\":\"Vse novice iz Slovenije in sveta\",\"publisher\":{\"@id\":\"https:\/\/hudo.com\/si\/#organization\"},\"potentialAction\":[{\"@type\":\"SearchAction\",\"target\":{\"@type\":\"EntryPoint\",\"urlTemplate\":\"https:\/\/hudo.com\/si\/?s={search_term_string}\"},\"query-input\":\"required name=search_term_string\"}],\"inLanguage\":\"sl-SI\"},{\"@type\":\"Organization\",\"@id\":\"https:\/\/hudo.com\/si\/#organization\",\"name\":\"VSN Media\",\"url\":\"https:\/\/hudo.com\/si\/\",\"logo\":{\"@type\":\"ImageObject\",\"inLanguage\":\"sl-SI\",\"@id\":\"https:\/\/hudo.com\/si\/#\/schema\/logo\/image\/\",\"url\":\"https:\/\/hudo.com\/si\/wp-content\/uploads\/sites\/2\/2021\/03\/hudo-app-2.png\",\"contentUrl\":\"https:\/\/hudo.com\/si\/wp-content\/uploads\/sites\/2\/2021\/03\/hudo-app-2.png\",\"width\":2185,\"height\":2167,\"caption\":\"VSN Media\"},\"image\":{\"@id\":\"https:\/\/hudo.com\/si\/#\/schema\/logo\/image\/\"},\"sameAs\":[\"https:\/\/www.facebook.com\/hudo.si\",\"https:\/\/twitter.com\/hudo_si\"]},{\"@type\":\"Person\",\"@id\":\"https:\/\/hudo.com\/si\/#\/schema\/person\/2391667a63ea075ba94f2f2dc6b77537\",\"name\":\"A. G., STA\",\"image\":{\"@type\":\"ImageObject\",\"inLanguage\":\"sl-SI\",\"@id\":\"https:\/\/hudo.com\/si\/#\/schema\/person\/image\/\",\"url\":\"https:\/\/secure.gravatar.com\/avatar\/e13d22ac3e442658d5025fbbe6238a79?s=96&d=mm&r=g\",\"contentUrl\":\"https:\/\/secure.gravatar.com\/avatar\/e13d22ac3e442658d5025fbbe6238a79?s=96&d=mm&r=g\",\"caption\":\"A. G., STA\"},\"url\":\"https:\/\/hudo.com\/si\/author\/alenka\/\"}]}<\/script>\n<!-- \/ Yoast SEO plugin. -->","yoast_head_json":{"title":"Pomagajmo najti 14-letnega Matija\u0161a Joti\u0107a: Od\u0161el v \u0161olo, a na avtobus ni vstopil - Hudo Slovenija","robots":{"index":"index","follow":"follow","max-snippet":"max-snippet:-1","max-image-preview":"max-image-preview:large","max-video-preview":"max-video-preview:-1"},"canonical":"https:\/\/hudo.com\/si\/aktualno\/pomagajmo-najti-14-letnega-matijasa-jotica-odsel-v-solo-na-avtobus-ni-vstopil\/","og_locale":"sl_SI","og_type":"article","og_title":"Pomagajmo najti 14-letnega Matija\u0161a Joti\u0107a: Od\u0161el v \u0161olo, a na avtobus ni vstopil - Hudo Slovenija","og_description":"Od \u010detrtka zjutraj pogre\u0161ajo 14-letnega Matija\u0161a Joti\u0107a iz Lo\u010dice ob Savinji. Kot so sporo\u010dili s Policijske uprave Celje, je zjutraj od doma od\u0161el v \u0161olo, vendar na avtobus, s katerim se vozi v \u017dalec, ni vstopil.","og_url":"https:\/\/hudo.com\/si\/aktualno\/pomagajmo-najti-14-letnega-matijasa-jotica-odsel-v-solo-na-avtobus-ni-vstopil\/","og_site_name":"Hudo Slovenija","article_publisher":"https:\/\/www.facebook.com\/hudo.si","article_published_time":"2018-02-23T14:44:52+00:00","og_image":[{"width":497,"height":640,"url":"https:\/\/hudo.com\/si\/wp-content\/uploads\/sites\/2\/2018\/02\/20180223-00843035.jpg","type":"image\/jpeg"}],"author":"A. G., STA","twitter_card":"summary_large_image","twitter_creator":"@hudo_si","twitter_site":"@hudo_si","twitter_misc":{"Written by":"A. G., STA"},"schema":{"@context":"https:\/\/schema.org","@graph":[{"@type":"Article","@id":"https:\/\/hudo.com\/si\/aktualno\/pomagajmo-najti-14-letnega-matijasa-jotica-odsel-v-solo-na-avtobus-ni-vstopil\/#article","isPartOf":{"@id":"https:\/\/hudo.com\/si\/aktualno\/pomagajmo-najti-14-letnega-matijasa-jotica-odsel-v-solo-na-avtobus-ni-vstopil\/"},"author":{"name":"A. G., STA","@id":"https:\/\/hudo.com\/si\/#\/schema\/person\/2391667a63ea075ba94f2f2dc6b77537"},"headline":"Pomagajmo najti 14-letnega Matija\u0161a Joti\u0107a: Od\u0161el v \u0161olo, a na avtobus ni vstopil","datePublished":"2018-02-23T14:44:52+00:00","dateModified":"2018-02-23T14:44:52+00:00","mainEntityOfPage":{"@id":"https:\/\/hudo.com\/si\/aktualno\/pomagajmo-najti-14-letnega-matijasa-jotica-odsel-v-solo-na-avtobus-ni-vstopil\/"},"wordCount":110,"publisher":{"@id":"https:\/\/hudo.com\/si\/#organization"},"keywords":["Matija\u0161 Joti\u0107","pogre\u0161ani","Slovenija"],"articleSection":["Aktualno"],"inLanguage":"sl-SI"},{"@type":"WebPage","@id":"https:\/\/hudo.com\/si\/aktualno\/pomagajmo-najti-14-letnega-matijasa-jotica-odsel-v-solo-na-avtobus-ni-vstopil\/","url":"https:\/\/hudo.com\/si\/aktualno\/pomagajmo-najti-14-letnega-matijasa-jotica-odsel-v-solo-na-avtobus-ni-vstopil\/","name":"Pomagajmo najti 14-letnega Matija\u0161a Joti\u0107a: Od\u0161el v \u0161olo, a na avtobus ni vstopil - Hudo Slovenija","isPartOf":{"@id":"https:\/\/hudo.com\/si\/#website"},"datePublished":"2018-02-23T14:44:52+00:00","dateModified":"2018-02-23T14:44:52+00:00","breadcrumb":{"@id":"https:\/\/hudo.com\/si\/aktualno\/pomagajmo-najti-14-letnega-matijasa-jotica-odsel-v-solo-na-avtobus-ni-vstopil\/#breadcrumb"},"inLanguage":"sl-SI","potentialAction":[{"@type":"ReadAction","target":["https:\/\/hudo.com\/si\/aktualno\/pomagajmo-najti-14-letnega-matijasa-jotica-odsel-v-solo-na-avtobus-ni-vstopil\/"]}]},{"@type":"BreadcrumbList","@id":"https:\/\/hudo.com\/si\/aktualno\/pomagajmo-najti-14-letnega-matijasa-jotica-odsel-v-solo-na-avtobus-ni-vstopil\/#breadcrumb","itemListElement":[{"@type":"ListItem","position":1,"name":"Home","item":"https:\/\/hudo.com\/si\/"},{"@type":"ListItem","position":2,"name":"Pomagajmo najti 14-letnega Matija\u0161a Joti\u0107a: Od\u0161el v \u0161olo, a na avtobus ni vstopil"}]},{"@type":"WebSite","@id":"https:\/\/hudo.com\/si\/#website","url":"https:\/\/hudo.com\/si\/","name":"Hudo Slovenija","description":"Vse novice iz Slovenije in sveta","publisher":{"@id":"https:\/\/hudo.com\/si\/#organization"},"potentialAction":[{"@type":"SearchAction","target":{"@type":"EntryPoint","urlTemplate":"https:\/\/hudo.com\/si\/?s={search_term_string}"},"query-input":"required name=search_term_string"}],"inLanguage":"sl-SI"},{"@type":"Organization","@id":"https:\/\/hudo.com\/si\/#organization","name":"VSN Media","url":"https:\/\/hudo.com\/si\/","logo":{"@type":"ImageObject","inLanguage":"sl-SI","@id":"https:\/\/hudo.com\/si\/#\/schema\/logo\/image\/","url":"https:\/\/hudo.com\/si\/wp-content\/uploads\/sites\/2\/2021\/03\/hudo-app-2.png","contentUrl":"https:\/\/hudo.com\/si\/wp-content\/uploads\/sites\/2\/2021\/03\/hudo-app-2.png","width":2185,"height":2167,"caption":"VSN Media"},"image":{"@id":"https:\/\/hudo.com\/si\/#\/schema\/logo\/image\/"},"sameAs":["https:\/\/www.facebook.com\/hudo.si","https:\/\/twitter.com\/hudo_si"]},{"@type":"Person","@id":"https:\/\/hudo.com\/si\/#\/schema\/person\/2391667a63ea075ba94f2f2dc6b77537","name":"A. G., STA","image":{"@type":"ImageObject","inLanguage":"sl-SI","@id":"https:\/\/hudo.com\/si\/#\/schema\/person\/image\/","url":"https:\/\/secure.gravatar.com\/avatar\/e13d22ac3e442658d5025fbbe6238a79?s=96&d=mm&r=g","contentUrl":"https:\/\/secure.gravatar.com\/avatar\/e13d22ac3e442658d5025fbbe6238a79?s=96&d=mm&r=g","caption":"A. G., STA"},"url":"https:\/\/hudo.com\/si\/author\/alenka\/"}]}},"amp_enabled":true,"_links":{"self":[{"href":"https:\/\/hudo.com\/si\/wp-json\/wp\/v2\/posts\/364682"}],"collection":[{"href":"https:\/\/hudo.com\/si\/wp-json\/wp\/v2\/posts"}],"about":[{"href":"https:\/\/hudo.com\/si\/wp-json\/wp\/v2\/types\/post"}],"author":[{"embeddable":true,"href":"https:\/\/hudo.com\/si\/wp-json\/wp\/v2\/users\/5"}],"replies":[{"embeddable":true,"href":"https:\/\/hudo.com\/si\/wp-json\/wp\/v2\/comments?post=364682"}],"version-history":[{"count":1,"href":"https:\/\/hudo.com\/si\/wp-json\/wp\/v2\/posts\/364682\/revisions"}],"predecessor-version":[{"id":364684,"href":"https:\/\/hudo.com\/si\/wp-json\/wp\/v2\/posts\/364682\/revisions\/364684"}],"wp:featuredmedia":[{"embeddable":true,"href":"https:\/\/hudo.com\/si\/wp-json\/wp\/v2\/media\/364683"}],"wp:attachment":[{"href":"https:\/\/hudo.com\/si\/wp-json\/wp\/v2\/media?parent=364682"}],"wp:term":[{"taxonomy":"category","embeddable":true,"href":"https:\/\/hudo.com\/si\/wp-json\/wp\/v2\/categories?post=364682"},{"taxonomy":"post_tag","embeddable":true,"href":"https:\/\/hudo.com\/si\/wp-json\/wp\/v2\/tags?post=364682"},{"taxonomy":"source","embeddable":true,"href":"https:\/\/hudo.com\/si\/wp-json\/wp\/v2\/source?post=364682"},{"taxonomy":"supertag","embeddable":true,"href":"https:\/\/hudo.com\/si\/wp-json\/wp\/v2\/supertag?post=364682"}],"curies":[{"name":"wp","href":"https:\/\/api.w.org\/{rel}","templated":true}]}}