{"id":365011,"date":"2018-02-24T17:11:33","date_gmt":"2018-02-24T16:11:33","guid":{"rendered":"http:\/\/hudo.com\/si\/?p=365011"},"modified":"2018-02-24T17:11:33","modified_gmt":"2018-02-24T16:11:33","slug":"vidmar-se-vraca-v-turcijo-kapetanski-trak-prepelicu","status":"publish","type":"post","link":"https:\/\/hudo.com\/si\/aktualno\/vidmar-se-vraca-v-turcijo-kapetanski-trak-prepelicu\/","title":{"rendered":"Vidmar se vra\u010da v Tur\u010dijo, kapetanski trak Prepeli\u010du"},"content":{"rendered":"<div class=\"text\">\n<p>Slovenska mo\u0161ka \u010dlanska reprezentanca je v petek dosegla pomembno zmago nad \u010crno goro in tako vknji\u017eila drugi par to\u010dk v kvalifikacijah za SP. Veliko vlogo pri zmagi izbrane vrste je odigral tudi kapetan Ga\u0161per Vidmar, ki je pred drugim ciklom kvalifikacij zbolel in tri dni pre\u017eivel v bolni\u0161nici.<\/p>\n<p>Po sre\u010danju proti \u010crni gori je Vidmar opravil pogovor s selektorjem ter vodstvom KZS ter se dogovoril, da se vrne k svojemu delodajalcu.<\/p>\n<p>&#8220;Prvi kontakt med reprezentan\u010dnim in klubskim zdravnikom ter mano in trenerjem Filipovskim (Sa\u0161o; op. STA) je bil vzpostavljen \u017ee pred \u0161tirinajstimi dnevi. \u017delja kluba je bila, da se Vidmar zaradi bolezni tokrat ne pridru\u017ei izbrani vrsti,&#8221; je povedal selektor Trifunovi\u0107. &#8220;Klub smo zaprosili, da Vidmarja vseeno spusti, saj bo tudi pri nas pod zdravni\u0161ko oskrbo. Pri Banvitu nad idejo niso bili najbolj navdu\u0161eni, vseeno pa pustili Vidmarju, da oble\u010de slovenski dres tudi v drugem ciklu. V izogib te\u017eavam s klubom smo se po tekmi s \u010crno goro dogovorili, da se Ga\u0161per vrne v Tur\u010dijo. Ob tej prilo\u017enosti bi se zahvalili Banvitu za zaupanje ter Vidmarju, ki je stisnil zobe in nam pomagal do zmage v Podgorici.&#8221;<\/p>\n<p>Trifunovi\u0107 ima za ponedeljkov obra\u010dun z Belorusi na voljo 13 ko\u0161arkarjev.<\/p>\n<\/div>\n","protected":false},"excerpt":{"rendered":"<p>Iz Ko\u0161arkarske zveze Slovenije so sporo\u010dili, da so se selektor mo\u0161ke reprezentance Rado Trifunovi\u0107, vodstvo KZS in Ga\u0161per Vidmar odlo\u010dili, da se 30-letni center po petkovem obra\u010dunu s \u010crno goro vrne k svojemu delodajalcu, tur\u0161kemu Banvitu. Slovenija je sicer \u017ee pripotovala v Minsk, kapetanski trak pa bo na tekmi z Belorusijo nosil Klemen Prepeli\u010d.<\/p>\n","protected":false},"author":5,"featured_media":365012,"comment_status":"closed","ping_status":"closed","sticky":false,"template":"","format":"standard","meta":{"footnotes":""},"categories":[1179],"tags":[9787,9510,2085,6618,1595],"source":[4511],"supertag":[6098],"acf":[],"yoast_head":"<!-- This site is optimized with the Yoast SEO plugin v21.3 - https:\/\/yoast.com\/wordpress\/plugins\/seo\/ -->\n<title>Vidmar se vra\u010da v Tur\u010dijo, kapetanski trak Prepeli\u010du - Hudo Slovenija<\/title>\n<meta name=\"robots\" content=\"index, follow, max-snippet:-1, max-image-preview:large, max-video-preview:-1\" \/>\n<link rel=\"canonical\" href=\"https:\/\/hudo.com\/si\/aktualno\/vidmar-se-vraca-v-turcijo-kapetanski-trak-prepelicu\/\" \/>\n<meta property=\"og:locale\" content=\"sl_SI\" \/>\n<meta property=\"og:type\" content=\"article\" \/>\n<meta property=\"og:title\" content=\"Vidmar se vra\u010da v Tur\u010dijo, kapetanski trak Prepeli\u010du - Hudo Slovenija\" \/>\n<meta property=\"og:description\" content=\"Iz Ko\u0161arkarske zveze Slovenije so sporo\u010dili, da so se selektor mo\u0161ke reprezentance Rado Trifunovi\u0107, vodstvo KZS in Ga\u0161per Vidmar odlo\u010dili, da se 30-letni center po petkovem obra\u010dunu s \u010crno goro vrne k svojemu delodajalcu, tur\u0161kemu Banvitu. Slovenija je sicer \u017ee pripotovala v Minsk, kapetanski trak pa bo na tekmi z Belorusijo nosil Klemen Prepeli\u010d.\" \/>\n<meta property=\"og:url\" content=\"https:\/\/hudo.com\/si\/aktualno\/vidmar-se-vraca-v-turcijo-kapetanski-trak-prepelicu\/\" \/>\n<meta property=\"og:site_name\" content=\"Hudo Slovenija\" \/>\n<meta property=\"article:publisher\" content=\"https:\/\/www.facebook.com\/hudo.si\" \/>\n<meta property=\"article:published_time\" content=\"2018-02-24T16:11:33+00:00\" \/>\n<meta property=\"og:image\" content=\"https:\/\/hudo.com\/si\/wp-content\/uploads\/sites\/2\/2018\/02\/profimedia-0348509701.jpg\" \/>\n\t<meta property=\"og:image:width\" content=\"1250\" \/>\n\t<meta property=\"og:image:height\" content=\"833\" \/>\n\t<meta property=\"og:image:type\" content=\"image\/jpeg\" \/>\n<meta name=\"author\" content=\"A. G., STA\" \/>\n<meta name=\"twitter:card\" content=\"summary_large_image\" \/>\n<meta name=\"twitter:creator\" content=\"@hudo_si\" \/>\n<meta name=\"twitter:site\" content=\"@hudo_si\" \/>\n<meta name=\"twitter:label1\" content=\"Written by\" \/>\n\t<meta name=\"twitter:data1\" content=\"A. G., STA\" \/>\n\t<meta name=\"twitter:label2\" content=\"Est. reading time\" \/>\n\t<meta name=\"twitter:data2\" content=\"1 minuta\" \/>\n<script type=\"application\/ld+json\" class=\"yoast-schema-graph\">{\"@context\":\"https:\/\/schema.org\",\"@graph\":[{\"@type\":\"Article\",\"@id\":\"https:\/\/hudo.com\/si\/aktualno\/vidmar-se-vraca-v-turcijo-kapetanski-trak-prepelicu\/#article\",\"isPartOf\":{\"@id\":\"https:\/\/hudo.com\/si\/aktualno\/vidmar-se-vraca-v-turcijo-kapetanski-trak-prepelicu\/\"},\"author\":{\"name\":\"A. G., STA\",\"@id\":\"https:\/\/hudo.com\/si\/#\/schema\/person\/2391667a63ea075ba94f2f2dc6b77537\"},\"headline\":\"Vidmar se vra\u010da v Tur\u010dijo, kapetanski trak Prepeli\u010du\",\"datePublished\":\"2018-02-24T16:11:33+00:00\",\"dateModified\":\"2018-02-24T16:11:33+00:00\",\"mainEntityOfPage\":{\"@id\":\"https:\/\/hudo.com\/si\/aktualno\/vidmar-se-vraca-v-turcijo-kapetanski-trak-prepelicu\/\"},\"wordCount\":227,\"publisher\":{\"@id\":\"https:\/\/hudo.com\/si\/#organization\"},\"keywords\":[\"Ga\u0161per Vidmar\",\"Klemen Prepeli\u010d\",\"ko\u0161arka\",\"kvalifikacije\",\"Slovenija\"],\"articleSection\":[\"Aktualno\"],\"inLanguage\":\"sl-SI\"},{\"@type\":\"WebPage\",\"@id\":\"https:\/\/hudo.com\/si\/aktualno\/vidmar-se-vraca-v-turcijo-kapetanski-trak-prepelicu\/\",\"url\":\"https:\/\/hudo.com\/si\/aktualno\/vidmar-se-vraca-v-turcijo-kapetanski-trak-prepelicu\/\",\"name\":\"Vidmar se vra\u010da v Tur\u010dijo, kapetanski trak Prepeli\u010du - Hudo Slovenija\",\"isPartOf\":{\"@id\":\"https:\/\/hudo.com\/si\/#website\"},\"datePublished\":\"2018-02-24T16:11:33+00:00\",\"dateModified\":\"2018-02-24T16:11:33+00:00\",\"breadcrumb\":{\"@id\":\"https:\/\/hudo.com\/si\/aktualno\/vidmar-se-vraca-v-turcijo-kapetanski-trak-prepelicu\/#breadcrumb\"},\"inLanguage\":\"sl-SI\",\"potentialAction\":[{\"@type\":\"ReadAction\",\"target\":[\"https:\/\/hudo.com\/si\/aktualno\/vidmar-se-vraca-v-turcijo-kapetanski-trak-prepelicu\/\"]}]},{\"@type\":\"BreadcrumbList\",\"@id\":\"https:\/\/hudo.com\/si\/aktualno\/vidmar-se-vraca-v-turcijo-kapetanski-trak-prepelicu\/#breadcrumb\",\"itemListElement\":[{\"@type\":\"ListItem\",\"position\":1,\"name\":\"Home\",\"item\":\"https:\/\/hudo.com\/si\/\"},{\"@type\":\"ListItem\",\"position\":2,\"name\":\"Vidmar se vra\u010da v Tur\u010dijo, kapetanski trak Prepeli\u010du\"}]},{\"@type\":\"WebSite\",\"@id\":\"https:\/\/hudo.com\/si\/#website\",\"url\":\"https:\/\/hudo.com\/si\/\",\"name\":\"Hudo Slovenija\",\"description\":\"Vse novice iz Slovenije in sveta\",\"publisher\":{\"@id\":\"https:\/\/hudo.com\/si\/#organization\"},\"potentialAction\":[{\"@type\":\"SearchAction\",\"target\":{\"@type\":\"EntryPoint\",\"urlTemplate\":\"https:\/\/hudo.com\/si\/?s={search_term_string}\"},\"query-input\":\"required name=search_term_string\"}],\"inLanguage\":\"sl-SI\"},{\"@type\":\"Organization\",\"@id\":\"https:\/\/hudo.com\/si\/#organization\",\"name\":\"VSN Media\",\"url\":\"https:\/\/hudo.com\/si\/\",\"logo\":{\"@type\":\"ImageObject\",\"inLanguage\":\"sl-SI\",\"@id\":\"https:\/\/hudo.com\/si\/#\/schema\/logo\/image\/\",\"url\":\"https:\/\/hudo.com\/si\/wp-content\/uploads\/sites\/2\/2021\/03\/hudo-app-2.png\",\"contentUrl\":\"https:\/\/hudo.com\/si\/wp-content\/uploads\/sites\/2\/2021\/03\/hudo-app-2.png\",\"width\":2185,\"height\":2167,\"caption\":\"VSN Media\"},\"image\":{\"@id\":\"https:\/\/hudo.com\/si\/#\/schema\/logo\/image\/\"},\"sameAs\":[\"https:\/\/www.facebook.com\/hudo.si\",\"https:\/\/twitter.com\/hudo_si\"]},{\"@type\":\"Person\",\"@id\":\"https:\/\/hudo.com\/si\/#\/schema\/person\/2391667a63ea075ba94f2f2dc6b77537\",\"name\":\"A. G., STA\",\"image\":{\"@type\":\"ImageObject\",\"inLanguage\":\"sl-SI\",\"@id\":\"https:\/\/hudo.com\/si\/#\/schema\/person\/image\/\",\"url\":\"https:\/\/secure.gravatar.com\/avatar\/e13d22ac3e442658d5025fbbe6238a79?s=96&d=mm&r=g\",\"contentUrl\":\"https:\/\/secure.gravatar.com\/avatar\/e13d22ac3e442658d5025fbbe6238a79?s=96&d=mm&r=g\",\"caption\":\"A. G., STA\"},\"url\":\"https:\/\/hudo.com\/si\/author\/alenka\/\"}]}<\/script>\n<!-- \/ Yoast SEO plugin. -->","yoast_head_json":{"title":"Vidmar se vra\u010da v Tur\u010dijo, kapetanski trak Prepeli\u010du - Hudo Slovenija","robots":{"index":"index","follow":"follow","max-snippet":"max-snippet:-1","max-image-preview":"max-image-preview:large","max-video-preview":"max-video-preview:-1"},"canonical":"https:\/\/hudo.com\/si\/aktualno\/vidmar-se-vraca-v-turcijo-kapetanski-trak-prepelicu\/","og_locale":"sl_SI","og_type":"article","og_title":"Vidmar se vra\u010da v Tur\u010dijo, kapetanski trak Prepeli\u010du - Hudo Slovenija","og_description":"Iz Ko\u0161arkarske zveze Slovenije so sporo\u010dili, da so se selektor mo\u0161ke reprezentance Rado Trifunovi\u0107, vodstvo KZS in Ga\u0161per Vidmar odlo\u010dili, da se 30-letni center po petkovem obra\u010dunu s \u010crno goro vrne k svojemu delodajalcu, tur\u0161kemu Banvitu. Slovenija je sicer \u017ee pripotovala v Minsk, kapetanski trak pa bo na tekmi z Belorusijo nosil Klemen Prepeli\u010d.","og_url":"https:\/\/hudo.com\/si\/aktualno\/vidmar-se-vraca-v-turcijo-kapetanski-trak-prepelicu\/","og_site_name":"Hudo Slovenija","article_publisher":"https:\/\/www.facebook.com\/hudo.si","article_published_time":"2018-02-24T16:11:33+00:00","og_image":[{"width":1250,"height":833,"url":"https:\/\/hudo.com\/si\/wp-content\/uploads\/sites\/2\/2018\/02\/profimedia-0348509701.jpg","type":"image\/jpeg"}],"author":"A. G., STA","twitter_card":"summary_large_image","twitter_creator":"@hudo_si","twitter_site":"@hudo_si","twitter_misc":{"Written by":"A. G., STA","Est. reading time":"1 minuta"},"schema":{"@context":"https:\/\/schema.org","@graph":[{"@type":"Article","@id":"https:\/\/hudo.com\/si\/aktualno\/vidmar-se-vraca-v-turcijo-kapetanski-trak-prepelicu\/#article","isPartOf":{"@id":"https:\/\/hudo.com\/si\/aktualno\/vidmar-se-vraca-v-turcijo-kapetanski-trak-prepelicu\/"},"author":{"name":"A. G., STA","@id":"https:\/\/hudo.com\/si\/#\/schema\/person\/2391667a63ea075ba94f2f2dc6b77537"},"headline":"Vidmar se vra\u010da v Tur\u010dijo, kapetanski trak Prepeli\u010du","datePublished":"2018-02-24T16:11:33+00:00","dateModified":"2018-02-24T16:11:33+00:00","mainEntityOfPage":{"@id":"https:\/\/hudo.com\/si\/aktualno\/vidmar-se-vraca-v-turcijo-kapetanski-trak-prepelicu\/"},"wordCount":227,"publisher":{"@id":"https:\/\/hudo.com\/si\/#organization"},"keywords":["Ga\u0161per Vidmar","Klemen Prepeli\u010d","ko\u0161arka","kvalifikacije","Slovenija"],"articleSection":["Aktualno"],"inLanguage":"sl-SI"},{"@type":"WebPage","@id":"https:\/\/hudo.com\/si\/aktualno\/vidmar-se-vraca-v-turcijo-kapetanski-trak-prepelicu\/","url":"https:\/\/hudo.com\/si\/aktualno\/vidmar-se-vraca-v-turcijo-kapetanski-trak-prepelicu\/","name":"Vidmar se vra\u010da v Tur\u010dijo, kapetanski trak Prepeli\u010du - Hudo Slovenija","isPartOf":{"@id":"https:\/\/hudo.com\/si\/#website"},"datePublished":"2018-02-24T16:11:33+00:00","dateModified":"2018-02-24T16:11:33+00:00","breadcrumb":{"@id":"https:\/\/hudo.com\/si\/aktualno\/vidmar-se-vraca-v-turcijo-kapetanski-trak-prepelicu\/#breadcrumb"},"inLanguage":"sl-SI","potentialAction":[{"@type":"ReadAction","target":["https:\/\/hudo.com\/si\/aktualno\/vidmar-se-vraca-v-turcijo-kapetanski-trak-prepelicu\/"]}]},{"@type":"BreadcrumbList","@id":"https:\/\/hudo.com\/si\/aktualno\/vidmar-se-vraca-v-turcijo-kapetanski-trak-prepelicu\/#breadcrumb","itemListElement":[{"@type":"ListItem","position":1,"name":"Home","item":"https:\/\/hudo.com\/si\/"},{"@type":"ListItem","position":2,"name":"Vidmar se vra\u010da v Tur\u010dijo, kapetanski trak Prepeli\u010du"}]},{"@type":"WebSite","@id":"https:\/\/hudo.com\/si\/#website","url":"https:\/\/hudo.com\/si\/","name":"Hudo Slovenija","description":"Vse novice iz Slovenije in sveta","publisher":{"@id":"https:\/\/hudo.com\/si\/#organization"},"potentialAction":[{"@type":"SearchAction","target":{"@type":"EntryPoint","urlTemplate":"https:\/\/hudo.com\/si\/?s={search_term_string}"},"query-input":"required name=search_term_string"}],"inLanguage":"sl-SI"},{"@type":"Organization","@id":"https:\/\/hudo.com\/si\/#organization","name":"VSN Media","url":"https:\/\/hudo.com\/si\/","logo":{"@type":"ImageObject","inLanguage":"sl-SI","@id":"https:\/\/hudo.com\/si\/#\/schema\/logo\/image\/","url":"https:\/\/hudo.com\/si\/wp-content\/uploads\/sites\/2\/2021\/03\/hudo-app-2.png","contentUrl":"https:\/\/hudo.com\/si\/wp-content\/uploads\/sites\/2\/2021\/03\/hudo-app-2.png","width":2185,"height":2167,"caption":"VSN Media"},"image":{"@id":"https:\/\/hudo.com\/si\/#\/schema\/logo\/image\/"},"sameAs":["https:\/\/www.facebook.com\/hudo.si","https:\/\/twitter.com\/hudo_si"]},{"@type":"Person","@id":"https:\/\/hudo.com\/si\/#\/schema\/person\/2391667a63ea075ba94f2f2dc6b77537","name":"A. G., STA","image":{"@type":"ImageObject","inLanguage":"sl-SI","@id":"https:\/\/hudo.com\/si\/#\/schema\/person\/image\/","url":"https:\/\/secure.gravatar.com\/avatar\/e13d22ac3e442658d5025fbbe6238a79?s=96&d=mm&r=g","contentUrl":"https:\/\/secure.gravatar.com\/avatar\/e13d22ac3e442658d5025fbbe6238a79?s=96&d=mm&r=g","caption":"A. G., STA"},"url":"https:\/\/hudo.com\/si\/author\/alenka\/"}]}},"amp_enabled":true,"_links":{"self":[{"href":"https:\/\/hudo.com\/si\/wp-json\/wp\/v2\/posts\/365011"}],"collection":[{"href":"https:\/\/hudo.com\/si\/wp-json\/wp\/v2\/posts"}],"about":[{"href":"https:\/\/hudo.com\/si\/wp-json\/wp\/v2\/types\/post"}],"author":[{"embeddable":true,"href":"https:\/\/hudo.com\/si\/wp-json\/wp\/v2\/users\/5"}],"replies":[{"embeddable":true,"href":"https:\/\/hudo.com\/si\/wp-json\/wp\/v2\/comments?post=365011"}],"version-history":[{"count":1,"href":"https:\/\/hudo.com\/si\/wp-json\/wp\/v2\/posts\/365011\/revisions"}],"predecessor-version":[{"id":365024,"href":"https:\/\/hudo.com\/si\/wp-json\/wp\/v2\/posts\/365011\/revisions\/365024"}],"wp:featuredmedia":[{"embeddable":true,"href":"https:\/\/hudo.com\/si\/wp-json\/wp\/v2\/media\/365012"}],"wp:attachment":[{"href":"https:\/\/hudo.com\/si\/wp-json\/wp\/v2\/media?parent=365011"}],"wp:term":[{"taxonomy":"category","embeddable":true,"href":"https:\/\/hudo.com\/si\/wp-json\/wp\/v2\/categories?post=365011"},{"taxonomy":"post_tag","embeddable":true,"href":"https:\/\/hudo.com\/si\/wp-json\/wp\/v2\/tags?post=365011"},{"taxonomy":"source","embeddable":true,"href":"https:\/\/hudo.com\/si\/wp-json\/wp\/v2\/source?post=365011"},{"taxonomy":"supertag","embeddable":true,"href":"https:\/\/hudo.com\/si\/wp-json\/wp\/v2\/supertag?post=365011"}],"curies":[{"name":"wp","href":"https:\/\/api.w.org\/{rel}","templated":true}]}}