{"id":365036,"date":"2018-02-24T18:28:00","date_gmt":"2018-02-24T17:28:00","guid":{"rendered":"https:\/\/hudo.com\/si\/2018\/02\/24\/v-spomin-na-boj-14-divizije\/"},"modified":"2018-02-24T18:28:00","modified_gmt":"2018-02-24T17:28:00","slug":"v-spomin-na-boj-14-divizije","status":"publish","type":"post","link":"https:\/\/hudo.com\/si\/aktualno\/v-spomin-na-boj-14-divizije\/","title":{"rendered":"V spomin na boj 14. divizije"},"content":{"rendered":"<p>Kategorija: Slovenija Sat, 24 Feb 2018 19:28:00 +0100  Ravne na Koro\u0161kem &#8211; Ministrica za obrambo Andreja Kati\u010d se je danes udele\u017eila slovesnosti v Ravnah in \u0160o\u0161tanju v spomin na 14. divizijo. Poudarila je, da je bila poleg borbe proti fa\u0161izmu in nacizmu pomembna tudi borba za socialno pravi\u010dnost, ki se je po drugi svetovni vojni skupaj s solidarnostjo uveljavila na zavidljivi ravni, danes pa je primanjkuje. \u00bbTudi pri dostopanju do javnih dobrin, kot je na primer zdravstvo, je vse preve\u010d pomembno, koliko je kdo premo\u017een. In to kljub temu, da smo v ta sistem skupaj vlagali in ga gradili vsi. To so tiste bole\u010de rane, ki na\u010denjajo na\u0161o bit. In to so stvari, za katere je prav, da povzdignemo svoj glas,\u00ab je med drugim dejala Kati\u010deva. \u017dupan \u0160o\u0161tanja Darko Menih je medtem povedal, da \u010dlove\u0161ko slo po bogastvu, po mo\u010di\u00a0&#8230;<\/p>\n","protected":false},"excerpt":{"rendered":"<p>Kategorija: Slovenija Sat, 24 Feb 2018 19:28:00 +0100  Ravne na Koro\u0161kem &#8211; Ministrica za obrambo Andreja Kati\u010d se je danes udele\u017eila slovesnosti v Ravnah in \u0160o\u0161tanju v spomin na 14. divizijo. Poudarila je, da je bila poleg borbe proti fa\u0161izmu in nacizmu pomembna tudi borba za socialno pravi\u010dnost, ki se je po drugi svetovni vojni skupaj s solidarnostjo uveljavila na zavidljivi ravni, danes pa je primanjkuje. \u00bbTudi pri dostopanju do javnih dobrin, kot je na primer zdravstvo, je vse preve\u010d pomembno, koliko je kdo premo\u017een. In to kljub temu, da smo v ta sistem skupaj vlagali in ga gradili vsi. To so tiste bole\u010de rane, ki na\u010denjajo na\u0161o bit. In to so stvari, za katere je prav, da povzdignemo svoj glas,\u00ab je med drugim dejala Kati\u010deva. \u017dupan \u0160o\u0161tanja Darko Menih je medtem povedal, da \u010dlove\u0161ko slo po bogastvu, po mo\u010di\u00a0&#8230;<\/p>\n","protected":false},"author":1,"featured_media":0,"comment_status":"closed","ping_status":"closed","sticky":false,"template":"","format":"standard","meta":{"footnotes":""},"categories":[1179],"tags":[],"source":[1703],"supertag":[],"acf":[],"yoast_head":"<!-- This site is optimized with the Yoast SEO plugin v21.3 - https:\/\/yoast.com\/wordpress\/plugins\/seo\/ -->\n<title>V spomin na boj 14. divizije - Hudo Slovenija<\/title>\n<meta name=\"robots\" content=\"index, follow, max-snippet:-1, max-image-preview:large, max-video-preview:-1\" \/>\n<link rel=\"canonical\" href=\"https:\/\/hudo.com\/si\/aktualno\/v-spomin-na-boj-14-divizije\/\" \/>\n<meta property=\"og:locale\" content=\"sl_SI\" \/>\n<meta property=\"og:type\" content=\"article\" \/>\n<meta property=\"og:title\" content=\"V spomin na boj 14. divizije - Hudo Slovenija\" \/>\n<meta property=\"og:description\" content=\"Kategorija: Slovenija Sat, 24 Feb 2018 19:28:00 +0100 Ravne na Koro\u0161kem - Ministrica za obrambo Andreja Kati\u010d se je danes udele\u017eila slovesnosti v Ravnah in \u0160o\u0161tanju v spomin na 14. divizijo. Poudarila je, da je bila poleg borbe proti fa\u0161izmu in nacizmu pomembna tudi borba za socialno pravi\u010dnost, ki se je po drugi svetovni vojni skupaj s solidarnostjo uveljavila na zavidljivi ravni, danes pa je primanjkuje. \u00bbTudi pri dostopanju do javnih dobrin, kot je na primer zdravstvo, je vse preve\u010d pomembno, koliko je kdo premo\u017een. In to kljub temu, da smo v ta sistem skupaj vlagali in ga gradili vsi. To so tiste bole\u010de rane, ki na\u010denjajo na\u0161o bit. In to so stvari, za katere je prav, da povzdignemo svoj glas,\u00ab je med drugim dejala Kati\u010deva. \u017dupan \u0160o\u0161tanja Darko Menih je medtem povedal, da \u010dlove\u0161ko slo po bogastvu, po mo\u010di\u00a0...\" \/>\n<meta property=\"og:url\" content=\"https:\/\/hudo.com\/si\/aktualno\/v-spomin-na-boj-14-divizije\/\" \/>\n<meta property=\"og:site_name\" content=\"Hudo Slovenija\" \/>\n<meta property=\"article:publisher\" content=\"https:\/\/www.facebook.com\/hudo.si\" \/>\n<meta property=\"article:published_time\" content=\"2018-02-24T17:28:00+00:00\" \/>\n<meta property=\"og:image\" content=\"https:\/\/hudo.com\/si\/wp-content\/uploads\/sites\/2\/2018\/02\/480x290_djvu_669145_mojcaza_-ipi-MNENJA-SOBOTNA.jpeg\" \/>\n\t<meta property=\"og:image:width\" content=\"480\" \/>\n\t<meta property=\"og:image:height\" content=\"290\" \/>\n\t<meta property=\"og:image:type\" content=\"image\/jpeg\" \/>\n<meta name=\"author\" content=\"hudo\" \/>\n<meta name=\"twitter:card\" content=\"summary_large_image\" \/>\n<meta name=\"twitter:creator\" content=\"@hudo_si\" \/>\n<meta name=\"twitter:site\" content=\"@hudo_si\" \/>\n<meta name=\"twitter:label1\" content=\"Written by\" \/>\n\t<meta name=\"twitter:data1\" content=\"hudo\" \/>\n\t<meta name=\"twitter:label2\" content=\"Est. reading time\" \/>\n\t<meta name=\"twitter:data2\" content=\"1 minuta\" \/>\n<script type=\"application\/ld+json\" class=\"yoast-schema-graph\">{\"@context\":\"https:\/\/schema.org\",\"@graph\":[{\"@type\":\"Article\",\"@id\":\"https:\/\/hudo.com\/si\/aktualno\/v-spomin-na-boj-14-divizije\/#article\",\"isPartOf\":{\"@id\":\"https:\/\/hudo.com\/si\/aktualno\/v-spomin-na-boj-14-divizije\/\"},\"author\":{\"name\":\"hudo\",\"@id\":\"https:\/\/hudo.com\/si\/#\/schema\/person\/601cf3379633985b20f7e50f2bb47707\"},\"headline\":\"V spomin na boj 14. divizije\",\"datePublished\":\"2018-02-24T17:28:00+00:00\",\"dateModified\":\"2018-02-24T17:28:00+00:00\",\"mainEntityOfPage\":{\"@id\":\"https:\/\/hudo.com\/si\/aktualno\/v-spomin-na-boj-14-divizije\/\"},\"wordCount\":153,\"publisher\":{\"@id\":\"https:\/\/hudo.com\/si\/#organization\"},\"articleSection\":[\"Aktualno\"],\"inLanguage\":\"sl-SI\"},{\"@type\":\"WebPage\",\"@id\":\"https:\/\/hudo.com\/si\/aktualno\/v-spomin-na-boj-14-divizije\/\",\"url\":\"https:\/\/hudo.com\/si\/aktualno\/v-spomin-na-boj-14-divizije\/\",\"name\":\"V spomin na boj 14. divizije - Hudo Slovenija\",\"isPartOf\":{\"@id\":\"https:\/\/hudo.com\/si\/#website\"},\"datePublished\":\"2018-02-24T17:28:00+00:00\",\"dateModified\":\"2018-02-24T17:28:00+00:00\",\"breadcrumb\":{\"@id\":\"https:\/\/hudo.com\/si\/aktualno\/v-spomin-na-boj-14-divizije\/#breadcrumb\"},\"inLanguage\":\"sl-SI\",\"potentialAction\":[{\"@type\":\"ReadAction\",\"target\":[\"https:\/\/hudo.com\/si\/aktualno\/v-spomin-na-boj-14-divizije\/\"]}]},{\"@type\":\"BreadcrumbList\",\"@id\":\"https:\/\/hudo.com\/si\/aktualno\/v-spomin-na-boj-14-divizije\/#breadcrumb\",\"itemListElement\":[{\"@type\":\"ListItem\",\"position\":1,\"name\":\"Home\",\"item\":\"https:\/\/hudo.com\/si\/\"},{\"@type\":\"ListItem\",\"position\":2,\"name\":\"V spomin na boj 14. divizije\"}]},{\"@type\":\"WebSite\",\"@id\":\"https:\/\/hudo.com\/si\/#website\",\"url\":\"https:\/\/hudo.com\/si\/\",\"name\":\"Hudo Slovenija\",\"description\":\"Vse novice iz Slovenije in sveta\",\"publisher\":{\"@id\":\"https:\/\/hudo.com\/si\/#organization\"},\"potentialAction\":[{\"@type\":\"SearchAction\",\"target\":{\"@type\":\"EntryPoint\",\"urlTemplate\":\"https:\/\/hudo.com\/si\/?s={search_term_string}\"},\"query-input\":\"required name=search_term_string\"}],\"inLanguage\":\"sl-SI\"},{\"@type\":\"Organization\",\"@id\":\"https:\/\/hudo.com\/si\/#organization\",\"name\":\"VSN Media\",\"url\":\"https:\/\/hudo.com\/si\/\",\"logo\":{\"@type\":\"ImageObject\",\"inLanguage\":\"sl-SI\",\"@id\":\"https:\/\/hudo.com\/si\/#\/schema\/logo\/image\/\",\"url\":\"https:\/\/hudo.com\/si\/wp-content\/uploads\/sites\/2\/2021\/03\/hudo-app-2.png\",\"contentUrl\":\"https:\/\/hudo.com\/si\/wp-content\/uploads\/sites\/2\/2021\/03\/hudo-app-2.png\",\"width\":2185,\"height\":2167,\"caption\":\"VSN Media\"},\"image\":{\"@id\":\"https:\/\/hudo.com\/si\/#\/schema\/logo\/image\/\"},\"sameAs\":[\"https:\/\/www.facebook.com\/hudo.si\",\"https:\/\/twitter.com\/hudo_si\"]},{\"@type\":\"Person\",\"@id\":\"https:\/\/hudo.com\/si\/#\/schema\/person\/601cf3379633985b20f7e50f2bb47707\",\"name\":\"hudo\",\"image\":{\"@type\":\"ImageObject\",\"inLanguage\":\"sl-SI\",\"@id\":\"https:\/\/hudo.com\/si\/#\/schema\/person\/image\/\",\"url\":\"https:\/\/secure.gravatar.com\/avatar\/c4ca25fa72cace7a696b52ff5db9e095?s=96&d=mm&r=g\",\"contentUrl\":\"https:\/\/secure.gravatar.com\/avatar\/c4ca25fa72cace7a696b52ff5db9e095?s=96&d=mm&r=g\",\"caption\":\"hudo\"},\"url\":\"https:\/\/hudo.com\/si\/author\/hudo\/\"}]}<\/script>\n<!-- \/ Yoast SEO plugin. -->","yoast_head_json":{"title":"V spomin na boj 14. divizije - Hudo Slovenija","robots":{"index":"index","follow":"follow","max-snippet":"max-snippet:-1","max-image-preview":"max-image-preview:large","max-video-preview":"max-video-preview:-1"},"canonical":"https:\/\/hudo.com\/si\/aktualno\/v-spomin-na-boj-14-divizije\/","og_locale":"sl_SI","og_type":"article","og_title":"V spomin na boj 14. divizije - Hudo Slovenija","og_description":"Kategorija: Slovenija Sat, 24 Feb 2018 19:28:00 +0100 Ravne na Koro\u0161kem - Ministrica za obrambo Andreja Kati\u010d se je danes udele\u017eila slovesnosti v Ravnah in \u0160o\u0161tanju v spomin na 14. divizijo. Poudarila je, da je bila poleg borbe proti fa\u0161izmu in nacizmu pomembna tudi borba za socialno pravi\u010dnost, ki se je po drugi svetovni vojni skupaj s solidarnostjo uveljavila na zavidljivi ravni, danes pa je primanjkuje. \u00bbTudi pri dostopanju do javnih dobrin, kot je na primer zdravstvo, je vse preve\u010d pomembno, koliko je kdo premo\u017een. In to kljub temu, da smo v ta sistem skupaj vlagali in ga gradili vsi. To so tiste bole\u010de rane, ki na\u010denjajo na\u0161o bit. In to so stvari, za katere je prav, da povzdignemo svoj glas,\u00ab je med drugim dejala Kati\u010deva. \u017dupan \u0160o\u0161tanja Darko Menih je medtem povedal, da \u010dlove\u0161ko slo po bogastvu, po mo\u010di\u00a0...","og_url":"https:\/\/hudo.com\/si\/aktualno\/v-spomin-na-boj-14-divizije\/","og_site_name":"Hudo Slovenija","article_publisher":"https:\/\/www.facebook.com\/hudo.si","article_published_time":"2018-02-24T17:28:00+00:00","og_image":[{"width":480,"height":290,"url":"https:\/\/hudo.com\/si\/wp-content\/uploads\/sites\/2\/2018\/02\/480x290_djvu_669145_mojcaza_-ipi-MNENJA-SOBOTNA.jpeg","type":"image\/jpeg"}],"author":"hudo","twitter_card":"summary_large_image","twitter_creator":"@hudo_si","twitter_site":"@hudo_si","twitter_misc":{"Written by":"hudo","Est. reading time":"1 minuta"},"schema":{"@context":"https:\/\/schema.org","@graph":[{"@type":"Article","@id":"https:\/\/hudo.com\/si\/aktualno\/v-spomin-na-boj-14-divizije\/#article","isPartOf":{"@id":"https:\/\/hudo.com\/si\/aktualno\/v-spomin-na-boj-14-divizije\/"},"author":{"name":"hudo","@id":"https:\/\/hudo.com\/si\/#\/schema\/person\/601cf3379633985b20f7e50f2bb47707"},"headline":"V spomin na boj 14. divizije","datePublished":"2018-02-24T17:28:00+00:00","dateModified":"2018-02-24T17:28:00+00:00","mainEntityOfPage":{"@id":"https:\/\/hudo.com\/si\/aktualno\/v-spomin-na-boj-14-divizije\/"},"wordCount":153,"publisher":{"@id":"https:\/\/hudo.com\/si\/#organization"},"articleSection":["Aktualno"],"inLanguage":"sl-SI"},{"@type":"WebPage","@id":"https:\/\/hudo.com\/si\/aktualno\/v-spomin-na-boj-14-divizije\/","url":"https:\/\/hudo.com\/si\/aktualno\/v-spomin-na-boj-14-divizije\/","name":"V spomin na boj 14. divizije - Hudo Slovenija","isPartOf":{"@id":"https:\/\/hudo.com\/si\/#website"},"datePublished":"2018-02-24T17:28:00+00:00","dateModified":"2018-02-24T17:28:00+00:00","breadcrumb":{"@id":"https:\/\/hudo.com\/si\/aktualno\/v-spomin-na-boj-14-divizije\/#breadcrumb"},"inLanguage":"sl-SI","potentialAction":[{"@type":"ReadAction","target":["https:\/\/hudo.com\/si\/aktualno\/v-spomin-na-boj-14-divizije\/"]}]},{"@type":"BreadcrumbList","@id":"https:\/\/hudo.com\/si\/aktualno\/v-spomin-na-boj-14-divizije\/#breadcrumb","itemListElement":[{"@type":"ListItem","position":1,"name":"Home","item":"https:\/\/hudo.com\/si\/"},{"@type":"ListItem","position":2,"name":"V spomin na boj 14. divizije"}]},{"@type":"WebSite","@id":"https:\/\/hudo.com\/si\/#website","url":"https:\/\/hudo.com\/si\/","name":"Hudo Slovenija","description":"Vse novice iz Slovenije in sveta","publisher":{"@id":"https:\/\/hudo.com\/si\/#organization"},"potentialAction":[{"@type":"SearchAction","target":{"@type":"EntryPoint","urlTemplate":"https:\/\/hudo.com\/si\/?s={search_term_string}"},"query-input":"required name=search_term_string"}],"inLanguage":"sl-SI"},{"@type":"Organization","@id":"https:\/\/hudo.com\/si\/#organization","name":"VSN Media","url":"https:\/\/hudo.com\/si\/","logo":{"@type":"ImageObject","inLanguage":"sl-SI","@id":"https:\/\/hudo.com\/si\/#\/schema\/logo\/image\/","url":"https:\/\/hudo.com\/si\/wp-content\/uploads\/sites\/2\/2021\/03\/hudo-app-2.png","contentUrl":"https:\/\/hudo.com\/si\/wp-content\/uploads\/sites\/2\/2021\/03\/hudo-app-2.png","width":2185,"height":2167,"caption":"VSN Media"},"image":{"@id":"https:\/\/hudo.com\/si\/#\/schema\/logo\/image\/"},"sameAs":["https:\/\/www.facebook.com\/hudo.si","https:\/\/twitter.com\/hudo_si"]},{"@type":"Person","@id":"https:\/\/hudo.com\/si\/#\/schema\/person\/601cf3379633985b20f7e50f2bb47707","name":"hudo","image":{"@type":"ImageObject","inLanguage":"sl-SI","@id":"https:\/\/hudo.com\/si\/#\/schema\/person\/image\/","url":"https:\/\/secure.gravatar.com\/avatar\/c4ca25fa72cace7a696b52ff5db9e095?s=96&d=mm&r=g","contentUrl":"https:\/\/secure.gravatar.com\/avatar\/c4ca25fa72cace7a696b52ff5db9e095?s=96&d=mm&r=g","caption":"hudo"},"url":"https:\/\/hudo.com\/si\/author\/hudo\/"}]}},"amp_enabled":true,"_links":{"self":[{"href":"https:\/\/hudo.com\/si\/wp-json\/wp\/v2\/posts\/365036"}],"collection":[{"href":"https:\/\/hudo.com\/si\/wp-json\/wp\/v2\/posts"}],"about":[{"href":"https:\/\/hudo.com\/si\/wp-json\/wp\/v2\/types\/post"}],"author":[{"embeddable":true,"href":"https:\/\/hudo.com\/si\/wp-json\/wp\/v2\/users\/1"}],"replies":[{"embeddable":true,"href":"https:\/\/hudo.com\/si\/wp-json\/wp\/v2\/comments?post=365036"}],"version-history":[{"count":0,"href":"https:\/\/hudo.com\/si\/wp-json\/wp\/v2\/posts\/365036\/revisions"}],"wp:attachment":[{"href":"https:\/\/hudo.com\/si\/wp-json\/wp\/v2\/media?parent=365036"}],"wp:term":[{"taxonomy":"category","embeddable":true,"href":"https:\/\/hudo.com\/si\/wp-json\/wp\/v2\/categories?post=365036"},{"taxonomy":"post_tag","embeddable":true,"href":"https:\/\/hudo.com\/si\/wp-json\/wp\/v2\/tags?post=365036"},{"taxonomy":"source","embeddable":true,"href":"https:\/\/hudo.com\/si\/wp-json\/wp\/v2\/source?post=365036"},{"taxonomy":"supertag","embeddable":true,"href":"https:\/\/hudo.com\/si\/wp-json\/wp\/v2\/supertag?post=365036"}],"curies":[{"name":"wp","href":"https:\/\/api.w.org\/{rel}","templated":true}]}}