{"id":365040,"date":"2018-02-24T18:05:00","date_gmt":"2018-02-24T17:05:00","guid":{"rendered":"https:\/\/hudo.com\/si\/2018\/02\/24\/tukaj-smo-da-recemo-ne-fasizmu\/"},"modified":"2018-02-24T18:05:00","modified_gmt":"2018-02-24T17:05:00","slug":"tukaj-smo-da-recemo-ne-fasizmu","status":"publish","type":"post","link":"https:\/\/hudo.com\/si\/aktualno\/tukaj-smo-da-recemo-ne-fasizmu\/","title":{"rendered":"\u00bbTukaj smo, da re\u010demo ne fa\u0161izmu\u00ab"},"content":{"rendered":"<p>Kategorija: Sose\u0161\u010dina Sat, 24 Feb 2018 19:05:00 +0100  Rim &#8211; V Rimu so potekali protesti proti rasizmu in neofa\u0161izmu, ki jih je med drugim organizirala vladajo\u010da Demokratska stranka. Hkrati je desna Liga v Milanu organizirala proteste proti priseljevanju. Pred katedralo na glavnem trgu v Milanu se je pod vodstvom predsednika desne Lige Mattea Salvinija zbralo po podatkih policije med 15.000 in 20.000 protestnikov. \u00bbNajprej Italijani,\u00ab je izpostavil Salvini v govoru pred mno\u017eico in napadel sredinskega vodjo na volitvah Mattea Renzija. V Rimu se je medtem ve\u010d deset tiso\u010d protestnikov zbralo na zborovanju proti neofa\u0161izmu in rasizmu. Demonstracij sta se udele\u017eila tudi premier Paolo Gentiloni in nekdanji premier Matteo Renzi. \u00bbTukaj smo, da re\u010demo ne fa\u0161izmu,\u00ab je za tiskovno agencijo AFP dejala Rita Solo, aktivistka sindikata CGIL. Antifa\u0161isti\u010dna sporo\u010dila v Rimu. Foto: Reuters Tako demonstracije v Rimu kot proteste v Milanu so organizirali\u00a0&#8230;<\/p>\n","protected":false},"excerpt":{"rendered":"<p>Kategorija: Sose\u0161\u010dina Sat, 24 Feb 2018 19:05:00 +0100  Rim &#8211; V Rimu so potekali protesti proti rasizmu in neofa\u0161izmu, ki jih je med drugim organizirala vladajo\u010da Demokratska stranka. Hkrati je desna Liga v Milanu organizirala proteste proti priseljevanju. Pred katedralo na glavnem trgu v Milanu se je pod vodstvom predsednika desne Lige Mattea Salvinija zbralo po podatkih policije med 15.000 in 20.000 protestnikov. \u00bbNajprej Italijani,\u00ab je izpostavil Salvini v govoru pred mno\u017eico in napadel sredinskega vodjo na volitvah Mattea Renzija. V Rimu se je medtem ve\u010d deset tiso\u010d protestnikov zbralo na zborovanju proti neofa\u0161izmu in rasizmu. Demonstracij sta se udele\u017eila tudi premier Paolo Gentiloni in nekdanji premier Matteo Renzi. \u00bbTukaj smo, da re\u010demo ne fa\u0161izmu,\u00ab je za tiskovno agencijo AFP dejala Rita Solo, aktivistka sindikata CGIL. Antifa\u0161isti\u010dna sporo\u010dila v Rimu. Foto: Reuters Tako demonstracije v Rimu kot proteste v Milanu so organizirali\u00a0&#8230;<\/p>\n","protected":false},"author":1,"featured_media":0,"comment_status":"closed","ping_status":"closed","sticky":false,"template":"","format":"standard","meta":{"footnotes":""},"categories":[1179],"tags":[],"source":[1703],"supertag":[],"acf":[],"yoast_head":"<!-- This site is optimized with the Yoast SEO plugin v21.3 - https:\/\/yoast.com\/wordpress\/plugins\/seo\/ -->\n<title>\u00bbTukaj smo, da re\u010demo ne fa\u0161izmu\u00ab - Hudo Slovenija<\/title>\n<meta name=\"robots\" content=\"index, follow, max-snippet:-1, max-image-preview:large, max-video-preview:-1\" \/>\n<link rel=\"canonical\" href=\"https:\/\/hudo.com\/si\/aktualno\/tukaj-smo-da-recemo-ne-fasizmu\/\" \/>\n<meta property=\"og:locale\" content=\"sl_SI\" \/>\n<meta property=\"og:type\" content=\"article\" \/>\n<meta property=\"og:title\" content=\"\u00bbTukaj smo, da re\u010demo ne fa\u0161izmu\u00ab - Hudo Slovenija\" \/>\n<meta property=\"og:description\" content=\"Kategorija: Sose\u0161\u010dina Sat, 24 Feb 2018 19:05:00 +0100 Rim - V Rimu so potekali protesti proti rasizmu in neofa\u0161izmu, ki jih je med drugim organizirala vladajo\u010da Demokratska stranka. Hkrati je desna Liga v Milanu organizirala proteste proti priseljevanju. Pred katedralo na glavnem trgu v Milanu se je pod vodstvom predsednika desne Lige Mattea Salvinija zbralo po podatkih policije med 15.000 in 20.000 protestnikov. \u00bbNajprej Italijani,\u00ab je izpostavil Salvini v govoru pred mno\u017eico in napadel sredinskega vodjo na volitvah Mattea Renzija. V Rimu se je medtem ve\u010d deset tiso\u010d protestnikov zbralo na zborovanju proti neofa\u0161izmu in rasizmu. Demonstracij sta se udele\u017eila tudi premier Paolo Gentiloni in nekdanji premier Matteo Renzi. \u00bbTukaj smo, da re\u010demo ne fa\u0161izmu,\u00ab je za tiskovno agencijo AFP dejala Rita Solo, aktivistka sindikata CGIL. Antifa\u0161isti\u010dna sporo\u010dila v Rimu. Foto: Reuters Tako demonstracije v Rimu kot proteste v Milanu so organizirali\u00a0...\" \/>\n<meta property=\"og:url\" content=\"https:\/\/hudo.com\/si\/aktualno\/tukaj-smo-da-recemo-ne-fasizmu\/\" \/>\n<meta property=\"og:site_name\" content=\"Hudo Slovenija\" \/>\n<meta property=\"article:publisher\" content=\"https:\/\/www.facebook.com\/hudo.si\" \/>\n<meta property=\"article:published_time\" content=\"2018-02-24T17:05:00+00:00\" \/>\n<meta property=\"og:image\" content=\"https:\/\/hudo.com\/si\/wp-content\/uploads\/sites\/2\/2018\/02\/480x290_Reuters_Pictures-20180224144757-89661500.jpeg\" \/>\n\t<meta property=\"og:image:width\" content=\"480\" \/>\n\t<meta property=\"og:image:height\" content=\"290\" \/>\n\t<meta property=\"og:image:type\" content=\"image\/jpeg\" \/>\n<meta name=\"author\" content=\"hudo\" \/>\n<meta name=\"twitter:card\" content=\"summary_large_image\" \/>\n<meta name=\"twitter:creator\" content=\"@hudo_si\" \/>\n<meta name=\"twitter:site\" content=\"@hudo_si\" \/>\n<meta name=\"twitter:label1\" content=\"Written by\" \/>\n\t<meta name=\"twitter:data1\" content=\"hudo\" \/>\n\t<meta name=\"twitter:label2\" content=\"Est. reading time\" \/>\n\t<meta name=\"twitter:data2\" content=\"1 minuta\" \/>\n<script type=\"application\/ld+json\" class=\"yoast-schema-graph\">{\"@context\":\"https:\/\/schema.org\",\"@graph\":[{\"@type\":\"Article\",\"@id\":\"https:\/\/hudo.com\/si\/aktualno\/tukaj-smo-da-recemo-ne-fasizmu\/#article\",\"isPartOf\":{\"@id\":\"https:\/\/hudo.com\/si\/aktualno\/tukaj-smo-da-recemo-ne-fasizmu\/\"},\"author\":{\"name\":\"hudo\",\"@id\":\"https:\/\/hudo.com\/si\/#\/schema\/person\/601cf3379633985b20f7e50f2bb47707\"},\"headline\":\"\u00bbTukaj smo, da re\u010demo ne fa\u0161izmu\u00ab\",\"datePublished\":\"2018-02-24T17:05:00+00:00\",\"dateModified\":\"2018-02-24T17:05:00+00:00\",\"mainEntityOfPage\":{\"@id\":\"https:\/\/hudo.com\/si\/aktualno\/tukaj-smo-da-recemo-ne-fasizmu\/\"},\"wordCount\":155,\"publisher\":{\"@id\":\"https:\/\/hudo.com\/si\/#organization\"},\"articleSection\":[\"Aktualno\"],\"inLanguage\":\"sl-SI\"},{\"@type\":\"WebPage\",\"@id\":\"https:\/\/hudo.com\/si\/aktualno\/tukaj-smo-da-recemo-ne-fasizmu\/\",\"url\":\"https:\/\/hudo.com\/si\/aktualno\/tukaj-smo-da-recemo-ne-fasizmu\/\",\"name\":\"\u00bbTukaj smo, da re\u010demo ne fa\u0161izmu\u00ab - Hudo Slovenija\",\"isPartOf\":{\"@id\":\"https:\/\/hudo.com\/si\/#website\"},\"datePublished\":\"2018-02-24T17:05:00+00:00\",\"dateModified\":\"2018-02-24T17:05:00+00:00\",\"breadcrumb\":{\"@id\":\"https:\/\/hudo.com\/si\/aktualno\/tukaj-smo-da-recemo-ne-fasizmu\/#breadcrumb\"},\"inLanguage\":\"sl-SI\",\"potentialAction\":[{\"@type\":\"ReadAction\",\"target\":[\"https:\/\/hudo.com\/si\/aktualno\/tukaj-smo-da-recemo-ne-fasizmu\/\"]}]},{\"@type\":\"BreadcrumbList\",\"@id\":\"https:\/\/hudo.com\/si\/aktualno\/tukaj-smo-da-recemo-ne-fasizmu\/#breadcrumb\",\"itemListElement\":[{\"@type\":\"ListItem\",\"position\":1,\"name\":\"Home\",\"item\":\"https:\/\/hudo.com\/si\/\"},{\"@type\":\"ListItem\",\"position\":2,\"name\":\"\u00bbTukaj smo, da re\u010demo ne fa\u0161izmu\u00ab\"}]},{\"@type\":\"WebSite\",\"@id\":\"https:\/\/hudo.com\/si\/#website\",\"url\":\"https:\/\/hudo.com\/si\/\",\"name\":\"Hudo Slovenija\",\"description\":\"Vse novice iz Slovenije in sveta\",\"publisher\":{\"@id\":\"https:\/\/hudo.com\/si\/#organization\"},\"potentialAction\":[{\"@type\":\"SearchAction\",\"target\":{\"@type\":\"EntryPoint\",\"urlTemplate\":\"https:\/\/hudo.com\/si\/?s={search_term_string}\"},\"query-input\":\"required name=search_term_string\"}],\"inLanguage\":\"sl-SI\"},{\"@type\":\"Organization\",\"@id\":\"https:\/\/hudo.com\/si\/#organization\",\"name\":\"VSN Media\",\"url\":\"https:\/\/hudo.com\/si\/\",\"logo\":{\"@type\":\"ImageObject\",\"inLanguage\":\"sl-SI\",\"@id\":\"https:\/\/hudo.com\/si\/#\/schema\/logo\/image\/\",\"url\":\"https:\/\/hudo.com\/si\/wp-content\/uploads\/sites\/2\/2021\/03\/hudo-app-2.png\",\"contentUrl\":\"https:\/\/hudo.com\/si\/wp-content\/uploads\/sites\/2\/2021\/03\/hudo-app-2.png\",\"width\":2185,\"height\":2167,\"caption\":\"VSN Media\"},\"image\":{\"@id\":\"https:\/\/hudo.com\/si\/#\/schema\/logo\/image\/\"},\"sameAs\":[\"https:\/\/www.facebook.com\/hudo.si\",\"https:\/\/twitter.com\/hudo_si\"]},{\"@type\":\"Person\",\"@id\":\"https:\/\/hudo.com\/si\/#\/schema\/person\/601cf3379633985b20f7e50f2bb47707\",\"name\":\"hudo\",\"image\":{\"@type\":\"ImageObject\",\"inLanguage\":\"sl-SI\",\"@id\":\"https:\/\/hudo.com\/si\/#\/schema\/person\/image\/\",\"url\":\"https:\/\/secure.gravatar.com\/avatar\/c4ca25fa72cace7a696b52ff5db9e095?s=96&d=mm&r=g\",\"contentUrl\":\"https:\/\/secure.gravatar.com\/avatar\/c4ca25fa72cace7a696b52ff5db9e095?s=96&d=mm&r=g\",\"caption\":\"hudo\"},\"url\":\"https:\/\/hudo.com\/si\/author\/hudo\/\"}]}<\/script>\n<!-- \/ Yoast SEO plugin. -->","yoast_head_json":{"title":"\u00bbTukaj smo, da re\u010demo ne fa\u0161izmu\u00ab - Hudo Slovenija","robots":{"index":"index","follow":"follow","max-snippet":"max-snippet:-1","max-image-preview":"max-image-preview:large","max-video-preview":"max-video-preview:-1"},"canonical":"https:\/\/hudo.com\/si\/aktualno\/tukaj-smo-da-recemo-ne-fasizmu\/","og_locale":"sl_SI","og_type":"article","og_title":"\u00bbTukaj smo, da re\u010demo ne fa\u0161izmu\u00ab - Hudo Slovenija","og_description":"Kategorija: Sose\u0161\u010dina Sat, 24 Feb 2018 19:05:00 +0100 Rim - V Rimu so potekali protesti proti rasizmu in neofa\u0161izmu, ki jih je med drugim organizirala vladajo\u010da Demokratska stranka. Hkrati je desna Liga v Milanu organizirala proteste proti priseljevanju. Pred katedralo na glavnem trgu v Milanu se je pod vodstvom predsednika desne Lige Mattea Salvinija zbralo po podatkih policije med 15.000 in 20.000 protestnikov. \u00bbNajprej Italijani,\u00ab je izpostavil Salvini v govoru pred mno\u017eico in napadel sredinskega vodjo na volitvah Mattea Renzija. V Rimu se je medtem ve\u010d deset tiso\u010d protestnikov zbralo na zborovanju proti neofa\u0161izmu in rasizmu. Demonstracij sta se udele\u017eila tudi premier Paolo Gentiloni in nekdanji premier Matteo Renzi. \u00bbTukaj smo, da re\u010demo ne fa\u0161izmu,\u00ab je za tiskovno agencijo AFP dejala Rita Solo, aktivistka sindikata CGIL. Antifa\u0161isti\u010dna sporo\u010dila v Rimu. Foto: Reuters Tako demonstracije v Rimu kot proteste v Milanu so organizirali\u00a0...","og_url":"https:\/\/hudo.com\/si\/aktualno\/tukaj-smo-da-recemo-ne-fasizmu\/","og_site_name":"Hudo Slovenija","article_publisher":"https:\/\/www.facebook.com\/hudo.si","article_published_time":"2018-02-24T17:05:00+00:00","og_image":[{"width":480,"height":290,"url":"https:\/\/hudo.com\/si\/wp-content\/uploads\/sites\/2\/2018\/02\/480x290_Reuters_Pictures-20180224144757-89661500.jpeg","type":"image\/jpeg"}],"author":"hudo","twitter_card":"summary_large_image","twitter_creator":"@hudo_si","twitter_site":"@hudo_si","twitter_misc":{"Written by":"hudo","Est. reading time":"1 minuta"},"schema":{"@context":"https:\/\/schema.org","@graph":[{"@type":"Article","@id":"https:\/\/hudo.com\/si\/aktualno\/tukaj-smo-da-recemo-ne-fasizmu\/#article","isPartOf":{"@id":"https:\/\/hudo.com\/si\/aktualno\/tukaj-smo-da-recemo-ne-fasizmu\/"},"author":{"name":"hudo","@id":"https:\/\/hudo.com\/si\/#\/schema\/person\/601cf3379633985b20f7e50f2bb47707"},"headline":"\u00bbTukaj smo, da re\u010demo ne fa\u0161izmu\u00ab","datePublished":"2018-02-24T17:05:00+00:00","dateModified":"2018-02-24T17:05:00+00:00","mainEntityOfPage":{"@id":"https:\/\/hudo.com\/si\/aktualno\/tukaj-smo-da-recemo-ne-fasizmu\/"},"wordCount":155,"publisher":{"@id":"https:\/\/hudo.com\/si\/#organization"},"articleSection":["Aktualno"],"inLanguage":"sl-SI"},{"@type":"WebPage","@id":"https:\/\/hudo.com\/si\/aktualno\/tukaj-smo-da-recemo-ne-fasizmu\/","url":"https:\/\/hudo.com\/si\/aktualno\/tukaj-smo-da-recemo-ne-fasizmu\/","name":"\u00bbTukaj smo, da re\u010demo ne fa\u0161izmu\u00ab - Hudo Slovenija","isPartOf":{"@id":"https:\/\/hudo.com\/si\/#website"},"datePublished":"2018-02-24T17:05:00+00:00","dateModified":"2018-02-24T17:05:00+00:00","breadcrumb":{"@id":"https:\/\/hudo.com\/si\/aktualno\/tukaj-smo-da-recemo-ne-fasizmu\/#breadcrumb"},"inLanguage":"sl-SI","potentialAction":[{"@type":"ReadAction","target":["https:\/\/hudo.com\/si\/aktualno\/tukaj-smo-da-recemo-ne-fasizmu\/"]}]},{"@type":"BreadcrumbList","@id":"https:\/\/hudo.com\/si\/aktualno\/tukaj-smo-da-recemo-ne-fasizmu\/#breadcrumb","itemListElement":[{"@type":"ListItem","position":1,"name":"Home","item":"https:\/\/hudo.com\/si\/"},{"@type":"ListItem","position":2,"name":"\u00bbTukaj smo, da re\u010demo ne fa\u0161izmu\u00ab"}]},{"@type":"WebSite","@id":"https:\/\/hudo.com\/si\/#website","url":"https:\/\/hudo.com\/si\/","name":"Hudo Slovenija","description":"Vse novice iz Slovenije in sveta","publisher":{"@id":"https:\/\/hudo.com\/si\/#organization"},"potentialAction":[{"@type":"SearchAction","target":{"@type":"EntryPoint","urlTemplate":"https:\/\/hudo.com\/si\/?s={search_term_string}"},"query-input":"required name=search_term_string"}],"inLanguage":"sl-SI"},{"@type":"Organization","@id":"https:\/\/hudo.com\/si\/#organization","name":"VSN Media","url":"https:\/\/hudo.com\/si\/","logo":{"@type":"ImageObject","inLanguage":"sl-SI","@id":"https:\/\/hudo.com\/si\/#\/schema\/logo\/image\/","url":"https:\/\/hudo.com\/si\/wp-content\/uploads\/sites\/2\/2021\/03\/hudo-app-2.png","contentUrl":"https:\/\/hudo.com\/si\/wp-content\/uploads\/sites\/2\/2021\/03\/hudo-app-2.png","width":2185,"height":2167,"caption":"VSN Media"},"image":{"@id":"https:\/\/hudo.com\/si\/#\/schema\/logo\/image\/"},"sameAs":["https:\/\/www.facebook.com\/hudo.si","https:\/\/twitter.com\/hudo_si"]},{"@type":"Person","@id":"https:\/\/hudo.com\/si\/#\/schema\/person\/601cf3379633985b20f7e50f2bb47707","name":"hudo","image":{"@type":"ImageObject","inLanguage":"sl-SI","@id":"https:\/\/hudo.com\/si\/#\/schema\/person\/image\/","url":"https:\/\/secure.gravatar.com\/avatar\/c4ca25fa72cace7a696b52ff5db9e095?s=96&d=mm&r=g","contentUrl":"https:\/\/secure.gravatar.com\/avatar\/c4ca25fa72cace7a696b52ff5db9e095?s=96&d=mm&r=g","caption":"hudo"},"url":"https:\/\/hudo.com\/si\/author\/hudo\/"}]}},"amp_enabled":true,"_links":{"self":[{"href":"https:\/\/hudo.com\/si\/wp-json\/wp\/v2\/posts\/365040"}],"collection":[{"href":"https:\/\/hudo.com\/si\/wp-json\/wp\/v2\/posts"}],"about":[{"href":"https:\/\/hudo.com\/si\/wp-json\/wp\/v2\/types\/post"}],"author":[{"embeddable":true,"href":"https:\/\/hudo.com\/si\/wp-json\/wp\/v2\/users\/1"}],"replies":[{"embeddable":true,"href":"https:\/\/hudo.com\/si\/wp-json\/wp\/v2\/comments?post=365040"}],"version-history":[{"count":0,"href":"https:\/\/hudo.com\/si\/wp-json\/wp\/v2\/posts\/365040\/revisions"}],"wp:attachment":[{"href":"https:\/\/hudo.com\/si\/wp-json\/wp\/v2\/media?parent=365040"}],"wp:term":[{"taxonomy":"category","embeddable":true,"href":"https:\/\/hudo.com\/si\/wp-json\/wp\/v2\/categories?post=365040"},{"taxonomy":"post_tag","embeddable":true,"href":"https:\/\/hudo.com\/si\/wp-json\/wp\/v2\/tags?post=365040"},{"taxonomy":"source","embeddable":true,"href":"https:\/\/hudo.com\/si\/wp-json\/wp\/v2\/source?post=365040"},{"taxonomy":"supertag","embeddable":true,"href":"https:\/\/hudo.com\/si\/wp-json\/wp\/v2\/supertag?post=365040"}],"curies":[{"name":"wp","href":"https:\/\/api.w.org\/{rel}","templated":true}]}}