{"id":365833,"date":"2018-02-27T10:12:03","date_gmt":"2018-02-27T09:12:03","guid":{"rendered":"http:\/\/hudo.com\/si\/?p=365833"},"modified":"2018-02-27T10:12:03","modified_gmt":"2018-02-27T09:12:03","slug":"avstrijska-nacionalka-zaradi-zavajajoce-objave-na-facebooku-tozi-svobodnjaskega-vicekanclerja","status":"publish","type":"post","link":"https:\/\/hudo.com\/si\/aktualno\/avstrijska-nacionalka-zaradi-zavajajoce-objave-na-facebooku-tozi-svobodnjaskega-vicekanclerja\/","title":{"rendered":"Avstrijska nacionalka zaradi zavajajo\u010de objave na Facebooku to\u017ei svobodnja\u0161kega vicekanclerja"},"content":{"rendered":"<p>Strache je na svojem profilu na Facebooku pred dvema tednoma objavil la\u017eni oglas za ORF s sloganom &#8220;Obstaja kraj, kjer la\u017ei postanejo novice&#8221;. Na njem je bil upodobljen televizijski voditelj Armin Wolf, ki zaradi objave lo\u010deno to\u017ei Stracheja.<\/p>\n<p>Kot je kasneje utemeljeval Strache, je k svoji objavi dodal oznako &#8220;satira&#8221;, zaradi \u010desar naj bi bilo jasno, da zapisa ne gre jemati resno. A to ni zadovoljilo niti Wolfa niti televizije.<\/p>\n<p>&#8220;Vicekancler Strache je ORF z la\u017enim oglasom obto\u017eil \u0161irjenja la\u017enih novic, la\u017ei in propagande,&#8221; je v ponedeljek v izjavi zapisal direktor ORF Alexander Wrabetz. Kot je zatrdil, gre pri besedilu za &#8220;klevetanje in \u0161kodi ugledu ORF&#8221;. &#8220;Besedilo diskreditira novinarsko delo 800 novinarjev ORF na televiziji, radiu in spletu,&#8221; je zapisal po poro\u010danju avstrijske tiskovne agencije APA.<\/p>\n<p>Kot dodajajo pri ORF, to\u017eijo tudi Facebook, ker ni zbrisal Strachejeve objave.<\/p>\n<p>Odkar so svobodnjaki oblikovali novo avstrijsko vlado z zmagovalno Ljudsko stranko (\u00d6VP) so \u017ee ve\u010dkrat zahtevali odpravo obveznega prispevka gledalcev za ORF.<\/p>\n<p>Na Strachejevo objavo so se nedavno odzvale tudi avstrijske novinarske organizacije. Kot so zapisale, napadi avstrijskih svobodnjakov (FP\u00d6) na novinarje in dr\u017eavno televizijo ORF predstavljajo gro\u017enjo novinarstvu.<\/p>\n","protected":false},"excerpt":{"rendered":"<p>Avstrijska javna televizija ORF je vlo\u017eila to\u017ebo proti vicekanclerju in voditelju svobodnjakov (FP\u00d6) Heinz-Christianu Stracheju zaradi objave na Facebooku, v kateri je tako televizijo kot enega od njenih voditeljev obto\u017eil laganja.<\/p>\n","protected":false},"author":7,"featured_media":365834,"comment_status":"closed","ping_status":"closed","sticky":false,"template":"","format":"standard","meta":{"footnotes":""},"categories":[1179],"tags":[1934,10615,2053,4615,9843],"source":[4511],"supertag":[],"acf":[],"yoast_head":"<!-- This site is optimized with the Yoast SEO plugin v21.3 - https:\/\/yoast.com\/wordpress\/plugins\/seo\/ -->\n<title>Avstrijska nacionalka zaradi zavajajo\u010de objave na Facebooku to\u017ei svobodnja\u0161kega vicekanclerja - Hudo Slovenija<\/title>\n<meta name=\"robots\" content=\"index, follow, max-snippet:-1, max-image-preview:large, max-video-preview:-1\" \/>\n<link rel=\"canonical\" href=\"https:\/\/hudo.com\/si\/aktualno\/avstrijska-nacionalka-zaradi-zavajajoce-objave-na-facebooku-tozi-svobodnjaskega-vicekanclerja\/\" \/>\n<meta property=\"og:locale\" content=\"sl_SI\" \/>\n<meta property=\"og:type\" content=\"article\" \/>\n<meta property=\"og:title\" content=\"Avstrijska nacionalka zaradi zavajajo\u010de objave na Facebooku to\u017ei svobodnja\u0161kega vicekanclerja - Hudo Slovenija\" \/>\n<meta property=\"og:description\" content=\"Avstrijska javna televizija ORF je vlo\u017eila to\u017ebo proti vicekanclerju in voditelju svobodnjakov (FP\u00d6) Heinz-Christianu Stracheju zaradi objave na Facebooku, v kateri je tako televizijo kot enega od njenih voditeljev obto\u017eil laganja.\" \/>\n<meta property=\"og:url\" content=\"https:\/\/hudo.com\/si\/aktualno\/avstrijska-nacionalka-zaradi-zavajajoce-objave-na-facebooku-tozi-svobodnjaskega-vicekanclerja\/\" \/>\n<meta property=\"og:site_name\" content=\"Hudo Slovenija\" \/>\n<meta property=\"article:publisher\" content=\"https:\/\/www.facebook.com\/hudo.si\" \/>\n<meta property=\"article:published_time\" content=\"2018-02-27T09:12:03+00:00\" \/>\n<meta property=\"og:image\" content=\"https:\/\/hudo.com\/si\/wp-content\/uploads\/sites\/2\/2018\/02\/profimedia-0358226411.jpg\" \/>\n\t<meta property=\"og:image:width\" content=\"1250\" \/>\n\t<meta property=\"og:image:height\" content=\"832\" \/>\n\t<meta property=\"og:image:type\" content=\"image\/jpeg\" \/>\n<meta name=\"author\" content=\"A. P., STA\" \/>\n<meta name=\"twitter:card\" content=\"summary_large_image\" \/>\n<meta name=\"twitter:creator\" content=\"@hudo_si\" \/>\n<meta name=\"twitter:site\" content=\"@hudo_si\" \/>\n<meta name=\"twitter:label1\" content=\"Written by\" \/>\n\t<meta name=\"twitter:data1\" content=\"A. P., STA\" \/>\n\t<meta name=\"twitter:label2\" content=\"Est. reading time\" \/>\n\t<meta name=\"twitter:data2\" content=\"1 minuta\" \/>\n<script type=\"application\/ld+json\" class=\"yoast-schema-graph\">{\"@context\":\"https:\/\/schema.org\",\"@graph\":[{\"@type\":\"Article\",\"@id\":\"https:\/\/hudo.com\/si\/aktualno\/avstrijska-nacionalka-zaradi-zavajajoce-objave-na-facebooku-tozi-svobodnjaskega-vicekanclerja\/#article\",\"isPartOf\":{\"@id\":\"https:\/\/hudo.com\/si\/aktualno\/avstrijska-nacionalka-zaradi-zavajajoce-objave-na-facebooku-tozi-svobodnjaskega-vicekanclerja\/\"},\"author\":{\"name\":\"A. P., STA\",\"@id\":\"https:\/\/hudo.com\/si\/#\/schema\/person\/18f09c02475ba9e606e941a565b80cff\"},\"headline\":\"Avstrijska nacionalka zaradi zavajajo\u010de objave na Facebooku to\u017ei svobodnja\u0161kega vicekanclerja\",\"datePublished\":\"2018-02-27T09:12:03+00:00\",\"dateModified\":\"2018-02-27T09:12:03+00:00\",\"mainEntityOfPage\":{\"@id\":\"https:\/\/hudo.com\/si\/aktualno\/avstrijska-nacionalka-zaradi-zavajajoce-objave-na-facebooku-tozi-svobodnjaskega-vicekanclerja\/\"},\"wordCount\":212,\"publisher\":{\"@id\":\"https:\/\/hudo.com\/si\/#organization\"},\"keywords\":[\"Avstrija\",\"christian strache\",\"Facebook\",\"mediji\",\"svobodnjaki\"],\"articleSection\":[\"Aktualno\"],\"inLanguage\":\"sl-SI\"},{\"@type\":\"WebPage\",\"@id\":\"https:\/\/hudo.com\/si\/aktualno\/avstrijska-nacionalka-zaradi-zavajajoce-objave-na-facebooku-tozi-svobodnjaskega-vicekanclerja\/\",\"url\":\"https:\/\/hudo.com\/si\/aktualno\/avstrijska-nacionalka-zaradi-zavajajoce-objave-na-facebooku-tozi-svobodnjaskega-vicekanclerja\/\",\"name\":\"Avstrijska nacionalka zaradi zavajajo\u010de objave na Facebooku to\u017ei svobodnja\u0161kega vicekanclerja - Hudo Slovenija\",\"isPartOf\":{\"@id\":\"https:\/\/hudo.com\/si\/#website\"},\"datePublished\":\"2018-02-27T09:12:03+00:00\",\"dateModified\":\"2018-02-27T09:12:03+00:00\",\"breadcrumb\":{\"@id\":\"https:\/\/hudo.com\/si\/aktualno\/avstrijska-nacionalka-zaradi-zavajajoce-objave-na-facebooku-tozi-svobodnjaskega-vicekanclerja\/#breadcrumb\"},\"inLanguage\":\"sl-SI\",\"potentialAction\":[{\"@type\":\"ReadAction\",\"target\":[\"https:\/\/hudo.com\/si\/aktualno\/avstrijska-nacionalka-zaradi-zavajajoce-objave-na-facebooku-tozi-svobodnjaskega-vicekanclerja\/\"]}]},{\"@type\":\"BreadcrumbList\",\"@id\":\"https:\/\/hudo.com\/si\/aktualno\/avstrijska-nacionalka-zaradi-zavajajoce-objave-na-facebooku-tozi-svobodnjaskega-vicekanclerja\/#breadcrumb\",\"itemListElement\":[{\"@type\":\"ListItem\",\"position\":1,\"name\":\"Home\",\"item\":\"https:\/\/hudo.com\/si\/\"},{\"@type\":\"ListItem\",\"position\":2,\"name\":\"Avstrijska nacionalka zaradi zavajajo\u010de objave na Facebooku to\u017ei svobodnja\u0161kega vicekanclerja\"}]},{\"@type\":\"WebSite\",\"@id\":\"https:\/\/hudo.com\/si\/#website\",\"url\":\"https:\/\/hudo.com\/si\/\",\"name\":\"Hudo Slovenija\",\"description\":\"Vse novice iz Slovenije in sveta\",\"publisher\":{\"@id\":\"https:\/\/hudo.com\/si\/#organization\"},\"potentialAction\":[{\"@type\":\"SearchAction\",\"target\":{\"@type\":\"EntryPoint\",\"urlTemplate\":\"https:\/\/hudo.com\/si\/?s={search_term_string}\"},\"query-input\":\"required name=search_term_string\"}],\"inLanguage\":\"sl-SI\"},{\"@type\":\"Organization\",\"@id\":\"https:\/\/hudo.com\/si\/#organization\",\"name\":\"VSN Media\",\"url\":\"https:\/\/hudo.com\/si\/\",\"logo\":{\"@type\":\"ImageObject\",\"inLanguage\":\"sl-SI\",\"@id\":\"https:\/\/hudo.com\/si\/#\/schema\/logo\/image\/\",\"url\":\"https:\/\/hudo.com\/si\/wp-content\/uploads\/sites\/2\/2021\/03\/hudo-app-2.png\",\"contentUrl\":\"https:\/\/hudo.com\/si\/wp-content\/uploads\/sites\/2\/2021\/03\/hudo-app-2.png\",\"width\":2185,\"height\":2167,\"caption\":\"VSN Media\"},\"image\":{\"@id\":\"https:\/\/hudo.com\/si\/#\/schema\/logo\/image\/\"},\"sameAs\":[\"https:\/\/www.facebook.com\/hudo.si\",\"https:\/\/twitter.com\/hudo_si\"]},{\"@type\":\"Person\",\"@id\":\"https:\/\/hudo.com\/si\/#\/schema\/person\/18f09c02475ba9e606e941a565b80cff\",\"name\":\"A. P., STA\",\"image\":{\"@type\":\"ImageObject\",\"inLanguage\":\"sl-SI\",\"@id\":\"https:\/\/hudo.com\/si\/#\/schema\/person\/image\/\",\"url\":\"https:\/\/secure.gravatar.com\/avatar\/03eac8e609f5f04383125d80eaeaaf3e?s=96&d=mm&r=g\",\"contentUrl\":\"https:\/\/secure.gravatar.com\/avatar\/03eac8e609f5f04383125d80eaeaaf3e?s=96&d=mm&r=g\",\"caption\":\"A. P., STA\"},\"url\":\"https:\/\/hudo.com\/si\/author\/lubu\/\"}]}<\/script>\n<!-- \/ Yoast SEO plugin. -->","yoast_head_json":{"title":"Avstrijska nacionalka zaradi zavajajo\u010de objave na Facebooku to\u017ei svobodnja\u0161kega vicekanclerja - Hudo Slovenija","robots":{"index":"index","follow":"follow","max-snippet":"max-snippet:-1","max-image-preview":"max-image-preview:large","max-video-preview":"max-video-preview:-1"},"canonical":"https:\/\/hudo.com\/si\/aktualno\/avstrijska-nacionalka-zaradi-zavajajoce-objave-na-facebooku-tozi-svobodnjaskega-vicekanclerja\/","og_locale":"sl_SI","og_type":"article","og_title":"Avstrijska nacionalka zaradi zavajajo\u010de objave na Facebooku to\u017ei svobodnja\u0161kega vicekanclerja - Hudo Slovenija","og_description":"Avstrijska javna televizija ORF je vlo\u017eila to\u017ebo proti vicekanclerju in voditelju svobodnjakov (FP\u00d6) Heinz-Christianu Stracheju zaradi objave na Facebooku, v kateri je tako televizijo kot enega od njenih voditeljev obto\u017eil laganja.","og_url":"https:\/\/hudo.com\/si\/aktualno\/avstrijska-nacionalka-zaradi-zavajajoce-objave-na-facebooku-tozi-svobodnjaskega-vicekanclerja\/","og_site_name":"Hudo Slovenija","article_publisher":"https:\/\/www.facebook.com\/hudo.si","article_published_time":"2018-02-27T09:12:03+00:00","og_image":[{"width":1250,"height":832,"url":"https:\/\/hudo.com\/si\/wp-content\/uploads\/sites\/2\/2018\/02\/profimedia-0358226411.jpg","type":"image\/jpeg"}],"author":"A. P., STA","twitter_card":"summary_large_image","twitter_creator":"@hudo_si","twitter_site":"@hudo_si","twitter_misc":{"Written by":"A. P., STA","Est. reading time":"1 minuta"},"schema":{"@context":"https:\/\/schema.org","@graph":[{"@type":"Article","@id":"https:\/\/hudo.com\/si\/aktualno\/avstrijska-nacionalka-zaradi-zavajajoce-objave-na-facebooku-tozi-svobodnjaskega-vicekanclerja\/#article","isPartOf":{"@id":"https:\/\/hudo.com\/si\/aktualno\/avstrijska-nacionalka-zaradi-zavajajoce-objave-na-facebooku-tozi-svobodnjaskega-vicekanclerja\/"},"author":{"name":"A. P., STA","@id":"https:\/\/hudo.com\/si\/#\/schema\/person\/18f09c02475ba9e606e941a565b80cff"},"headline":"Avstrijska nacionalka zaradi zavajajo\u010de objave na Facebooku to\u017ei svobodnja\u0161kega vicekanclerja","datePublished":"2018-02-27T09:12:03+00:00","dateModified":"2018-02-27T09:12:03+00:00","mainEntityOfPage":{"@id":"https:\/\/hudo.com\/si\/aktualno\/avstrijska-nacionalka-zaradi-zavajajoce-objave-na-facebooku-tozi-svobodnjaskega-vicekanclerja\/"},"wordCount":212,"publisher":{"@id":"https:\/\/hudo.com\/si\/#organization"},"keywords":["Avstrija","christian strache","Facebook","mediji","svobodnjaki"],"articleSection":["Aktualno"],"inLanguage":"sl-SI"},{"@type":"WebPage","@id":"https:\/\/hudo.com\/si\/aktualno\/avstrijska-nacionalka-zaradi-zavajajoce-objave-na-facebooku-tozi-svobodnjaskega-vicekanclerja\/","url":"https:\/\/hudo.com\/si\/aktualno\/avstrijska-nacionalka-zaradi-zavajajoce-objave-na-facebooku-tozi-svobodnjaskega-vicekanclerja\/","name":"Avstrijska nacionalka zaradi zavajajo\u010de objave na Facebooku to\u017ei svobodnja\u0161kega vicekanclerja - Hudo Slovenija","isPartOf":{"@id":"https:\/\/hudo.com\/si\/#website"},"datePublished":"2018-02-27T09:12:03+00:00","dateModified":"2018-02-27T09:12:03+00:00","breadcrumb":{"@id":"https:\/\/hudo.com\/si\/aktualno\/avstrijska-nacionalka-zaradi-zavajajoce-objave-na-facebooku-tozi-svobodnjaskega-vicekanclerja\/#breadcrumb"},"inLanguage":"sl-SI","potentialAction":[{"@type":"ReadAction","target":["https:\/\/hudo.com\/si\/aktualno\/avstrijska-nacionalka-zaradi-zavajajoce-objave-na-facebooku-tozi-svobodnjaskega-vicekanclerja\/"]}]},{"@type":"BreadcrumbList","@id":"https:\/\/hudo.com\/si\/aktualno\/avstrijska-nacionalka-zaradi-zavajajoce-objave-na-facebooku-tozi-svobodnjaskega-vicekanclerja\/#breadcrumb","itemListElement":[{"@type":"ListItem","position":1,"name":"Home","item":"https:\/\/hudo.com\/si\/"},{"@type":"ListItem","position":2,"name":"Avstrijska nacionalka zaradi zavajajo\u010de objave na Facebooku to\u017ei svobodnja\u0161kega vicekanclerja"}]},{"@type":"WebSite","@id":"https:\/\/hudo.com\/si\/#website","url":"https:\/\/hudo.com\/si\/","name":"Hudo Slovenija","description":"Vse novice iz Slovenije in sveta","publisher":{"@id":"https:\/\/hudo.com\/si\/#organization"},"potentialAction":[{"@type":"SearchAction","target":{"@type":"EntryPoint","urlTemplate":"https:\/\/hudo.com\/si\/?s={search_term_string}"},"query-input":"required name=search_term_string"}],"inLanguage":"sl-SI"},{"@type":"Organization","@id":"https:\/\/hudo.com\/si\/#organization","name":"VSN Media","url":"https:\/\/hudo.com\/si\/","logo":{"@type":"ImageObject","inLanguage":"sl-SI","@id":"https:\/\/hudo.com\/si\/#\/schema\/logo\/image\/","url":"https:\/\/hudo.com\/si\/wp-content\/uploads\/sites\/2\/2021\/03\/hudo-app-2.png","contentUrl":"https:\/\/hudo.com\/si\/wp-content\/uploads\/sites\/2\/2021\/03\/hudo-app-2.png","width":2185,"height":2167,"caption":"VSN Media"},"image":{"@id":"https:\/\/hudo.com\/si\/#\/schema\/logo\/image\/"},"sameAs":["https:\/\/www.facebook.com\/hudo.si","https:\/\/twitter.com\/hudo_si"]},{"@type":"Person","@id":"https:\/\/hudo.com\/si\/#\/schema\/person\/18f09c02475ba9e606e941a565b80cff","name":"A. P., STA","image":{"@type":"ImageObject","inLanguage":"sl-SI","@id":"https:\/\/hudo.com\/si\/#\/schema\/person\/image\/","url":"https:\/\/secure.gravatar.com\/avatar\/03eac8e609f5f04383125d80eaeaaf3e?s=96&d=mm&r=g","contentUrl":"https:\/\/secure.gravatar.com\/avatar\/03eac8e609f5f04383125d80eaeaaf3e?s=96&d=mm&r=g","caption":"A. P., STA"},"url":"https:\/\/hudo.com\/si\/author\/lubu\/"}]}},"amp_enabled":true,"_links":{"self":[{"href":"https:\/\/hudo.com\/si\/wp-json\/wp\/v2\/posts\/365833"}],"collection":[{"href":"https:\/\/hudo.com\/si\/wp-json\/wp\/v2\/posts"}],"about":[{"href":"https:\/\/hudo.com\/si\/wp-json\/wp\/v2\/types\/post"}],"author":[{"embeddable":true,"href":"https:\/\/hudo.com\/si\/wp-json\/wp\/v2\/users\/7"}],"replies":[{"embeddable":true,"href":"https:\/\/hudo.com\/si\/wp-json\/wp\/v2\/comments?post=365833"}],"version-history":[{"count":1,"href":"https:\/\/hudo.com\/si\/wp-json\/wp\/v2\/posts\/365833\/revisions"}],"predecessor-version":[{"id":365835,"href":"https:\/\/hudo.com\/si\/wp-json\/wp\/v2\/posts\/365833\/revisions\/365835"}],"wp:featuredmedia":[{"embeddable":true,"href":"https:\/\/hudo.com\/si\/wp-json\/wp\/v2\/media\/365834"}],"wp:attachment":[{"href":"https:\/\/hudo.com\/si\/wp-json\/wp\/v2\/media?parent=365833"}],"wp:term":[{"taxonomy":"category","embeddable":true,"href":"https:\/\/hudo.com\/si\/wp-json\/wp\/v2\/categories?post=365833"},{"taxonomy":"post_tag","embeddable":true,"href":"https:\/\/hudo.com\/si\/wp-json\/wp\/v2\/tags?post=365833"},{"taxonomy":"source","embeddable":true,"href":"https:\/\/hudo.com\/si\/wp-json\/wp\/v2\/source?post=365833"},{"taxonomy":"supertag","embeddable":true,"href":"https:\/\/hudo.com\/si\/wp-json\/wp\/v2\/supertag?post=365833"}],"curies":[{"name":"wp","href":"https:\/\/api.w.org\/{rel}","templated":true}]}}