{"id":365909,"date":"2018-02-27T13:04:26","date_gmt":"2018-02-27T12:04:26","guid":{"rendered":"http:\/\/hudo.com\/si\/?p=365909"},"modified":"2018-02-27T13:04:26","modified_gmt":"2018-02-27T12:04:26","slug":"nemska-vas-bo-obdrzala-sporen-hitlerjev-zvon","status":"publish","type":"post","link":"https:\/\/hudo.com\/si\/aktualno\/nemska-vas-bo-obdrzala-sporen-hitlerjev-zvon\/","title":{"rendered":"Nem\u0161ka vas bo obdr\u017eala sporen Hitlerjev zvon"},"content":{"rendered":"<p>Na velikem bronastem zvonu sta napis &#8220;Vse za domovino &#8211; Adolf Hitler&#8221; in velika svastika, v cerkvi v vasi kakih 50 kilometrov severozahodno od Heidelberga pa visi od leta 1934. Do nedavnega so ga \u0161e uporabljali, nato pa je cerkev pred meseci sklenila, da bo raje uporabljala ostala dva zvona.<\/p>\n<p>Ve\u010dina ljudi sicer ni vedela, za kak\u0161en zvon gre, dokler ni o tem lani javno spregovorila nekdanja cerkvena organistka Sigrid Peters. Petersovo je mo\u010dno motil napis na zvonu, saj, kot je opozorila, se ne bi smelo zgoditi, da je kr\u0161\u010den otrok in mu zvoni zvon z napisom Vse za domovino Adolf Hitler. Poleg tega je opazila, da prihajajo v slikovito cerkvico \u0161tevilni pari iz razli\u010dnih koncev de\u017eele in se v njej poro\u010dajo, ne da bi se jim sploh sanjalo, kaj se skriva v zvoniku.<\/p>\n<p>Razkritje je spro\u017eilo \u0161ir\u0161o razpravo v Nem\u010diji o tem, kako bi bilo treba dobrih 70 let po koncu druge svetovne vojne ravnati z nacisti\u010dnimi simboli. V Herxheimu so nekateri krajani zavzeli stali\u0161\u010de, da je treba zvon nemudoma odstraniti, saj bi lahko \u0161kodil ugledu cerkve in privabljal neonaciste, medtem ko so drugi opozarjali, da bi njegova odstranitev pomenila prikrivanje zgodovine kraja.<\/p>\n<p>Vzdu\u0161je se je \u0161e posebej razgrelo, ko je takratni \u017eupan Herxheima Roland Becker ocenil, da v \u010dasu nacizma vendarle ni bilo vse slabo. Zaradi te izjave je moral Becker nato odstopiti, krajevni svet pa je najel zunanje strokovne svetovalce za pomo\u010d pri odlo\u010ditvi, kaj narediti z zvonom. Ti so na koncu pri\u0161li do sklepa, da bi bilo treba zvon razglasiti za spomenik ter ga ali prestaviti v muzej ali ga obdr\u017eati v zvoniku.<\/p>\n<p>Ve\u010dina svetnikov je temu nasvetu sledila in v ponedeljek zve\u010der z desetimi glasovi proti trem odlo\u010dila, da bo zvon ostal tam, kjer je, ter da ga bodo tudi znova za\u010deli uporabljati. Kot so poudarili, mora slu\u017eiti kot poziv k spravi in kot opomnik proti nasilju in krivicam, poro\u010da nem\u0161ki spletni portal Deutsche Welle. V cerkvi bodo zato tudi namestili spominsko plaketo, na kateri bo predstavljena zgodovina zvona.<\/p>\n","protected":false},"excerpt":{"rendered":"<p>Svetniki v majhnem kraju Herxheim am Berg na jugozahodu Nem\u010dije so v ponedeljek zve\u010der odlo\u010dili, da bo v lokalni cerkvi \u0161e naprej visel sporen zvon iz \u010dasov nacizma, posve\u010den Adolfu Hitlerju. Nekateri krajani so zahtevali odstranitev zvona, saj se bojijo, da bi lahko v vas privabljal skrajne desni\u010darje in neonaciste.<\/p>\n","protected":false},"author":8,"featured_media":365910,"comment_status":"closed","ping_status":"closed","sticky":false,"template":"","format":"standard","meta":{"footnotes":""},"categories":[1179],"tags":[2181,3628],"source":[4511],"supertag":[6103],"acf":[],"yoast_head":"<!-- This site is optimized with the Yoast SEO plugin v21.3 - https:\/\/yoast.com\/wordpress\/plugins\/seo\/ -->\n<title>Nem\u0161ka vas bo obdr\u017eala sporen Hitlerjev zvon - Hudo Slovenija<\/title>\n<meta name=\"robots\" content=\"index, follow, max-snippet:-1, max-image-preview:large, max-video-preview:-1\" \/>\n<link rel=\"canonical\" href=\"https:\/\/hudo.com\/si\/aktualno\/nemska-vas-bo-obdrzala-sporen-hitlerjev-zvon\/\" \/>\n<meta property=\"og:locale\" content=\"sl_SI\" \/>\n<meta property=\"og:type\" content=\"article\" \/>\n<meta property=\"og:title\" content=\"Nem\u0161ka vas bo obdr\u017eala sporen Hitlerjev zvon - Hudo Slovenija\" \/>\n<meta property=\"og:description\" content=\"Svetniki v majhnem kraju Herxheim am Berg na jugozahodu Nem\u010dije so v ponedeljek zve\u010der odlo\u010dili, da bo v lokalni cerkvi \u0161e naprej visel sporen zvon iz \u010dasov nacizma, posve\u010den Adolfu Hitlerju. Nekateri krajani so zahtevali odstranitev zvona, saj se bojijo, da bi lahko v vas privabljal skrajne desni\u010darje in neonaciste.\" \/>\n<meta property=\"og:url\" content=\"https:\/\/hudo.com\/si\/aktualno\/nemska-vas-bo-obdrzala-sporen-hitlerjev-zvon\/\" \/>\n<meta property=\"og:site_name\" content=\"Hudo Slovenija\" \/>\n<meta property=\"article:publisher\" content=\"https:\/\/www.facebook.com\/hudo.si\" \/>\n<meta property=\"article:published_time\" content=\"2018-02-27T12:04:26+00:00\" \/>\n<meta property=\"og:image\" content=\"https:\/\/hudo.com\/si\/wp-content\/uploads\/sites\/2\/2018\/02\/profimedia-0309095333.jpg\" \/>\n\t<meta property=\"og:image:width\" content=\"1250\" \/>\n\t<meta property=\"og:image:height\" content=\"834\" \/>\n\t<meta property=\"og:image:type\" content=\"image\/jpeg\" \/>\n<meta name=\"author\" content=\"M. N., STA\" \/>\n<meta name=\"twitter:card\" content=\"summary_large_image\" \/>\n<meta name=\"twitter:creator\" content=\"@hudo_si\" \/>\n<meta name=\"twitter:site\" content=\"@hudo_si\" \/>\n<meta name=\"twitter:label1\" content=\"Written by\" \/>\n\t<meta name=\"twitter:data1\" content=\"M. N., STA\" \/>\n\t<meta name=\"twitter:label2\" content=\"Est. reading time\" \/>\n\t<meta name=\"twitter:data2\" content=\"2 minuti\" \/>\n<script type=\"application\/ld+json\" class=\"yoast-schema-graph\">{\"@context\":\"https:\/\/schema.org\",\"@graph\":[{\"@type\":\"Article\",\"@id\":\"https:\/\/hudo.com\/si\/aktualno\/nemska-vas-bo-obdrzala-sporen-hitlerjev-zvon\/#article\",\"isPartOf\":{\"@id\":\"https:\/\/hudo.com\/si\/aktualno\/nemska-vas-bo-obdrzala-sporen-hitlerjev-zvon\/\"},\"author\":{\"name\":\"M. N., STA\",\"@id\":\"https:\/\/hudo.com\/si\/#\/schema\/person\/c2f10ce65d2e6ede2aeda5be2a0611fa\"},\"headline\":\"Nem\u0161ka vas bo obdr\u017eala sporen Hitlerjev zvon\",\"datePublished\":\"2018-02-27T12:04:26+00:00\",\"dateModified\":\"2018-02-27T12:04:26+00:00\",\"mainEntityOfPage\":{\"@id\":\"https:\/\/hudo.com\/si\/aktualno\/nemska-vas-bo-obdrzala-sporen-hitlerjev-zvon\/\"},\"wordCount\":363,\"publisher\":{\"@id\":\"https:\/\/hudo.com\/si\/#organization\"},\"keywords\":[\"Adolf Hitler\",\"nem\u010dija\"],\"articleSection\":[\"Aktualno\"],\"inLanguage\":\"sl-SI\"},{\"@type\":\"WebPage\",\"@id\":\"https:\/\/hudo.com\/si\/aktualno\/nemska-vas-bo-obdrzala-sporen-hitlerjev-zvon\/\",\"url\":\"https:\/\/hudo.com\/si\/aktualno\/nemska-vas-bo-obdrzala-sporen-hitlerjev-zvon\/\",\"name\":\"Nem\u0161ka vas bo obdr\u017eala sporen Hitlerjev zvon - Hudo Slovenija\",\"isPartOf\":{\"@id\":\"https:\/\/hudo.com\/si\/#website\"},\"datePublished\":\"2018-02-27T12:04:26+00:00\",\"dateModified\":\"2018-02-27T12:04:26+00:00\",\"breadcrumb\":{\"@id\":\"https:\/\/hudo.com\/si\/aktualno\/nemska-vas-bo-obdrzala-sporen-hitlerjev-zvon\/#breadcrumb\"},\"inLanguage\":\"sl-SI\",\"potentialAction\":[{\"@type\":\"ReadAction\",\"target\":[\"https:\/\/hudo.com\/si\/aktualno\/nemska-vas-bo-obdrzala-sporen-hitlerjev-zvon\/\"]}]},{\"@type\":\"BreadcrumbList\",\"@id\":\"https:\/\/hudo.com\/si\/aktualno\/nemska-vas-bo-obdrzala-sporen-hitlerjev-zvon\/#breadcrumb\",\"itemListElement\":[{\"@type\":\"ListItem\",\"position\":1,\"name\":\"Home\",\"item\":\"https:\/\/hudo.com\/si\/\"},{\"@type\":\"ListItem\",\"position\":2,\"name\":\"Nem\u0161ka vas bo obdr\u017eala sporen Hitlerjev zvon\"}]},{\"@type\":\"WebSite\",\"@id\":\"https:\/\/hudo.com\/si\/#website\",\"url\":\"https:\/\/hudo.com\/si\/\",\"name\":\"Hudo Slovenija\",\"description\":\"Vse novice iz Slovenije in sveta\",\"publisher\":{\"@id\":\"https:\/\/hudo.com\/si\/#organization\"},\"potentialAction\":[{\"@type\":\"SearchAction\",\"target\":{\"@type\":\"EntryPoint\",\"urlTemplate\":\"https:\/\/hudo.com\/si\/?s={search_term_string}\"},\"query-input\":\"required name=search_term_string\"}],\"inLanguage\":\"sl-SI\"},{\"@type\":\"Organization\",\"@id\":\"https:\/\/hudo.com\/si\/#organization\",\"name\":\"VSN Media\",\"url\":\"https:\/\/hudo.com\/si\/\",\"logo\":{\"@type\":\"ImageObject\",\"inLanguage\":\"sl-SI\",\"@id\":\"https:\/\/hudo.com\/si\/#\/schema\/logo\/image\/\",\"url\":\"https:\/\/hudo.com\/si\/wp-content\/uploads\/sites\/2\/2021\/03\/hudo-app-2.png\",\"contentUrl\":\"https:\/\/hudo.com\/si\/wp-content\/uploads\/sites\/2\/2021\/03\/hudo-app-2.png\",\"width\":2185,\"height\":2167,\"caption\":\"VSN Media\"},\"image\":{\"@id\":\"https:\/\/hudo.com\/si\/#\/schema\/logo\/image\/\"},\"sameAs\":[\"https:\/\/www.facebook.com\/hudo.si\",\"https:\/\/twitter.com\/hudo_si\"]},{\"@type\":\"Person\",\"@id\":\"https:\/\/hudo.com\/si\/#\/schema\/person\/c2f10ce65d2e6ede2aeda5be2a0611fa\",\"name\":\"M. N., STA\",\"image\":{\"@type\":\"ImageObject\",\"inLanguage\":\"sl-SI\",\"@id\":\"https:\/\/hudo.com\/si\/#\/schema\/person\/image\/\",\"url\":\"https:\/\/secure.gravatar.com\/avatar\/f370d38daa10467f755c5c766a4cac20?s=96&d=mm&r=g\",\"contentUrl\":\"https:\/\/secure.gravatar.com\/avatar\/f370d38daa10467f755c5c766a4cac20?s=96&d=mm&r=g\",\"caption\":\"M. N., STA\"},\"url\":\"https:\/\/hudo.com\/si\/author\/mana\/\"}]}<\/script>\n<!-- \/ Yoast SEO plugin. -->","yoast_head_json":{"title":"Nem\u0161ka vas bo obdr\u017eala sporen Hitlerjev zvon - Hudo Slovenija","robots":{"index":"index","follow":"follow","max-snippet":"max-snippet:-1","max-image-preview":"max-image-preview:large","max-video-preview":"max-video-preview:-1"},"canonical":"https:\/\/hudo.com\/si\/aktualno\/nemska-vas-bo-obdrzala-sporen-hitlerjev-zvon\/","og_locale":"sl_SI","og_type":"article","og_title":"Nem\u0161ka vas bo obdr\u017eala sporen Hitlerjev zvon - Hudo Slovenija","og_description":"Svetniki v majhnem kraju Herxheim am Berg na jugozahodu Nem\u010dije so v ponedeljek zve\u010der odlo\u010dili, da bo v lokalni cerkvi \u0161e naprej visel sporen zvon iz \u010dasov nacizma, posve\u010den Adolfu Hitlerju. Nekateri krajani so zahtevali odstranitev zvona, saj se bojijo, da bi lahko v vas privabljal skrajne desni\u010darje in neonaciste.","og_url":"https:\/\/hudo.com\/si\/aktualno\/nemska-vas-bo-obdrzala-sporen-hitlerjev-zvon\/","og_site_name":"Hudo Slovenija","article_publisher":"https:\/\/www.facebook.com\/hudo.si","article_published_time":"2018-02-27T12:04:26+00:00","og_image":[{"width":1250,"height":834,"url":"https:\/\/hudo.com\/si\/wp-content\/uploads\/sites\/2\/2018\/02\/profimedia-0309095333.jpg","type":"image\/jpeg"}],"author":"M. N., STA","twitter_card":"summary_large_image","twitter_creator":"@hudo_si","twitter_site":"@hudo_si","twitter_misc":{"Written by":"M. N., STA","Est. reading time":"2 minuti"},"schema":{"@context":"https:\/\/schema.org","@graph":[{"@type":"Article","@id":"https:\/\/hudo.com\/si\/aktualno\/nemska-vas-bo-obdrzala-sporen-hitlerjev-zvon\/#article","isPartOf":{"@id":"https:\/\/hudo.com\/si\/aktualno\/nemska-vas-bo-obdrzala-sporen-hitlerjev-zvon\/"},"author":{"name":"M. N., STA","@id":"https:\/\/hudo.com\/si\/#\/schema\/person\/c2f10ce65d2e6ede2aeda5be2a0611fa"},"headline":"Nem\u0161ka vas bo obdr\u017eala sporen Hitlerjev zvon","datePublished":"2018-02-27T12:04:26+00:00","dateModified":"2018-02-27T12:04:26+00:00","mainEntityOfPage":{"@id":"https:\/\/hudo.com\/si\/aktualno\/nemska-vas-bo-obdrzala-sporen-hitlerjev-zvon\/"},"wordCount":363,"publisher":{"@id":"https:\/\/hudo.com\/si\/#organization"},"keywords":["Adolf Hitler","nem\u010dija"],"articleSection":["Aktualno"],"inLanguage":"sl-SI"},{"@type":"WebPage","@id":"https:\/\/hudo.com\/si\/aktualno\/nemska-vas-bo-obdrzala-sporen-hitlerjev-zvon\/","url":"https:\/\/hudo.com\/si\/aktualno\/nemska-vas-bo-obdrzala-sporen-hitlerjev-zvon\/","name":"Nem\u0161ka vas bo obdr\u017eala sporen Hitlerjev zvon - Hudo Slovenija","isPartOf":{"@id":"https:\/\/hudo.com\/si\/#website"},"datePublished":"2018-02-27T12:04:26+00:00","dateModified":"2018-02-27T12:04:26+00:00","breadcrumb":{"@id":"https:\/\/hudo.com\/si\/aktualno\/nemska-vas-bo-obdrzala-sporen-hitlerjev-zvon\/#breadcrumb"},"inLanguage":"sl-SI","potentialAction":[{"@type":"ReadAction","target":["https:\/\/hudo.com\/si\/aktualno\/nemska-vas-bo-obdrzala-sporen-hitlerjev-zvon\/"]}]},{"@type":"BreadcrumbList","@id":"https:\/\/hudo.com\/si\/aktualno\/nemska-vas-bo-obdrzala-sporen-hitlerjev-zvon\/#breadcrumb","itemListElement":[{"@type":"ListItem","position":1,"name":"Home","item":"https:\/\/hudo.com\/si\/"},{"@type":"ListItem","position":2,"name":"Nem\u0161ka vas bo obdr\u017eala sporen Hitlerjev zvon"}]},{"@type":"WebSite","@id":"https:\/\/hudo.com\/si\/#website","url":"https:\/\/hudo.com\/si\/","name":"Hudo Slovenija","description":"Vse novice iz Slovenije in sveta","publisher":{"@id":"https:\/\/hudo.com\/si\/#organization"},"potentialAction":[{"@type":"SearchAction","target":{"@type":"EntryPoint","urlTemplate":"https:\/\/hudo.com\/si\/?s={search_term_string}"},"query-input":"required name=search_term_string"}],"inLanguage":"sl-SI"},{"@type":"Organization","@id":"https:\/\/hudo.com\/si\/#organization","name":"VSN Media","url":"https:\/\/hudo.com\/si\/","logo":{"@type":"ImageObject","inLanguage":"sl-SI","@id":"https:\/\/hudo.com\/si\/#\/schema\/logo\/image\/","url":"https:\/\/hudo.com\/si\/wp-content\/uploads\/sites\/2\/2021\/03\/hudo-app-2.png","contentUrl":"https:\/\/hudo.com\/si\/wp-content\/uploads\/sites\/2\/2021\/03\/hudo-app-2.png","width":2185,"height":2167,"caption":"VSN Media"},"image":{"@id":"https:\/\/hudo.com\/si\/#\/schema\/logo\/image\/"},"sameAs":["https:\/\/www.facebook.com\/hudo.si","https:\/\/twitter.com\/hudo_si"]},{"@type":"Person","@id":"https:\/\/hudo.com\/si\/#\/schema\/person\/c2f10ce65d2e6ede2aeda5be2a0611fa","name":"M. N., STA","image":{"@type":"ImageObject","inLanguage":"sl-SI","@id":"https:\/\/hudo.com\/si\/#\/schema\/person\/image\/","url":"https:\/\/secure.gravatar.com\/avatar\/f370d38daa10467f755c5c766a4cac20?s=96&d=mm&r=g","contentUrl":"https:\/\/secure.gravatar.com\/avatar\/f370d38daa10467f755c5c766a4cac20?s=96&d=mm&r=g","caption":"M. N., STA"},"url":"https:\/\/hudo.com\/si\/author\/mana\/"}]}},"amp_enabled":true,"_links":{"self":[{"href":"https:\/\/hudo.com\/si\/wp-json\/wp\/v2\/posts\/365909"}],"collection":[{"href":"https:\/\/hudo.com\/si\/wp-json\/wp\/v2\/posts"}],"about":[{"href":"https:\/\/hudo.com\/si\/wp-json\/wp\/v2\/types\/post"}],"author":[{"embeddable":true,"href":"https:\/\/hudo.com\/si\/wp-json\/wp\/v2\/users\/8"}],"replies":[{"embeddable":true,"href":"https:\/\/hudo.com\/si\/wp-json\/wp\/v2\/comments?post=365909"}],"version-history":[{"count":1,"href":"https:\/\/hudo.com\/si\/wp-json\/wp\/v2\/posts\/365909\/revisions"}],"predecessor-version":[{"id":365911,"href":"https:\/\/hudo.com\/si\/wp-json\/wp\/v2\/posts\/365909\/revisions\/365911"}],"wp:featuredmedia":[{"embeddable":true,"href":"https:\/\/hudo.com\/si\/wp-json\/wp\/v2\/media\/365910"}],"wp:attachment":[{"href":"https:\/\/hudo.com\/si\/wp-json\/wp\/v2\/media?parent=365909"}],"wp:term":[{"taxonomy":"category","embeddable":true,"href":"https:\/\/hudo.com\/si\/wp-json\/wp\/v2\/categories?post=365909"},{"taxonomy":"post_tag","embeddable":true,"href":"https:\/\/hudo.com\/si\/wp-json\/wp\/v2\/tags?post=365909"},{"taxonomy":"source","embeddable":true,"href":"https:\/\/hudo.com\/si\/wp-json\/wp\/v2\/source?post=365909"},{"taxonomy":"supertag","embeddable":true,"href":"https:\/\/hudo.com\/si\/wp-json\/wp\/v2\/supertag?post=365909"}],"curies":[{"name":"wp","href":"https:\/\/api.w.org\/{rel}","templated":true}]}}