{"id":365937,"date":"2018-02-28T07:58:33","date_gmt":"2018-02-28T06:58:33","guid":{"rendered":"http:\/\/hudo.com\/si\/?p=365937"},"modified":"2018-02-28T07:59:25","modified_gmt":"2018-02-28T06:59:25","slug":"prebudili-smo-se-v-najhladnejse-jutro-letos-na-blokah-namerili-27","status":"publish","type":"post","link":"https:\/\/hudo.com\/si\/aktualno\/prebudili-smo-se-v-najhladnejse-jutro-letos-na-blokah-namerili-27\/","title":{"rendered":"Prebudili smo se v najhladnej\u0161e jutro letos, na Blokah namerili -27"},"content":{"rendered":"<p>Do vklju\u010dno \u010detrtka bo predvsem zjutraj zelo mrzlo, tudi \u010dez dan bo temperatura v notranjosti vztrajala pod ledi\u0161\u010dem, opozarjajo na agenciji, kjer so tako za danes kot za \u010detrtek zaradi mraza razglasili oran\u017eno stopnjo ogro\u017eenosti.<\/p>\n<p>Danes bo precej jasno. Na Primorskem bo \u0161e pihala \u0161ibka burja. Najvi\u0161je dnevne temperature bodo od -8 do -4, na Gori\u0161kem in ob morju okoli 2 stopinj.<\/p>\n<p>V \u010detrtek zjutraj bo \u0161e nekaj jasnine, \u010dez dan se bo od juga poobla\u010dilo. Popoldne bo zahod in jug dr\u017eave zajelo rahlo sne\u017eenje. Sne\u017eilo bo tudi ob morju. Najni\u017eje jutranje temperature bodo od -20 do -14, na Primorskem od -8 do -3, najvi\u0161je dnevne od -8 do -4, po ni\u017einah Primorskem okoli 0 stopinj.<\/p>\n<p>V no\u010di na petek bo na Primorskem sneg prehajal v de\u017e, ponekod bo mo\u017ena poledica. V petek bo obla\u010dno, na Primorskem bo ob\u010dasno rahlo de\u017eevalo, drugod pa rahlo sne\u017eilo. V soboto bo obla\u010dno, na zahodu se bodo \u0161e pojavljale manj\u0161e padavine.<\/p>\n<p>Dolgoletni nizi uradnih meteorolo\u0161kih meritev v Sloveniji ka\u017eejo, da podobno mrzlo vreme zadnje dni februarja ali prve dni marca, torej na prehodu iz meteorolo\u0161ke zime v meteorolo\u0161ko pomlad, nastopi nekajkrat na stoletje.<\/p>\n","protected":false},"excerpt":{"rendered":"<p>Na zadnji dan meteorolo\u0161ke zime smo se prebudili v najhladnej\u0161e jutro letos. Na Blokah so izmerili -27 stopinj Celzija, temperatura pa \u0161e pada. Po podatkih agencije za okolje so ob 6. uri na Letali\u0161\u010du Jo\u017eeta Pu\u010dnika in v Ko\u010devju namerili -20 stopinj, v Ljubljani -12, na letali\u0161\u010du Portoro\u017e pa -5 stopinj. \u0160e nekoliko hladnej\u0161e jutro bo v \u010detrtek.<\/p>\n","protected":false},"author":8,"featured_media":365938,"comment_status":"closed","ping_status":"closed","sticky":false,"template":"","format":"standard","meta":{"footnotes":""},"categories":[1179],"tags":[3800,1595,7531,3926],"source":[4511],"supertag":[],"acf":[],"yoast_head":"<!-- This site is optimized with the Yoast SEO plugin v21.3 - https:\/\/yoast.com\/wordpress\/plugins\/seo\/ -->\n<title>Prebudili smo se v najhladnej\u0161e jutro letos, na Blokah namerili -27 - Hudo Slovenija<\/title>\n<meta name=\"robots\" content=\"index, follow, max-snippet:-1, max-image-preview:large, max-video-preview:-1\" \/>\n<link rel=\"canonical\" href=\"https:\/\/hudo.com\/si\/aktualno\/prebudili-smo-se-v-najhladnejse-jutro-letos-na-blokah-namerili-27\/\" \/>\n<meta property=\"og:locale\" content=\"sl_SI\" \/>\n<meta property=\"og:type\" content=\"article\" \/>\n<meta property=\"og:title\" content=\"Prebudili smo se v najhladnej\u0161e jutro letos, na Blokah namerili -27 - Hudo Slovenija\" \/>\n<meta property=\"og:description\" content=\"Na zadnji dan meteorolo\u0161ke zime smo se prebudili v najhladnej\u0161e jutro letos. Na Blokah so izmerili -27 stopinj Celzija, temperatura pa \u0161e pada. Po podatkih agencije za okolje so ob 6. uri na Letali\u0161\u010du Jo\u017eeta Pu\u010dnika in v Ko\u010devju namerili -20 stopinj, v Ljubljani -12, na letali\u0161\u010du Portoro\u017e pa -5 stopinj. \u0160e nekoliko hladnej\u0161e jutro bo v \u010detrtek.\" \/>\n<meta property=\"og:url\" content=\"https:\/\/hudo.com\/si\/aktualno\/prebudili-smo-se-v-najhladnejse-jutro-letos-na-blokah-namerili-27\/\" \/>\n<meta property=\"og:site_name\" content=\"Hudo Slovenija\" \/>\n<meta property=\"article:publisher\" content=\"https:\/\/www.facebook.com\/hudo.si\" \/>\n<meta property=\"article:published_time\" content=\"2018-02-28T06:58:33+00:00\" \/>\n<meta property=\"article:modified_time\" content=\"2018-02-28T06:59:25+00:00\" \/>\n<meta property=\"og:image\" content=\"https:\/\/hudo.com\/si\/wp-content\/uploads\/sites\/2\/2018\/02\/profimedia-0006358930.jpg\" \/>\n\t<meta property=\"og:image:width\" content=\"937\" \/>\n\t<meta property=\"og:image:height\" content=\"1250\" \/>\n\t<meta property=\"og:image:type\" content=\"image\/jpeg\" \/>\n<meta name=\"author\" content=\"M. N., STA\" \/>\n<meta name=\"twitter:card\" content=\"summary_large_image\" \/>\n<meta name=\"twitter:creator\" content=\"@hudo_si\" \/>\n<meta name=\"twitter:site\" content=\"@hudo_si\" \/>\n<meta name=\"twitter:label1\" content=\"Written by\" \/>\n\t<meta name=\"twitter:data1\" content=\"M. N., STA\" \/>\n\t<meta name=\"twitter:label2\" content=\"Est. reading time\" \/>\n\t<meta name=\"twitter:data2\" content=\"1 minuta\" \/>\n<script type=\"application\/ld+json\" class=\"yoast-schema-graph\">{\"@context\":\"https:\/\/schema.org\",\"@graph\":[{\"@type\":\"Article\",\"@id\":\"https:\/\/hudo.com\/si\/aktualno\/prebudili-smo-se-v-najhladnejse-jutro-letos-na-blokah-namerili-27\/#article\",\"isPartOf\":{\"@id\":\"https:\/\/hudo.com\/si\/aktualno\/prebudili-smo-se-v-najhladnejse-jutro-letos-na-blokah-namerili-27\/\"},\"author\":{\"name\":\"M. N., STA\",\"@id\":\"https:\/\/hudo.com\/si\/#\/schema\/person\/c2f10ce65d2e6ede2aeda5be2a0611fa\"},\"headline\":\"Prebudili smo se v najhladnej\u0161e jutro letos, na Blokah namerili -27\",\"datePublished\":\"2018-02-28T06:58:33+00:00\",\"dateModified\":\"2018-02-28T06:59:25+00:00\",\"mainEntityOfPage\":{\"@id\":\"https:\/\/hudo.com\/si\/aktualno\/prebudili-smo-se-v-najhladnejse-jutro-letos-na-blokah-namerili-27\/\"},\"wordCount\":224,\"publisher\":{\"@id\":\"https:\/\/hudo.com\/si\/#organization\"},\"keywords\":[\"mraz\",\"Slovenija\",\"vremenske razmere\",\"zima\"],\"articleSection\":[\"Aktualno\"],\"inLanguage\":\"sl-SI\"},{\"@type\":\"WebPage\",\"@id\":\"https:\/\/hudo.com\/si\/aktualno\/prebudili-smo-se-v-najhladnejse-jutro-letos-na-blokah-namerili-27\/\",\"url\":\"https:\/\/hudo.com\/si\/aktualno\/prebudili-smo-se-v-najhladnejse-jutro-letos-na-blokah-namerili-27\/\",\"name\":\"Prebudili smo se v najhladnej\u0161e jutro letos, na Blokah namerili -27 - Hudo Slovenija\",\"isPartOf\":{\"@id\":\"https:\/\/hudo.com\/si\/#website\"},\"datePublished\":\"2018-02-28T06:58:33+00:00\",\"dateModified\":\"2018-02-28T06:59:25+00:00\",\"breadcrumb\":{\"@id\":\"https:\/\/hudo.com\/si\/aktualno\/prebudili-smo-se-v-najhladnejse-jutro-letos-na-blokah-namerili-27\/#breadcrumb\"},\"inLanguage\":\"sl-SI\",\"potentialAction\":[{\"@type\":\"ReadAction\",\"target\":[\"https:\/\/hudo.com\/si\/aktualno\/prebudili-smo-se-v-najhladnejse-jutro-letos-na-blokah-namerili-27\/\"]}]},{\"@type\":\"BreadcrumbList\",\"@id\":\"https:\/\/hudo.com\/si\/aktualno\/prebudili-smo-se-v-najhladnejse-jutro-letos-na-blokah-namerili-27\/#breadcrumb\",\"itemListElement\":[{\"@type\":\"ListItem\",\"position\":1,\"name\":\"Home\",\"item\":\"https:\/\/hudo.com\/si\/\"},{\"@type\":\"ListItem\",\"position\":2,\"name\":\"Prebudili smo se v najhladnej\u0161e jutro letos, na Blokah namerili -27\"}]},{\"@type\":\"WebSite\",\"@id\":\"https:\/\/hudo.com\/si\/#website\",\"url\":\"https:\/\/hudo.com\/si\/\",\"name\":\"Hudo Slovenija\",\"description\":\"Vse novice iz Slovenije in sveta\",\"publisher\":{\"@id\":\"https:\/\/hudo.com\/si\/#organization\"},\"potentialAction\":[{\"@type\":\"SearchAction\",\"target\":{\"@type\":\"EntryPoint\",\"urlTemplate\":\"https:\/\/hudo.com\/si\/?s={search_term_string}\"},\"query-input\":\"required name=search_term_string\"}],\"inLanguage\":\"sl-SI\"},{\"@type\":\"Organization\",\"@id\":\"https:\/\/hudo.com\/si\/#organization\",\"name\":\"VSN Media\",\"url\":\"https:\/\/hudo.com\/si\/\",\"logo\":{\"@type\":\"ImageObject\",\"inLanguage\":\"sl-SI\",\"@id\":\"https:\/\/hudo.com\/si\/#\/schema\/logo\/image\/\",\"url\":\"https:\/\/hudo.com\/si\/wp-content\/uploads\/sites\/2\/2021\/03\/hudo-app-2.png\",\"contentUrl\":\"https:\/\/hudo.com\/si\/wp-content\/uploads\/sites\/2\/2021\/03\/hudo-app-2.png\",\"width\":2185,\"height\":2167,\"caption\":\"VSN Media\"},\"image\":{\"@id\":\"https:\/\/hudo.com\/si\/#\/schema\/logo\/image\/\"},\"sameAs\":[\"https:\/\/www.facebook.com\/hudo.si\",\"https:\/\/twitter.com\/hudo_si\"]},{\"@type\":\"Person\",\"@id\":\"https:\/\/hudo.com\/si\/#\/schema\/person\/c2f10ce65d2e6ede2aeda5be2a0611fa\",\"name\":\"M. N., STA\",\"image\":{\"@type\":\"ImageObject\",\"inLanguage\":\"sl-SI\",\"@id\":\"https:\/\/hudo.com\/si\/#\/schema\/person\/image\/\",\"url\":\"https:\/\/secure.gravatar.com\/avatar\/f370d38daa10467f755c5c766a4cac20?s=96&d=mm&r=g\",\"contentUrl\":\"https:\/\/secure.gravatar.com\/avatar\/f370d38daa10467f755c5c766a4cac20?s=96&d=mm&r=g\",\"caption\":\"M. N., STA\"},\"url\":\"https:\/\/hudo.com\/si\/author\/mana\/\"}]}<\/script>\n<!-- \/ Yoast SEO plugin. -->","yoast_head_json":{"title":"Prebudili smo se v najhladnej\u0161e jutro letos, na Blokah namerili -27 - Hudo Slovenija","robots":{"index":"index","follow":"follow","max-snippet":"max-snippet:-1","max-image-preview":"max-image-preview:large","max-video-preview":"max-video-preview:-1"},"canonical":"https:\/\/hudo.com\/si\/aktualno\/prebudili-smo-se-v-najhladnejse-jutro-letos-na-blokah-namerili-27\/","og_locale":"sl_SI","og_type":"article","og_title":"Prebudili smo se v najhladnej\u0161e jutro letos, na Blokah namerili -27 - Hudo Slovenija","og_description":"Na zadnji dan meteorolo\u0161ke zime smo se prebudili v najhladnej\u0161e jutro letos. Na Blokah so izmerili -27 stopinj Celzija, temperatura pa \u0161e pada. Po podatkih agencije za okolje so ob 6. uri na Letali\u0161\u010du Jo\u017eeta Pu\u010dnika in v Ko\u010devju namerili -20 stopinj, v Ljubljani -12, na letali\u0161\u010du Portoro\u017e pa -5 stopinj. \u0160e nekoliko hladnej\u0161e jutro bo v \u010detrtek.","og_url":"https:\/\/hudo.com\/si\/aktualno\/prebudili-smo-se-v-najhladnejse-jutro-letos-na-blokah-namerili-27\/","og_site_name":"Hudo Slovenija","article_publisher":"https:\/\/www.facebook.com\/hudo.si","article_published_time":"2018-02-28T06:58:33+00:00","article_modified_time":"2018-02-28T06:59:25+00:00","og_image":[{"width":937,"height":1250,"url":"https:\/\/hudo.com\/si\/wp-content\/uploads\/sites\/2\/2018\/02\/profimedia-0006358930.jpg","type":"image\/jpeg"}],"author":"M. N., STA","twitter_card":"summary_large_image","twitter_creator":"@hudo_si","twitter_site":"@hudo_si","twitter_misc":{"Written by":"M. N., STA","Est. reading time":"1 minuta"},"schema":{"@context":"https:\/\/schema.org","@graph":[{"@type":"Article","@id":"https:\/\/hudo.com\/si\/aktualno\/prebudili-smo-se-v-najhladnejse-jutro-letos-na-blokah-namerili-27\/#article","isPartOf":{"@id":"https:\/\/hudo.com\/si\/aktualno\/prebudili-smo-se-v-najhladnejse-jutro-letos-na-blokah-namerili-27\/"},"author":{"name":"M. N., STA","@id":"https:\/\/hudo.com\/si\/#\/schema\/person\/c2f10ce65d2e6ede2aeda5be2a0611fa"},"headline":"Prebudili smo se v najhladnej\u0161e jutro letos, na Blokah namerili -27","datePublished":"2018-02-28T06:58:33+00:00","dateModified":"2018-02-28T06:59:25+00:00","mainEntityOfPage":{"@id":"https:\/\/hudo.com\/si\/aktualno\/prebudili-smo-se-v-najhladnejse-jutro-letos-na-blokah-namerili-27\/"},"wordCount":224,"publisher":{"@id":"https:\/\/hudo.com\/si\/#organization"},"keywords":["mraz","Slovenija","vremenske razmere","zima"],"articleSection":["Aktualno"],"inLanguage":"sl-SI"},{"@type":"WebPage","@id":"https:\/\/hudo.com\/si\/aktualno\/prebudili-smo-se-v-najhladnejse-jutro-letos-na-blokah-namerili-27\/","url":"https:\/\/hudo.com\/si\/aktualno\/prebudili-smo-se-v-najhladnejse-jutro-letos-na-blokah-namerili-27\/","name":"Prebudili smo se v najhladnej\u0161e jutro letos, na Blokah namerili -27 - Hudo Slovenija","isPartOf":{"@id":"https:\/\/hudo.com\/si\/#website"},"datePublished":"2018-02-28T06:58:33+00:00","dateModified":"2018-02-28T06:59:25+00:00","breadcrumb":{"@id":"https:\/\/hudo.com\/si\/aktualno\/prebudili-smo-se-v-najhladnejse-jutro-letos-na-blokah-namerili-27\/#breadcrumb"},"inLanguage":"sl-SI","potentialAction":[{"@type":"ReadAction","target":["https:\/\/hudo.com\/si\/aktualno\/prebudili-smo-se-v-najhladnejse-jutro-letos-na-blokah-namerili-27\/"]}]},{"@type":"BreadcrumbList","@id":"https:\/\/hudo.com\/si\/aktualno\/prebudili-smo-se-v-najhladnejse-jutro-letos-na-blokah-namerili-27\/#breadcrumb","itemListElement":[{"@type":"ListItem","position":1,"name":"Home","item":"https:\/\/hudo.com\/si\/"},{"@type":"ListItem","position":2,"name":"Prebudili smo se v najhladnej\u0161e jutro letos, na Blokah namerili -27"}]},{"@type":"WebSite","@id":"https:\/\/hudo.com\/si\/#website","url":"https:\/\/hudo.com\/si\/","name":"Hudo Slovenija","description":"Vse novice iz Slovenije in sveta","publisher":{"@id":"https:\/\/hudo.com\/si\/#organization"},"potentialAction":[{"@type":"SearchAction","target":{"@type":"EntryPoint","urlTemplate":"https:\/\/hudo.com\/si\/?s={search_term_string}"},"query-input":"required name=search_term_string"}],"inLanguage":"sl-SI"},{"@type":"Organization","@id":"https:\/\/hudo.com\/si\/#organization","name":"VSN Media","url":"https:\/\/hudo.com\/si\/","logo":{"@type":"ImageObject","inLanguage":"sl-SI","@id":"https:\/\/hudo.com\/si\/#\/schema\/logo\/image\/","url":"https:\/\/hudo.com\/si\/wp-content\/uploads\/sites\/2\/2021\/03\/hudo-app-2.png","contentUrl":"https:\/\/hudo.com\/si\/wp-content\/uploads\/sites\/2\/2021\/03\/hudo-app-2.png","width":2185,"height":2167,"caption":"VSN Media"},"image":{"@id":"https:\/\/hudo.com\/si\/#\/schema\/logo\/image\/"},"sameAs":["https:\/\/www.facebook.com\/hudo.si","https:\/\/twitter.com\/hudo_si"]},{"@type":"Person","@id":"https:\/\/hudo.com\/si\/#\/schema\/person\/c2f10ce65d2e6ede2aeda5be2a0611fa","name":"M. N., STA","image":{"@type":"ImageObject","inLanguage":"sl-SI","@id":"https:\/\/hudo.com\/si\/#\/schema\/person\/image\/","url":"https:\/\/secure.gravatar.com\/avatar\/f370d38daa10467f755c5c766a4cac20?s=96&d=mm&r=g","contentUrl":"https:\/\/secure.gravatar.com\/avatar\/f370d38daa10467f755c5c766a4cac20?s=96&d=mm&r=g","caption":"M. N., STA"},"url":"https:\/\/hudo.com\/si\/author\/mana\/"}]}},"amp_enabled":true,"_links":{"self":[{"href":"https:\/\/hudo.com\/si\/wp-json\/wp\/v2\/posts\/365937"}],"collection":[{"href":"https:\/\/hudo.com\/si\/wp-json\/wp\/v2\/posts"}],"about":[{"href":"https:\/\/hudo.com\/si\/wp-json\/wp\/v2\/types\/post"}],"author":[{"embeddable":true,"href":"https:\/\/hudo.com\/si\/wp-json\/wp\/v2\/users\/8"}],"replies":[{"embeddable":true,"href":"https:\/\/hudo.com\/si\/wp-json\/wp\/v2\/comments?post=365937"}],"version-history":[{"count":2,"href":"https:\/\/hudo.com\/si\/wp-json\/wp\/v2\/posts\/365937\/revisions"}],"predecessor-version":[{"id":365940,"href":"https:\/\/hudo.com\/si\/wp-json\/wp\/v2\/posts\/365937\/revisions\/365940"}],"wp:featuredmedia":[{"embeddable":true,"href":"https:\/\/hudo.com\/si\/wp-json\/wp\/v2\/media\/365938"}],"wp:attachment":[{"href":"https:\/\/hudo.com\/si\/wp-json\/wp\/v2\/media?parent=365937"}],"wp:term":[{"taxonomy":"category","embeddable":true,"href":"https:\/\/hudo.com\/si\/wp-json\/wp\/v2\/categories?post=365937"},{"taxonomy":"post_tag","embeddable":true,"href":"https:\/\/hudo.com\/si\/wp-json\/wp\/v2\/tags?post=365937"},{"taxonomy":"source","embeddable":true,"href":"https:\/\/hudo.com\/si\/wp-json\/wp\/v2\/source?post=365937"},{"taxonomy":"supertag","embeddable":true,"href":"https:\/\/hudo.com\/si\/wp-json\/wp\/v2\/supertag?post=365937"}],"curies":[{"name":"wp","href":"https:\/\/api.w.org\/{rel}","templated":true}]}}