{"id":366071,"date":"2018-03-01T13:29:39","date_gmt":"2018-03-01T12:29:39","guid":{"rendered":"http:\/\/hudo.com\/si\/?p=366071"},"modified":"2018-03-01T13:29:39","modified_gmt":"2018-03-01T12:29:39","slug":"na-slovaskem-v-preiskavi-umora-novinarja-prijeli-vec-italijanskih-poslovnezev","status":"publish","type":"post","link":"https:\/\/hudo.com\/si\/aktualno\/na-slovaskem-v-preiskavi-umora-novinarja-prijeli-vec-italijanskih-poslovnezev\/","title":{"rendered":"Na Slova\u0161kem v preiskavi umora novinarja prijeli ve\u010d italijanskih poslovne\u017eev"},"content":{"rendered":"<p>&#8220;Potrdim lahko, da so na ve\u010d krajih potekale preiskave in da je bilo prijetih ve\u010d ljudi,&#8221; je novinarjem povedal na\u010delnik slova\u0161ke policije Tibor Ga\u0161par. Dodal je, da so prijeli osebe, ki jih je v zvezi z &#8220;italijansko sledjo&#8221; v svojem \u010dlanku imenoval Kuciak.<\/p>\n<p>Po poro\u010danju slova\u0161kih medijev je policija prijela tudi ve\u010d \u010dlanov dru\u017eine Vadale.<\/p>\n<p>Vadala je Kuciak v svojem zadnjem, \u0161e nedokon\u010danem \u010dlanku omenil kot vodjo mre\u017ee kalabrijske mafije, ki naj bi imela povezave s slova\u0161kimi politiki in se na Slova\u0161kem ukvarjala z utajo davkov in zlorabo evropskih sredstev.<\/p>\n<p>Ga\u0161par je dodal, da je Vadala osumljenec in da ga bodo kmalu zasli\u0161ali. Novinarjem v kraju Michalovce na vzhodu dr\u017eave je tudi potrdil, da policija sledi &#8220;italijanski sledi&#8221; v Kuciakovem primeru.<\/p>\n<p>Na vzhodu Slova\u0161ke policija od jutra izvaja hi\u0161ne preiskave na petih krajih na domovih italijanskih poslovne\u017eeve. Ob Vadali \u017eeli policija zasli\u0161ati \u0161e okoli 10 drugih ljudi, ki bi lahko bili vpleteni v primer, je \u0161e povedal Ga\u0161par po poro\u010danju avstrijske tiskovne agencije APA.<\/p>\n<p>Svetovalka slova\u0161kega premierja Maria Tro\u0161kova, ki je v sredo naznanila svoj odstop s polo\u017eaja v \u010dasu preiskave umora novinarja, je bila po poro\u010danju slova\u0161kih medijev med avgustom 2011 in junijem 2012 partnerka Vadale, skupaj pa sta bila tudi lastnika podjetja GIA Managment. Dru\u017eabnik podjetja GIA Managment je bil v preteklosti tudi vodja sveta za nacionalno varnost Viliam Jasan, ki je prav tako v sredo odstopil s polo\u017eaja v \u010dasu preiskave.<\/p>\n<p>Tro\u0161kova, nekdanji fotomodel za spodnje perilo in kopalke ter slova\u0161ka mis Universe leta 2007, je bila leta 2014 asistentka Jasana, ko je \u0161e bil poslanec vladne stranke Smer-SD. V uradu premierja Roberta Fica je zaposlena od marca 2015, poro\u010da \u010de\u0161ki \u010dasnik Dnes na svoji spletni strani, ki dodaja, da se ne ve, kaj to\u010dno dela v premierjevem uradu. Premier tudi ni pojasnil, zakaj jo je izbral za pomemben polo\u017eaj. 31-letnica je sicer kon\u010dala visoko \u0161olo za mened\u017ement.<\/p>\n<p>27-letnega Kuciaka in njegovo zaro\u010denko Martino Ku\u0161nirovo so na\u0161li ustreljena v nedeljo zve\u010der v novinarjevi hi\u0161i v kraju Velka Maca v bli\u017eini glavnega mesta Bratislava. Zanju so bili usodni streli v glavo in prsni ko\u0161. Policija je sporo\u010dila, da je najverjetneje \u0161lo za naklepni umor, povezan z novinarjevim delom.<\/p>\n","protected":false},"excerpt":{"rendered":"<p>Slova\u0161ka policija je danes sporo\u010dila, da so v preiskavi umora preiskovalnega novinarja Jana Kuciaka prijeli ve\u010d italijanskih poslovne\u017eev, tudi Antonina Vadalo. V svojem zadnjem \u010dlanku o domnevni korupciji v slova\u0161kem politi\u010dnem vrhu je novinar Vadalo navajal kot povezavo med italijansko mafijo in slova\u0161ko politiko.<\/p>\n","protected":false},"author":8,"featured_media":365942,"comment_status":"closed","ping_status":"closed","sticky":false,"template":"","format":"standard","meta":{"footnotes":""},"categories":[1179],"tags":[10637,10621,1941],"source":[4511],"supertag":[6103],"acf":[],"yoast_head":"<!-- This site is optimized with the Yoast SEO plugin v21.3 - https:\/\/yoast.com\/wordpress\/plugins\/seo\/ -->\n<title>Na Slova\u0161kem v preiskavi umora novinarja prijeli ve\u010d italijanskih poslovne\u017eev - Hudo Slovenija<\/title>\n<meta name=\"robots\" content=\"index, follow, max-snippet:-1, max-image-preview:large, max-video-preview:-1\" \/>\n<link rel=\"canonical\" href=\"https:\/\/hudo.com\/si\/aktualno\/na-slovaskem-v-preiskavi-umora-novinarja-prijeli-vec-italijanskih-poslovnezev\/\" \/>\n<meta property=\"og:locale\" content=\"sl_SI\" \/>\n<meta property=\"og:type\" content=\"article\" \/>\n<meta property=\"og:title\" content=\"Na Slova\u0161kem v preiskavi umora novinarja prijeli ve\u010d italijanskih poslovne\u017eev - Hudo Slovenija\" \/>\n<meta property=\"og:description\" content=\"Slova\u0161ka policija je danes sporo\u010dila, da so v preiskavi umora preiskovalnega novinarja Jana Kuciaka prijeli ve\u010d italijanskih poslovne\u017eev, tudi Antonina Vadalo. V svojem zadnjem \u010dlanku o domnevni korupciji v slova\u0161kem politi\u010dnem vrhu je novinar Vadalo navajal kot povezavo med italijansko mafijo in slova\u0161ko politiko.\" \/>\n<meta property=\"og:url\" content=\"https:\/\/hudo.com\/si\/aktualno\/na-slovaskem-v-preiskavi-umora-novinarja-prijeli-vec-italijanskih-poslovnezev\/\" \/>\n<meta property=\"og:site_name\" content=\"Hudo Slovenija\" \/>\n<meta property=\"article:publisher\" content=\"https:\/\/www.facebook.com\/hudo.si\" \/>\n<meta property=\"article:published_time\" content=\"2018-03-01T12:29:39+00:00\" \/>\n<meta property=\"og:image\" content=\"https:\/\/hudo.com\/si\/wp-content\/uploads\/sites\/2\/2018\/02\/profimedia-0364478740.jpg\" \/>\n\t<meta property=\"og:image:width\" content=\"1250\" \/>\n\t<meta property=\"og:image:height\" content=\"833\" \/>\n\t<meta property=\"og:image:type\" content=\"image\/jpeg\" \/>\n<meta name=\"author\" content=\"M. N., STA\" \/>\n<meta name=\"twitter:card\" content=\"summary_large_image\" \/>\n<meta name=\"twitter:creator\" content=\"@hudo_si\" \/>\n<meta name=\"twitter:site\" content=\"@hudo_si\" \/>\n<meta name=\"twitter:label1\" content=\"Written by\" \/>\n\t<meta name=\"twitter:data1\" content=\"M. N., STA\" \/>\n\t<meta name=\"twitter:label2\" content=\"Est. reading time\" \/>\n\t<meta name=\"twitter:data2\" content=\"2 minuti\" \/>\n<script type=\"application\/ld+json\" class=\"yoast-schema-graph\">{\"@context\":\"https:\/\/schema.org\",\"@graph\":[{\"@type\":\"Article\",\"@id\":\"https:\/\/hudo.com\/si\/aktualno\/na-slovaskem-v-preiskavi-umora-novinarja-prijeli-vec-italijanskih-poslovnezev\/#article\",\"isPartOf\":{\"@id\":\"https:\/\/hudo.com\/si\/aktualno\/na-slovaskem-v-preiskavi-umora-novinarja-prijeli-vec-italijanskih-poslovnezev\/\"},\"author\":{\"name\":\"M. N., STA\",\"@id\":\"https:\/\/hudo.com\/si\/#\/schema\/person\/c2f10ce65d2e6ede2aeda5be2a0611fa\"},\"headline\":\"Na Slova\u0161kem v preiskavi umora novinarja prijeli ve\u010d italijanskih poslovne\u017eev\",\"datePublished\":\"2018-03-01T12:29:39+00:00\",\"dateModified\":\"2018-03-01T12:29:39+00:00\",\"mainEntityOfPage\":{\"@id\":\"https:\/\/hudo.com\/si\/aktualno\/na-slovaskem-v-preiskavi-umora-novinarja-prijeli-vec-italijanskih-poslovnezev\/\"},\"wordCount\":407,\"publisher\":{\"@id\":\"https:\/\/hudo.com\/si\/#organization\"},\"keywords\":[\"italijanska mafija\",\"Jan Ku\u010diak\",\"slova\u0161ka\"],\"articleSection\":[\"Aktualno\"],\"inLanguage\":\"sl-SI\"},{\"@type\":\"WebPage\",\"@id\":\"https:\/\/hudo.com\/si\/aktualno\/na-slovaskem-v-preiskavi-umora-novinarja-prijeli-vec-italijanskih-poslovnezev\/\",\"url\":\"https:\/\/hudo.com\/si\/aktualno\/na-slovaskem-v-preiskavi-umora-novinarja-prijeli-vec-italijanskih-poslovnezev\/\",\"name\":\"Na Slova\u0161kem v preiskavi umora novinarja prijeli ve\u010d italijanskih poslovne\u017eev - Hudo Slovenija\",\"isPartOf\":{\"@id\":\"https:\/\/hudo.com\/si\/#website\"},\"datePublished\":\"2018-03-01T12:29:39+00:00\",\"dateModified\":\"2018-03-01T12:29:39+00:00\",\"breadcrumb\":{\"@id\":\"https:\/\/hudo.com\/si\/aktualno\/na-slovaskem-v-preiskavi-umora-novinarja-prijeli-vec-italijanskih-poslovnezev\/#breadcrumb\"},\"inLanguage\":\"sl-SI\",\"potentialAction\":[{\"@type\":\"ReadAction\",\"target\":[\"https:\/\/hudo.com\/si\/aktualno\/na-slovaskem-v-preiskavi-umora-novinarja-prijeli-vec-italijanskih-poslovnezev\/\"]}]},{\"@type\":\"BreadcrumbList\",\"@id\":\"https:\/\/hudo.com\/si\/aktualno\/na-slovaskem-v-preiskavi-umora-novinarja-prijeli-vec-italijanskih-poslovnezev\/#breadcrumb\",\"itemListElement\":[{\"@type\":\"ListItem\",\"position\":1,\"name\":\"Home\",\"item\":\"https:\/\/hudo.com\/si\/\"},{\"@type\":\"ListItem\",\"position\":2,\"name\":\"Na Slova\u0161kem v preiskavi umora novinarja prijeli ve\u010d italijanskih poslovne\u017eev\"}]},{\"@type\":\"WebSite\",\"@id\":\"https:\/\/hudo.com\/si\/#website\",\"url\":\"https:\/\/hudo.com\/si\/\",\"name\":\"Hudo Slovenija\",\"description\":\"Vse novice iz Slovenije in sveta\",\"publisher\":{\"@id\":\"https:\/\/hudo.com\/si\/#organization\"},\"potentialAction\":[{\"@type\":\"SearchAction\",\"target\":{\"@type\":\"EntryPoint\",\"urlTemplate\":\"https:\/\/hudo.com\/si\/?s={search_term_string}\"},\"query-input\":\"required name=search_term_string\"}],\"inLanguage\":\"sl-SI\"},{\"@type\":\"Organization\",\"@id\":\"https:\/\/hudo.com\/si\/#organization\",\"name\":\"VSN Media\",\"url\":\"https:\/\/hudo.com\/si\/\",\"logo\":{\"@type\":\"ImageObject\",\"inLanguage\":\"sl-SI\",\"@id\":\"https:\/\/hudo.com\/si\/#\/schema\/logo\/image\/\",\"url\":\"https:\/\/hudo.com\/si\/wp-content\/uploads\/sites\/2\/2021\/03\/hudo-app-2.png\",\"contentUrl\":\"https:\/\/hudo.com\/si\/wp-content\/uploads\/sites\/2\/2021\/03\/hudo-app-2.png\",\"width\":2185,\"height\":2167,\"caption\":\"VSN Media\"},\"image\":{\"@id\":\"https:\/\/hudo.com\/si\/#\/schema\/logo\/image\/\"},\"sameAs\":[\"https:\/\/www.facebook.com\/hudo.si\",\"https:\/\/twitter.com\/hudo_si\"]},{\"@type\":\"Person\",\"@id\":\"https:\/\/hudo.com\/si\/#\/schema\/person\/c2f10ce65d2e6ede2aeda5be2a0611fa\",\"name\":\"M. N., STA\",\"image\":{\"@type\":\"ImageObject\",\"inLanguage\":\"sl-SI\",\"@id\":\"https:\/\/hudo.com\/si\/#\/schema\/person\/image\/\",\"url\":\"https:\/\/secure.gravatar.com\/avatar\/f370d38daa10467f755c5c766a4cac20?s=96&d=mm&r=g\",\"contentUrl\":\"https:\/\/secure.gravatar.com\/avatar\/f370d38daa10467f755c5c766a4cac20?s=96&d=mm&r=g\",\"caption\":\"M. N., STA\"},\"url\":\"https:\/\/hudo.com\/si\/author\/mana\/\"}]}<\/script>\n<!-- \/ Yoast SEO plugin. -->","yoast_head_json":{"title":"Na Slova\u0161kem v preiskavi umora novinarja prijeli ve\u010d italijanskih poslovne\u017eev - Hudo Slovenija","robots":{"index":"index","follow":"follow","max-snippet":"max-snippet:-1","max-image-preview":"max-image-preview:large","max-video-preview":"max-video-preview:-1"},"canonical":"https:\/\/hudo.com\/si\/aktualno\/na-slovaskem-v-preiskavi-umora-novinarja-prijeli-vec-italijanskih-poslovnezev\/","og_locale":"sl_SI","og_type":"article","og_title":"Na Slova\u0161kem v preiskavi umora novinarja prijeli ve\u010d italijanskih poslovne\u017eev - Hudo Slovenija","og_description":"Slova\u0161ka policija je danes sporo\u010dila, da so v preiskavi umora preiskovalnega novinarja Jana Kuciaka prijeli ve\u010d italijanskih poslovne\u017eev, tudi Antonina Vadalo. V svojem zadnjem \u010dlanku o domnevni korupciji v slova\u0161kem politi\u010dnem vrhu je novinar Vadalo navajal kot povezavo med italijansko mafijo in slova\u0161ko politiko.","og_url":"https:\/\/hudo.com\/si\/aktualno\/na-slovaskem-v-preiskavi-umora-novinarja-prijeli-vec-italijanskih-poslovnezev\/","og_site_name":"Hudo Slovenija","article_publisher":"https:\/\/www.facebook.com\/hudo.si","article_published_time":"2018-03-01T12:29:39+00:00","og_image":[{"width":1250,"height":833,"url":"https:\/\/hudo.com\/si\/wp-content\/uploads\/sites\/2\/2018\/02\/profimedia-0364478740.jpg","type":"image\/jpeg"}],"author":"M. N., STA","twitter_card":"summary_large_image","twitter_creator":"@hudo_si","twitter_site":"@hudo_si","twitter_misc":{"Written by":"M. N., STA","Est. reading time":"2 minuti"},"schema":{"@context":"https:\/\/schema.org","@graph":[{"@type":"Article","@id":"https:\/\/hudo.com\/si\/aktualno\/na-slovaskem-v-preiskavi-umora-novinarja-prijeli-vec-italijanskih-poslovnezev\/#article","isPartOf":{"@id":"https:\/\/hudo.com\/si\/aktualno\/na-slovaskem-v-preiskavi-umora-novinarja-prijeli-vec-italijanskih-poslovnezev\/"},"author":{"name":"M. N., STA","@id":"https:\/\/hudo.com\/si\/#\/schema\/person\/c2f10ce65d2e6ede2aeda5be2a0611fa"},"headline":"Na Slova\u0161kem v preiskavi umora novinarja prijeli ve\u010d italijanskih poslovne\u017eev","datePublished":"2018-03-01T12:29:39+00:00","dateModified":"2018-03-01T12:29:39+00:00","mainEntityOfPage":{"@id":"https:\/\/hudo.com\/si\/aktualno\/na-slovaskem-v-preiskavi-umora-novinarja-prijeli-vec-italijanskih-poslovnezev\/"},"wordCount":407,"publisher":{"@id":"https:\/\/hudo.com\/si\/#organization"},"keywords":["italijanska mafija","Jan Ku\u010diak","slova\u0161ka"],"articleSection":["Aktualno"],"inLanguage":"sl-SI"},{"@type":"WebPage","@id":"https:\/\/hudo.com\/si\/aktualno\/na-slovaskem-v-preiskavi-umora-novinarja-prijeli-vec-italijanskih-poslovnezev\/","url":"https:\/\/hudo.com\/si\/aktualno\/na-slovaskem-v-preiskavi-umora-novinarja-prijeli-vec-italijanskih-poslovnezev\/","name":"Na Slova\u0161kem v preiskavi umora novinarja prijeli ve\u010d italijanskih poslovne\u017eev - Hudo Slovenija","isPartOf":{"@id":"https:\/\/hudo.com\/si\/#website"},"datePublished":"2018-03-01T12:29:39+00:00","dateModified":"2018-03-01T12:29:39+00:00","breadcrumb":{"@id":"https:\/\/hudo.com\/si\/aktualno\/na-slovaskem-v-preiskavi-umora-novinarja-prijeli-vec-italijanskih-poslovnezev\/#breadcrumb"},"inLanguage":"sl-SI","potentialAction":[{"@type":"ReadAction","target":["https:\/\/hudo.com\/si\/aktualno\/na-slovaskem-v-preiskavi-umora-novinarja-prijeli-vec-italijanskih-poslovnezev\/"]}]},{"@type":"BreadcrumbList","@id":"https:\/\/hudo.com\/si\/aktualno\/na-slovaskem-v-preiskavi-umora-novinarja-prijeli-vec-italijanskih-poslovnezev\/#breadcrumb","itemListElement":[{"@type":"ListItem","position":1,"name":"Home","item":"https:\/\/hudo.com\/si\/"},{"@type":"ListItem","position":2,"name":"Na Slova\u0161kem v preiskavi umora novinarja prijeli ve\u010d italijanskih poslovne\u017eev"}]},{"@type":"WebSite","@id":"https:\/\/hudo.com\/si\/#website","url":"https:\/\/hudo.com\/si\/","name":"Hudo Slovenija","description":"Vse novice iz Slovenije in sveta","publisher":{"@id":"https:\/\/hudo.com\/si\/#organization"},"potentialAction":[{"@type":"SearchAction","target":{"@type":"EntryPoint","urlTemplate":"https:\/\/hudo.com\/si\/?s={search_term_string}"},"query-input":"required name=search_term_string"}],"inLanguage":"sl-SI"},{"@type":"Organization","@id":"https:\/\/hudo.com\/si\/#organization","name":"VSN Media","url":"https:\/\/hudo.com\/si\/","logo":{"@type":"ImageObject","inLanguage":"sl-SI","@id":"https:\/\/hudo.com\/si\/#\/schema\/logo\/image\/","url":"https:\/\/hudo.com\/si\/wp-content\/uploads\/sites\/2\/2021\/03\/hudo-app-2.png","contentUrl":"https:\/\/hudo.com\/si\/wp-content\/uploads\/sites\/2\/2021\/03\/hudo-app-2.png","width":2185,"height":2167,"caption":"VSN Media"},"image":{"@id":"https:\/\/hudo.com\/si\/#\/schema\/logo\/image\/"},"sameAs":["https:\/\/www.facebook.com\/hudo.si","https:\/\/twitter.com\/hudo_si"]},{"@type":"Person","@id":"https:\/\/hudo.com\/si\/#\/schema\/person\/c2f10ce65d2e6ede2aeda5be2a0611fa","name":"M. N., STA","image":{"@type":"ImageObject","inLanguage":"sl-SI","@id":"https:\/\/hudo.com\/si\/#\/schema\/person\/image\/","url":"https:\/\/secure.gravatar.com\/avatar\/f370d38daa10467f755c5c766a4cac20?s=96&d=mm&r=g","contentUrl":"https:\/\/secure.gravatar.com\/avatar\/f370d38daa10467f755c5c766a4cac20?s=96&d=mm&r=g","caption":"M. N., STA"},"url":"https:\/\/hudo.com\/si\/author\/mana\/"}]}},"amp_enabled":true,"_links":{"self":[{"href":"https:\/\/hudo.com\/si\/wp-json\/wp\/v2\/posts\/366071"}],"collection":[{"href":"https:\/\/hudo.com\/si\/wp-json\/wp\/v2\/posts"}],"about":[{"href":"https:\/\/hudo.com\/si\/wp-json\/wp\/v2\/types\/post"}],"author":[{"embeddable":true,"href":"https:\/\/hudo.com\/si\/wp-json\/wp\/v2\/users\/8"}],"replies":[{"embeddable":true,"href":"https:\/\/hudo.com\/si\/wp-json\/wp\/v2\/comments?post=366071"}],"version-history":[{"count":1,"href":"https:\/\/hudo.com\/si\/wp-json\/wp\/v2\/posts\/366071\/revisions"}],"predecessor-version":[{"id":366072,"href":"https:\/\/hudo.com\/si\/wp-json\/wp\/v2\/posts\/366071\/revisions\/366072"}],"wp:featuredmedia":[{"embeddable":true,"href":"https:\/\/hudo.com\/si\/wp-json\/wp\/v2\/media\/365942"}],"wp:attachment":[{"href":"https:\/\/hudo.com\/si\/wp-json\/wp\/v2\/media?parent=366071"}],"wp:term":[{"taxonomy":"category","embeddable":true,"href":"https:\/\/hudo.com\/si\/wp-json\/wp\/v2\/categories?post=366071"},{"taxonomy":"post_tag","embeddable":true,"href":"https:\/\/hudo.com\/si\/wp-json\/wp\/v2\/tags?post=366071"},{"taxonomy":"source","embeddable":true,"href":"https:\/\/hudo.com\/si\/wp-json\/wp\/v2\/source?post=366071"},{"taxonomy":"supertag","embeddable":true,"href":"https:\/\/hudo.com\/si\/wp-json\/wp\/v2\/supertag?post=366071"}],"curies":[{"name":"wp","href":"https:\/\/api.w.org\/{rel}","templated":true}]}}