{"id":366469,"date":"2018-03-07T13:19:29","date_gmt":"2018-03-07T12:19:29","guid":{"rendered":"http:\/\/hudo.com\/si\/?p=366469"},"modified":"2018-03-07T13:19:29","modified_gmt":"2018-03-07T12:19:29","slug":"slovenija-po-sestih-letih-odpravila-gospodarska-neravnotezja","status":"publish","type":"post","link":"https:\/\/hudo.com\/si\/aktualno\/slovenija-po-sestih-letih-odpravila-gospodarska-neravnotezja\/","title":{"rendered":"Slovenija po \u0161estih letih odpravila gospodarska neravnote\u017eja"},"content":{"rendered":"<p>Tudi evropska komisarka iz Slovenije Violeta Bulc je izpostavila, da je to odli\u010den dan za Slovenijo, ki danes izstopa iz makroekonomskega nadzora.<\/p>\n<p>Ta korak je po komisarkinih besedah posledica stabilne gospodarske rasti, izbolj\u0161anja ban\u010dnega sistema in krepitve trga dela. Bul\u010deva je izpostavila tudi izbolj\u0161anje upravljanja podjetij v dr\u017eavni lasti in stanja glede sodnih zaostankov.<\/p>\n<p>&#8220;Evropska komisija je s tem podala tudi mo\u010dno sporo\u010dilo na trg, doma\u010dim in tujim vlagateljem, da je Slovenija stabilna dr\u017eava in dober partner za bodo\u010de investicije,&#8221; je \u0161e poudarila Bul\u010deva.<\/p>\n<p>Ob tem je izpostavila, da je prav omeniti \u0161e to, da je treba nadaljevati ukrepe za stabilno financiranje zdravstva in pokojnin.<\/p>\n<p>Evropska komisija je danes objavila zimski sve\u017eenj pregleda izvajanja evropskega semestra, cikla tesnej\u0161ega usklajevanja prora\u010dunskih in gospodarskih politik \u010dlanic pod budnim o\u010desom Bruslja, ki ga je unija uvedla leta 2011 v kriznih \u010dasih, da bi prepre\u010dila nove krize.<\/p>\n<p>V oceni februarja lani je presodila, da se Slovenija \u0161e vedno soo\u010da z gospodarskimi neravnote\u017eji, ki pa niso prese\u017ena. Med ranljivostmi je izpostavila \u0161ibkosti v ban\u010dnem sektorju, zadol\u017eenost podjetij in fiskalna tveganja ter ocenila, da je v primeru nadaljnjih prizadevanj vzdr\u017ena odprava neravnote\u017eij na dosegu.<\/p>\n<p>Novembra lani je komisija v vmesnem pregledu ocenila, da mora Slovenija in \u0161e enajst \u010dlanic EU na temeljit pregled zaradi makroekonomskih neravnote\u017eij. Ugotovitve te poglobljene analize je objavila danes.<\/p>\n<p>Slovenija je morala doslej ta pregled opraviti vsako leto od uvedbe evropskega semestra leta 2011. V letih 2013 in 2014 je komisija v Sloveniji ugotovila prese\u017ena makroekonomska neravnovesja, a korektivnega postopka ni spro\u017eila. Zatem pa je vsako leto presodila, da neravnovesja sicer obstajajo, a da niso prese\u017ena.<\/p>\n","protected":false},"excerpt":{"rendered":"<p>Slovenija je po \u0161estih letih odpravila gospodarska neravnote\u017eja, je danes ugotovila Evropska komisija. &#8220;\u010cestitam Sloveniji za opravljeno delo pri krepitvi temeljev slovenskega gospodarstva,&#8221; je poudaril podpredsednik komisije Valdis Dombrovskis. Ob tem je pozval k vztrajanju pri teh prizadevanjih in nadaljnjemu soo\u010danju s preostalimi \u0161ibkostmi.<\/p>\n","protected":false},"author":7,"featured_media":366471,"comment_status":"closed","ping_status":"closed","sticky":false,"template":"","format":"standard","meta":{"footnotes":""},"categories":[1179],"tags":[1910,2391,1595],"source":[4511],"supertag":[7541],"acf":[],"yoast_head":"<!-- This site is optimized with the Yoast SEO plugin v21.3 - https:\/\/yoast.com\/wordpress\/plugins\/seo\/ -->\n<title>Slovenija po \u0161estih letih odpravila gospodarska neravnote\u017eja - Hudo Slovenija<\/title>\n<meta name=\"robots\" content=\"index, follow, max-snippet:-1, max-image-preview:large, max-video-preview:-1\" \/>\n<link rel=\"canonical\" href=\"https:\/\/hudo.com\/si\/aktualno\/slovenija-po-sestih-letih-odpravila-gospodarska-neravnotezja\/\" \/>\n<meta property=\"og:locale\" content=\"sl_SI\" \/>\n<meta property=\"og:type\" content=\"article\" \/>\n<meta property=\"og:title\" content=\"Slovenija po \u0161estih letih odpravila gospodarska neravnote\u017eja - Hudo Slovenija\" \/>\n<meta property=\"og:description\" content=\"Slovenija je po \u0161estih letih odpravila gospodarska neravnote\u017eja, je danes ugotovila Evropska komisija. &quot;\u010cestitam Sloveniji za opravljeno delo pri krepitvi temeljev slovenskega gospodarstva,&quot; je poudaril podpredsednik komisije Valdis Dombrovskis. Ob tem je pozval k vztrajanju pri teh prizadevanjih in nadaljnjemu soo\u010danju s preostalimi \u0161ibkostmi.\" \/>\n<meta property=\"og:url\" content=\"https:\/\/hudo.com\/si\/aktualno\/slovenija-po-sestih-letih-odpravila-gospodarska-neravnotezja\/\" \/>\n<meta property=\"og:site_name\" content=\"Hudo Slovenija\" \/>\n<meta property=\"article:publisher\" content=\"https:\/\/www.facebook.com\/hudo.si\" \/>\n<meta property=\"article:published_time\" content=\"2018-03-07T12:19:29+00:00\" \/>\n<meta property=\"og:image\" content=\"https:\/\/hudo.com\/si\/wp-content\/uploads\/sites\/2\/2018\/03\/profimedia-0355940054.jpg\" \/>\n\t<meta property=\"og:image:width\" content=\"1250\" \/>\n\t<meta property=\"og:image:height\" content=\"823\" \/>\n\t<meta property=\"og:image:type\" content=\"image\/jpeg\" \/>\n<meta name=\"author\" content=\"A. P., STA\" \/>\n<meta name=\"twitter:card\" content=\"summary_large_image\" \/>\n<meta name=\"twitter:creator\" content=\"@hudo_si\" \/>\n<meta name=\"twitter:site\" content=\"@hudo_si\" \/>\n<meta name=\"twitter:label1\" content=\"Written by\" \/>\n\t<meta name=\"twitter:data1\" content=\"A. P., STA\" \/>\n\t<meta name=\"twitter:label2\" content=\"Est. reading time\" \/>\n\t<meta name=\"twitter:data2\" content=\"1 minuta\" \/>\n<script type=\"application\/ld+json\" class=\"yoast-schema-graph\">{\"@context\":\"https:\/\/schema.org\",\"@graph\":[{\"@type\":\"Article\",\"@id\":\"https:\/\/hudo.com\/si\/aktualno\/slovenija-po-sestih-letih-odpravila-gospodarska-neravnotezja\/#article\",\"isPartOf\":{\"@id\":\"https:\/\/hudo.com\/si\/aktualno\/slovenija-po-sestih-letih-odpravila-gospodarska-neravnotezja\/\"},\"author\":{\"name\":\"A. P., STA\",\"@id\":\"https:\/\/hudo.com\/si\/#\/schema\/person\/18f09c02475ba9e606e941a565b80cff\"},\"headline\":\"Slovenija po \u0161estih letih odpravila gospodarska neravnote\u017eja\",\"datePublished\":\"2018-03-07T12:19:29+00:00\",\"dateModified\":\"2018-03-07T12:19:29+00:00\",\"mainEntityOfPage\":{\"@id\":\"https:\/\/hudo.com\/si\/aktualno\/slovenija-po-sestih-letih-odpravila-gospodarska-neravnotezja\/\"},\"wordCount\":296,\"publisher\":{\"@id\":\"https:\/\/hudo.com\/si\/#organization\"},\"keywords\":[\"evropska unija\",\"gospodarstvo\",\"Slovenija\"],\"articleSection\":[\"Aktualno\"],\"inLanguage\":\"sl-SI\"},{\"@type\":\"WebPage\",\"@id\":\"https:\/\/hudo.com\/si\/aktualno\/slovenija-po-sestih-letih-odpravila-gospodarska-neravnotezja\/\",\"url\":\"https:\/\/hudo.com\/si\/aktualno\/slovenija-po-sestih-letih-odpravila-gospodarska-neravnotezja\/\",\"name\":\"Slovenija po \u0161estih letih odpravila gospodarska neravnote\u017eja - Hudo Slovenija\",\"isPartOf\":{\"@id\":\"https:\/\/hudo.com\/si\/#website\"},\"datePublished\":\"2018-03-07T12:19:29+00:00\",\"dateModified\":\"2018-03-07T12:19:29+00:00\",\"breadcrumb\":{\"@id\":\"https:\/\/hudo.com\/si\/aktualno\/slovenija-po-sestih-letih-odpravila-gospodarska-neravnotezja\/#breadcrumb\"},\"inLanguage\":\"sl-SI\",\"potentialAction\":[{\"@type\":\"ReadAction\",\"target\":[\"https:\/\/hudo.com\/si\/aktualno\/slovenija-po-sestih-letih-odpravila-gospodarska-neravnotezja\/\"]}]},{\"@type\":\"BreadcrumbList\",\"@id\":\"https:\/\/hudo.com\/si\/aktualno\/slovenija-po-sestih-letih-odpravila-gospodarska-neravnotezja\/#breadcrumb\",\"itemListElement\":[{\"@type\":\"ListItem\",\"position\":1,\"name\":\"Home\",\"item\":\"https:\/\/hudo.com\/si\/\"},{\"@type\":\"ListItem\",\"position\":2,\"name\":\"Slovenija po \u0161estih letih odpravila gospodarska neravnote\u017eja\"}]},{\"@type\":\"WebSite\",\"@id\":\"https:\/\/hudo.com\/si\/#website\",\"url\":\"https:\/\/hudo.com\/si\/\",\"name\":\"Hudo Slovenija\",\"description\":\"Vse novice iz Slovenije in sveta\",\"publisher\":{\"@id\":\"https:\/\/hudo.com\/si\/#organization\"},\"potentialAction\":[{\"@type\":\"SearchAction\",\"target\":{\"@type\":\"EntryPoint\",\"urlTemplate\":\"https:\/\/hudo.com\/si\/?s={search_term_string}\"},\"query-input\":\"required name=search_term_string\"}],\"inLanguage\":\"sl-SI\"},{\"@type\":\"Organization\",\"@id\":\"https:\/\/hudo.com\/si\/#organization\",\"name\":\"VSN Media\",\"url\":\"https:\/\/hudo.com\/si\/\",\"logo\":{\"@type\":\"ImageObject\",\"inLanguage\":\"sl-SI\",\"@id\":\"https:\/\/hudo.com\/si\/#\/schema\/logo\/image\/\",\"url\":\"https:\/\/hudo.com\/si\/wp-content\/uploads\/sites\/2\/2021\/03\/hudo-app-2.png\",\"contentUrl\":\"https:\/\/hudo.com\/si\/wp-content\/uploads\/sites\/2\/2021\/03\/hudo-app-2.png\",\"width\":2185,\"height\":2167,\"caption\":\"VSN Media\"},\"image\":{\"@id\":\"https:\/\/hudo.com\/si\/#\/schema\/logo\/image\/\"},\"sameAs\":[\"https:\/\/www.facebook.com\/hudo.si\",\"https:\/\/twitter.com\/hudo_si\"]},{\"@type\":\"Person\",\"@id\":\"https:\/\/hudo.com\/si\/#\/schema\/person\/18f09c02475ba9e606e941a565b80cff\",\"name\":\"A. P., STA\",\"image\":{\"@type\":\"ImageObject\",\"inLanguage\":\"sl-SI\",\"@id\":\"https:\/\/hudo.com\/si\/#\/schema\/person\/image\/\",\"url\":\"https:\/\/secure.gravatar.com\/avatar\/03eac8e609f5f04383125d80eaeaaf3e?s=96&d=mm&r=g\",\"contentUrl\":\"https:\/\/secure.gravatar.com\/avatar\/03eac8e609f5f04383125d80eaeaaf3e?s=96&d=mm&r=g\",\"caption\":\"A. P., STA\"},\"url\":\"https:\/\/hudo.com\/si\/author\/lubu\/\"}]}<\/script>\n<!-- \/ Yoast SEO plugin. -->","yoast_head_json":{"title":"Slovenija po \u0161estih letih odpravila gospodarska neravnote\u017eja - Hudo Slovenija","robots":{"index":"index","follow":"follow","max-snippet":"max-snippet:-1","max-image-preview":"max-image-preview:large","max-video-preview":"max-video-preview:-1"},"canonical":"https:\/\/hudo.com\/si\/aktualno\/slovenija-po-sestih-letih-odpravila-gospodarska-neravnotezja\/","og_locale":"sl_SI","og_type":"article","og_title":"Slovenija po \u0161estih letih odpravila gospodarska neravnote\u017eja - Hudo Slovenija","og_description":"Slovenija je po \u0161estih letih odpravila gospodarska neravnote\u017eja, je danes ugotovila Evropska komisija. \"\u010cestitam Sloveniji za opravljeno delo pri krepitvi temeljev slovenskega gospodarstva,\" je poudaril podpredsednik komisije Valdis Dombrovskis. Ob tem je pozval k vztrajanju pri teh prizadevanjih in nadaljnjemu soo\u010danju s preostalimi \u0161ibkostmi.","og_url":"https:\/\/hudo.com\/si\/aktualno\/slovenija-po-sestih-letih-odpravila-gospodarska-neravnotezja\/","og_site_name":"Hudo Slovenija","article_publisher":"https:\/\/www.facebook.com\/hudo.si","article_published_time":"2018-03-07T12:19:29+00:00","og_image":[{"width":1250,"height":823,"url":"https:\/\/hudo.com\/si\/wp-content\/uploads\/sites\/2\/2018\/03\/profimedia-0355940054.jpg","type":"image\/jpeg"}],"author":"A. P., STA","twitter_card":"summary_large_image","twitter_creator":"@hudo_si","twitter_site":"@hudo_si","twitter_misc":{"Written by":"A. P., STA","Est. reading time":"1 minuta"},"schema":{"@context":"https:\/\/schema.org","@graph":[{"@type":"Article","@id":"https:\/\/hudo.com\/si\/aktualno\/slovenija-po-sestih-letih-odpravila-gospodarska-neravnotezja\/#article","isPartOf":{"@id":"https:\/\/hudo.com\/si\/aktualno\/slovenija-po-sestih-letih-odpravila-gospodarska-neravnotezja\/"},"author":{"name":"A. P., STA","@id":"https:\/\/hudo.com\/si\/#\/schema\/person\/18f09c02475ba9e606e941a565b80cff"},"headline":"Slovenija po \u0161estih letih odpravila gospodarska neravnote\u017eja","datePublished":"2018-03-07T12:19:29+00:00","dateModified":"2018-03-07T12:19:29+00:00","mainEntityOfPage":{"@id":"https:\/\/hudo.com\/si\/aktualno\/slovenija-po-sestih-letih-odpravila-gospodarska-neravnotezja\/"},"wordCount":296,"publisher":{"@id":"https:\/\/hudo.com\/si\/#organization"},"keywords":["evropska unija","gospodarstvo","Slovenija"],"articleSection":["Aktualno"],"inLanguage":"sl-SI"},{"@type":"WebPage","@id":"https:\/\/hudo.com\/si\/aktualno\/slovenija-po-sestih-letih-odpravila-gospodarska-neravnotezja\/","url":"https:\/\/hudo.com\/si\/aktualno\/slovenija-po-sestih-letih-odpravila-gospodarska-neravnotezja\/","name":"Slovenija po \u0161estih letih odpravila gospodarska neravnote\u017eja - Hudo Slovenija","isPartOf":{"@id":"https:\/\/hudo.com\/si\/#website"},"datePublished":"2018-03-07T12:19:29+00:00","dateModified":"2018-03-07T12:19:29+00:00","breadcrumb":{"@id":"https:\/\/hudo.com\/si\/aktualno\/slovenija-po-sestih-letih-odpravila-gospodarska-neravnotezja\/#breadcrumb"},"inLanguage":"sl-SI","potentialAction":[{"@type":"ReadAction","target":["https:\/\/hudo.com\/si\/aktualno\/slovenija-po-sestih-letih-odpravila-gospodarska-neravnotezja\/"]}]},{"@type":"BreadcrumbList","@id":"https:\/\/hudo.com\/si\/aktualno\/slovenija-po-sestih-letih-odpravila-gospodarska-neravnotezja\/#breadcrumb","itemListElement":[{"@type":"ListItem","position":1,"name":"Home","item":"https:\/\/hudo.com\/si\/"},{"@type":"ListItem","position":2,"name":"Slovenija po \u0161estih letih odpravila gospodarska neravnote\u017eja"}]},{"@type":"WebSite","@id":"https:\/\/hudo.com\/si\/#website","url":"https:\/\/hudo.com\/si\/","name":"Hudo Slovenija","description":"Vse novice iz Slovenije in sveta","publisher":{"@id":"https:\/\/hudo.com\/si\/#organization"},"potentialAction":[{"@type":"SearchAction","target":{"@type":"EntryPoint","urlTemplate":"https:\/\/hudo.com\/si\/?s={search_term_string}"},"query-input":"required name=search_term_string"}],"inLanguage":"sl-SI"},{"@type":"Organization","@id":"https:\/\/hudo.com\/si\/#organization","name":"VSN Media","url":"https:\/\/hudo.com\/si\/","logo":{"@type":"ImageObject","inLanguage":"sl-SI","@id":"https:\/\/hudo.com\/si\/#\/schema\/logo\/image\/","url":"https:\/\/hudo.com\/si\/wp-content\/uploads\/sites\/2\/2021\/03\/hudo-app-2.png","contentUrl":"https:\/\/hudo.com\/si\/wp-content\/uploads\/sites\/2\/2021\/03\/hudo-app-2.png","width":2185,"height":2167,"caption":"VSN Media"},"image":{"@id":"https:\/\/hudo.com\/si\/#\/schema\/logo\/image\/"},"sameAs":["https:\/\/www.facebook.com\/hudo.si","https:\/\/twitter.com\/hudo_si"]},{"@type":"Person","@id":"https:\/\/hudo.com\/si\/#\/schema\/person\/18f09c02475ba9e606e941a565b80cff","name":"A. P., STA","image":{"@type":"ImageObject","inLanguage":"sl-SI","@id":"https:\/\/hudo.com\/si\/#\/schema\/person\/image\/","url":"https:\/\/secure.gravatar.com\/avatar\/03eac8e609f5f04383125d80eaeaaf3e?s=96&d=mm&r=g","contentUrl":"https:\/\/secure.gravatar.com\/avatar\/03eac8e609f5f04383125d80eaeaaf3e?s=96&d=mm&r=g","caption":"A. P., STA"},"url":"https:\/\/hudo.com\/si\/author\/lubu\/"}]}},"amp_enabled":true,"_links":{"self":[{"href":"https:\/\/hudo.com\/si\/wp-json\/wp\/v2\/posts\/366469"}],"collection":[{"href":"https:\/\/hudo.com\/si\/wp-json\/wp\/v2\/posts"}],"about":[{"href":"https:\/\/hudo.com\/si\/wp-json\/wp\/v2\/types\/post"}],"author":[{"embeddable":true,"href":"https:\/\/hudo.com\/si\/wp-json\/wp\/v2\/users\/7"}],"replies":[{"embeddable":true,"href":"https:\/\/hudo.com\/si\/wp-json\/wp\/v2\/comments?post=366469"}],"version-history":[{"count":1,"href":"https:\/\/hudo.com\/si\/wp-json\/wp\/v2\/posts\/366469\/revisions"}],"predecessor-version":[{"id":366472,"href":"https:\/\/hudo.com\/si\/wp-json\/wp\/v2\/posts\/366469\/revisions\/366472"}],"wp:featuredmedia":[{"embeddable":true,"href":"https:\/\/hudo.com\/si\/wp-json\/wp\/v2\/media\/366471"}],"wp:attachment":[{"href":"https:\/\/hudo.com\/si\/wp-json\/wp\/v2\/media?parent=366469"}],"wp:term":[{"taxonomy":"category","embeddable":true,"href":"https:\/\/hudo.com\/si\/wp-json\/wp\/v2\/categories?post=366469"},{"taxonomy":"post_tag","embeddable":true,"href":"https:\/\/hudo.com\/si\/wp-json\/wp\/v2\/tags?post=366469"},{"taxonomy":"source","embeddable":true,"href":"https:\/\/hudo.com\/si\/wp-json\/wp\/v2\/source?post=366469"},{"taxonomy":"supertag","embeddable":true,"href":"https:\/\/hudo.com\/si\/wp-json\/wp\/v2\/supertag?post=366469"}],"curies":[{"name":"wp","href":"https:\/\/api.w.org\/{rel}","templated":true}]}}