{"id":366856,"date":"2018-03-15T08:13:13","date_gmt":"2018-03-15T07:13:13","guid":{"rendered":"http:\/\/hudo.com\/si\/?p=366856"},"modified":"2018-03-15T08:13:13","modified_gmt":"2018-03-15T07:13:13","slug":"na-ceskem-mnozicni-protesti-proti-predsedniku-drzave-za-svobodo-medijev","status":"publish","type":"post","link":"https:\/\/hudo.com\/si\/aktualno\/na-ceskem-mnozicni-protesti-proti-predsedniku-drzave-za-svobodo-medijev\/","title":{"rendered":"Na \u010ce\u0161kem mno\u017ei\u010dni protesti proti predsedniku dr\u017eave in za svobodo medijev"},"content":{"rendered":"<p>Zeman je nedavno v svojem govoru ob za\u010detku drugega predsedni\u0161kega mandata kritiziral javno televizijo \u010cT in nekatere medije, kot je liberalni dnevnik Hospodarske noviny. 73-letni Zeman jim je o\u010dital &#8220;manipulacije javnosti&#8221;.<\/p>\n<p>V \u010dasu, ko so pred rezidenco potekali protesti, je bil Zeman s pribli\u017eno sto povabljenimi gosti na koncertu na Pra\u0161kem gradu ob za\u010detku svojega drugega predsedni\u0161kega mandata. &#8220;Ne smemo se bati prihodnosti, kajti prihodnost za naslednjih pet let pripada nam,&#8221; je ob tem po poro\u010danju \u010de\u0161ke tiskovne agencije \u010cTK dejal Zeman.<\/p>\n<p>Med gosti na koncertu so bili po poro\u010danju \u010dasnika Pravo osebnosti iz politike, gospodarstva, kulture in estrade, kot sta priljubljena pevca Helena Vondrackova in Vaclav Neckar.<\/p>\n<p>Zeman je januarja letos v drugem krogu predsedni\u0161kih volitev z 51,4 odstotka glasov podpore premagal svojega izzivalca Jirija Draho\u0161a.<\/p>\n","protected":false},"excerpt":{"rendered":"<p>Na \u010ce\u0161kem se je v sredo zve\u010der ve\u010d tiso\u010d ljudi zbralo na protestih proti predsedniku dr\u017eave Milo\u0161u Zemanu in za svobodo medijev. V sredi\u0161\u010du glavnega mesta Praga se je po navedbah organizatorjev zbralo okoli 4000 ljudi, ki so svoj protestni shod kon\u010dali pred vrati predsedni\u0161ke rezidence na Pra\u0161kem gradu, poro\u010da nem\u0161ka tiskovna agencija dpa.<\/p>\n","protected":false},"author":8,"featured_media":237473,"comment_status":"closed","ping_status":"closed","sticky":false,"template":"","format":"standard","meta":{"footnotes":""},"categories":[1179],"tags":[3758],"source":[4511],"supertag":[6103],"acf":[],"yoast_head":"<!-- This site is optimized with the Yoast SEO plugin v21.3 - https:\/\/yoast.com\/wordpress\/plugins\/seo\/ -->\n<title>Na \u010ce\u0161kem mno\u017ei\u010dni protesti proti predsedniku dr\u017eave in za svobodo medijev - Hudo Slovenija<\/title>\n<meta name=\"robots\" content=\"index, follow, max-snippet:-1, max-image-preview:large, max-video-preview:-1\" \/>\n<link rel=\"canonical\" href=\"https:\/\/hudo.com\/si\/aktualno\/na-ceskem-mnozicni-protesti-proti-predsedniku-drzave-za-svobodo-medijev\/\" \/>\n<meta property=\"og:locale\" content=\"sl_SI\" \/>\n<meta property=\"og:type\" content=\"article\" \/>\n<meta property=\"og:title\" content=\"Na \u010ce\u0161kem mno\u017ei\u010dni protesti proti predsedniku dr\u017eave in za svobodo medijev - Hudo Slovenija\" \/>\n<meta property=\"og:description\" content=\"Na \u010ce\u0161kem se je v sredo zve\u010der ve\u010d tiso\u010d ljudi zbralo na protestih proti predsedniku dr\u017eave Milo\u0161u Zemanu in za svobodo medijev. V sredi\u0161\u010du glavnega mesta Praga se je po navedbah organizatorjev zbralo okoli 4000 ljudi, ki so svoj protestni shod kon\u010dali pred vrati predsedni\u0161ke rezidence na Pra\u0161kem gradu, poro\u010da nem\u0161ka tiskovna agencija dpa.\" \/>\n<meta property=\"og:url\" content=\"https:\/\/hudo.com\/si\/aktualno\/na-ceskem-mnozicni-protesti-proti-predsedniku-drzave-za-svobodo-medijev\/\" \/>\n<meta property=\"og:site_name\" content=\"Hudo Slovenija\" \/>\n<meta property=\"article:publisher\" content=\"https:\/\/www.facebook.com\/hudo.si\" \/>\n<meta property=\"article:published_time\" content=\"2018-03-15T07:13:13+00:00\" \/>\n<meta property=\"og:image\" content=\"https:\/\/hudo.com\/si\/wp-content\/uploads\/sites\/2\/2017\/04\/profimedia-0150853880.jpg\" \/>\n\t<meta property=\"og:image:width\" content=\"1250\" \/>\n\t<meta property=\"og:image:height\" content=\"837\" \/>\n\t<meta property=\"og:image:type\" content=\"image\/jpeg\" \/>\n<meta name=\"author\" content=\"M. N., STA\" \/>\n<meta name=\"twitter:card\" content=\"summary_large_image\" \/>\n<meta name=\"twitter:creator\" content=\"@hudo_si\" \/>\n<meta name=\"twitter:site\" content=\"@hudo_si\" \/>\n<meta name=\"twitter:label1\" content=\"Written by\" \/>\n\t<meta name=\"twitter:data1\" content=\"M. N., STA\" \/>\n\t<meta name=\"twitter:label2\" content=\"Est. reading time\" \/>\n\t<meta name=\"twitter:data2\" content=\"1 minuta\" \/>\n<script type=\"application\/ld+json\" class=\"yoast-schema-graph\">{\"@context\":\"https:\/\/schema.org\",\"@graph\":[{\"@type\":\"Article\",\"@id\":\"https:\/\/hudo.com\/si\/aktualno\/na-ceskem-mnozicni-protesti-proti-predsedniku-drzave-za-svobodo-medijev\/#article\",\"isPartOf\":{\"@id\":\"https:\/\/hudo.com\/si\/aktualno\/na-ceskem-mnozicni-protesti-proti-predsedniku-drzave-za-svobodo-medijev\/\"},\"author\":{\"name\":\"M. N., STA\",\"@id\":\"https:\/\/hudo.com\/si\/#\/schema\/person\/c2f10ce65d2e6ede2aeda5be2a0611fa\"},\"headline\":\"Na \u010ce\u0161kem mno\u017ei\u010dni protesti proti predsedniku dr\u017eave in za svobodo medijev\",\"datePublished\":\"2018-03-15T07:13:13+00:00\",\"dateModified\":\"2018-03-15T07:13:13+00:00\",\"mainEntityOfPage\":{\"@id\":\"https:\/\/hudo.com\/si\/aktualno\/na-ceskem-mnozicni-protesti-proti-predsedniku-drzave-za-svobodo-medijev\/\"},\"wordCount\":153,\"publisher\":{\"@id\":\"https:\/\/hudo.com\/si\/#organization\"},\"keywords\":[\"\u010de\u0161ka\"],\"articleSection\":[\"Aktualno\"],\"inLanguage\":\"sl-SI\"},{\"@type\":\"WebPage\",\"@id\":\"https:\/\/hudo.com\/si\/aktualno\/na-ceskem-mnozicni-protesti-proti-predsedniku-drzave-za-svobodo-medijev\/\",\"url\":\"https:\/\/hudo.com\/si\/aktualno\/na-ceskem-mnozicni-protesti-proti-predsedniku-drzave-za-svobodo-medijev\/\",\"name\":\"Na \u010ce\u0161kem mno\u017ei\u010dni protesti proti predsedniku dr\u017eave in za svobodo medijev - Hudo Slovenija\",\"isPartOf\":{\"@id\":\"https:\/\/hudo.com\/si\/#website\"},\"datePublished\":\"2018-03-15T07:13:13+00:00\",\"dateModified\":\"2018-03-15T07:13:13+00:00\",\"breadcrumb\":{\"@id\":\"https:\/\/hudo.com\/si\/aktualno\/na-ceskem-mnozicni-protesti-proti-predsedniku-drzave-za-svobodo-medijev\/#breadcrumb\"},\"inLanguage\":\"sl-SI\",\"potentialAction\":[{\"@type\":\"ReadAction\",\"target\":[\"https:\/\/hudo.com\/si\/aktualno\/na-ceskem-mnozicni-protesti-proti-predsedniku-drzave-za-svobodo-medijev\/\"]}]},{\"@type\":\"BreadcrumbList\",\"@id\":\"https:\/\/hudo.com\/si\/aktualno\/na-ceskem-mnozicni-protesti-proti-predsedniku-drzave-za-svobodo-medijev\/#breadcrumb\",\"itemListElement\":[{\"@type\":\"ListItem\",\"position\":1,\"name\":\"Home\",\"item\":\"https:\/\/hudo.com\/si\/\"},{\"@type\":\"ListItem\",\"position\":2,\"name\":\"Na \u010ce\u0161kem mno\u017ei\u010dni protesti proti predsedniku dr\u017eave in za svobodo medijev\"}]},{\"@type\":\"WebSite\",\"@id\":\"https:\/\/hudo.com\/si\/#website\",\"url\":\"https:\/\/hudo.com\/si\/\",\"name\":\"Hudo Slovenija\",\"description\":\"Vse novice iz Slovenije in sveta\",\"publisher\":{\"@id\":\"https:\/\/hudo.com\/si\/#organization\"},\"potentialAction\":[{\"@type\":\"SearchAction\",\"target\":{\"@type\":\"EntryPoint\",\"urlTemplate\":\"https:\/\/hudo.com\/si\/?s={search_term_string}\"},\"query-input\":\"required name=search_term_string\"}],\"inLanguage\":\"sl-SI\"},{\"@type\":\"Organization\",\"@id\":\"https:\/\/hudo.com\/si\/#organization\",\"name\":\"VSN Media\",\"url\":\"https:\/\/hudo.com\/si\/\",\"logo\":{\"@type\":\"ImageObject\",\"inLanguage\":\"sl-SI\",\"@id\":\"https:\/\/hudo.com\/si\/#\/schema\/logo\/image\/\",\"url\":\"https:\/\/hudo.com\/si\/wp-content\/uploads\/sites\/2\/2021\/03\/hudo-app-2.png\",\"contentUrl\":\"https:\/\/hudo.com\/si\/wp-content\/uploads\/sites\/2\/2021\/03\/hudo-app-2.png\",\"width\":2185,\"height\":2167,\"caption\":\"VSN Media\"},\"image\":{\"@id\":\"https:\/\/hudo.com\/si\/#\/schema\/logo\/image\/\"},\"sameAs\":[\"https:\/\/www.facebook.com\/hudo.si\",\"https:\/\/twitter.com\/hudo_si\"]},{\"@type\":\"Person\",\"@id\":\"https:\/\/hudo.com\/si\/#\/schema\/person\/c2f10ce65d2e6ede2aeda5be2a0611fa\",\"name\":\"M. N., STA\",\"image\":{\"@type\":\"ImageObject\",\"inLanguage\":\"sl-SI\",\"@id\":\"https:\/\/hudo.com\/si\/#\/schema\/person\/image\/\",\"url\":\"https:\/\/secure.gravatar.com\/avatar\/f370d38daa10467f755c5c766a4cac20?s=96&d=mm&r=g\",\"contentUrl\":\"https:\/\/secure.gravatar.com\/avatar\/f370d38daa10467f755c5c766a4cac20?s=96&d=mm&r=g\",\"caption\":\"M. N., STA\"},\"url\":\"https:\/\/hudo.com\/si\/author\/mana\/\"}]}<\/script>\n<!-- \/ Yoast SEO plugin. -->","yoast_head_json":{"title":"Na \u010ce\u0161kem mno\u017ei\u010dni protesti proti predsedniku dr\u017eave in za svobodo medijev - Hudo Slovenija","robots":{"index":"index","follow":"follow","max-snippet":"max-snippet:-1","max-image-preview":"max-image-preview:large","max-video-preview":"max-video-preview:-1"},"canonical":"https:\/\/hudo.com\/si\/aktualno\/na-ceskem-mnozicni-protesti-proti-predsedniku-drzave-za-svobodo-medijev\/","og_locale":"sl_SI","og_type":"article","og_title":"Na \u010ce\u0161kem mno\u017ei\u010dni protesti proti predsedniku dr\u017eave in za svobodo medijev - Hudo Slovenija","og_description":"Na \u010ce\u0161kem se je v sredo zve\u010der ve\u010d tiso\u010d ljudi zbralo na protestih proti predsedniku dr\u017eave Milo\u0161u Zemanu in za svobodo medijev. V sredi\u0161\u010du glavnega mesta Praga se je po navedbah organizatorjev zbralo okoli 4000 ljudi, ki so svoj protestni shod kon\u010dali pred vrati predsedni\u0161ke rezidence na Pra\u0161kem gradu, poro\u010da nem\u0161ka tiskovna agencija dpa.","og_url":"https:\/\/hudo.com\/si\/aktualno\/na-ceskem-mnozicni-protesti-proti-predsedniku-drzave-za-svobodo-medijev\/","og_site_name":"Hudo Slovenija","article_publisher":"https:\/\/www.facebook.com\/hudo.si","article_published_time":"2018-03-15T07:13:13+00:00","og_image":[{"width":1250,"height":837,"url":"https:\/\/hudo.com\/si\/wp-content\/uploads\/sites\/2\/2017\/04\/profimedia-0150853880.jpg","type":"image\/jpeg"}],"author":"M. N., STA","twitter_card":"summary_large_image","twitter_creator":"@hudo_si","twitter_site":"@hudo_si","twitter_misc":{"Written by":"M. N., STA","Est. reading time":"1 minuta"},"schema":{"@context":"https:\/\/schema.org","@graph":[{"@type":"Article","@id":"https:\/\/hudo.com\/si\/aktualno\/na-ceskem-mnozicni-protesti-proti-predsedniku-drzave-za-svobodo-medijev\/#article","isPartOf":{"@id":"https:\/\/hudo.com\/si\/aktualno\/na-ceskem-mnozicni-protesti-proti-predsedniku-drzave-za-svobodo-medijev\/"},"author":{"name":"M. N., STA","@id":"https:\/\/hudo.com\/si\/#\/schema\/person\/c2f10ce65d2e6ede2aeda5be2a0611fa"},"headline":"Na \u010ce\u0161kem mno\u017ei\u010dni protesti proti predsedniku dr\u017eave in za svobodo medijev","datePublished":"2018-03-15T07:13:13+00:00","dateModified":"2018-03-15T07:13:13+00:00","mainEntityOfPage":{"@id":"https:\/\/hudo.com\/si\/aktualno\/na-ceskem-mnozicni-protesti-proti-predsedniku-drzave-za-svobodo-medijev\/"},"wordCount":153,"publisher":{"@id":"https:\/\/hudo.com\/si\/#organization"},"keywords":["\u010de\u0161ka"],"articleSection":["Aktualno"],"inLanguage":"sl-SI"},{"@type":"WebPage","@id":"https:\/\/hudo.com\/si\/aktualno\/na-ceskem-mnozicni-protesti-proti-predsedniku-drzave-za-svobodo-medijev\/","url":"https:\/\/hudo.com\/si\/aktualno\/na-ceskem-mnozicni-protesti-proti-predsedniku-drzave-za-svobodo-medijev\/","name":"Na \u010ce\u0161kem mno\u017ei\u010dni protesti proti predsedniku dr\u017eave in za svobodo medijev - Hudo Slovenija","isPartOf":{"@id":"https:\/\/hudo.com\/si\/#website"},"datePublished":"2018-03-15T07:13:13+00:00","dateModified":"2018-03-15T07:13:13+00:00","breadcrumb":{"@id":"https:\/\/hudo.com\/si\/aktualno\/na-ceskem-mnozicni-protesti-proti-predsedniku-drzave-za-svobodo-medijev\/#breadcrumb"},"inLanguage":"sl-SI","potentialAction":[{"@type":"ReadAction","target":["https:\/\/hudo.com\/si\/aktualno\/na-ceskem-mnozicni-protesti-proti-predsedniku-drzave-za-svobodo-medijev\/"]}]},{"@type":"BreadcrumbList","@id":"https:\/\/hudo.com\/si\/aktualno\/na-ceskem-mnozicni-protesti-proti-predsedniku-drzave-za-svobodo-medijev\/#breadcrumb","itemListElement":[{"@type":"ListItem","position":1,"name":"Home","item":"https:\/\/hudo.com\/si\/"},{"@type":"ListItem","position":2,"name":"Na \u010ce\u0161kem mno\u017ei\u010dni protesti proti predsedniku dr\u017eave in za svobodo medijev"}]},{"@type":"WebSite","@id":"https:\/\/hudo.com\/si\/#website","url":"https:\/\/hudo.com\/si\/","name":"Hudo Slovenija","description":"Vse novice iz Slovenije in sveta","publisher":{"@id":"https:\/\/hudo.com\/si\/#organization"},"potentialAction":[{"@type":"SearchAction","target":{"@type":"EntryPoint","urlTemplate":"https:\/\/hudo.com\/si\/?s={search_term_string}"},"query-input":"required name=search_term_string"}],"inLanguage":"sl-SI"},{"@type":"Organization","@id":"https:\/\/hudo.com\/si\/#organization","name":"VSN Media","url":"https:\/\/hudo.com\/si\/","logo":{"@type":"ImageObject","inLanguage":"sl-SI","@id":"https:\/\/hudo.com\/si\/#\/schema\/logo\/image\/","url":"https:\/\/hudo.com\/si\/wp-content\/uploads\/sites\/2\/2021\/03\/hudo-app-2.png","contentUrl":"https:\/\/hudo.com\/si\/wp-content\/uploads\/sites\/2\/2021\/03\/hudo-app-2.png","width":2185,"height":2167,"caption":"VSN Media"},"image":{"@id":"https:\/\/hudo.com\/si\/#\/schema\/logo\/image\/"},"sameAs":["https:\/\/www.facebook.com\/hudo.si","https:\/\/twitter.com\/hudo_si"]},{"@type":"Person","@id":"https:\/\/hudo.com\/si\/#\/schema\/person\/c2f10ce65d2e6ede2aeda5be2a0611fa","name":"M. N., STA","image":{"@type":"ImageObject","inLanguage":"sl-SI","@id":"https:\/\/hudo.com\/si\/#\/schema\/person\/image\/","url":"https:\/\/secure.gravatar.com\/avatar\/f370d38daa10467f755c5c766a4cac20?s=96&d=mm&r=g","contentUrl":"https:\/\/secure.gravatar.com\/avatar\/f370d38daa10467f755c5c766a4cac20?s=96&d=mm&r=g","caption":"M. N., STA"},"url":"https:\/\/hudo.com\/si\/author\/mana\/"}]}},"amp_enabled":true,"_links":{"self":[{"href":"https:\/\/hudo.com\/si\/wp-json\/wp\/v2\/posts\/366856"}],"collection":[{"href":"https:\/\/hudo.com\/si\/wp-json\/wp\/v2\/posts"}],"about":[{"href":"https:\/\/hudo.com\/si\/wp-json\/wp\/v2\/types\/post"}],"author":[{"embeddable":true,"href":"https:\/\/hudo.com\/si\/wp-json\/wp\/v2\/users\/8"}],"replies":[{"embeddable":true,"href":"https:\/\/hudo.com\/si\/wp-json\/wp\/v2\/comments?post=366856"}],"version-history":[{"count":1,"href":"https:\/\/hudo.com\/si\/wp-json\/wp\/v2\/posts\/366856\/revisions"}],"predecessor-version":[{"id":366857,"href":"https:\/\/hudo.com\/si\/wp-json\/wp\/v2\/posts\/366856\/revisions\/366857"}],"wp:featuredmedia":[{"embeddable":true,"href":"https:\/\/hudo.com\/si\/wp-json\/wp\/v2\/media\/237473"}],"wp:attachment":[{"href":"https:\/\/hudo.com\/si\/wp-json\/wp\/v2\/media?parent=366856"}],"wp:term":[{"taxonomy":"category","embeddable":true,"href":"https:\/\/hudo.com\/si\/wp-json\/wp\/v2\/categories?post=366856"},{"taxonomy":"post_tag","embeddable":true,"href":"https:\/\/hudo.com\/si\/wp-json\/wp\/v2\/tags?post=366856"},{"taxonomy":"source","embeddable":true,"href":"https:\/\/hudo.com\/si\/wp-json\/wp\/v2\/source?post=366856"},{"taxonomy":"supertag","embeddable":true,"href":"https:\/\/hudo.com\/si\/wp-json\/wp\/v2\/supertag?post=366856"}],"curies":[{"name":"wp","href":"https:\/\/api.w.org\/{rel}","templated":true}]}}