{"id":367033,"date":"2018-03-18T14:22:41","date_gmt":"2018-03-18T13:22:41","guid":{"rendered":"http:\/\/hudo.com\/si\/?p=367033"},"modified":"2018-03-18T14:22:41","modified_gmt":"2018-03-18T13:22:41","slug":"na-hrvaskem-zaradi-poplav-izredne-razmere-poplave-tudi-v-crni-gori","status":"publish","type":"post","link":"https:\/\/hudo.com\/si\/aktualno\/na-hrvaskem-zaradi-poplav-izredne-razmere-poplave-tudi-v-crni-gori\/","title":{"rendered":"Na Hrva\u0161kem zaradi poplav izredne razmere, poplave tudi v \u010crni Gori"},"content":{"rendered":"<div class=\"text\">\n<p>V Kosinjski dolini reka Lika \u017ee poplavlja. Voda je zalila najmanj 30 hi\u0161, ljudje ostajajo brez elektrike. Kakih 500 prebivalcev je odrezanih od sveta, saj so ceste poplavljene, tako da so odvisni od \u010dolnov. Vrhunec poplavnega vala sicer \u0161ele prihaja, dopoldne se je gladina reke zvi\u0161evala za kar pet centimetrov na uro, poro\u010dajo hrva\u0161ki mediji.<\/p>\n<p>Nevarno nara\u0161\u010dajo tudi vodostaji reke Save pri Jasenovcu, najhuje je tam v kraju Trebe\u017e, in reke Korane na obmo\u010dju Karlovca, kjer je med drugim \u017ee poplavljen kraj Logori\u0161te. Nara\u0161\u010da reka Una v Hrva\u0161ki Kostajnici, od koder poro\u010dajo o najmanj 13 v zemeljskih plazovih uni\u010denih objektih. Tudi tu so v veljavi izredne razmere.<\/p>\n<p>Tudi na obmo\u010dju Siska danes ostaja napeto. \u010ceprav je najvi\u0161ji vodni val Kolpe in Save tam \u017ee pre\u0161el, namre\u010d vodostaji zaradi nadaljnjih padavin zdaj spet nara\u0161\u010dajo.<\/p>\n<p>Kot so medtem sporo\u010dili s hrva\u0161kega obrambnega ministrstva, vojska \u0161e naprej pomaga v obrambi pred poplavami na obmo\u010dju Jasenovca, Letovani\u0107a in Karlovca. Prav tako ljudem pomagajo pripadniki hrva\u0161ke gorske re\u0161evalne slu\u017ebe (HGSS). Kot je poro\u010dala HRT, so na terenu vse interventne enote, ki predvsem dodatno utrjujejo protipoplavno za\u0161\u010dito.<\/p>\n<p>Po poro\u010danju hrva\u0161ke tiskovne agencije Hina najhuje verjetno \u0161ele prihaja v naslednjih urah in dneh, saj se gladine rek \u0161e naprej dvigujejo, \u010deprav po\u010dasneje kot v soboto, poleg tega pa napovedujejo \u0161e nove padavine.<\/p>\n<p>Poplave medtem povzro\u010dajo te\u017eave tudi v \u010crni Gori, kjer je zaradi nizkega zra\u010dnega pritiska in mo\u010dnega juga skozi Otranska vrata nevarno naraslo morje ter poplavilo \u0161tevilna sprehajali\u0161\u010da in bare ob obali, med drugim pri Baru. Prebivalci Budve so morali sino\u010di v veliki akciji prisko\u010diti na pomo\u010d pri obrambi starega dela mesta pred vodo. Nekatere vasi pri Ulcinju so odrezane od sveta.<\/p>\n<\/div>\n","protected":false},"excerpt":{"rendered":"<p>Izdatne padavine \u0161e naprej povzro\u010dajo \u0161tevilne preglavice na Hrva\u0161kem. Ljudje s strahom spremljajo nadaljnje nara\u0161\u010danje vodostajev in se bojijo, da najhuj\u0161e \u0161ele prihaja. Najbolj kriti\u010dno ostaja v Kosinjski dolini ob reki Liki. Poplave povzro\u010dajo te\u017eave tudi v \u010crni Gori, kjer pa je nevarno predvsem morje.<\/p>\n","protected":false},"author":5,"featured_media":167920,"comment_status":"closed","ping_status":"closed","sticky":false,"template":"","format":"standard","meta":{"footnotes":""},"categories":[1179],"tags":[2110,1810,5405,2149],"source":[4511],"supertag":[],"acf":[],"yoast_head":"<!-- This site is optimized with the Yoast SEO plugin v21.3 - https:\/\/yoast.com\/wordpress\/plugins\/seo\/ -->\n<title>Na Hrva\u0161kem zaradi poplav izredne razmere, poplave tudi v \u010crni Gori - Hudo Slovenija<\/title>\n<meta name=\"robots\" content=\"index, follow, max-snippet:-1, max-image-preview:large, max-video-preview:-1\" \/>\n<link rel=\"canonical\" href=\"https:\/\/hudo.com\/si\/aktualno\/na-hrvaskem-zaradi-poplav-izredne-razmere-poplave-tudi-v-crni-gori\/\" \/>\n<meta property=\"og:locale\" content=\"sl_SI\" \/>\n<meta property=\"og:type\" content=\"article\" \/>\n<meta property=\"og:title\" content=\"Na Hrva\u0161kem zaradi poplav izredne razmere, poplave tudi v \u010crni Gori - Hudo Slovenija\" \/>\n<meta property=\"og:description\" content=\"Izdatne padavine \u0161e naprej povzro\u010dajo \u0161tevilne preglavice na Hrva\u0161kem. Ljudje s strahom spremljajo nadaljnje nara\u0161\u010danje vodostajev in se bojijo, da najhuj\u0161e \u0161ele prihaja. Najbolj kriti\u010dno ostaja v Kosinjski dolini ob reki Liki. Poplave povzro\u010dajo te\u017eave tudi v \u010crni Gori, kjer pa je nevarno predvsem morje.\" \/>\n<meta property=\"og:url\" content=\"https:\/\/hudo.com\/si\/aktualno\/na-hrvaskem-zaradi-poplav-izredne-razmere-poplave-tudi-v-crni-gori\/\" \/>\n<meta property=\"og:site_name\" content=\"Hudo Slovenija\" \/>\n<meta property=\"article:publisher\" content=\"https:\/\/www.facebook.com\/hudo.si\" \/>\n<meta property=\"article:published_time\" content=\"2018-03-18T13:22:41+00:00\" \/>\n<meta property=\"og:image\" content=\"https:\/\/hudo.com\/si\/wp-content\/uploads\/sites\/2\/2016\/11\/profimedia-0209374068.jpg\" \/>\n\t<meta property=\"og:image:width\" content=\"1250\" \/>\n\t<meta property=\"og:image:height\" content=\"702\" \/>\n\t<meta property=\"og:image:type\" content=\"image\/jpeg\" \/>\n<meta name=\"author\" content=\"A. G., STA\" \/>\n<meta name=\"twitter:card\" content=\"summary_large_image\" \/>\n<meta name=\"twitter:creator\" content=\"@hudo_si\" \/>\n<meta name=\"twitter:site\" content=\"@hudo_si\" \/>\n<meta name=\"twitter:label1\" content=\"Written by\" \/>\n\t<meta name=\"twitter:data1\" content=\"A. G., STA\" \/>\n\t<meta name=\"twitter:label2\" content=\"Est. reading time\" \/>\n\t<meta name=\"twitter:data2\" content=\"2 minuti\" \/>\n<script type=\"application\/ld+json\" class=\"yoast-schema-graph\">{\"@context\":\"https:\/\/schema.org\",\"@graph\":[{\"@type\":\"Article\",\"@id\":\"https:\/\/hudo.com\/si\/aktualno\/na-hrvaskem-zaradi-poplav-izredne-razmere-poplave-tudi-v-crni-gori\/#article\",\"isPartOf\":{\"@id\":\"https:\/\/hudo.com\/si\/aktualno\/na-hrvaskem-zaradi-poplav-izredne-razmere-poplave-tudi-v-crni-gori\/\"},\"author\":{\"name\":\"A. G., STA\",\"@id\":\"https:\/\/hudo.com\/si\/#\/schema\/person\/2391667a63ea075ba94f2f2dc6b77537\"},\"headline\":\"Na Hrva\u0161kem zaradi poplav izredne razmere, poplave tudi v \u010crni Gori\",\"datePublished\":\"2018-03-18T13:22:41+00:00\",\"dateModified\":\"2018-03-18T13:22:41+00:00\",\"mainEntityOfPage\":{\"@id\":\"https:\/\/hudo.com\/si\/aktualno\/na-hrvaskem-zaradi-poplav-izredne-razmere-poplave-tudi-v-crni-gori\/\"},\"wordCount\":318,\"publisher\":{\"@id\":\"https:\/\/hudo.com\/si\/#organization\"},\"keywords\":[\"\u010drna gora\",\"hrva\u0161ka\",\"poplave\",\"vreme\"],\"articleSection\":[\"Aktualno\"],\"inLanguage\":\"sl-SI\"},{\"@type\":\"WebPage\",\"@id\":\"https:\/\/hudo.com\/si\/aktualno\/na-hrvaskem-zaradi-poplav-izredne-razmere-poplave-tudi-v-crni-gori\/\",\"url\":\"https:\/\/hudo.com\/si\/aktualno\/na-hrvaskem-zaradi-poplav-izredne-razmere-poplave-tudi-v-crni-gori\/\",\"name\":\"Na Hrva\u0161kem zaradi poplav izredne razmere, poplave tudi v \u010crni Gori - Hudo Slovenija\",\"isPartOf\":{\"@id\":\"https:\/\/hudo.com\/si\/#website\"},\"datePublished\":\"2018-03-18T13:22:41+00:00\",\"dateModified\":\"2018-03-18T13:22:41+00:00\",\"breadcrumb\":{\"@id\":\"https:\/\/hudo.com\/si\/aktualno\/na-hrvaskem-zaradi-poplav-izredne-razmere-poplave-tudi-v-crni-gori\/#breadcrumb\"},\"inLanguage\":\"sl-SI\",\"potentialAction\":[{\"@type\":\"ReadAction\",\"target\":[\"https:\/\/hudo.com\/si\/aktualno\/na-hrvaskem-zaradi-poplav-izredne-razmere-poplave-tudi-v-crni-gori\/\"]}]},{\"@type\":\"BreadcrumbList\",\"@id\":\"https:\/\/hudo.com\/si\/aktualno\/na-hrvaskem-zaradi-poplav-izredne-razmere-poplave-tudi-v-crni-gori\/#breadcrumb\",\"itemListElement\":[{\"@type\":\"ListItem\",\"position\":1,\"name\":\"Home\",\"item\":\"https:\/\/hudo.com\/si\/\"},{\"@type\":\"ListItem\",\"position\":2,\"name\":\"Na Hrva\u0161kem zaradi poplav izredne razmere, poplave tudi v \u010crni Gori\"}]},{\"@type\":\"WebSite\",\"@id\":\"https:\/\/hudo.com\/si\/#website\",\"url\":\"https:\/\/hudo.com\/si\/\",\"name\":\"Hudo Slovenija\",\"description\":\"Vse novice iz Slovenije in sveta\",\"publisher\":{\"@id\":\"https:\/\/hudo.com\/si\/#organization\"},\"potentialAction\":[{\"@type\":\"SearchAction\",\"target\":{\"@type\":\"EntryPoint\",\"urlTemplate\":\"https:\/\/hudo.com\/si\/?s={search_term_string}\"},\"query-input\":\"required name=search_term_string\"}],\"inLanguage\":\"sl-SI\"},{\"@type\":\"Organization\",\"@id\":\"https:\/\/hudo.com\/si\/#organization\",\"name\":\"VSN Media\",\"url\":\"https:\/\/hudo.com\/si\/\",\"logo\":{\"@type\":\"ImageObject\",\"inLanguage\":\"sl-SI\",\"@id\":\"https:\/\/hudo.com\/si\/#\/schema\/logo\/image\/\",\"url\":\"https:\/\/hudo.com\/si\/wp-content\/uploads\/sites\/2\/2021\/03\/hudo-app-2.png\",\"contentUrl\":\"https:\/\/hudo.com\/si\/wp-content\/uploads\/sites\/2\/2021\/03\/hudo-app-2.png\",\"width\":2185,\"height\":2167,\"caption\":\"VSN Media\"},\"image\":{\"@id\":\"https:\/\/hudo.com\/si\/#\/schema\/logo\/image\/\"},\"sameAs\":[\"https:\/\/www.facebook.com\/hudo.si\",\"https:\/\/twitter.com\/hudo_si\"]},{\"@type\":\"Person\",\"@id\":\"https:\/\/hudo.com\/si\/#\/schema\/person\/2391667a63ea075ba94f2f2dc6b77537\",\"name\":\"A. G., STA\",\"image\":{\"@type\":\"ImageObject\",\"inLanguage\":\"sl-SI\",\"@id\":\"https:\/\/hudo.com\/si\/#\/schema\/person\/image\/\",\"url\":\"https:\/\/secure.gravatar.com\/avatar\/e13d22ac3e442658d5025fbbe6238a79?s=96&d=mm&r=g\",\"contentUrl\":\"https:\/\/secure.gravatar.com\/avatar\/e13d22ac3e442658d5025fbbe6238a79?s=96&d=mm&r=g\",\"caption\":\"A. G., STA\"},\"url\":\"https:\/\/hudo.com\/si\/author\/alenka\/\"}]}<\/script>\n<!-- \/ Yoast SEO plugin. -->","yoast_head_json":{"title":"Na Hrva\u0161kem zaradi poplav izredne razmere, poplave tudi v \u010crni Gori - Hudo Slovenija","robots":{"index":"index","follow":"follow","max-snippet":"max-snippet:-1","max-image-preview":"max-image-preview:large","max-video-preview":"max-video-preview:-1"},"canonical":"https:\/\/hudo.com\/si\/aktualno\/na-hrvaskem-zaradi-poplav-izredne-razmere-poplave-tudi-v-crni-gori\/","og_locale":"sl_SI","og_type":"article","og_title":"Na Hrva\u0161kem zaradi poplav izredne razmere, poplave tudi v \u010crni Gori - Hudo Slovenija","og_description":"Izdatne padavine \u0161e naprej povzro\u010dajo \u0161tevilne preglavice na Hrva\u0161kem. Ljudje s strahom spremljajo nadaljnje nara\u0161\u010danje vodostajev in se bojijo, da najhuj\u0161e \u0161ele prihaja. Najbolj kriti\u010dno ostaja v Kosinjski dolini ob reki Liki. Poplave povzro\u010dajo te\u017eave tudi v \u010crni Gori, kjer pa je nevarno predvsem morje.","og_url":"https:\/\/hudo.com\/si\/aktualno\/na-hrvaskem-zaradi-poplav-izredne-razmere-poplave-tudi-v-crni-gori\/","og_site_name":"Hudo Slovenija","article_publisher":"https:\/\/www.facebook.com\/hudo.si","article_published_time":"2018-03-18T13:22:41+00:00","og_image":[{"width":1250,"height":702,"url":"https:\/\/hudo.com\/si\/wp-content\/uploads\/sites\/2\/2016\/11\/profimedia-0209374068.jpg","type":"image\/jpeg"}],"author":"A. G., STA","twitter_card":"summary_large_image","twitter_creator":"@hudo_si","twitter_site":"@hudo_si","twitter_misc":{"Written by":"A. G., STA","Est. reading time":"2 minuti"},"schema":{"@context":"https:\/\/schema.org","@graph":[{"@type":"Article","@id":"https:\/\/hudo.com\/si\/aktualno\/na-hrvaskem-zaradi-poplav-izredne-razmere-poplave-tudi-v-crni-gori\/#article","isPartOf":{"@id":"https:\/\/hudo.com\/si\/aktualno\/na-hrvaskem-zaradi-poplav-izredne-razmere-poplave-tudi-v-crni-gori\/"},"author":{"name":"A. G., STA","@id":"https:\/\/hudo.com\/si\/#\/schema\/person\/2391667a63ea075ba94f2f2dc6b77537"},"headline":"Na Hrva\u0161kem zaradi poplav izredne razmere, poplave tudi v \u010crni Gori","datePublished":"2018-03-18T13:22:41+00:00","dateModified":"2018-03-18T13:22:41+00:00","mainEntityOfPage":{"@id":"https:\/\/hudo.com\/si\/aktualno\/na-hrvaskem-zaradi-poplav-izredne-razmere-poplave-tudi-v-crni-gori\/"},"wordCount":318,"publisher":{"@id":"https:\/\/hudo.com\/si\/#organization"},"keywords":["\u010drna gora","hrva\u0161ka","poplave","vreme"],"articleSection":["Aktualno"],"inLanguage":"sl-SI"},{"@type":"WebPage","@id":"https:\/\/hudo.com\/si\/aktualno\/na-hrvaskem-zaradi-poplav-izredne-razmere-poplave-tudi-v-crni-gori\/","url":"https:\/\/hudo.com\/si\/aktualno\/na-hrvaskem-zaradi-poplav-izredne-razmere-poplave-tudi-v-crni-gori\/","name":"Na Hrva\u0161kem zaradi poplav izredne razmere, poplave tudi v \u010crni Gori - Hudo Slovenija","isPartOf":{"@id":"https:\/\/hudo.com\/si\/#website"},"datePublished":"2018-03-18T13:22:41+00:00","dateModified":"2018-03-18T13:22:41+00:00","breadcrumb":{"@id":"https:\/\/hudo.com\/si\/aktualno\/na-hrvaskem-zaradi-poplav-izredne-razmere-poplave-tudi-v-crni-gori\/#breadcrumb"},"inLanguage":"sl-SI","potentialAction":[{"@type":"ReadAction","target":["https:\/\/hudo.com\/si\/aktualno\/na-hrvaskem-zaradi-poplav-izredne-razmere-poplave-tudi-v-crni-gori\/"]}]},{"@type":"BreadcrumbList","@id":"https:\/\/hudo.com\/si\/aktualno\/na-hrvaskem-zaradi-poplav-izredne-razmere-poplave-tudi-v-crni-gori\/#breadcrumb","itemListElement":[{"@type":"ListItem","position":1,"name":"Home","item":"https:\/\/hudo.com\/si\/"},{"@type":"ListItem","position":2,"name":"Na Hrva\u0161kem zaradi poplav izredne razmere, poplave tudi v \u010crni Gori"}]},{"@type":"WebSite","@id":"https:\/\/hudo.com\/si\/#website","url":"https:\/\/hudo.com\/si\/","name":"Hudo Slovenija","description":"Vse novice iz Slovenije in sveta","publisher":{"@id":"https:\/\/hudo.com\/si\/#organization"},"potentialAction":[{"@type":"SearchAction","target":{"@type":"EntryPoint","urlTemplate":"https:\/\/hudo.com\/si\/?s={search_term_string}"},"query-input":"required name=search_term_string"}],"inLanguage":"sl-SI"},{"@type":"Organization","@id":"https:\/\/hudo.com\/si\/#organization","name":"VSN Media","url":"https:\/\/hudo.com\/si\/","logo":{"@type":"ImageObject","inLanguage":"sl-SI","@id":"https:\/\/hudo.com\/si\/#\/schema\/logo\/image\/","url":"https:\/\/hudo.com\/si\/wp-content\/uploads\/sites\/2\/2021\/03\/hudo-app-2.png","contentUrl":"https:\/\/hudo.com\/si\/wp-content\/uploads\/sites\/2\/2021\/03\/hudo-app-2.png","width":2185,"height":2167,"caption":"VSN Media"},"image":{"@id":"https:\/\/hudo.com\/si\/#\/schema\/logo\/image\/"},"sameAs":["https:\/\/www.facebook.com\/hudo.si","https:\/\/twitter.com\/hudo_si"]},{"@type":"Person","@id":"https:\/\/hudo.com\/si\/#\/schema\/person\/2391667a63ea075ba94f2f2dc6b77537","name":"A. G., STA","image":{"@type":"ImageObject","inLanguage":"sl-SI","@id":"https:\/\/hudo.com\/si\/#\/schema\/person\/image\/","url":"https:\/\/secure.gravatar.com\/avatar\/e13d22ac3e442658d5025fbbe6238a79?s=96&d=mm&r=g","contentUrl":"https:\/\/secure.gravatar.com\/avatar\/e13d22ac3e442658d5025fbbe6238a79?s=96&d=mm&r=g","caption":"A. G., STA"},"url":"https:\/\/hudo.com\/si\/author\/alenka\/"}]}},"amp_enabled":true,"_links":{"self":[{"href":"https:\/\/hudo.com\/si\/wp-json\/wp\/v2\/posts\/367033"}],"collection":[{"href":"https:\/\/hudo.com\/si\/wp-json\/wp\/v2\/posts"}],"about":[{"href":"https:\/\/hudo.com\/si\/wp-json\/wp\/v2\/types\/post"}],"author":[{"embeddable":true,"href":"https:\/\/hudo.com\/si\/wp-json\/wp\/v2\/users\/5"}],"replies":[{"embeddable":true,"href":"https:\/\/hudo.com\/si\/wp-json\/wp\/v2\/comments?post=367033"}],"version-history":[{"count":1,"href":"https:\/\/hudo.com\/si\/wp-json\/wp\/v2\/posts\/367033\/revisions"}],"predecessor-version":[{"id":367034,"href":"https:\/\/hudo.com\/si\/wp-json\/wp\/v2\/posts\/367033\/revisions\/367034"}],"wp:featuredmedia":[{"embeddable":true,"href":"https:\/\/hudo.com\/si\/wp-json\/wp\/v2\/media\/167920"}],"wp:attachment":[{"href":"https:\/\/hudo.com\/si\/wp-json\/wp\/v2\/media?parent=367033"}],"wp:term":[{"taxonomy":"category","embeddable":true,"href":"https:\/\/hudo.com\/si\/wp-json\/wp\/v2\/categories?post=367033"},{"taxonomy":"post_tag","embeddable":true,"href":"https:\/\/hudo.com\/si\/wp-json\/wp\/v2\/tags?post=367033"},{"taxonomy":"source","embeddable":true,"href":"https:\/\/hudo.com\/si\/wp-json\/wp\/v2\/source?post=367033"},{"taxonomy":"supertag","embeddable":true,"href":"https:\/\/hudo.com\/si\/wp-json\/wp\/v2\/supertag?post=367033"}],"curies":[{"name":"wp","href":"https:\/\/api.w.org\/{rel}","templated":true}]}}