{"id":367110,"date":"2018-03-19T14:29:21","date_gmt":"2018-03-19T13:29:21","guid":{"rendered":"http:\/\/hudo.com\/si\/?p=367110"},"modified":"2018-03-19T14:29:21","modified_gmt":"2018-03-19T13:29:21","slug":"slovenski-glasbenik-ki-si-je-zelo-vsec","status":"publish","type":"post","link":"https:\/\/hudo.com\/si\/vip\/slovenski-glasbenik-ki-si-je-zelo-vsec\/","title":{"rendered":"Slovenski glasbenik, ki si je zelo v\u0161e\u010d"},"content":{"rendered":"<p>Najmlaj\u0161i \u010dlan slovenske glasbene skupine \u010cuki, Jernej Tozon, nima te\u017eav z razkazovanjem svojega telesa. Na dru\u017ebenih omre\u017ejih pogosto objavlja svoje fotografije, na katerih pozira pomankljivo oble\u010den, seveda pa ne manjka niti selfiejev.<br \/>\n<div class=\"embed-notice\">Za ogled vstavljene vsebine morate omogo\u010diti <a href=\"#\" onclick=\"Optanon.ToggleInfoDisplay()\">shranjevanje pi\u0161kotkov v napravi<\/a><\/div><iframe loading=\"lazy\" style=\"border: none; overflow: hidden;\"  class=\"optanon-category-C0002-C0003-C0004\" optanon-src=\"https:\/\/www.facebook.com\/plugins\/post.php?href=https%3A%2F%2Fwww.facebook.com%2Fphoto.php%3Ffbid%3D10207433326725925%26set%3Dp.10207433326725925%26type%3D3&amp;width=500\" width=\"500\" height=\"337\" frameborder=\"0\" scrolling=\"no\"><\/iframe><br \/>\n<div class=\"embed-notice\">Za ogled vstavljene vsebine morate omogo\u010diti <a href=\"#\" onclick=\"Optanon.ToggleInfoDisplay()\">shranjevanje pi\u0161kotkov v napravi<\/a><\/div><iframe loading=\"lazy\" style=\"border: none; overflow: hidden;\"  class=\"optanon-category-C0002-C0003-C0004\" optanon-src=\"https:\/\/www.facebook.com\/plugins\/post.php?href=https%3A%2F%2Fwww.facebook.com%2Fphoto.php%3Ffbid%3D10210663592720556%26set%3Da.10201758438777273.1073741835.1070293699%26type%3D3&amp;width=500\" width=\"500\" height=\"336\" frameborder=\"0\" scrolling=\"no\"><\/iframe><\/p>\n<p>Najlep\u0161i \u010cuk je znan po tem, da veliko naredi za svojo dobro pos\u00adtavo. \u017de od nekdaj je namre\u010d velik \u0161portni navdu\u0161enec, saj zelo rad kolesari, rola in hribolazi, v zimskih mesecih pa redno obiskuje fitnes.<br \/>\n<div class=\"embed-notice\">Za ogled vstavljene vsebine morate omogo\u010diti <a href=\"#\" onclick=\"Optanon.ToggleInfoDisplay()\">shranjevanje pi\u0161kotkov v napravi<\/a><\/div><iframe loading=\"lazy\" style=\"border: none; overflow: hidden;\"  class=\"optanon-category-C0002-C0003-C0004\" optanon-src=\"https:\/\/www.facebook.com\/plugins\/post.php?href=https%3A%2F%2Fwww.facebook.com%2Fphoto.php%3Ffbid%3D10207433326765926%26set%3Dp.10207433326765926%26type%3D3&amp;width=500\" width=\"500\" height=\"502\" frameborder=\"0\" scrolling=\"no\"><\/iframe><br \/>\n<div class=\"embed-notice\">Za ogled vstavljene vsebine morate omogo\u010diti <a href=\"#\" onclick=\"Optanon.ToggleInfoDisplay()\">shranjevanje pi\u0161kotkov v napravi<\/a><\/div><iframe loading=\"lazy\" style=\"border: none; overflow: hidden;\"  class=\"optanon-category-C0002-C0003-C0004\" optanon-src=\"https:\/\/www.facebook.com\/plugins\/post.php?href=https%3A%2F%2Fwww.facebook.com%2Fphoto.php%3Ffbid%3D10212843773063702%26set%3Da.1085756538710.15113.1070293699%26type%3D3&amp;width=500\" width=\"500\" height=\"261\" frameborder=\"0\" scrolling=\"no\"><\/iframe><\/p>\n<p>Zdi se, da ima Jernej veliko veselja s fotografiranjem, \u0161e posebej sebe. No, vsekakor pa poskrbi, da njegovim obo\u017eevalkam ni dolg\u010das.<br \/>\n<div class=\"embed-notice\">Za ogled vstavljene vsebine morate omogo\u010diti <a href=\"#\" onclick=\"Optanon.ToggleInfoDisplay()\">shranjevanje pi\u0161kotkov v napravi<\/a><\/div><iframe loading=\"lazy\" style=\"border: none; overflow: hidden;\"  class=\"optanon-category-C0002-C0003-C0004\" optanon-src=\"https:\/\/www.facebook.com\/plugins\/post.php?href=https%3A%2F%2Fwww.facebook.com%2Fphoto.php%3Ffbid%3D10212358250685946%26set%3Da.10201758438777273.1073741835.1070293699%26type%3D3&amp;width=500\" width=\"500\" height=\"352\" frameborder=\"0\" scrolling=\"no\"><\/iframe><br \/>\n<div class=\"embed-notice\">Za ogled vstavljene vsebine morate omogo\u010diti <a href=\"#\" onclick=\"Optanon.ToggleInfoDisplay()\">shranjevanje pi\u0161kotkov v napravi<\/a><\/div><iframe loading=\"lazy\" style=\"border: none; overflow: hidden;\"  class=\"optanon-category-C0002-C0003-C0004\" optanon-src=\"https:\/\/www.facebook.com\/plugins\/post.php?href=https%3A%2F%2Fwww.facebook.com%2Fphoto.php%3Ffbid%3D10210000515904050%26set%3Da.10201758438777273.1073741835.1070293699%26type%3D3&amp;width=500\" width=\"500\" height=\"614\" frameborder=\"0\" scrolling=\"no\"><\/iframe><br \/>\n<div class=\"embed-notice\">Za ogled vstavljene vsebine morate omogo\u010diti <a href=\"#\" onclick=\"Optanon.ToggleInfoDisplay()\">shranjevanje pi\u0161kotkov v napravi<\/a><\/div><iframe loading=\"lazy\" style=\"border: none; overflow: hidden;\"  class=\"optanon-category-C0002-C0003-C0004\" optanon-src=\"https:\/\/www.facebook.com\/plugins\/post.php?href=https%3A%2F%2Fwww.facebook.com%2Fphoto.php%3Ffbid%3D10205720581828373%26set%3Da.10201758438777273.1073741835.1070293699%26type%3D3&amp;width=500\" width=\"500\" height=\"377\" frameborder=\"0\" scrolling=\"no\"><\/iframe><br \/>\n<div class=\"embed-notice\">Za ogled vstavljene vsebine morate omogo\u010diti <a href=\"#\" onclick=\"Optanon.ToggleInfoDisplay()\">shranjevanje pi\u0161kotkov v napravi<\/a><\/div><iframe loading=\"lazy\" style=\"border: none; overflow: hidden;\"  class=\"optanon-category-C0002-C0003-C0004\" optanon-src=\"https:\/\/www.facebook.com\/plugins\/post.php?href=https%3A%2F%2Fwww.facebook.com%2Fphoto.php%3Ffbid%3D10205951102951257%26set%3Da.10201758438777273.1073741835.1070293699%26type%3D3&amp;width=500\" width=\"500\" height=\"593\" frameborder=\"0\" scrolling=\"no\"><\/iframe><br \/>\n<div class=\"embed-notice\">Za ogled vstavljene vsebine morate omogo\u010diti <a href=\"#\" onclick=\"Optanon.ToggleInfoDisplay()\">shranjevanje pi\u0161kotkov v napravi<\/a><\/div><iframe loading=\"lazy\" style=\"border: none; overflow: hidden;\"  class=\"optanon-category-C0002-C0003-C0004\" optanon-src=\"https:\/\/www.facebook.com\/plugins\/post.php?href=https%3A%2F%2Fwww.facebook.com%2Fphoto.php%3Ffbid%3D10205234088866353%26set%3Da.10201758438777273.1073741835.1070293699%26type%3D3&amp;width=500\" width=\"500\" height=\"413\" frameborder=\"0\" scrolling=\"no\"><\/iframe><br \/>\n<div class=\"embed-notice\">Za ogled vstavljene vsebine morate omogo\u010diti <a href=\"#\" onclick=\"Optanon.ToggleInfoDisplay()\">shranjevanje pi\u0161kotkov v napravi<\/a><\/div><iframe loading=\"lazy\" style=\"border: none; overflow: hidden;\"  class=\"optanon-category-C0002-C0003-C0004\" optanon-src=\"https:\/\/www.facebook.com\/plugins\/post.php?href=https%3A%2F%2Fwww.facebook.com%2Fjernej.tozon%2Fposts%2F10205246655980523&amp;width=500\" width=\"500\" height=\"307\" frameborder=\"0\" scrolling=\"no\"><\/iframe><\/p>\n","protected":false},"excerpt":{"rendered":"<p>Slovenski glasbenik brez sramu odvr\u017ee obla\u010dila, saj rad poka\u017ee svoje telo.<\/p>\n","protected":false},"author":6,"featured_media":367119,"comment_status":"closed","ping_status":"closed","sticky":false,"template":"","format":"standard","meta":{"footnotes":""},"categories":[1093],"tags":[10774,10773,1595,3638],"source":[4511],"supertag":[],"acf":[],"yoast_head":"<!-- This site is optimized with the Yoast SEO plugin v21.3 - https:\/\/yoast.com\/wordpress\/plugins\/seo\/ -->\n<title>Slovenski glasbenik, ki si je zelo v\u0161e\u010d - Hudo Slovenija<\/title>\n<meta name=\"robots\" content=\"index, follow, max-snippet:-1, max-image-preview:large, max-video-preview:-1\" \/>\n<link rel=\"canonical\" href=\"https:\/\/hudo.com\/si\/vip\/slovenski-glasbenik-ki-si-je-zelo-vsec\/\" \/>\n<meta property=\"og:locale\" content=\"sl_SI\" \/>\n<meta property=\"og:type\" content=\"article\" \/>\n<meta property=\"og:title\" content=\"Slovenski glasbenik, ki si je zelo v\u0161e\u010d - Hudo Slovenija\" \/>\n<meta property=\"og:description\" content=\"Slovenski glasbenik brez sramu odvr\u017ee obla\u010dila, saj rad poka\u017ee svoje telo.\" \/>\n<meta property=\"og:url\" content=\"https:\/\/hudo.com\/si\/vip\/slovenski-glasbenik-ki-si-je-zelo-vsec\/\" \/>\n<meta property=\"og:site_name\" content=\"Hudo Slovenija\" \/>\n<meta property=\"article:publisher\" content=\"https:\/\/www.facebook.com\/hudo.si\" \/>\n<meta property=\"article:published_time\" content=\"2018-03-19T13:29:21+00:00\" \/>\n<meta property=\"og:image\" content=\"https:\/\/hudo.com\/si\/wp-content\/uploads\/sites\/2\/2018\/03\/jernej.jpg\" \/>\n\t<meta property=\"og:image:width\" content=\"894\" \/>\n\t<meta property=\"og:image:height\" content=\"592\" \/>\n\t<meta property=\"og:image:type\" content=\"image\/jpeg\" \/>\n<meta name=\"author\" content=\"A. G.\" \/>\n<meta name=\"twitter:card\" content=\"summary_large_image\" \/>\n<meta name=\"twitter:creator\" content=\"@hudo_si\" \/>\n<meta name=\"twitter:site\" content=\"@hudo_si\" \/>\n<meta name=\"twitter:label1\" content=\"Written by\" \/>\n\t<meta name=\"twitter:data1\" content=\"A. G.\" \/>\n<script type=\"application\/ld+json\" class=\"yoast-schema-graph\">{\"@context\":\"https:\/\/schema.org\",\"@graph\":[{\"@type\":\"Article\",\"@id\":\"https:\/\/hudo.com\/si\/vip\/slovenski-glasbenik-ki-si-je-zelo-vsec\/#article\",\"isPartOf\":{\"@id\":\"https:\/\/hudo.com\/si\/vip\/slovenski-glasbenik-ki-si-je-zelo-vsec\/\"},\"author\":{\"name\":\"A. G.\",\"@id\":\"https:\/\/hudo.com\/si\/#\/schema\/person\/f95639a66e0dd2c682b0568634e85b8b\"},\"headline\":\"Slovenski glasbenik, ki si je zelo v\u0161e\u010d\",\"datePublished\":\"2018-03-19T13:29:21+00:00\",\"dateModified\":\"2018-03-19T13:29:21+00:00\",\"mainEntityOfPage\":{\"@id\":\"https:\/\/hudo.com\/si\/vip\/slovenski-glasbenik-ki-si-je-zelo-vsec\/\"},\"wordCount\":106,\"publisher\":{\"@id\":\"https:\/\/hudo.com\/si\/#organization\"},\"keywords\":[\"\u010cuki\",\"Jernej Tozon\",\"Slovenija\",\"zgoraj brez\"],\"articleSection\":[\"VIP\"],\"inLanguage\":\"sl-SI\"},{\"@type\":\"WebPage\",\"@id\":\"https:\/\/hudo.com\/si\/vip\/slovenski-glasbenik-ki-si-je-zelo-vsec\/\",\"url\":\"https:\/\/hudo.com\/si\/vip\/slovenski-glasbenik-ki-si-je-zelo-vsec\/\",\"name\":\"Slovenski glasbenik, ki si je zelo v\u0161e\u010d - Hudo Slovenija\",\"isPartOf\":{\"@id\":\"https:\/\/hudo.com\/si\/#website\"},\"datePublished\":\"2018-03-19T13:29:21+00:00\",\"dateModified\":\"2018-03-19T13:29:21+00:00\",\"breadcrumb\":{\"@id\":\"https:\/\/hudo.com\/si\/vip\/slovenski-glasbenik-ki-si-je-zelo-vsec\/#breadcrumb\"},\"inLanguage\":\"sl-SI\",\"potentialAction\":[{\"@type\":\"ReadAction\",\"target\":[\"https:\/\/hudo.com\/si\/vip\/slovenski-glasbenik-ki-si-je-zelo-vsec\/\"]}]},{\"@type\":\"BreadcrumbList\",\"@id\":\"https:\/\/hudo.com\/si\/vip\/slovenski-glasbenik-ki-si-je-zelo-vsec\/#breadcrumb\",\"itemListElement\":[{\"@type\":\"ListItem\",\"position\":1,\"name\":\"Home\",\"item\":\"https:\/\/hudo.com\/si\/\"},{\"@type\":\"ListItem\",\"position\":2,\"name\":\"Slovenski glasbenik, ki si je zelo v\u0161e\u010d\"}]},{\"@type\":\"WebSite\",\"@id\":\"https:\/\/hudo.com\/si\/#website\",\"url\":\"https:\/\/hudo.com\/si\/\",\"name\":\"Hudo Slovenija\",\"description\":\"Vse novice iz Slovenije in sveta\",\"publisher\":{\"@id\":\"https:\/\/hudo.com\/si\/#organization\"},\"potentialAction\":[{\"@type\":\"SearchAction\",\"target\":{\"@type\":\"EntryPoint\",\"urlTemplate\":\"https:\/\/hudo.com\/si\/?s={search_term_string}\"},\"query-input\":\"required name=search_term_string\"}],\"inLanguage\":\"sl-SI\"},{\"@type\":\"Organization\",\"@id\":\"https:\/\/hudo.com\/si\/#organization\",\"name\":\"VSN Media\",\"url\":\"https:\/\/hudo.com\/si\/\",\"logo\":{\"@type\":\"ImageObject\",\"inLanguage\":\"sl-SI\",\"@id\":\"https:\/\/hudo.com\/si\/#\/schema\/logo\/image\/\",\"url\":\"https:\/\/hudo.com\/si\/wp-content\/uploads\/sites\/2\/2021\/03\/hudo-app-2.png\",\"contentUrl\":\"https:\/\/hudo.com\/si\/wp-content\/uploads\/sites\/2\/2021\/03\/hudo-app-2.png\",\"width\":2185,\"height\":2167,\"caption\":\"VSN Media\"},\"image\":{\"@id\":\"https:\/\/hudo.com\/si\/#\/schema\/logo\/image\/\"},\"sameAs\":[\"https:\/\/www.facebook.com\/hudo.si\",\"https:\/\/twitter.com\/hudo_si\"]},{\"@type\":\"Person\",\"@id\":\"https:\/\/hudo.com\/si\/#\/schema\/person\/f95639a66e0dd2c682b0568634e85b8b\",\"name\":\"A. G.\",\"image\":{\"@type\":\"ImageObject\",\"inLanguage\":\"sl-SI\",\"@id\":\"https:\/\/hudo.com\/si\/#\/schema\/person\/image\/\",\"url\":\"https:\/\/secure.gravatar.com\/avatar\/9f44de561c70d5d80348d3ed0f4b142d?s=96&d=mm&r=g\",\"contentUrl\":\"https:\/\/secure.gravatar.com\/avatar\/9f44de561c70d5d80348d3ed0f4b142d?s=96&d=mm&r=g\",\"caption\":\"A. G.\"},\"url\":\"https:\/\/hudo.com\/si\/author\/alenkagrmek\/\"}]}<\/script>\n<!-- \/ Yoast SEO plugin. -->","yoast_head_json":{"title":"Slovenski glasbenik, ki si je zelo v\u0161e\u010d - Hudo Slovenija","robots":{"index":"index","follow":"follow","max-snippet":"max-snippet:-1","max-image-preview":"max-image-preview:large","max-video-preview":"max-video-preview:-1"},"canonical":"https:\/\/hudo.com\/si\/vip\/slovenski-glasbenik-ki-si-je-zelo-vsec\/","og_locale":"sl_SI","og_type":"article","og_title":"Slovenski glasbenik, ki si je zelo v\u0161e\u010d - Hudo Slovenija","og_description":"Slovenski glasbenik brez sramu odvr\u017ee obla\u010dila, saj rad poka\u017ee svoje telo.","og_url":"https:\/\/hudo.com\/si\/vip\/slovenski-glasbenik-ki-si-je-zelo-vsec\/","og_site_name":"Hudo Slovenija","article_publisher":"https:\/\/www.facebook.com\/hudo.si","article_published_time":"2018-03-19T13:29:21+00:00","og_image":[{"width":894,"height":592,"url":"https:\/\/hudo.com\/si\/wp-content\/uploads\/sites\/2\/2018\/03\/jernej.jpg","type":"image\/jpeg"}],"author":"A. G.","twitter_card":"summary_large_image","twitter_creator":"@hudo_si","twitter_site":"@hudo_si","twitter_misc":{"Written by":"A. G."},"schema":{"@context":"https:\/\/schema.org","@graph":[{"@type":"Article","@id":"https:\/\/hudo.com\/si\/vip\/slovenski-glasbenik-ki-si-je-zelo-vsec\/#article","isPartOf":{"@id":"https:\/\/hudo.com\/si\/vip\/slovenski-glasbenik-ki-si-je-zelo-vsec\/"},"author":{"name":"A. G.","@id":"https:\/\/hudo.com\/si\/#\/schema\/person\/f95639a66e0dd2c682b0568634e85b8b"},"headline":"Slovenski glasbenik, ki si je zelo v\u0161e\u010d","datePublished":"2018-03-19T13:29:21+00:00","dateModified":"2018-03-19T13:29:21+00:00","mainEntityOfPage":{"@id":"https:\/\/hudo.com\/si\/vip\/slovenski-glasbenik-ki-si-je-zelo-vsec\/"},"wordCount":106,"publisher":{"@id":"https:\/\/hudo.com\/si\/#organization"},"keywords":["\u010cuki","Jernej Tozon","Slovenija","zgoraj brez"],"articleSection":["VIP"],"inLanguage":"sl-SI"},{"@type":"WebPage","@id":"https:\/\/hudo.com\/si\/vip\/slovenski-glasbenik-ki-si-je-zelo-vsec\/","url":"https:\/\/hudo.com\/si\/vip\/slovenski-glasbenik-ki-si-je-zelo-vsec\/","name":"Slovenski glasbenik, ki si je zelo v\u0161e\u010d - Hudo Slovenija","isPartOf":{"@id":"https:\/\/hudo.com\/si\/#website"},"datePublished":"2018-03-19T13:29:21+00:00","dateModified":"2018-03-19T13:29:21+00:00","breadcrumb":{"@id":"https:\/\/hudo.com\/si\/vip\/slovenski-glasbenik-ki-si-je-zelo-vsec\/#breadcrumb"},"inLanguage":"sl-SI","potentialAction":[{"@type":"ReadAction","target":["https:\/\/hudo.com\/si\/vip\/slovenski-glasbenik-ki-si-je-zelo-vsec\/"]}]},{"@type":"BreadcrumbList","@id":"https:\/\/hudo.com\/si\/vip\/slovenski-glasbenik-ki-si-je-zelo-vsec\/#breadcrumb","itemListElement":[{"@type":"ListItem","position":1,"name":"Home","item":"https:\/\/hudo.com\/si\/"},{"@type":"ListItem","position":2,"name":"Slovenski glasbenik, ki si je zelo v\u0161e\u010d"}]},{"@type":"WebSite","@id":"https:\/\/hudo.com\/si\/#website","url":"https:\/\/hudo.com\/si\/","name":"Hudo Slovenija","description":"Vse novice iz Slovenije in sveta","publisher":{"@id":"https:\/\/hudo.com\/si\/#organization"},"potentialAction":[{"@type":"SearchAction","target":{"@type":"EntryPoint","urlTemplate":"https:\/\/hudo.com\/si\/?s={search_term_string}"},"query-input":"required name=search_term_string"}],"inLanguage":"sl-SI"},{"@type":"Organization","@id":"https:\/\/hudo.com\/si\/#organization","name":"VSN Media","url":"https:\/\/hudo.com\/si\/","logo":{"@type":"ImageObject","inLanguage":"sl-SI","@id":"https:\/\/hudo.com\/si\/#\/schema\/logo\/image\/","url":"https:\/\/hudo.com\/si\/wp-content\/uploads\/sites\/2\/2021\/03\/hudo-app-2.png","contentUrl":"https:\/\/hudo.com\/si\/wp-content\/uploads\/sites\/2\/2021\/03\/hudo-app-2.png","width":2185,"height":2167,"caption":"VSN Media"},"image":{"@id":"https:\/\/hudo.com\/si\/#\/schema\/logo\/image\/"},"sameAs":["https:\/\/www.facebook.com\/hudo.si","https:\/\/twitter.com\/hudo_si"]},{"@type":"Person","@id":"https:\/\/hudo.com\/si\/#\/schema\/person\/f95639a66e0dd2c682b0568634e85b8b","name":"A. G.","image":{"@type":"ImageObject","inLanguage":"sl-SI","@id":"https:\/\/hudo.com\/si\/#\/schema\/person\/image\/","url":"https:\/\/secure.gravatar.com\/avatar\/9f44de561c70d5d80348d3ed0f4b142d?s=96&d=mm&r=g","contentUrl":"https:\/\/secure.gravatar.com\/avatar\/9f44de561c70d5d80348d3ed0f4b142d?s=96&d=mm&r=g","caption":"A. G."},"url":"https:\/\/hudo.com\/si\/author\/alenkagrmek\/"}]}},"amp_enabled":true,"_links":{"self":[{"href":"https:\/\/hudo.com\/si\/wp-json\/wp\/v2\/posts\/367110"}],"collection":[{"href":"https:\/\/hudo.com\/si\/wp-json\/wp\/v2\/posts"}],"about":[{"href":"https:\/\/hudo.com\/si\/wp-json\/wp\/v2\/types\/post"}],"author":[{"embeddable":true,"href":"https:\/\/hudo.com\/si\/wp-json\/wp\/v2\/users\/6"}],"replies":[{"embeddable":true,"href":"https:\/\/hudo.com\/si\/wp-json\/wp\/v2\/comments?post=367110"}],"version-history":[{"count":3,"href":"https:\/\/hudo.com\/si\/wp-json\/wp\/v2\/posts\/367110\/revisions"}],"predecessor-version":[{"id":367122,"href":"https:\/\/hudo.com\/si\/wp-json\/wp\/v2\/posts\/367110\/revisions\/367122"}],"wp:featuredmedia":[{"embeddable":true,"href":"https:\/\/hudo.com\/si\/wp-json\/wp\/v2\/media\/367119"}],"wp:attachment":[{"href":"https:\/\/hudo.com\/si\/wp-json\/wp\/v2\/media?parent=367110"}],"wp:term":[{"taxonomy":"category","embeddable":true,"href":"https:\/\/hudo.com\/si\/wp-json\/wp\/v2\/categories?post=367110"},{"taxonomy":"post_tag","embeddable":true,"href":"https:\/\/hudo.com\/si\/wp-json\/wp\/v2\/tags?post=367110"},{"taxonomy":"source","embeddable":true,"href":"https:\/\/hudo.com\/si\/wp-json\/wp\/v2\/source?post=367110"},{"taxonomy":"supertag","embeddable":true,"href":"https:\/\/hudo.com\/si\/wp-json\/wp\/v2\/supertag?post=367110"}],"curies":[{"name":"wp","href":"https:\/\/api.w.org\/{rel}","templated":true}]}}