{"id":367332,"date":"2018-03-22T08:56:24","date_gmt":"2018-03-22T07:56:24","guid":{"rendered":"http:\/\/hudo.com\/si\/?p=367332"},"modified":"2018-03-22T08:56:24","modified_gmt":"2018-03-22T07:56:24","slug":"zupana-radelj-sumijo-jemanja-podkupnine","status":"publish","type":"post","link":"https:\/\/hudo.com\/si\/aktualno\/zupana-radelj-sumijo-jemanja-podkupnine\/","title":{"rendered":"\u017dupana Radelj sumijo jemanja podkupnine"},"content":{"rendered":"<div class=\"text\">\n<p>\u017dupana je kazensko in od\u0161kodninsko ovadil direktor podjetja Domania Alen Domini\u0107, saj naj bi Bukovnik tik pred podpisom pogodbe z omenjenim podjetjem za izvajanje storitve pomo\u010di na domu to pogojeval z odkupom dele\u017ea nepremi\u010dnine v ob\u010dini.<br \/>\n<div class=\"embed-notice\">Za ogled vstavljene vsebine morate omogo\u010diti <a href=\"#\" onclick=\"Optanon.ToggleInfoDisplay()\">shranjevanje pi\u0161kotkov v napravi<\/a><\/div><iframe loading=\"lazy\" style=\"border: none; overflow: hidden;\"  class=\"optanon-category-C0002-C0003-C0004\" optanon-src=\"https:\/\/www.facebook.com\/plugins\/post.php?href=https%3A%2F%2Fwww.facebook.com%2F1587374291571954%2Fphotos%2Fa.1587374568238593.1073741825.1587374291571954%2F1588453628130687%2F%3Ftype%3D3&amp;width=500\" width=\"500\" height=\"575\" frameborder=\"0\" scrolling=\"no\"><\/iframe><\/p>\n<p>Domini\u0107 bi tako moral podpisati izjavo, s katero bi se zavezal, da bo odkupil del stavbe na Mariborski cesti 4 v Radljah, kjer ima sede\u017e tudi Javni zavod za \u0161port, kulturo, turizem in mladino (\u0160KTM) Radlje, saj naj bi ob\u010dina koncesijsko pogodbo podpisala le pod tem pogojem, navaja Ve\u010der.<\/p>\n<p>Kot ob tem pojasnjuje \u010dasnik, to, za kak\u0161no domnevno podkupnino gre, uradno \u0161e nih\u010de ni \u017eelel pojasniti, a glede na to, da je \u017eupan podpis pogodbe pogojeval z nakupom nepremi\u010dnine, je mogo\u010de sklepati, da bi se potencialno lahko okoristila ob\u010dina, ki bi prejela kupnino. Del omenjene stavbe je namre\u010d v ob\u010dinski lasti, pi\u0161e Ve\u010der.<\/p>\n<p>Ker tega, da mora imeti ponudnik osnovno enoto registrirano v Radljah, prej v razpisnih pogojih niso navedli, Domini\u0107 na dodatno zahtevo po njegovih pojasnilih ni pristal. Posla nato niso sklenili. &#8220;O\u0161kodovali so nas za stro\u0161ke izdelave mnenja za socialno zbornico in ves \u010das, ki smo ga vlo\u017eili z dobrimi nameni,&#8221; je dejal Domini\u0107.<\/p>\n<p>Bukovnik za dodatna pojasnila danes ni dosegljiv, je pa lansko jesen, v \u010dasu, ko so v predkazenskem postopku informacije o tem zbirali kriminalisti, za STA dejal, da sume nepravilnosti zavra\u010da.<\/p>\n<p>Takrat je pojasnil, da je bil na razpisu kot najugodnej\u0161i ponudnik izbran zasebni zavod Domania s sede\u017eem v Puconcih, ki mu je ob\u010dina izdala odlo\u010dbo, ni pa z njim \u0161e sklenila pogodbe. \u017dupan je takrat pojasnil, da ga je zmotilo dejstvo, da \u017eeli zasebni zavod v Radljah najeti prostore, ki so v lasti brata pod\u017eupana ob\u010dine. \u017dupan Bukovnik je namre\u010d v tem videl mo\u017ene konflikte interesov, direktorju zavoda Domania pa je zato predlagal, da v najem vzame katerega od drugih mo\u017enih prostorov v Radljah.<\/p>\n<p>Domini\u0107 je nato po Bukovnikovih besedah postavil rok za podpis pogodbe, v nasprotnem primeru je napovedal odstop od pogodbe. Ob\u010dina v roku ni podpisala pogodbe, zato se je postopek s tem zaklju\u010dil, je lani pojasnil Bukovnik.<\/p>\n<p>Storitev pomo\u010d na domu, ki jo delno pla\u010duje uporabnik, delno pa sofinancira ob\u010dina, je v preteklosti v radeljski ob\u010dini opravljal tamkaj\u0161nji center za socialno delo. Po neuspe\u0161nem javnem razpisu za podelitev koncesije pa je ob\u010dina svoj zavod \u0160KTM dodatno registrirala \u0161e za podro\u010dje sociale in mu nato brez razpisa podelila pooblastilo za izvajanje javne slu\u017ebe pomo\u010d na domu. To \u0160KTM izvaja od junija lani.<\/p>\n<\/div>\n","protected":false},"excerpt":{"rendered":"<p>Specializirano dr\u017eavno to\u017eilstvo je vlo\u017eilo zahtevo za uvedbo preiskave zoper \u017eupana Ob\u010dine Radlje ob Dravi Alana Bukovnika, in sicer zaradi suma kaznivega dejanja jemanja podkupnine. Sodi\u0161\u010de je nato izdalo sklep o uvedbi preiskave, ki je zdaj v teku, poro\u010da dana\u0161nji Ve\u010der. Bukovnik odgovarja, da ovadba ni utemeljena.<\/p>\n","protected":false},"author":5,"featured_media":287337,"comment_status":"closed","ping_status":"closed","sticky":false,"template":"","format":"standard","meta":{"footnotes":""},"categories":[1179],"tags":[10803,4711,7578,4587,1595,4815,4898],"source":[4511],"supertag":[],"acf":[],"yoast_head":"<!-- This site is optimized with the Yoast SEO plugin v21.3 - https:\/\/yoast.com\/wordpress\/plugins\/seo\/ -->\n<title>\u017dupana Radelj sumijo jemanja podkupnine - Hudo Slovenija<\/title>\n<meta name=\"robots\" content=\"index, follow, max-snippet:-1, max-image-preview:large, max-video-preview:-1\" \/>\n<link rel=\"canonical\" href=\"https:\/\/hudo.com\/si\/aktualno\/zupana-radelj-sumijo-jemanja-podkupnine\/\" \/>\n<meta property=\"og:locale\" content=\"sl_SI\" \/>\n<meta property=\"og:type\" content=\"article\" \/>\n<meta property=\"og:title\" content=\"\u017dupana Radelj sumijo jemanja podkupnine - Hudo Slovenija\" \/>\n<meta property=\"og:description\" content=\"Specializirano dr\u017eavno to\u017eilstvo je vlo\u017eilo zahtevo za uvedbo preiskave zoper \u017eupana Ob\u010dine Radlje ob Dravi Alana Bukovnika, in sicer zaradi suma kaznivega dejanja jemanja podkupnine. Sodi\u0161\u010de je nato izdalo sklep o uvedbi preiskave, ki je zdaj v teku, poro\u010da dana\u0161nji Ve\u010der. Bukovnik odgovarja, da ovadba ni utemeljena.\" \/>\n<meta property=\"og:url\" content=\"https:\/\/hudo.com\/si\/aktualno\/zupana-radelj-sumijo-jemanja-podkupnine\/\" \/>\n<meta property=\"og:site_name\" content=\"Hudo Slovenija\" \/>\n<meta property=\"article:publisher\" content=\"https:\/\/www.facebook.com\/hudo.si\" \/>\n<meta property=\"article:published_time\" content=\"2018-03-22T07:56:24+00:00\" \/>\n<meta property=\"og:image\" content=\"https:\/\/hudo.com\/si\/wp-content\/uploads\/sites\/2\/2017\/08\/profimedia-0317844798-1.jpg\" \/>\n\t<meta property=\"og:image:width\" content=\"1250\" \/>\n\t<meta property=\"og:image:height\" content=\"833\" \/>\n\t<meta property=\"og:image:type\" content=\"image\/jpeg\" \/>\n<meta name=\"author\" content=\"A. G., STA\" \/>\n<meta name=\"twitter:card\" content=\"summary_large_image\" \/>\n<meta name=\"twitter:creator\" content=\"@hudo_si\" \/>\n<meta name=\"twitter:site\" content=\"@hudo_si\" \/>\n<meta name=\"twitter:label1\" content=\"Written by\" \/>\n\t<meta name=\"twitter:data1\" content=\"A. G., STA\" \/>\n\t<meta name=\"twitter:label2\" content=\"Est. reading time\" \/>\n\t<meta name=\"twitter:data2\" content=\"2 minuti\" \/>\n<script type=\"application\/ld+json\" class=\"yoast-schema-graph\">{\"@context\":\"https:\/\/schema.org\",\"@graph\":[{\"@type\":\"Article\",\"@id\":\"https:\/\/hudo.com\/si\/aktualno\/zupana-radelj-sumijo-jemanja-podkupnine\/#article\",\"isPartOf\":{\"@id\":\"https:\/\/hudo.com\/si\/aktualno\/zupana-radelj-sumijo-jemanja-podkupnine\/\"},\"author\":{\"name\":\"A. G., STA\",\"@id\":\"https:\/\/hudo.com\/si\/#\/schema\/person\/2391667a63ea075ba94f2f2dc6b77537\"},\"headline\":\"\u017dupana Radelj sumijo jemanja podkupnine\",\"datePublished\":\"2018-03-22T07:56:24+00:00\",\"dateModified\":\"2018-03-22T07:56:24+00:00\",\"mainEntityOfPage\":{\"@id\":\"https:\/\/hudo.com\/si\/aktualno\/zupana-radelj-sumijo-jemanja-podkupnine\/\"},\"wordCount\":447,\"publisher\":{\"@id\":\"https:\/\/hudo.com\/si\/#organization\"},\"keywords\":[\"Alan Bukovnik\",\"ob\u010dina\",\"podkupnina\",\"preiskava\",\"Slovenija\",\"sociala\",\"to\u017eilstvo\"],\"articleSection\":[\"Aktualno\"],\"inLanguage\":\"sl-SI\"},{\"@type\":\"WebPage\",\"@id\":\"https:\/\/hudo.com\/si\/aktualno\/zupana-radelj-sumijo-jemanja-podkupnine\/\",\"url\":\"https:\/\/hudo.com\/si\/aktualno\/zupana-radelj-sumijo-jemanja-podkupnine\/\",\"name\":\"\u017dupana Radelj sumijo jemanja podkupnine - Hudo Slovenija\",\"isPartOf\":{\"@id\":\"https:\/\/hudo.com\/si\/#website\"},\"datePublished\":\"2018-03-22T07:56:24+00:00\",\"dateModified\":\"2018-03-22T07:56:24+00:00\",\"breadcrumb\":{\"@id\":\"https:\/\/hudo.com\/si\/aktualno\/zupana-radelj-sumijo-jemanja-podkupnine\/#breadcrumb\"},\"inLanguage\":\"sl-SI\",\"potentialAction\":[{\"@type\":\"ReadAction\",\"target\":[\"https:\/\/hudo.com\/si\/aktualno\/zupana-radelj-sumijo-jemanja-podkupnine\/\"]}]},{\"@type\":\"BreadcrumbList\",\"@id\":\"https:\/\/hudo.com\/si\/aktualno\/zupana-radelj-sumijo-jemanja-podkupnine\/#breadcrumb\",\"itemListElement\":[{\"@type\":\"ListItem\",\"position\":1,\"name\":\"Home\",\"item\":\"https:\/\/hudo.com\/si\/\"},{\"@type\":\"ListItem\",\"position\":2,\"name\":\"\u017dupana Radelj sumijo jemanja podkupnine\"}]},{\"@type\":\"WebSite\",\"@id\":\"https:\/\/hudo.com\/si\/#website\",\"url\":\"https:\/\/hudo.com\/si\/\",\"name\":\"Hudo Slovenija\",\"description\":\"Vse novice iz Slovenije in sveta\",\"publisher\":{\"@id\":\"https:\/\/hudo.com\/si\/#organization\"},\"potentialAction\":[{\"@type\":\"SearchAction\",\"target\":{\"@type\":\"EntryPoint\",\"urlTemplate\":\"https:\/\/hudo.com\/si\/?s={search_term_string}\"},\"query-input\":\"required name=search_term_string\"}],\"inLanguage\":\"sl-SI\"},{\"@type\":\"Organization\",\"@id\":\"https:\/\/hudo.com\/si\/#organization\",\"name\":\"VSN Media\",\"url\":\"https:\/\/hudo.com\/si\/\",\"logo\":{\"@type\":\"ImageObject\",\"inLanguage\":\"sl-SI\",\"@id\":\"https:\/\/hudo.com\/si\/#\/schema\/logo\/image\/\",\"url\":\"https:\/\/hudo.com\/si\/wp-content\/uploads\/sites\/2\/2021\/03\/hudo-app-2.png\",\"contentUrl\":\"https:\/\/hudo.com\/si\/wp-content\/uploads\/sites\/2\/2021\/03\/hudo-app-2.png\",\"width\":2185,\"height\":2167,\"caption\":\"VSN Media\"},\"image\":{\"@id\":\"https:\/\/hudo.com\/si\/#\/schema\/logo\/image\/\"},\"sameAs\":[\"https:\/\/www.facebook.com\/hudo.si\",\"https:\/\/twitter.com\/hudo_si\"]},{\"@type\":\"Person\",\"@id\":\"https:\/\/hudo.com\/si\/#\/schema\/person\/2391667a63ea075ba94f2f2dc6b77537\",\"name\":\"A. G., STA\",\"image\":{\"@type\":\"ImageObject\",\"inLanguage\":\"sl-SI\",\"@id\":\"https:\/\/hudo.com\/si\/#\/schema\/person\/image\/\",\"url\":\"https:\/\/secure.gravatar.com\/avatar\/e13d22ac3e442658d5025fbbe6238a79?s=96&d=mm&r=g\",\"contentUrl\":\"https:\/\/secure.gravatar.com\/avatar\/e13d22ac3e442658d5025fbbe6238a79?s=96&d=mm&r=g\",\"caption\":\"A. G., STA\"},\"url\":\"https:\/\/hudo.com\/si\/author\/alenka\/\"}]}<\/script>\n<!-- \/ Yoast SEO plugin. -->","yoast_head_json":{"title":"\u017dupana Radelj sumijo jemanja podkupnine - Hudo Slovenija","robots":{"index":"index","follow":"follow","max-snippet":"max-snippet:-1","max-image-preview":"max-image-preview:large","max-video-preview":"max-video-preview:-1"},"canonical":"https:\/\/hudo.com\/si\/aktualno\/zupana-radelj-sumijo-jemanja-podkupnine\/","og_locale":"sl_SI","og_type":"article","og_title":"\u017dupana Radelj sumijo jemanja podkupnine - Hudo Slovenija","og_description":"Specializirano dr\u017eavno to\u017eilstvo je vlo\u017eilo zahtevo za uvedbo preiskave zoper \u017eupana Ob\u010dine Radlje ob Dravi Alana Bukovnika, in sicer zaradi suma kaznivega dejanja jemanja podkupnine. Sodi\u0161\u010de je nato izdalo sklep o uvedbi preiskave, ki je zdaj v teku, poro\u010da dana\u0161nji Ve\u010der. Bukovnik odgovarja, da ovadba ni utemeljena.","og_url":"https:\/\/hudo.com\/si\/aktualno\/zupana-radelj-sumijo-jemanja-podkupnine\/","og_site_name":"Hudo Slovenija","article_publisher":"https:\/\/www.facebook.com\/hudo.si","article_published_time":"2018-03-22T07:56:24+00:00","og_image":[{"width":1250,"height":833,"url":"https:\/\/hudo.com\/si\/wp-content\/uploads\/sites\/2\/2017\/08\/profimedia-0317844798-1.jpg","type":"image\/jpeg"}],"author":"A. G., STA","twitter_card":"summary_large_image","twitter_creator":"@hudo_si","twitter_site":"@hudo_si","twitter_misc":{"Written by":"A. G., STA","Est. reading time":"2 minuti"},"schema":{"@context":"https:\/\/schema.org","@graph":[{"@type":"Article","@id":"https:\/\/hudo.com\/si\/aktualno\/zupana-radelj-sumijo-jemanja-podkupnine\/#article","isPartOf":{"@id":"https:\/\/hudo.com\/si\/aktualno\/zupana-radelj-sumijo-jemanja-podkupnine\/"},"author":{"name":"A. G., STA","@id":"https:\/\/hudo.com\/si\/#\/schema\/person\/2391667a63ea075ba94f2f2dc6b77537"},"headline":"\u017dupana Radelj sumijo jemanja podkupnine","datePublished":"2018-03-22T07:56:24+00:00","dateModified":"2018-03-22T07:56:24+00:00","mainEntityOfPage":{"@id":"https:\/\/hudo.com\/si\/aktualno\/zupana-radelj-sumijo-jemanja-podkupnine\/"},"wordCount":447,"publisher":{"@id":"https:\/\/hudo.com\/si\/#organization"},"keywords":["Alan Bukovnik","ob\u010dina","podkupnina","preiskava","Slovenija","sociala","to\u017eilstvo"],"articleSection":["Aktualno"],"inLanguage":"sl-SI"},{"@type":"WebPage","@id":"https:\/\/hudo.com\/si\/aktualno\/zupana-radelj-sumijo-jemanja-podkupnine\/","url":"https:\/\/hudo.com\/si\/aktualno\/zupana-radelj-sumijo-jemanja-podkupnine\/","name":"\u017dupana Radelj sumijo jemanja podkupnine - Hudo Slovenija","isPartOf":{"@id":"https:\/\/hudo.com\/si\/#website"},"datePublished":"2018-03-22T07:56:24+00:00","dateModified":"2018-03-22T07:56:24+00:00","breadcrumb":{"@id":"https:\/\/hudo.com\/si\/aktualno\/zupana-radelj-sumijo-jemanja-podkupnine\/#breadcrumb"},"inLanguage":"sl-SI","potentialAction":[{"@type":"ReadAction","target":["https:\/\/hudo.com\/si\/aktualno\/zupana-radelj-sumijo-jemanja-podkupnine\/"]}]},{"@type":"BreadcrumbList","@id":"https:\/\/hudo.com\/si\/aktualno\/zupana-radelj-sumijo-jemanja-podkupnine\/#breadcrumb","itemListElement":[{"@type":"ListItem","position":1,"name":"Home","item":"https:\/\/hudo.com\/si\/"},{"@type":"ListItem","position":2,"name":"\u017dupana Radelj sumijo jemanja podkupnine"}]},{"@type":"WebSite","@id":"https:\/\/hudo.com\/si\/#website","url":"https:\/\/hudo.com\/si\/","name":"Hudo Slovenija","description":"Vse novice iz Slovenije in sveta","publisher":{"@id":"https:\/\/hudo.com\/si\/#organization"},"potentialAction":[{"@type":"SearchAction","target":{"@type":"EntryPoint","urlTemplate":"https:\/\/hudo.com\/si\/?s={search_term_string}"},"query-input":"required name=search_term_string"}],"inLanguage":"sl-SI"},{"@type":"Organization","@id":"https:\/\/hudo.com\/si\/#organization","name":"VSN Media","url":"https:\/\/hudo.com\/si\/","logo":{"@type":"ImageObject","inLanguage":"sl-SI","@id":"https:\/\/hudo.com\/si\/#\/schema\/logo\/image\/","url":"https:\/\/hudo.com\/si\/wp-content\/uploads\/sites\/2\/2021\/03\/hudo-app-2.png","contentUrl":"https:\/\/hudo.com\/si\/wp-content\/uploads\/sites\/2\/2021\/03\/hudo-app-2.png","width":2185,"height":2167,"caption":"VSN Media"},"image":{"@id":"https:\/\/hudo.com\/si\/#\/schema\/logo\/image\/"},"sameAs":["https:\/\/www.facebook.com\/hudo.si","https:\/\/twitter.com\/hudo_si"]},{"@type":"Person","@id":"https:\/\/hudo.com\/si\/#\/schema\/person\/2391667a63ea075ba94f2f2dc6b77537","name":"A. G., STA","image":{"@type":"ImageObject","inLanguage":"sl-SI","@id":"https:\/\/hudo.com\/si\/#\/schema\/person\/image\/","url":"https:\/\/secure.gravatar.com\/avatar\/e13d22ac3e442658d5025fbbe6238a79?s=96&d=mm&r=g","contentUrl":"https:\/\/secure.gravatar.com\/avatar\/e13d22ac3e442658d5025fbbe6238a79?s=96&d=mm&r=g","caption":"A. G., STA"},"url":"https:\/\/hudo.com\/si\/author\/alenka\/"}]}},"amp_enabled":true,"_links":{"self":[{"href":"https:\/\/hudo.com\/si\/wp-json\/wp\/v2\/posts\/367332"}],"collection":[{"href":"https:\/\/hudo.com\/si\/wp-json\/wp\/v2\/posts"}],"about":[{"href":"https:\/\/hudo.com\/si\/wp-json\/wp\/v2\/types\/post"}],"author":[{"embeddable":true,"href":"https:\/\/hudo.com\/si\/wp-json\/wp\/v2\/users\/5"}],"replies":[{"embeddable":true,"href":"https:\/\/hudo.com\/si\/wp-json\/wp\/v2\/comments?post=367332"}],"version-history":[{"count":1,"href":"https:\/\/hudo.com\/si\/wp-json\/wp\/v2\/posts\/367332\/revisions"}],"predecessor-version":[{"id":367333,"href":"https:\/\/hudo.com\/si\/wp-json\/wp\/v2\/posts\/367332\/revisions\/367333"}],"wp:featuredmedia":[{"embeddable":true,"href":"https:\/\/hudo.com\/si\/wp-json\/wp\/v2\/media\/287337"}],"wp:attachment":[{"href":"https:\/\/hudo.com\/si\/wp-json\/wp\/v2\/media?parent=367332"}],"wp:term":[{"taxonomy":"category","embeddable":true,"href":"https:\/\/hudo.com\/si\/wp-json\/wp\/v2\/categories?post=367332"},{"taxonomy":"post_tag","embeddable":true,"href":"https:\/\/hudo.com\/si\/wp-json\/wp\/v2\/tags?post=367332"},{"taxonomy":"source","embeddable":true,"href":"https:\/\/hudo.com\/si\/wp-json\/wp\/v2\/source?post=367332"},{"taxonomy":"supertag","embeddable":true,"href":"https:\/\/hudo.com\/si\/wp-json\/wp\/v2\/supertag?post=367332"}],"curies":[{"name":"wp","href":"https:\/\/api.w.org\/{rel}","templated":true}]}}