{"id":36756,"date":"2016-04-22T08:00:00","date_gmt":"2016-04-22T06:00:00","guid":{"rendered":"http:\/\/hudo.com\/si\/2016\/04\/22\/piranska-rdeca-hisa-bele-barve\/"},"modified":"2016-04-22T08:00:00","modified_gmt":"2016-04-22T06:00:00","slug":"piranska-rdeca-hisa-bele-barve","status":"publish","type":"post","link":"https:\/\/hudo.com\/si\/aktualno\/piranska-rdeca-hisa-bele-barve\/","title":{"rendered":"Piranska rde\u010da hi\u0161a bele barve"},"content":{"rendered":"<p>Kategorija: Slovenija Fri, 22 Apr 2016 10:00:00 +0200  Piran \u2013 \u00bbNa Tartinijevem trgu se zagleda\u0161 v najlep\u0161o stavbo, rde\u010do bene\u0161ko hi\u0161o Bene\u010danko &#8230;\u00ab Tako pi\u0161e v prospektih, vodnikih in turisti\u010dnih letakih, ob katerih bodo imeli turisti od maja precej te\u017eav. Sredi prihodnjega meseca bo rde\u010da Bene\u010danka zasijala v beli barvi. Tako je odlo\u010dila konservatorska stroka. Mnogi ji dajo prav, drugi glasno oporekajo, \u010de\u0161 da bo lep Tartinijev trg izgubil svojo krajevno znamko. Za ureditev pro\u010delja najznamenitej\u0161e piranske hi\u0161e, za\u0161\u010ditenega spomenika z ohranjeno fasado bene\u0161ke gotike iz 14. stoletja, se je odlo\u010dila lastnica stavbe ob\u010dina Piran, ki je naro\u010dila konservatorjem z Zavoda za varstvo kulturne dedi\u0161\u010dine Mojci Marija, Ani Kova\u010d in Juretu Berniku izdelavo konservatorskega projekta. Restavratorski center iz Ljubljane je opravil analize pro\u010delja, Bernik pa je na robovih hi\u0161e na\u0161el potrditev tistega, kar so konservatorji \u017ee dolgo domnevali:\u00a0&#8230;<\/p>\n","protected":false},"excerpt":{"rendered":"<p>Kategorija: Slovenija Fri, 22 Apr 2016 10:00:00 +0200  Piran \u2013 \u00bbNa Tartinijevem trgu se zagleda\u0161 v najlep\u0161o stavbo, rde\u010do bene\u0161ko hi\u0161o Bene\u010danko &#8230;\u00ab Tako pi\u0161e v prospektih, vodnikih in turisti\u010dnih letakih, ob katerih bodo imeli turisti od maja precej te\u017eav. Sredi prihodnjega meseca bo rde\u010da Bene\u010danka zasijala v beli barvi. Tako je odlo\u010dila konservatorska stroka. Mnogi ji dajo prav, drugi glasno oporekajo, \u010de\u0161 da bo lep Tartinijev trg izgubil svojo krajevno znamko. Za ureditev pro\u010delja najznamenitej\u0161e piranske hi\u0161e, za\u0161\u010ditenega spomenika z ohranjeno fasado bene\u0161ke gotike iz 14. stoletja, se je odlo\u010dila lastnica stavbe ob\u010dina Piran, ki je naro\u010dila konservatorjem z Zavoda za varstvo kulturne dedi\u0161\u010dine Mojci Marija, Ani Kova\u010d in Juretu Berniku izdelavo konservatorskega projekta. Restavratorski center iz Ljubljane je opravil analize pro\u010delja, Bernik pa je na robovih hi\u0161e na\u0161el potrditev tistega, kar so konservatorji \u017ee dolgo domnevali:\u00a0&#8230;<\/p>\n","protected":false},"author":1,"featured_media":0,"comment_status":"closed","ping_status":"closed","sticky":false,"template":"","format":"standard","meta":{"footnotes":""},"categories":[1179],"tags":[],"source":[4511],"supertag":[],"acf":[],"yoast_head":"<!-- This site is optimized with the Yoast SEO plugin v21.3 - https:\/\/yoast.com\/wordpress\/plugins\/seo\/ -->\n<title>Piranska rde\u010da hi\u0161a bele barve - Hudo Slovenija<\/title>\n<meta name=\"robots\" content=\"index, follow, max-snippet:-1, max-image-preview:large, max-video-preview:-1\" \/>\n<link rel=\"canonical\" href=\"https:\/\/hudo.com\/si\/aktualno\/piranska-rdeca-hisa-bele-barve\/\" \/>\n<meta property=\"og:locale\" content=\"sl_SI\" \/>\n<meta property=\"og:type\" content=\"article\" \/>\n<meta property=\"og:title\" content=\"Piranska rde\u010da hi\u0161a bele barve - Hudo Slovenija\" \/>\n<meta property=\"og:description\" content=\"Kategorija: Slovenija Fri, 22 Apr 2016 10:00:00 +0200 Piran \u2013 \u00bbNa Tartinijevem trgu se zagleda\u0161 v najlep\u0161o stavbo, rde\u010do bene\u0161ko hi\u0161o Bene\u010danko ...\u00ab Tako pi\u0161e v prospektih, vodnikih in turisti\u010dnih letakih, ob katerih bodo imeli turisti od maja precej te\u017eav. Sredi prihodnjega meseca bo rde\u010da Bene\u010danka zasijala v beli barvi. Tako je odlo\u010dila konservatorska stroka. Mnogi ji dajo prav, drugi glasno oporekajo, \u010de\u0161 da bo lep Tartinijev trg izgubil svojo krajevno znamko. Za ureditev pro\u010delja najznamenitej\u0161e piranske hi\u0161e, za\u0161\u010ditenega spomenika z ohranjeno fasado bene\u0161ke gotike iz 14. stoletja, se je odlo\u010dila lastnica stavbe ob\u010dina Piran, ki je naro\u010dila konservatorjem z Zavoda za varstvo kulturne dedi\u0161\u010dine Mojci Marija, Ani Kova\u010d in Juretu Berniku izdelavo konservatorskega projekta. Restavratorski center iz Ljubljane je opravil analize pro\u010delja, Bernik pa je na robovih hi\u0161e na\u0161el potrditev tistega, kar so konservatorji \u017ee dolgo domnevali:\u00a0...\" \/>\n<meta property=\"og:url\" content=\"https:\/\/hudo.com\/si\/aktualno\/piranska-rdeca-hisa-bele-barve\/\" \/>\n<meta property=\"og:site_name\" content=\"Hudo Slovenija\" \/>\n<meta property=\"article:publisher\" content=\"https:\/\/www.facebook.com\/hudo.si\" \/>\n<meta property=\"article:published_time\" content=\"2016-04-22T06:00:00+00:00\" \/>\n<meta property=\"og:image\" content=\"https:\/\/hudo.com\/si\/wp-content\/uploads\/sites\/2\/2016\/04\/480x290_djvu_1320816_primozz_lvu-piran.jpeg\" \/>\n\t<meta property=\"og:image:width\" content=\"480\" \/>\n\t<meta property=\"og:image:height\" content=\"290\" \/>\n\t<meta property=\"og:image:type\" content=\"image\/jpeg\" \/>\n<meta name=\"author\" content=\"hudo\" \/>\n<meta name=\"twitter:card\" content=\"summary_large_image\" \/>\n<meta name=\"twitter:creator\" content=\"@hudo_si\" \/>\n<meta name=\"twitter:site\" content=\"@hudo_si\" \/>\n<meta name=\"twitter:label1\" content=\"Written by\" \/>\n\t<meta name=\"twitter:data1\" content=\"hudo\" \/>\n\t<meta name=\"twitter:label2\" content=\"Est. reading time\" \/>\n\t<meta name=\"twitter:data2\" content=\"1 minuta\" \/>\n<script type=\"application\/ld+json\" class=\"yoast-schema-graph\">{\"@context\":\"https:\/\/schema.org\",\"@graph\":[{\"@type\":\"Article\",\"@id\":\"https:\/\/hudo.com\/si\/aktualno\/piranska-rdeca-hisa-bele-barve\/#article\",\"isPartOf\":{\"@id\":\"https:\/\/hudo.com\/si\/aktualno\/piranska-rdeca-hisa-bele-barve\/\"},\"author\":{\"name\":\"hudo\",\"@id\":\"https:\/\/hudo.com\/si\/#\/schema\/person\/601cf3379633985b20f7e50f2bb47707\"},\"headline\":\"Piranska rde\u010da hi\u0161a bele barve\",\"datePublished\":\"2016-04-22T06:00:00+00:00\",\"dateModified\":\"2016-04-22T06:00:00+00:00\",\"mainEntityOfPage\":{\"@id\":\"https:\/\/hudo.com\/si\/aktualno\/piranska-rdeca-hisa-bele-barve\/\"},\"wordCount\":161,\"publisher\":{\"@id\":\"https:\/\/hudo.com\/si\/#organization\"},\"articleSection\":[\"Aktualno\"],\"inLanguage\":\"sl-SI\"},{\"@type\":\"WebPage\",\"@id\":\"https:\/\/hudo.com\/si\/aktualno\/piranska-rdeca-hisa-bele-barve\/\",\"url\":\"https:\/\/hudo.com\/si\/aktualno\/piranska-rdeca-hisa-bele-barve\/\",\"name\":\"Piranska rde\u010da hi\u0161a bele barve - Hudo Slovenija\",\"isPartOf\":{\"@id\":\"https:\/\/hudo.com\/si\/#website\"},\"datePublished\":\"2016-04-22T06:00:00+00:00\",\"dateModified\":\"2016-04-22T06:00:00+00:00\",\"breadcrumb\":{\"@id\":\"https:\/\/hudo.com\/si\/aktualno\/piranska-rdeca-hisa-bele-barve\/#breadcrumb\"},\"inLanguage\":\"sl-SI\",\"potentialAction\":[{\"@type\":\"ReadAction\",\"target\":[\"https:\/\/hudo.com\/si\/aktualno\/piranska-rdeca-hisa-bele-barve\/\"]}]},{\"@type\":\"BreadcrumbList\",\"@id\":\"https:\/\/hudo.com\/si\/aktualno\/piranska-rdeca-hisa-bele-barve\/#breadcrumb\",\"itemListElement\":[{\"@type\":\"ListItem\",\"position\":1,\"name\":\"Home\",\"item\":\"https:\/\/hudo.com\/si\/\"},{\"@type\":\"ListItem\",\"position\":2,\"name\":\"Piranska rde\u010da hi\u0161a bele barve\"}]},{\"@type\":\"WebSite\",\"@id\":\"https:\/\/hudo.com\/si\/#website\",\"url\":\"https:\/\/hudo.com\/si\/\",\"name\":\"Hudo Slovenija\",\"description\":\"Vse novice iz Slovenije in sveta\",\"publisher\":{\"@id\":\"https:\/\/hudo.com\/si\/#organization\"},\"potentialAction\":[{\"@type\":\"SearchAction\",\"target\":{\"@type\":\"EntryPoint\",\"urlTemplate\":\"https:\/\/hudo.com\/si\/?s={search_term_string}\"},\"query-input\":\"required name=search_term_string\"}],\"inLanguage\":\"sl-SI\"},{\"@type\":\"Organization\",\"@id\":\"https:\/\/hudo.com\/si\/#organization\",\"name\":\"VSN Media\",\"url\":\"https:\/\/hudo.com\/si\/\",\"logo\":{\"@type\":\"ImageObject\",\"inLanguage\":\"sl-SI\",\"@id\":\"https:\/\/hudo.com\/si\/#\/schema\/logo\/image\/\",\"url\":\"https:\/\/hudo.com\/si\/wp-content\/uploads\/sites\/2\/2021\/03\/hudo-app-2.png\",\"contentUrl\":\"https:\/\/hudo.com\/si\/wp-content\/uploads\/sites\/2\/2021\/03\/hudo-app-2.png\",\"width\":2185,\"height\":2167,\"caption\":\"VSN Media\"},\"image\":{\"@id\":\"https:\/\/hudo.com\/si\/#\/schema\/logo\/image\/\"},\"sameAs\":[\"https:\/\/www.facebook.com\/hudo.si\",\"https:\/\/twitter.com\/hudo_si\"]},{\"@type\":\"Person\",\"@id\":\"https:\/\/hudo.com\/si\/#\/schema\/person\/601cf3379633985b20f7e50f2bb47707\",\"name\":\"hudo\",\"image\":{\"@type\":\"ImageObject\",\"inLanguage\":\"sl-SI\",\"@id\":\"https:\/\/hudo.com\/si\/#\/schema\/person\/image\/\",\"url\":\"https:\/\/secure.gravatar.com\/avatar\/c4ca25fa72cace7a696b52ff5db9e095?s=96&d=mm&r=g\",\"contentUrl\":\"https:\/\/secure.gravatar.com\/avatar\/c4ca25fa72cace7a696b52ff5db9e095?s=96&d=mm&r=g\",\"caption\":\"hudo\"},\"url\":\"https:\/\/hudo.com\/si\/author\/hudo\/\"}]}<\/script>\n<!-- \/ Yoast SEO plugin. -->","yoast_head_json":{"title":"Piranska rde\u010da hi\u0161a bele barve - Hudo Slovenija","robots":{"index":"index","follow":"follow","max-snippet":"max-snippet:-1","max-image-preview":"max-image-preview:large","max-video-preview":"max-video-preview:-1"},"canonical":"https:\/\/hudo.com\/si\/aktualno\/piranska-rdeca-hisa-bele-barve\/","og_locale":"sl_SI","og_type":"article","og_title":"Piranska rde\u010da hi\u0161a bele barve - Hudo Slovenija","og_description":"Kategorija: Slovenija Fri, 22 Apr 2016 10:00:00 +0200 Piran \u2013 \u00bbNa Tartinijevem trgu se zagleda\u0161 v najlep\u0161o stavbo, rde\u010do bene\u0161ko hi\u0161o Bene\u010danko ...\u00ab Tako pi\u0161e v prospektih, vodnikih in turisti\u010dnih letakih, ob katerih bodo imeli turisti od maja precej te\u017eav. Sredi prihodnjega meseca bo rde\u010da Bene\u010danka zasijala v beli barvi. Tako je odlo\u010dila konservatorska stroka. Mnogi ji dajo prav, drugi glasno oporekajo, \u010de\u0161 da bo lep Tartinijev trg izgubil svojo krajevno znamko. Za ureditev pro\u010delja najznamenitej\u0161e piranske hi\u0161e, za\u0161\u010ditenega spomenika z ohranjeno fasado bene\u0161ke gotike iz 14. stoletja, se je odlo\u010dila lastnica stavbe ob\u010dina Piran, ki je naro\u010dila konservatorjem z Zavoda za varstvo kulturne dedi\u0161\u010dine Mojci Marija, Ani Kova\u010d in Juretu Berniku izdelavo konservatorskega projekta. Restavratorski center iz Ljubljane je opravil analize pro\u010delja, Bernik pa je na robovih hi\u0161e na\u0161el potrditev tistega, kar so konservatorji \u017ee dolgo domnevali:\u00a0...","og_url":"https:\/\/hudo.com\/si\/aktualno\/piranska-rdeca-hisa-bele-barve\/","og_site_name":"Hudo Slovenija","article_publisher":"https:\/\/www.facebook.com\/hudo.si","article_published_time":"2016-04-22T06:00:00+00:00","og_image":[{"width":480,"height":290,"url":"https:\/\/hudo.com\/si\/wp-content\/uploads\/sites\/2\/2016\/04\/480x290_djvu_1320816_primozz_lvu-piran.jpeg","type":"image\/jpeg"}],"author":"hudo","twitter_card":"summary_large_image","twitter_creator":"@hudo_si","twitter_site":"@hudo_si","twitter_misc":{"Written by":"hudo","Est. reading time":"1 minuta"},"schema":{"@context":"https:\/\/schema.org","@graph":[{"@type":"Article","@id":"https:\/\/hudo.com\/si\/aktualno\/piranska-rdeca-hisa-bele-barve\/#article","isPartOf":{"@id":"https:\/\/hudo.com\/si\/aktualno\/piranska-rdeca-hisa-bele-barve\/"},"author":{"name":"hudo","@id":"https:\/\/hudo.com\/si\/#\/schema\/person\/601cf3379633985b20f7e50f2bb47707"},"headline":"Piranska rde\u010da hi\u0161a bele barve","datePublished":"2016-04-22T06:00:00+00:00","dateModified":"2016-04-22T06:00:00+00:00","mainEntityOfPage":{"@id":"https:\/\/hudo.com\/si\/aktualno\/piranska-rdeca-hisa-bele-barve\/"},"wordCount":161,"publisher":{"@id":"https:\/\/hudo.com\/si\/#organization"},"articleSection":["Aktualno"],"inLanguage":"sl-SI"},{"@type":"WebPage","@id":"https:\/\/hudo.com\/si\/aktualno\/piranska-rdeca-hisa-bele-barve\/","url":"https:\/\/hudo.com\/si\/aktualno\/piranska-rdeca-hisa-bele-barve\/","name":"Piranska rde\u010da hi\u0161a bele barve - Hudo Slovenija","isPartOf":{"@id":"https:\/\/hudo.com\/si\/#website"},"datePublished":"2016-04-22T06:00:00+00:00","dateModified":"2016-04-22T06:00:00+00:00","breadcrumb":{"@id":"https:\/\/hudo.com\/si\/aktualno\/piranska-rdeca-hisa-bele-barve\/#breadcrumb"},"inLanguage":"sl-SI","potentialAction":[{"@type":"ReadAction","target":["https:\/\/hudo.com\/si\/aktualno\/piranska-rdeca-hisa-bele-barve\/"]}]},{"@type":"BreadcrumbList","@id":"https:\/\/hudo.com\/si\/aktualno\/piranska-rdeca-hisa-bele-barve\/#breadcrumb","itemListElement":[{"@type":"ListItem","position":1,"name":"Home","item":"https:\/\/hudo.com\/si\/"},{"@type":"ListItem","position":2,"name":"Piranska rde\u010da hi\u0161a bele barve"}]},{"@type":"WebSite","@id":"https:\/\/hudo.com\/si\/#website","url":"https:\/\/hudo.com\/si\/","name":"Hudo Slovenija","description":"Vse novice iz Slovenije in sveta","publisher":{"@id":"https:\/\/hudo.com\/si\/#organization"},"potentialAction":[{"@type":"SearchAction","target":{"@type":"EntryPoint","urlTemplate":"https:\/\/hudo.com\/si\/?s={search_term_string}"},"query-input":"required name=search_term_string"}],"inLanguage":"sl-SI"},{"@type":"Organization","@id":"https:\/\/hudo.com\/si\/#organization","name":"VSN Media","url":"https:\/\/hudo.com\/si\/","logo":{"@type":"ImageObject","inLanguage":"sl-SI","@id":"https:\/\/hudo.com\/si\/#\/schema\/logo\/image\/","url":"https:\/\/hudo.com\/si\/wp-content\/uploads\/sites\/2\/2021\/03\/hudo-app-2.png","contentUrl":"https:\/\/hudo.com\/si\/wp-content\/uploads\/sites\/2\/2021\/03\/hudo-app-2.png","width":2185,"height":2167,"caption":"VSN Media"},"image":{"@id":"https:\/\/hudo.com\/si\/#\/schema\/logo\/image\/"},"sameAs":["https:\/\/www.facebook.com\/hudo.si","https:\/\/twitter.com\/hudo_si"]},{"@type":"Person","@id":"https:\/\/hudo.com\/si\/#\/schema\/person\/601cf3379633985b20f7e50f2bb47707","name":"hudo","image":{"@type":"ImageObject","inLanguage":"sl-SI","@id":"https:\/\/hudo.com\/si\/#\/schema\/person\/image\/","url":"https:\/\/secure.gravatar.com\/avatar\/c4ca25fa72cace7a696b52ff5db9e095?s=96&d=mm&r=g","contentUrl":"https:\/\/secure.gravatar.com\/avatar\/c4ca25fa72cace7a696b52ff5db9e095?s=96&d=mm&r=g","caption":"hudo"},"url":"https:\/\/hudo.com\/si\/author\/hudo\/"}]}},"amp_enabled":true,"_links":{"self":[{"href":"https:\/\/hudo.com\/si\/wp-json\/wp\/v2\/posts\/36756"}],"collection":[{"href":"https:\/\/hudo.com\/si\/wp-json\/wp\/v2\/posts"}],"about":[{"href":"https:\/\/hudo.com\/si\/wp-json\/wp\/v2\/types\/post"}],"author":[{"embeddable":true,"href":"https:\/\/hudo.com\/si\/wp-json\/wp\/v2\/users\/1"}],"replies":[{"embeddable":true,"href":"https:\/\/hudo.com\/si\/wp-json\/wp\/v2\/comments?post=36756"}],"version-history":[{"count":0,"href":"https:\/\/hudo.com\/si\/wp-json\/wp\/v2\/posts\/36756\/revisions"}],"wp:attachment":[{"href":"https:\/\/hudo.com\/si\/wp-json\/wp\/v2\/media?parent=36756"}],"wp:term":[{"taxonomy":"category","embeddable":true,"href":"https:\/\/hudo.com\/si\/wp-json\/wp\/v2\/categories?post=36756"},{"taxonomy":"post_tag","embeddable":true,"href":"https:\/\/hudo.com\/si\/wp-json\/wp\/v2\/tags?post=36756"},{"taxonomy":"source","embeddable":true,"href":"https:\/\/hudo.com\/si\/wp-json\/wp\/v2\/source?post=36756"},{"taxonomy":"supertag","embeddable":true,"href":"https:\/\/hudo.com\/si\/wp-json\/wp\/v2\/supertag?post=36756"}],"curies":[{"name":"wp","href":"https:\/\/api.w.org\/{rel}","templated":true}]}}