{"id":367914,"date":"2018-04-01T11:41:46","date_gmt":"2018-04-01T09:41:46","guid":{"rendered":"http:\/\/hudo.com\/si\/?p=367914"},"modified":"2018-04-01T11:41:46","modified_gmt":"2018-04-01T09:41:46","slug":"v-kranju-letos-prenova-dveh-pomembnih-mostov-krozisca","status":"publish","type":"post","link":"https:\/\/hudo.com\/si\/aktualno\/v-kranju-letos-prenova-dveh-pomembnih-mostov-krozisca\/","title":{"rendered":"V Kranju letos prenova dveh pomembnih mostov in kro\u017ei\u0161\u010da"},"content":{"rendered":"<p>Pogodba z izvajalcem del za okoli milijon evrov vredno obnovo mostu \u010dez Savski otok je bila podpisana \u017ee lansko jesen, a se je zapletalo pri sklenitvi slu\u017enostnih pogodb. Prav februarska nesre\u010da tovornjaka, ki pa ni bila prva v zadnjih letih, je morda prispevala k hitrej\u0161i re\u0161itvi, kar se ti\u010de zemlji\u0161\u010d.<\/p>\n<p>Kot pojasnjuje kranjski \u017eupan Bo\u0161tjan Trilar, se je za most \u010dez Savski otok sedaj \u017ee za\u010dela uvedba izvajalca v delo. Naslednji teden pa se bo Trilar sestal s predstavniki ministrstva za infrastrukturo in Direkcije RS za infrastrukturo, na katerem bodo detajlno razdelali terminski na\u010drt.<\/p>\n<p>&#8220;Del se lotimo takoj, ko se uredi vreme, kot smo napovedali \u017ee pozimi,&#8221; je ta teden ob robu raz\u0161irjene seje upravnega odbora obmo\u010dne gospodarske zbornice za Gorenjsko v Kranju povedal Toma\u017e Willenpart z Direkcije RS za infrastrukturo in dodal, da lahko v roku enega meseca pri\u010dakujemo zaporo mostu.<\/p>\n<p>Dela, katerih cilj je vzpostaviti most v stanje, kakr\u0161no je bilo ob novogradnji, naj bi trajala eno leto, v primeru ugodnih vremenskih razmer pa bi bila morda lahko kon\u010dana \u017ee letos. Od poteka del na mostu bo odvisen tudi za\u010detek rekonstrukcije Delavskega mostu, ki je v \u010dasu zapore mostu \u010dez Savski most predviden kot eden izmed obvozov.<\/p>\n<p>Delavskega mostu, za katerega je bil objavljen razpis za izvajalca del, v \u010dasu rekonstrukcije sicer ne bo treba popolnoma zapreti, saj je dovolj \u0161irok in bo promet vsaj v ve\u010dini \u010dasa lahko potekal izmeni\u010dno po eni strani cesti. &#8220;Preu\u010dili bomo mo\u017enost hkratnih del na obeh mostovih, jasno pa je, da v glavni sezoni oba mostova ne moreta biti zaprta,&#8221; je izpostavil Willenpart, ki ra\u010duna, da bi dela na mostu lahko morda stekla jeseni.<\/p>\n<p>Jeseni naj bi bilo rekonstruirano in raz\u0161irjeno tudi obstoje\u010de kro\u017ei\u0161\u010de na Primskovem, kjer se sedaj pojavljajo najve\u010dji prometni zastoji. V teku je pridobivanje zemlji\u0161\u010d, \u0161e pred poletjem pa naj bi bil objavljen razpis za izvajalca del. Kro\u017ei\u0161\u010de bo nato \u017ee prilagojeno prihodnji \u0161tiripasovnici med \u0160en\u010durjem in Kranjem, za katero je v izdelavi projektna dokumentacija, gradnjo pa bi lahko za\u010deli leta 2020.<\/p>\n<p>Samo raz\u0161irjeno kro\u017ei\u0161\u010de \u0161e ne bo moglo odpraviti zastojev, se bo pa stanje glede preto\u010dnosti vsekakor izbolj\u0161alo, meni Willenpart. Kranj\u010dane pa poleg prometnih zama\u0161kov v zadnjem obdobju moti tudi pove\u010dan hrup, ki ga povzro\u010dajo letala z bli\u017enjega Letali\u0161\u010da Jo\u017eeta Pu\u010dnika Ljubljana.<\/p>\n<p>Kot je pojasnil \u017eupan, je glede tega problema \u017ee govoril s predstavniki direktorata za letalstvo, kjer so mu povedali, da se je hrup pove\u010dal zaradi odobritve \u017eelji Adrie Airways, da se zaradi prihranka stro\u0161kov goriva spremeni vzletno pot. Ko je pot enkrat vzpostavljena, pa jo lahko uporabljajo tudi drugi prevozniki.<\/p>\n<p>&#8220;Mi redno apeliramo na Adrio Airways in dr\u017eavo naj spremeni vzletno pot, v tak\u0161no, kot je bila prej,&#8221; je izpostavil \u017eupan. Na hrup z letali\u0161\u010da pa sicer \u017ee dolgo opozarjajo tudi v sosednji, \u0161en\u010durski ob\u010dini.<\/p>\n","protected":false},"excerpt":{"rendered":"<p>Na kranjskih cestah se letos obeta ve\u010d gradbi\u0161\u010d. V kratkem se bo za\u010dela obnova mostu \u010dez Savski otok, s katerega je februarja zgrmel tovornjak. Ob popolni zapori v \u010dasu gradnje bo eden izmed obvozov Delavski most, ki pa ga prav tako \u010daka obnova. \u0160e letos naj bi bilo rekonstruirano tudi kro\u017ei\u0161\u010de na Primskovem.<\/p>\n","protected":false},"author":7,"featured_media":367915,"comment_status":"closed","ping_status":"closed","sticky":false,"template":"","format":"standard","meta":{"footnotes":""},"categories":[1179],"tags":[5622,6665,1595],"source":[4511],"supertag":[],"acf":[],"yoast_head":"<!-- This site is optimized with the Yoast SEO plugin v21.3 - https:\/\/yoast.com\/wordpress\/plugins\/seo\/ -->\n<title>V Kranju letos prenova dveh pomembnih mostov in kro\u017ei\u0161\u010da - Hudo Slovenija<\/title>\n<meta name=\"robots\" content=\"index, follow, max-snippet:-1, max-image-preview:large, max-video-preview:-1\" \/>\n<link rel=\"canonical\" href=\"https:\/\/hudo.com\/si\/aktualno\/v-kranju-letos-prenova-dveh-pomembnih-mostov-krozisca\/\" \/>\n<meta property=\"og:locale\" content=\"sl_SI\" \/>\n<meta property=\"og:type\" content=\"article\" \/>\n<meta property=\"og:title\" content=\"V Kranju letos prenova dveh pomembnih mostov in kro\u017ei\u0161\u010da - Hudo Slovenija\" \/>\n<meta property=\"og:description\" content=\"Na kranjskih cestah se letos obeta ve\u010d gradbi\u0161\u010d. V kratkem se bo za\u010dela obnova mostu \u010dez Savski otok, s katerega je februarja zgrmel tovornjak. Ob popolni zapori v \u010dasu gradnje bo eden izmed obvozov Delavski most, ki pa ga prav tako \u010daka obnova. \u0160e letos naj bi bilo rekonstruirano tudi kro\u017ei\u0161\u010de na Primskovem.\" \/>\n<meta property=\"og:url\" content=\"https:\/\/hudo.com\/si\/aktualno\/v-kranju-letos-prenova-dveh-pomembnih-mostov-krozisca\/\" \/>\n<meta property=\"og:site_name\" content=\"Hudo Slovenija\" \/>\n<meta property=\"article:publisher\" content=\"https:\/\/www.facebook.com\/hudo.si\" \/>\n<meta property=\"article:published_time\" content=\"2018-04-01T09:41:46+00:00\" \/>\n<meta property=\"og:image\" content=\"https:\/\/hudo.com\/si\/wp-content\/uploads\/sites\/2\/2018\/04\/20180201-00834775.jpg\" \/>\n\t<meta property=\"og:image:width\" content=\"640\" \/>\n\t<meta property=\"og:image:height\" content=\"480\" \/>\n\t<meta property=\"og:image:type\" content=\"image\/jpeg\" \/>\n<meta name=\"author\" content=\"A. P., STA\" \/>\n<meta name=\"twitter:card\" content=\"summary_large_image\" \/>\n<meta name=\"twitter:creator\" content=\"@hudo_si\" \/>\n<meta name=\"twitter:site\" content=\"@hudo_si\" \/>\n<meta name=\"twitter:label1\" content=\"Written by\" \/>\n\t<meta name=\"twitter:data1\" content=\"A. P., STA\" \/>\n\t<meta name=\"twitter:label2\" content=\"Est. reading time\" \/>\n\t<meta name=\"twitter:data2\" content=\"3 minute\" \/>\n<script type=\"application\/ld+json\" class=\"yoast-schema-graph\">{\"@context\":\"https:\/\/schema.org\",\"@graph\":[{\"@type\":\"Article\",\"@id\":\"https:\/\/hudo.com\/si\/aktualno\/v-kranju-letos-prenova-dveh-pomembnih-mostov-krozisca\/#article\",\"isPartOf\":{\"@id\":\"https:\/\/hudo.com\/si\/aktualno\/v-kranju-letos-prenova-dveh-pomembnih-mostov-krozisca\/\"},\"author\":{\"name\":\"A. P., STA\",\"@id\":\"https:\/\/hudo.com\/si\/#\/schema\/person\/18f09c02475ba9e606e941a565b80cff\"},\"headline\":\"V Kranju letos prenova dveh pomembnih mostov in kro\u017ei\u0161\u010da\",\"datePublished\":\"2018-04-01T09:41:46+00:00\",\"dateModified\":\"2018-04-01T09:41:46+00:00\",\"mainEntityOfPage\":{\"@id\":\"https:\/\/hudo.com\/si\/aktualno\/v-kranju-letos-prenova-dveh-pomembnih-mostov-krozisca\/\"},\"wordCount\":517,\"publisher\":{\"@id\":\"https:\/\/hudo.com\/si\/#organization\"},\"keywords\":[\"infrastruktura\",\"Kranj\",\"Slovenija\"],\"articleSection\":[\"Aktualno\"],\"inLanguage\":\"sl-SI\"},{\"@type\":\"WebPage\",\"@id\":\"https:\/\/hudo.com\/si\/aktualno\/v-kranju-letos-prenova-dveh-pomembnih-mostov-krozisca\/\",\"url\":\"https:\/\/hudo.com\/si\/aktualno\/v-kranju-letos-prenova-dveh-pomembnih-mostov-krozisca\/\",\"name\":\"V Kranju letos prenova dveh pomembnih mostov in kro\u017ei\u0161\u010da - Hudo Slovenija\",\"isPartOf\":{\"@id\":\"https:\/\/hudo.com\/si\/#website\"},\"datePublished\":\"2018-04-01T09:41:46+00:00\",\"dateModified\":\"2018-04-01T09:41:46+00:00\",\"breadcrumb\":{\"@id\":\"https:\/\/hudo.com\/si\/aktualno\/v-kranju-letos-prenova-dveh-pomembnih-mostov-krozisca\/#breadcrumb\"},\"inLanguage\":\"sl-SI\",\"potentialAction\":[{\"@type\":\"ReadAction\",\"target\":[\"https:\/\/hudo.com\/si\/aktualno\/v-kranju-letos-prenova-dveh-pomembnih-mostov-krozisca\/\"]}]},{\"@type\":\"BreadcrumbList\",\"@id\":\"https:\/\/hudo.com\/si\/aktualno\/v-kranju-letos-prenova-dveh-pomembnih-mostov-krozisca\/#breadcrumb\",\"itemListElement\":[{\"@type\":\"ListItem\",\"position\":1,\"name\":\"Home\",\"item\":\"https:\/\/hudo.com\/si\/\"},{\"@type\":\"ListItem\",\"position\":2,\"name\":\"V Kranju letos prenova dveh pomembnih mostov in kro\u017ei\u0161\u010da\"}]},{\"@type\":\"WebSite\",\"@id\":\"https:\/\/hudo.com\/si\/#website\",\"url\":\"https:\/\/hudo.com\/si\/\",\"name\":\"Hudo Slovenija\",\"description\":\"Vse novice iz Slovenije in sveta\",\"publisher\":{\"@id\":\"https:\/\/hudo.com\/si\/#organization\"},\"potentialAction\":[{\"@type\":\"SearchAction\",\"target\":{\"@type\":\"EntryPoint\",\"urlTemplate\":\"https:\/\/hudo.com\/si\/?s={search_term_string}\"},\"query-input\":\"required name=search_term_string\"}],\"inLanguage\":\"sl-SI\"},{\"@type\":\"Organization\",\"@id\":\"https:\/\/hudo.com\/si\/#organization\",\"name\":\"VSN Media\",\"url\":\"https:\/\/hudo.com\/si\/\",\"logo\":{\"@type\":\"ImageObject\",\"inLanguage\":\"sl-SI\",\"@id\":\"https:\/\/hudo.com\/si\/#\/schema\/logo\/image\/\",\"url\":\"https:\/\/hudo.com\/si\/wp-content\/uploads\/sites\/2\/2021\/03\/hudo-app-2.png\",\"contentUrl\":\"https:\/\/hudo.com\/si\/wp-content\/uploads\/sites\/2\/2021\/03\/hudo-app-2.png\",\"width\":2185,\"height\":2167,\"caption\":\"VSN Media\"},\"image\":{\"@id\":\"https:\/\/hudo.com\/si\/#\/schema\/logo\/image\/\"},\"sameAs\":[\"https:\/\/www.facebook.com\/hudo.si\",\"https:\/\/twitter.com\/hudo_si\"]},{\"@type\":\"Person\",\"@id\":\"https:\/\/hudo.com\/si\/#\/schema\/person\/18f09c02475ba9e606e941a565b80cff\",\"name\":\"A. P., STA\",\"image\":{\"@type\":\"ImageObject\",\"inLanguage\":\"sl-SI\",\"@id\":\"https:\/\/hudo.com\/si\/#\/schema\/person\/image\/\",\"url\":\"https:\/\/secure.gravatar.com\/avatar\/03eac8e609f5f04383125d80eaeaaf3e?s=96&d=mm&r=g\",\"contentUrl\":\"https:\/\/secure.gravatar.com\/avatar\/03eac8e609f5f04383125d80eaeaaf3e?s=96&d=mm&r=g\",\"caption\":\"A. P., STA\"},\"url\":\"https:\/\/hudo.com\/si\/author\/lubu\/\"}]}<\/script>\n<!-- \/ Yoast SEO plugin. -->","yoast_head_json":{"title":"V Kranju letos prenova dveh pomembnih mostov in kro\u017ei\u0161\u010da - Hudo Slovenija","robots":{"index":"index","follow":"follow","max-snippet":"max-snippet:-1","max-image-preview":"max-image-preview:large","max-video-preview":"max-video-preview:-1"},"canonical":"https:\/\/hudo.com\/si\/aktualno\/v-kranju-letos-prenova-dveh-pomembnih-mostov-krozisca\/","og_locale":"sl_SI","og_type":"article","og_title":"V Kranju letos prenova dveh pomembnih mostov in kro\u017ei\u0161\u010da - Hudo Slovenija","og_description":"Na kranjskih cestah se letos obeta ve\u010d gradbi\u0161\u010d. V kratkem se bo za\u010dela obnova mostu \u010dez Savski otok, s katerega je februarja zgrmel tovornjak. Ob popolni zapori v \u010dasu gradnje bo eden izmed obvozov Delavski most, ki pa ga prav tako \u010daka obnova. \u0160e letos naj bi bilo rekonstruirano tudi kro\u017ei\u0161\u010de na Primskovem.","og_url":"https:\/\/hudo.com\/si\/aktualno\/v-kranju-letos-prenova-dveh-pomembnih-mostov-krozisca\/","og_site_name":"Hudo Slovenija","article_publisher":"https:\/\/www.facebook.com\/hudo.si","article_published_time":"2018-04-01T09:41:46+00:00","og_image":[{"width":640,"height":480,"url":"https:\/\/hudo.com\/si\/wp-content\/uploads\/sites\/2\/2018\/04\/20180201-00834775.jpg","type":"image\/jpeg"}],"author":"A. P., STA","twitter_card":"summary_large_image","twitter_creator":"@hudo_si","twitter_site":"@hudo_si","twitter_misc":{"Written by":"A. P., STA","Est. reading time":"3 minute"},"schema":{"@context":"https:\/\/schema.org","@graph":[{"@type":"Article","@id":"https:\/\/hudo.com\/si\/aktualno\/v-kranju-letos-prenova-dveh-pomembnih-mostov-krozisca\/#article","isPartOf":{"@id":"https:\/\/hudo.com\/si\/aktualno\/v-kranju-letos-prenova-dveh-pomembnih-mostov-krozisca\/"},"author":{"name":"A. P., STA","@id":"https:\/\/hudo.com\/si\/#\/schema\/person\/18f09c02475ba9e606e941a565b80cff"},"headline":"V Kranju letos prenova dveh pomembnih mostov in kro\u017ei\u0161\u010da","datePublished":"2018-04-01T09:41:46+00:00","dateModified":"2018-04-01T09:41:46+00:00","mainEntityOfPage":{"@id":"https:\/\/hudo.com\/si\/aktualno\/v-kranju-letos-prenova-dveh-pomembnih-mostov-krozisca\/"},"wordCount":517,"publisher":{"@id":"https:\/\/hudo.com\/si\/#organization"},"keywords":["infrastruktura","Kranj","Slovenija"],"articleSection":["Aktualno"],"inLanguage":"sl-SI"},{"@type":"WebPage","@id":"https:\/\/hudo.com\/si\/aktualno\/v-kranju-letos-prenova-dveh-pomembnih-mostov-krozisca\/","url":"https:\/\/hudo.com\/si\/aktualno\/v-kranju-letos-prenova-dveh-pomembnih-mostov-krozisca\/","name":"V Kranju letos prenova dveh pomembnih mostov in kro\u017ei\u0161\u010da - Hudo Slovenija","isPartOf":{"@id":"https:\/\/hudo.com\/si\/#website"},"datePublished":"2018-04-01T09:41:46+00:00","dateModified":"2018-04-01T09:41:46+00:00","breadcrumb":{"@id":"https:\/\/hudo.com\/si\/aktualno\/v-kranju-letos-prenova-dveh-pomembnih-mostov-krozisca\/#breadcrumb"},"inLanguage":"sl-SI","potentialAction":[{"@type":"ReadAction","target":["https:\/\/hudo.com\/si\/aktualno\/v-kranju-letos-prenova-dveh-pomembnih-mostov-krozisca\/"]}]},{"@type":"BreadcrumbList","@id":"https:\/\/hudo.com\/si\/aktualno\/v-kranju-letos-prenova-dveh-pomembnih-mostov-krozisca\/#breadcrumb","itemListElement":[{"@type":"ListItem","position":1,"name":"Home","item":"https:\/\/hudo.com\/si\/"},{"@type":"ListItem","position":2,"name":"V Kranju letos prenova dveh pomembnih mostov in kro\u017ei\u0161\u010da"}]},{"@type":"WebSite","@id":"https:\/\/hudo.com\/si\/#website","url":"https:\/\/hudo.com\/si\/","name":"Hudo Slovenija","description":"Vse novice iz Slovenije in sveta","publisher":{"@id":"https:\/\/hudo.com\/si\/#organization"},"potentialAction":[{"@type":"SearchAction","target":{"@type":"EntryPoint","urlTemplate":"https:\/\/hudo.com\/si\/?s={search_term_string}"},"query-input":"required name=search_term_string"}],"inLanguage":"sl-SI"},{"@type":"Organization","@id":"https:\/\/hudo.com\/si\/#organization","name":"VSN Media","url":"https:\/\/hudo.com\/si\/","logo":{"@type":"ImageObject","inLanguage":"sl-SI","@id":"https:\/\/hudo.com\/si\/#\/schema\/logo\/image\/","url":"https:\/\/hudo.com\/si\/wp-content\/uploads\/sites\/2\/2021\/03\/hudo-app-2.png","contentUrl":"https:\/\/hudo.com\/si\/wp-content\/uploads\/sites\/2\/2021\/03\/hudo-app-2.png","width":2185,"height":2167,"caption":"VSN Media"},"image":{"@id":"https:\/\/hudo.com\/si\/#\/schema\/logo\/image\/"},"sameAs":["https:\/\/www.facebook.com\/hudo.si","https:\/\/twitter.com\/hudo_si"]},{"@type":"Person","@id":"https:\/\/hudo.com\/si\/#\/schema\/person\/18f09c02475ba9e606e941a565b80cff","name":"A. P., STA","image":{"@type":"ImageObject","inLanguage":"sl-SI","@id":"https:\/\/hudo.com\/si\/#\/schema\/person\/image\/","url":"https:\/\/secure.gravatar.com\/avatar\/03eac8e609f5f04383125d80eaeaaf3e?s=96&d=mm&r=g","contentUrl":"https:\/\/secure.gravatar.com\/avatar\/03eac8e609f5f04383125d80eaeaaf3e?s=96&d=mm&r=g","caption":"A. P., STA"},"url":"https:\/\/hudo.com\/si\/author\/lubu\/"}]}},"amp_enabled":true,"_links":{"self":[{"href":"https:\/\/hudo.com\/si\/wp-json\/wp\/v2\/posts\/367914"}],"collection":[{"href":"https:\/\/hudo.com\/si\/wp-json\/wp\/v2\/posts"}],"about":[{"href":"https:\/\/hudo.com\/si\/wp-json\/wp\/v2\/types\/post"}],"author":[{"embeddable":true,"href":"https:\/\/hudo.com\/si\/wp-json\/wp\/v2\/users\/7"}],"replies":[{"embeddable":true,"href":"https:\/\/hudo.com\/si\/wp-json\/wp\/v2\/comments?post=367914"}],"version-history":[{"count":1,"href":"https:\/\/hudo.com\/si\/wp-json\/wp\/v2\/posts\/367914\/revisions"}],"predecessor-version":[{"id":367916,"href":"https:\/\/hudo.com\/si\/wp-json\/wp\/v2\/posts\/367914\/revisions\/367916"}],"wp:featuredmedia":[{"embeddable":true,"href":"https:\/\/hudo.com\/si\/wp-json\/wp\/v2\/media\/367915"}],"wp:attachment":[{"href":"https:\/\/hudo.com\/si\/wp-json\/wp\/v2\/media?parent=367914"}],"wp:term":[{"taxonomy":"category","embeddable":true,"href":"https:\/\/hudo.com\/si\/wp-json\/wp\/v2\/categories?post=367914"},{"taxonomy":"post_tag","embeddable":true,"href":"https:\/\/hudo.com\/si\/wp-json\/wp\/v2\/tags?post=367914"},{"taxonomy":"source","embeddable":true,"href":"https:\/\/hudo.com\/si\/wp-json\/wp\/v2\/source?post=367914"},{"taxonomy":"supertag","embeddable":true,"href":"https:\/\/hudo.com\/si\/wp-json\/wp\/v2\/supertag?post=367914"}],"curies":[{"name":"wp","href":"https:\/\/api.w.org\/{rel}","templated":true}]}}