{"id":368081,"date":"2018-04-04T15:10:22","date_gmt":"2018-04-04T13:10:22","guid":{"rendered":"http:\/\/hudo.com\/si\/?p=368081"},"modified":"2018-04-04T15:10:22","modified_gmt":"2018-04-04T13:10:22","slug":"v-srbiji-obsodili-sedem-islamistov-ki-posiljali-borce-denar-islamski-drzavi","status":"publish","type":"post","link":"https:\/\/hudo.com\/si\/aktualno\/v-srbiji-obsodili-sedem-islamistov-ki-posiljali-borce-denar-islamski-drzavi\/","title":{"rendered":"V Srbiji obsodili sedem islamistov, ki so po\u0161iljali borce in denar Islamski dr\u017eavi"},"content":{"rendered":"<div class=\"text\">\n<p>Vseh sedem obdol\u017eencev je muslimanov. Obsojeni so bili na podlagi zakona, ki prepoveduje sodelovanje srbskih dr\u017eavljanov v oboro\u017eenih spopadih v tujini. Gre sicer za sodbo na prvi stopnji, na katero se lahko obdol\u017eenci \u0161e prito\u017eijo, poro\u010da srbska tiskovna agencija Tanjug.<\/p>\n<p>Trije obdol\u017eenci so bili obsojeni v odsotnosti. Eden od njih &#8211; domnevno vodja skupine &#8211; naj bi bil \u017ee ubit v Siriji, vendar to ni potrjeno.<\/p>\n<p>Sodi\u0161\u010de je trem prisodilo enajst let zapora, eden je dobil deset let, dva sta bila obsojena na devet let in pol zapora, \u0161e en pa na sedem let in pol zaporne kazni.<\/p>\n<p>Sedmerica obdol\u017eenih naj bi skupinama IS in Fronti al Nusra leta 2013 zagotovila najmanj 24 borcev iz Srbije in obmo\u010dja Jugovzhodne Evrope. Sodelovali naj bi tudi pri urjenju borcev in zbirali denarna sredstva za ti teroristi\u010dni organizaciji. Uredili naj bi tudi potovanje borcem na boji\u0161\u010da.<\/p>\n<p>Na podlagi omenjenega zakona je bilo sicer na zaporne kazni obsojenih tudi ve\u010d Srbov, ki so se pridru\u017eili bojem v Ukrajini.<\/p>\n<\/div>\n","protected":false},"excerpt":{"rendered":"<p>Posebno srbsko sodi\u0161\u010de za organizirani kriminal, vojne zlo\u010dine in teroristi\u010dna dejanja je danes izreklo obsodilne sodbe sedmerici, ker je zbirala denar za d\u017eihadisti\u010dni skupini Islamska dr\u017eava (IS) in Fronta al Nusra ter jima po\u0161iljala borce za spopade v Siriji. Obsojeni so bili na zaporne kazni od sedem in pol do enajst let.<\/p>\n","protected":false},"author":5,"featured_media":329411,"comment_status":"closed","ping_status":"closed","sticky":false,"template":"","format":"standard","meta":{"footnotes":""},"categories":[1179],"tags":[4500,4770,2442,2346],"source":[4511],"supertag":[7150],"acf":[],"yoast_head":"<!-- This site is optimized with the Yoast SEO plugin v21.3 - https:\/\/yoast.com\/wordpress\/plugins\/seo\/ -->\n<title>V Srbiji obsodili sedem islamistov, ki so po\u0161iljali borce in denar Islamski dr\u017eavi - Hudo Slovenija<\/title>\n<meta name=\"robots\" content=\"index, follow, max-snippet:-1, max-image-preview:large, max-video-preview:-1\" \/>\n<link rel=\"canonical\" href=\"https:\/\/hudo.com\/si\/aktualno\/v-srbiji-obsodili-sedem-islamistov-ki-posiljali-borce-denar-islamski-drzavi\/\" \/>\n<meta property=\"og:locale\" content=\"sl_SI\" \/>\n<meta property=\"og:type\" content=\"article\" \/>\n<meta property=\"og:title\" content=\"V Srbiji obsodili sedem islamistov, ki so po\u0161iljali borce in denar Islamski dr\u017eavi - Hudo Slovenija\" \/>\n<meta property=\"og:description\" content=\"Posebno srbsko sodi\u0161\u010de za organizirani kriminal, vojne zlo\u010dine in teroristi\u010dna dejanja je danes izreklo obsodilne sodbe sedmerici, ker je zbirala denar za d\u017eihadisti\u010dni skupini Islamska dr\u017eava (IS) in Fronta al Nusra ter jima po\u0161iljala borce za spopade v Siriji. Obsojeni so bili na zaporne kazni od sedem in pol do enajst let.\" \/>\n<meta property=\"og:url\" content=\"https:\/\/hudo.com\/si\/aktualno\/v-srbiji-obsodili-sedem-islamistov-ki-posiljali-borce-denar-islamski-drzavi\/\" \/>\n<meta property=\"og:site_name\" content=\"Hudo Slovenija\" \/>\n<meta property=\"article:publisher\" content=\"https:\/\/www.facebook.com\/hudo.si\" \/>\n<meta property=\"article:published_time\" content=\"2018-04-04T13:10:22+00:00\" \/>\n<meta property=\"og:image\" content=\"https:\/\/hudo.com\/si\/wp-content\/uploads\/sites\/2\/2017\/12\/profimedia-0329243075.jpg\" \/>\n\t<meta property=\"og:image:width\" content=\"1250\" \/>\n\t<meta property=\"og:image:height\" content=\"833\" \/>\n\t<meta property=\"og:image:type\" content=\"image\/jpeg\" \/>\n<meta name=\"author\" content=\"A. G., STA\" \/>\n<meta name=\"twitter:card\" content=\"summary_large_image\" \/>\n<meta name=\"twitter:creator\" content=\"@hudo_si\" \/>\n<meta name=\"twitter:site\" content=\"@hudo_si\" \/>\n<meta name=\"twitter:label1\" content=\"Written by\" \/>\n\t<meta name=\"twitter:data1\" content=\"A. G., STA\" \/>\n\t<meta name=\"twitter:label2\" content=\"Est. reading time\" \/>\n\t<meta name=\"twitter:data2\" content=\"1 minuta\" \/>\n<script type=\"application\/ld+json\" class=\"yoast-schema-graph\">{\"@context\":\"https:\/\/schema.org\",\"@graph\":[{\"@type\":\"Article\",\"@id\":\"https:\/\/hudo.com\/si\/aktualno\/v-srbiji-obsodili-sedem-islamistov-ki-posiljali-borce-denar-islamski-drzavi\/#article\",\"isPartOf\":{\"@id\":\"https:\/\/hudo.com\/si\/aktualno\/v-srbiji-obsodili-sedem-islamistov-ki-posiljali-borce-denar-islamski-drzavi\/\"},\"author\":{\"name\":\"A. G., STA\",\"@id\":\"https:\/\/hudo.com\/si\/#\/schema\/person\/2391667a63ea075ba94f2f2dc6b77537\"},\"headline\":\"V Srbiji obsodili sedem islamistov, ki so po\u0161iljali borce in denar Islamski dr\u017eavi\",\"datePublished\":\"2018-04-04T13:10:22+00:00\",\"dateModified\":\"2018-04-04T13:10:22+00:00\",\"mainEntityOfPage\":{\"@id\":\"https:\/\/hudo.com\/si\/aktualno\/v-srbiji-obsodili-sedem-islamistov-ki-posiljali-borce-denar-islamski-drzavi\/\"},\"wordCount\":190,\"publisher\":{\"@id\":\"https:\/\/hudo.com\/si\/#organization\"},\"keywords\":[\"Islamska dr\u017eava\",\"sodi\u0161\u010de\",\"Srbija\",\"terorizem\"],\"articleSection\":[\"Aktualno\"],\"inLanguage\":\"sl-SI\"},{\"@type\":\"WebPage\",\"@id\":\"https:\/\/hudo.com\/si\/aktualno\/v-srbiji-obsodili-sedem-islamistov-ki-posiljali-borce-denar-islamski-drzavi\/\",\"url\":\"https:\/\/hudo.com\/si\/aktualno\/v-srbiji-obsodili-sedem-islamistov-ki-posiljali-borce-denar-islamski-drzavi\/\",\"name\":\"V Srbiji obsodili sedem islamistov, ki so po\u0161iljali borce in denar Islamski dr\u017eavi - Hudo Slovenija\",\"isPartOf\":{\"@id\":\"https:\/\/hudo.com\/si\/#website\"},\"datePublished\":\"2018-04-04T13:10:22+00:00\",\"dateModified\":\"2018-04-04T13:10:22+00:00\",\"breadcrumb\":{\"@id\":\"https:\/\/hudo.com\/si\/aktualno\/v-srbiji-obsodili-sedem-islamistov-ki-posiljali-borce-denar-islamski-drzavi\/#breadcrumb\"},\"inLanguage\":\"sl-SI\",\"potentialAction\":[{\"@type\":\"ReadAction\",\"target\":[\"https:\/\/hudo.com\/si\/aktualno\/v-srbiji-obsodili-sedem-islamistov-ki-posiljali-borce-denar-islamski-drzavi\/\"]}]},{\"@type\":\"BreadcrumbList\",\"@id\":\"https:\/\/hudo.com\/si\/aktualno\/v-srbiji-obsodili-sedem-islamistov-ki-posiljali-borce-denar-islamski-drzavi\/#breadcrumb\",\"itemListElement\":[{\"@type\":\"ListItem\",\"position\":1,\"name\":\"Home\",\"item\":\"https:\/\/hudo.com\/si\/\"},{\"@type\":\"ListItem\",\"position\":2,\"name\":\"V Srbiji obsodili sedem islamistov, ki so po\u0161iljali borce in denar Islamski dr\u017eavi\"}]},{\"@type\":\"WebSite\",\"@id\":\"https:\/\/hudo.com\/si\/#website\",\"url\":\"https:\/\/hudo.com\/si\/\",\"name\":\"Hudo Slovenija\",\"description\":\"Vse novice iz Slovenije in sveta\",\"publisher\":{\"@id\":\"https:\/\/hudo.com\/si\/#organization\"},\"potentialAction\":[{\"@type\":\"SearchAction\",\"target\":{\"@type\":\"EntryPoint\",\"urlTemplate\":\"https:\/\/hudo.com\/si\/?s={search_term_string}\"},\"query-input\":\"required name=search_term_string\"}],\"inLanguage\":\"sl-SI\"},{\"@type\":\"Organization\",\"@id\":\"https:\/\/hudo.com\/si\/#organization\",\"name\":\"VSN Media\",\"url\":\"https:\/\/hudo.com\/si\/\",\"logo\":{\"@type\":\"ImageObject\",\"inLanguage\":\"sl-SI\",\"@id\":\"https:\/\/hudo.com\/si\/#\/schema\/logo\/image\/\",\"url\":\"https:\/\/hudo.com\/si\/wp-content\/uploads\/sites\/2\/2021\/03\/hudo-app-2.png\",\"contentUrl\":\"https:\/\/hudo.com\/si\/wp-content\/uploads\/sites\/2\/2021\/03\/hudo-app-2.png\",\"width\":2185,\"height\":2167,\"caption\":\"VSN Media\"},\"image\":{\"@id\":\"https:\/\/hudo.com\/si\/#\/schema\/logo\/image\/\"},\"sameAs\":[\"https:\/\/www.facebook.com\/hudo.si\",\"https:\/\/twitter.com\/hudo_si\"]},{\"@type\":\"Person\",\"@id\":\"https:\/\/hudo.com\/si\/#\/schema\/person\/2391667a63ea075ba94f2f2dc6b77537\",\"name\":\"A. G., STA\",\"image\":{\"@type\":\"ImageObject\",\"inLanguage\":\"sl-SI\",\"@id\":\"https:\/\/hudo.com\/si\/#\/schema\/person\/image\/\",\"url\":\"https:\/\/secure.gravatar.com\/avatar\/e13d22ac3e442658d5025fbbe6238a79?s=96&d=mm&r=g\",\"contentUrl\":\"https:\/\/secure.gravatar.com\/avatar\/e13d22ac3e442658d5025fbbe6238a79?s=96&d=mm&r=g\",\"caption\":\"A. G., STA\"},\"url\":\"https:\/\/hudo.com\/si\/author\/alenka\/\"}]}<\/script>\n<!-- \/ Yoast SEO plugin. -->","yoast_head_json":{"title":"V Srbiji obsodili sedem islamistov, ki so po\u0161iljali borce in denar Islamski dr\u017eavi - Hudo Slovenija","robots":{"index":"index","follow":"follow","max-snippet":"max-snippet:-1","max-image-preview":"max-image-preview:large","max-video-preview":"max-video-preview:-1"},"canonical":"https:\/\/hudo.com\/si\/aktualno\/v-srbiji-obsodili-sedem-islamistov-ki-posiljali-borce-denar-islamski-drzavi\/","og_locale":"sl_SI","og_type":"article","og_title":"V Srbiji obsodili sedem islamistov, ki so po\u0161iljali borce in denar Islamski dr\u017eavi - Hudo Slovenija","og_description":"Posebno srbsko sodi\u0161\u010de za organizirani kriminal, vojne zlo\u010dine in teroristi\u010dna dejanja je danes izreklo obsodilne sodbe sedmerici, ker je zbirala denar za d\u017eihadisti\u010dni skupini Islamska dr\u017eava (IS) in Fronta al Nusra ter jima po\u0161iljala borce za spopade v Siriji. Obsojeni so bili na zaporne kazni od sedem in pol do enajst let.","og_url":"https:\/\/hudo.com\/si\/aktualno\/v-srbiji-obsodili-sedem-islamistov-ki-posiljali-borce-denar-islamski-drzavi\/","og_site_name":"Hudo Slovenija","article_publisher":"https:\/\/www.facebook.com\/hudo.si","article_published_time":"2018-04-04T13:10:22+00:00","og_image":[{"width":1250,"height":833,"url":"https:\/\/hudo.com\/si\/wp-content\/uploads\/sites\/2\/2017\/12\/profimedia-0329243075.jpg","type":"image\/jpeg"}],"author":"A. G., STA","twitter_card":"summary_large_image","twitter_creator":"@hudo_si","twitter_site":"@hudo_si","twitter_misc":{"Written by":"A. G., STA","Est. reading time":"1 minuta"},"schema":{"@context":"https:\/\/schema.org","@graph":[{"@type":"Article","@id":"https:\/\/hudo.com\/si\/aktualno\/v-srbiji-obsodili-sedem-islamistov-ki-posiljali-borce-denar-islamski-drzavi\/#article","isPartOf":{"@id":"https:\/\/hudo.com\/si\/aktualno\/v-srbiji-obsodili-sedem-islamistov-ki-posiljali-borce-denar-islamski-drzavi\/"},"author":{"name":"A. G., STA","@id":"https:\/\/hudo.com\/si\/#\/schema\/person\/2391667a63ea075ba94f2f2dc6b77537"},"headline":"V Srbiji obsodili sedem islamistov, ki so po\u0161iljali borce in denar Islamski dr\u017eavi","datePublished":"2018-04-04T13:10:22+00:00","dateModified":"2018-04-04T13:10:22+00:00","mainEntityOfPage":{"@id":"https:\/\/hudo.com\/si\/aktualno\/v-srbiji-obsodili-sedem-islamistov-ki-posiljali-borce-denar-islamski-drzavi\/"},"wordCount":190,"publisher":{"@id":"https:\/\/hudo.com\/si\/#organization"},"keywords":["Islamska dr\u017eava","sodi\u0161\u010de","Srbija","terorizem"],"articleSection":["Aktualno"],"inLanguage":"sl-SI"},{"@type":"WebPage","@id":"https:\/\/hudo.com\/si\/aktualno\/v-srbiji-obsodili-sedem-islamistov-ki-posiljali-borce-denar-islamski-drzavi\/","url":"https:\/\/hudo.com\/si\/aktualno\/v-srbiji-obsodili-sedem-islamistov-ki-posiljali-borce-denar-islamski-drzavi\/","name":"V Srbiji obsodili sedem islamistov, ki so po\u0161iljali borce in denar Islamski dr\u017eavi - Hudo Slovenija","isPartOf":{"@id":"https:\/\/hudo.com\/si\/#website"},"datePublished":"2018-04-04T13:10:22+00:00","dateModified":"2018-04-04T13:10:22+00:00","breadcrumb":{"@id":"https:\/\/hudo.com\/si\/aktualno\/v-srbiji-obsodili-sedem-islamistov-ki-posiljali-borce-denar-islamski-drzavi\/#breadcrumb"},"inLanguage":"sl-SI","potentialAction":[{"@type":"ReadAction","target":["https:\/\/hudo.com\/si\/aktualno\/v-srbiji-obsodili-sedem-islamistov-ki-posiljali-borce-denar-islamski-drzavi\/"]}]},{"@type":"BreadcrumbList","@id":"https:\/\/hudo.com\/si\/aktualno\/v-srbiji-obsodili-sedem-islamistov-ki-posiljali-borce-denar-islamski-drzavi\/#breadcrumb","itemListElement":[{"@type":"ListItem","position":1,"name":"Home","item":"https:\/\/hudo.com\/si\/"},{"@type":"ListItem","position":2,"name":"V Srbiji obsodili sedem islamistov, ki so po\u0161iljali borce in denar Islamski dr\u017eavi"}]},{"@type":"WebSite","@id":"https:\/\/hudo.com\/si\/#website","url":"https:\/\/hudo.com\/si\/","name":"Hudo Slovenija","description":"Vse novice iz Slovenije in sveta","publisher":{"@id":"https:\/\/hudo.com\/si\/#organization"},"potentialAction":[{"@type":"SearchAction","target":{"@type":"EntryPoint","urlTemplate":"https:\/\/hudo.com\/si\/?s={search_term_string}"},"query-input":"required name=search_term_string"}],"inLanguage":"sl-SI"},{"@type":"Organization","@id":"https:\/\/hudo.com\/si\/#organization","name":"VSN Media","url":"https:\/\/hudo.com\/si\/","logo":{"@type":"ImageObject","inLanguage":"sl-SI","@id":"https:\/\/hudo.com\/si\/#\/schema\/logo\/image\/","url":"https:\/\/hudo.com\/si\/wp-content\/uploads\/sites\/2\/2021\/03\/hudo-app-2.png","contentUrl":"https:\/\/hudo.com\/si\/wp-content\/uploads\/sites\/2\/2021\/03\/hudo-app-2.png","width":2185,"height":2167,"caption":"VSN Media"},"image":{"@id":"https:\/\/hudo.com\/si\/#\/schema\/logo\/image\/"},"sameAs":["https:\/\/www.facebook.com\/hudo.si","https:\/\/twitter.com\/hudo_si"]},{"@type":"Person","@id":"https:\/\/hudo.com\/si\/#\/schema\/person\/2391667a63ea075ba94f2f2dc6b77537","name":"A. G., STA","image":{"@type":"ImageObject","inLanguage":"sl-SI","@id":"https:\/\/hudo.com\/si\/#\/schema\/person\/image\/","url":"https:\/\/secure.gravatar.com\/avatar\/e13d22ac3e442658d5025fbbe6238a79?s=96&d=mm&r=g","contentUrl":"https:\/\/secure.gravatar.com\/avatar\/e13d22ac3e442658d5025fbbe6238a79?s=96&d=mm&r=g","caption":"A. G., STA"},"url":"https:\/\/hudo.com\/si\/author\/alenka\/"}]}},"amp_enabled":true,"_links":{"self":[{"href":"https:\/\/hudo.com\/si\/wp-json\/wp\/v2\/posts\/368081"}],"collection":[{"href":"https:\/\/hudo.com\/si\/wp-json\/wp\/v2\/posts"}],"about":[{"href":"https:\/\/hudo.com\/si\/wp-json\/wp\/v2\/types\/post"}],"author":[{"embeddable":true,"href":"https:\/\/hudo.com\/si\/wp-json\/wp\/v2\/users\/5"}],"replies":[{"embeddable":true,"href":"https:\/\/hudo.com\/si\/wp-json\/wp\/v2\/comments?post=368081"}],"version-history":[{"count":1,"href":"https:\/\/hudo.com\/si\/wp-json\/wp\/v2\/posts\/368081\/revisions"}],"predecessor-version":[{"id":368082,"href":"https:\/\/hudo.com\/si\/wp-json\/wp\/v2\/posts\/368081\/revisions\/368082"}],"wp:featuredmedia":[{"embeddable":true,"href":"https:\/\/hudo.com\/si\/wp-json\/wp\/v2\/media\/329411"}],"wp:attachment":[{"href":"https:\/\/hudo.com\/si\/wp-json\/wp\/v2\/media?parent=368081"}],"wp:term":[{"taxonomy":"category","embeddable":true,"href":"https:\/\/hudo.com\/si\/wp-json\/wp\/v2\/categories?post=368081"},{"taxonomy":"post_tag","embeddable":true,"href":"https:\/\/hudo.com\/si\/wp-json\/wp\/v2\/tags?post=368081"},{"taxonomy":"source","embeddable":true,"href":"https:\/\/hudo.com\/si\/wp-json\/wp\/v2\/source?post=368081"},{"taxonomy":"supertag","embeddable":true,"href":"https:\/\/hudo.com\/si\/wp-json\/wp\/v2\/supertag?post=368081"}],"curies":[{"name":"wp","href":"https:\/\/api.w.org\/{rel}","templated":true}]}}