{"id":368378,"date":"2018-04-10T18:21:46","date_gmt":"2018-04-10T16:21:46","guid":{"rendered":"http:\/\/hudo.com\/si\/?p=368378"},"modified":"2018-04-10T18:21:46","modified_gmt":"2018-04-10T16:21:46","slug":"vebru-za-vlozitev-kandidature-za-mandatarja-zmanjkalo-pet-poslanskih-podpisov","status":"publish","type":"post","link":"https:\/\/hudo.com\/si\/aktualno\/vebru-za-vlozitev-kandidature-za-mandatarja-zmanjkalo-pet-poslanskih-podpisov\/","title":{"rendered":"Vebru za vlo\u017eitev kandidature za mandatarja zmanjkalo pet poslanskih podpisov"},"content":{"rendered":"<div class=\"text\">\n<p>Veber ob\u017ealuje, da se poleg njega in \u0161e \u0161tirih poslancev, s katerimi je bil dogovorjen, drugi niso odlo\u010dili prispevati podpisa za vlo\u017eitev kandidature za mandatarja. &#8220;O\u010ditno so v tem obdobju zopet prevladali strankarski interesi pred blaginjo ljudi in dr\u017eave,&#8221; ugotavlja Veber. Kateri poslanci so ga podprli, v izjavi v DZ ni \u017eelel razkriti.<\/p>\n<p>Spomnil je na svojo napoved, da bo to storil le v primeru, da se jih bo zbralo deset. Mnogi so namre\u010d po njegovih besedah povedali, da se bodo pridru\u017eili le, \u010de jih bo dovolj, je pojasnil Veber in dodal, da bo dogovor spo\u0161toval.<\/p>\n<p>Prepri\u010dan je, da Slovenija potrebuje predsednika vlade s polnimi pooblastili. Najmanj \u0161tirimese\u010dno obdobje je namre\u010d po njegovem mnenju predolgo za to, da bi vlada opravljala le teko\u010de posle. Veber je sicer od Cerarja pri\u010dakoval, da bo odgovorno posku\u0161al zaklju\u010diti mandat. \u010ce se ni strinjal z nekaterimi odlo\u010ditvami, bi lahko po njegovem mnenju vezal tudi zaupnico na dolo\u010dene predloge ali denimo pogajanja s sindikati.<\/p>\n<p>&#8220;Ni\u010d od tega se ni zgodilo, o\u010ditno je prevladoval ozek strankarski interes. Interes stranke je postavil pred interese ljudi in dr\u017eave,&#8221; je ocenil Veber. Ob tem je bil kriti\u010den do dela Cerarjeve vlade in spomnil na prodajo nekaterih podjetij v dr\u017eavni lasti.<\/p>\n<p>Danes se izteka 14-dnevni rok, v katerem bi lahko kandidata za mandatarja za sestavo vlade po Cerarjevem odstopu predlagali poslanci. Ker kandidata o\u010ditno ni, se bo v sredo na izredni seji DZ s tem seznanil in tako bo za\u010del te\u010di \u0161e 48-urni rok, v katerem se lahko DZ odlo\u010di \u0161e za tretji poskus. \u010ce tudi takrat kandidata ne bo, se bo DZ s tem seznanil na izredni seji v petek, Pahor pa bo v soboto razpustil parlament in razpisal pred\u010dasne volitve.<\/p>\n<p>Tako je pri\u010dakovati pred\u010dasne volitve, ki pa ne bodo veliko prej, kot bi bile redne. Po Pahorjevih besedah sta za pred\u010dasne volitve mo\u017ena dva datuma: 27. maj in 3. junij.<\/p>\n<\/div>\n","protected":false},"excerpt":{"rendered":"<p>Nepovezani poslanec Janko Veber je v izjavi novinarjem v DZ pojasnil, da mu je po odstopu premierja Mira Cerarja v 14-dnevnem roku uspelo pridobiti podporo petih poslancev za vlo\u017eitev kandidature za mandatarja za sestavo vlade, ni pa \u017eelel razkriti, katerih. Za vlo\u017eitev kandidature bi sicer potreboval najmanj deset poslanskih podpisov.<\/p>\n","protected":false},"author":5,"featured_media":335211,"comment_status":"closed","ping_status":"closed","sticky":false,"template":"","format":"standard","meta":{"footnotes":""},"categories":[1179],"tags":[10106,4692,1595,4919],"source":[4511],"supertag":[],"acf":[],"yoast_head":"<!-- This site is optimized with the Yoast SEO plugin v21.3 - https:\/\/yoast.com\/wordpress\/plugins\/seo\/ -->\n<title>Vebru za vlo\u017eitev kandidature za mandatarja zmanjkalo pet poslanskih podpisov - Hudo Slovenija<\/title>\n<meta name=\"robots\" content=\"index, follow, max-snippet:-1, max-image-preview:large, max-video-preview:-1\" \/>\n<link rel=\"canonical\" href=\"https:\/\/hudo.com\/si\/aktualno\/vebru-za-vlozitev-kandidature-za-mandatarja-zmanjkalo-pet-poslanskih-podpisov\/\" \/>\n<meta property=\"og:locale\" content=\"sl_SI\" \/>\n<meta property=\"og:type\" content=\"article\" \/>\n<meta property=\"og:title\" content=\"Vebru za vlo\u017eitev kandidature za mandatarja zmanjkalo pet poslanskih podpisov - Hudo Slovenija\" \/>\n<meta property=\"og:description\" content=\"Nepovezani poslanec Janko Veber je v izjavi novinarjem v DZ pojasnil, da mu je po odstopu premierja Mira Cerarja v 14-dnevnem roku uspelo pridobiti podporo petih poslancev za vlo\u017eitev kandidature za mandatarja za sestavo vlade, ni pa \u017eelel razkriti, katerih. Za vlo\u017eitev kandidature bi sicer potreboval najmanj deset poslanskih podpisov.\" \/>\n<meta property=\"og:url\" content=\"https:\/\/hudo.com\/si\/aktualno\/vebru-za-vlozitev-kandidature-za-mandatarja-zmanjkalo-pet-poslanskih-podpisov\/\" \/>\n<meta property=\"og:site_name\" content=\"Hudo Slovenija\" \/>\n<meta property=\"article:publisher\" content=\"https:\/\/www.facebook.com\/hudo.si\" \/>\n<meta property=\"article:published_time\" content=\"2018-04-10T16:21:46+00:00\" \/>\n<meta property=\"og:image\" content=\"https:\/\/hudo.com\/si\/wp-content\/uploads\/sites\/2\/2017\/12\/20150409-00598922.jpg\" \/>\n\t<meta property=\"og:image:width\" content=\"640\" \/>\n\t<meta property=\"og:image:height\" content=\"425\" \/>\n\t<meta property=\"og:image:type\" content=\"image\/jpeg\" \/>\n<meta name=\"author\" content=\"A. G., STA\" \/>\n<meta name=\"twitter:card\" content=\"summary_large_image\" \/>\n<meta name=\"twitter:creator\" content=\"@hudo_si\" \/>\n<meta name=\"twitter:site\" content=\"@hudo_si\" \/>\n<meta name=\"twitter:label1\" content=\"Written by\" \/>\n\t<meta name=\"twitter:data1\" content=\"A. G., STA\" \/>\n\t<meta name=\"twitter:label2\" content=\"Est. reading time\" \/>\n\t<meta name=\"twitter:data2\" content=\"2 minuti\" \/>\n<script type=\"application\/ld+json\" class=\"yoast-schema-graph\">{\"@context\":\"https:\/\/schema.org\",\"@graph\":[{\"@type\":\"Article\",\"@id\":\"https:\/\/hudo.com\/si\/aktualno\/vebru-za-vlozitev-kandidature-za-mandatarja-zmanjkalo-pet-poslanskih-podpisov\/#article\",\"isPartOf\":{\"@id\":\"https:\/\/hudo.com\/si\/aktualno\/vebru-za-vlozitev-kandidature-za-mandatarja-zmanjkalo-pet-poslanskih-podpisov\/\"},\"author\":{\"name\":\"A. G., STA\",\"@id\":\"https:\/\/hudo.com\/si\/#\/schema\/person\/2391667a63ea075ba94f2f2dc6b77537\"},\"headline\":\"Vebru za vlo\u017eitev kandidature za mandatarja zmanjkalo pet poslanskih podpisov\",\"datePublished\":\"2018-04-10T16:21:46+00:00\",\"dateModified\":\"2018-04-10T16:21:46+00:00\",\"mainEntityOfPage\":{\"@id\":\"https:\/\/hudo.com\/si\/aktualno\/vebru-za-vlozitev-kandidature-za-mandatarja-zmanjkalo-pet-poslanskih-podpisov\/\"},\"wordCount\":349,\"publisher\":{\"@id\":\"https:\/\/hudo.com\/si\/#organization\"},\"keywords\":[\"Janko Veber\",\"kandidatura\",\"Slovenija\",\"volitve\"],\"articleSection\":[\"Aktualno\"],\"inLanguage\":\"sl-SI\"},{\"@type\":\"WebPage\",\"@id\":\"https:\/\/hudo.com\/si\/aktualno\/vebru-za-vlozitev-kandidature-za-mandatarja-zmanjkalo-pet-poslanskih-podpisov\/\",\"url\":\"https:\/\/hudo.com\/si\/aktualno\/vebru-za-vlozitev-kandidature-za-mandatarja-zmanjkalo-pet-poslanskih-podpisov\/\",\"name\":\"Vebru za vlo\u017eitev kandidature za mandatarja zmanjkalo pet poslanskih podpisov - Hudo Slovenija\",\"isPartOf\":{\"@id\":\"https:\/\/hudo.com\/si\/#website\"},\"datePublished\":\"2018-04-10T16:21:46+00:00\",\"dateModified\":\"2018-04-10T16:21:46+00:00\",\"breadcrumb\":{\"@id\":\"https:\/\/hudo.com\/si\/aktualno\/vebru-za-vlozitev-kandidature-za-mandatarja-zmanjkalo-pet-poslanskih-podpisov\/#breadcrumb\"},\"inLanguage\":\"sl-SI\",\"potentialAction\":[{\"@type\":\"ReadAction\",\"target\":[\"https:\/\/hudo.com\/si\/aktualno\/vebru-za-vlozitev-kandidature-za-mandatarja-zmanjkalo-pet-poslanskih-podpisov\/\"]}]},{\"@type\":\"BreadcrumbList\",\"@id\":\"https:\/\/hudo.com\/si\/aktualno\/vebru-za-vlozitev-kandidature-za-mandatarja-zmanjkalo-pet-poslanskih-podpisov\/#breadcrumb\",\"itemListElement\":[{\"@type\":\"ListItem\",\"position\":1,\"name\":\"Home\",\"item\":\"https:\/\/hudo.com\/si\/\"},{\"@type\":\"ListItem\",\"position\":2,\"name\":\"Vebru za vlo\u017eitev kandidature za mandatarja zmanjkalo pet poslanskih podpisov\"}]},{\"@type\":\"WebSite\",\"@id\":\"https:\/\/hudo.com\/si\/#website\",\"url\":\"https:\/\/hudo.com\/si\/\",\"name\":\"Hudo Slovenija\",\"description\":\"Vse novice iz Slovenije in sveta\",\"publisher\":{\"@id\":\"https:\/\/hudo.com\/si\/#organization\"},\"potentialAction\":[{\"@type\":\"SearchAction\",\"target\":{\"@type\":\"EntryPoint\",\"urlTemplate\":\"https:\/\/hudo.com\/si\/?s={search_term_string}\"},\"query-input\":\"required name=search_term_string\"}],\"inLanguage\":\"sl-SI\"},{\"@type\":\"Organization\",\"@id\":\"https:\/\/hudo.com\/si\/#organization\",\"name\":\"VSN Media\",\"url\":\"https:\/\/hudo.com\/si\/\",\"logo\":{\"@type\":\"ImageObject\",\"inLanguage\":\"sl-SI\",\"@id\":\"https:\/\/hudo.com\/si\/#\/schema\/logo\/image\/\",\"url\":\"https:\/\/hudo.com\/si\/wp-content\/uploads\/sites\/2\/2021\/03\/hudo-app-2.png\",\"contentUrl\":\"https:\/\/hudo.com\/si\/wp-content\/uploads\/sites\/2\/2021\/03\/hudo-app-2.png\",\"width\":2185,\"height\":2167,\"caption\":\"VSN Media\"},\"image\":{\"@id\":\"https:\/\/hudo.com\/si\/#\/schema\/logo\/image\/\"},\"sameAs\":[\"https:\/\/www.facebook.com\/hudo.si\",\"https:\/\/twitter.com\/hudo_si\"]},{\"@type\":\"Person\",\"@id\":\"https:\/\/hudo.com\/si\/#\/schema\/person\/2391667a63ea075ba94f2f2dc6b77537\",\"name\":\"A. G., STA\",\"image\":{\"@type\":\"ImageObject\",\"inLanguage\":\"sl-SI\",\"@id\":\"https:\/\/hudo.com\/si\/#\/schema\/person\/image\/\",\"url\":\"https:\/\/secure.gravatar.com\/avatar\/e13d22ac3e442658d5025fbbe6238a79?s=96&d=mm&r=g\",\"contentUrl\":\"https:\/\/secure.gravatar.com\/avatar\/e13d22ac3e442658d5025fbbe6238a79?s=96&d=mm&r=g\",\"caption\":\"A. G., STA\"},\"url\":\"https:\/\/hudo.com\/si\/author\/alenka\/\"}]}<\/script>\n<!-- \/ Yoast SEO plugin. -->","yoast_head_json":{"title":"Vebru za vlo\u017eitev kandidature za mandatarja zmanjkalo pet poslanskih podpisov - Hudo Slovenija","robots":{"index":"index","follow":"follow","max-snippet":"max-snippet:-1","max-image-preview":"max-image-preview:large","max-video-preview":"max-video-preview:-1"},"canonical":"https:\/\/hudo.com\/si\/aktualno\/vebru-za-vlozitev-kandidature-za-mandatarja-zmanjkalo-pet-poslanskih-podpisov\/","og_locale":"sl_SI","og_type":"article","og_title":"Vebru za vlo\u017eitev kandidature za mandatarja zmanjkalo pet poslanskih podpisov - Hudo Slovenija","og_description":"Nepovezani poslanec Janko Veber je v izjavi novinarjem v DZ pojasnil, da mu je po odstopu premierja Mira Cerarja v 14-dnevnem roku uspelo pridobiti podporo petih poslancev za vlo\u017eitev kandidature za mandatarja za sestavo vlade, ni pa \u017eelel razkriti, katerih. Za vlo\u017eitev kandidature bi sicer potreboval najmanj deset poslanskih podpisov.","og_url":"https:\/\/hudo.com\/si\/aktualno\/vebru-za-vlozitev-kandidature-za-mandatarja-zmanjkalo-pet-poslanskih-podpisov\/","og_site_name":"Hudo Slovenija","article_publisher":"https:\/\/www.facebook.com\/hudo.si","article_published_time":"2018-04-10T16:21:46+00:00","og_image":[{"width":640,"height":425,"url":"https:\/\/hudo.com\/si\/wp-content\/uploads\/sites\/2\/2017\/12\/20150409-00598922.jpg","type":"image\/jpeg"}],"author":"A. G., STA","twitter_card":"summary_large_image","twitter_creator":"@hudo_si","twitter_site":"@hudo_si","twitter_misc":{"Written by":"A. G., STA","Est. reading time":"2 minuti"},"schema":{"@context":"https:\/\/schema.org","@graph":[{"@type":"Article","@id":"https:\/\/hudo.com\/si\/aktualno\/vebru-za-vlozitev-kandidature-za-mandatarja-zmanjkalo-pet-poslanskih-podpisov\/#article","isPartOf":{"@id":"https:\/\/hudo.com\/si\/aktualno\/vebru-za-vlozitev-kandidature-za-mandatarja-zmanjkalo-pet-poslanskih-podpisov\/"},"author":{"name":"A. G., STA","@id":"https:\/\/hudo.com\/si\/#\/schema\/person\/2391667a63ea075ba94f2f2dc6b77537"},"headline":"Vebru za vlo\u017eitev kandidature za mandatarja zmanjkalo pet poslanskih podpisov","datePublished":"2018-04-10T16:21:46+00:00","dateModified":"2018-04-10T16:21:46+00:00","mainEntityOfPage":{"@id":"https:\/\/hudo.com\/si\/aktualno\/vebru-za-vlozitev-kandidature-za-mandatarja-zmanjkalo-pet-poslanskih-podpisov\/"},"wordCount":349,"publisher":{"@id":"https:\/\/hudo.com\/si\/#organization"},"keywords":["Janko Veber","kandidatura","Slovenija","volitve"],"articleSection":["Aktualno"],"inLanguage":"sl-SI"},{"@type":"WebPage","@id":"https:\/\/hudo.com\/si\/aktualno\/vebru-za-vlozitev-kandidature-za-mandatarja-zmanjkalo-pet-poslanskih-podpisov\/","url":"https:\/\/hudo.com\/si\/aktualno\/vebru-za-vlozitev-kandidature-za-mandatarja-zmanjkalo-pet-poslanskih-podpisov\/","name":"Vebru za vlo\u017eitev kandidature za mandatarja zmanjkalo pet poslanskih podpisov - Hudo Slovenija","isPartOf":{"@id":"https:\/\/hudo.com\/si\/#website"},"datePublished":"2018-04-10T16:21:46+00:00","dateModified":"2018-04-10T16:21:46+00:00","breadcrumb":{"@id":"https:\/\/hudo.com\/si\/aktualno\/vebru-za-vlozitev-kandidature-za-mandatarja-zmanjkalo-pet-poslanskih-podpisov\/#breadcrumb"},"inLanguage":"sl-SI","potentialAction":[{"@type":"ReadAction","target":["https:\/\/hudo.com\/si\/aktualno\/vebru-za-vlozitev-kandidature-za-mandatarja-zmanjkalo-pet-poslanskih-podpisov\/"]}]},{"@type":"BreadcrumbList","@id":"https:\/\/hudo.com\/si\/aktualno\/vebru-za-vlozitev-kandidature-za-mandatarja-zmanjkalo-pet-poslanskih-podpisov\/#breadcrumb","itemListElement":[{"@type":"ListItem","position":1,"name":"Home","item":"https:\/\/hudo.com\/si\/"},{"@type":"ListItem","position":2,"name":"Vebru za vlo\u017eitev kandidature za mandatarja zmanjkalo pet poslanskih podpisov"}]},{"@type":"WebSite","@id":"https:\/\/hudo.com\/si\/#website","url":"https:\/\/hudo.com\/si\/","name":"Hudo Slovenija","description":"Vse novice iz Slovenije in sveta","publisher":{"@id":"https:\/\/hudo.com\/si\/#organization"},"potentialAction":[{"@type":"SearchAction","target":{"@type":"EntryPoint","urlTemplate":"https:\/\/hudo.com\/si\/?s={search_term_string}"},"query-input":"required name=search_term_string"}],"inLanguage":"sl-SI"},{"@type":"Organization","@id":"https:\/\/hudo.com\/si\/#organization","name":"VSN Media","url":"https:\/\/hudo.com\/si\/","logo":{"@type":"ImageObject","inLanguage":"sl-SI","@id":"https:\/\/hudo.com\/si\/#\/schema\/logo\/image\/","url":"https:\/\/hudo.com\/si\/wp-content\/uploads\/sites\/2\/2021\/03\/hudo-app-2.png","contentUrl":"https:\/\/hudo.com\/si\/wp-content\/uploads\/sites\/2\/2021\/03\/hudo-app-2.png","width":2185,"height":2167,"caption":"VSN Media"},"image":{"@id":"https:\/\/hudo.com\/si\/#\/schema\/logo\/image\/"},"sameAs":["https:\/\/www.facebook.com\/hudo.si","https:\/\/twitter.com\/hudo_si"]},{"@type":"Person","@id":"https:\/\/hudo.com\/si\/#\/schema\/person\/2391667a63ea075ba94f2f2dc6b77537","name":"A. G., STA","image":{"@type":"ImageObject","inLanguage":"sl-SI","@id":"https:\/\/hudo.com\/si\/#\/schema\/person\/image\/","url":"https:\/\/secure.gravatar.com\/avatar\/e13d22ac3e442658d5025fbbe6238a79?s=96&d=mm&r=g","contentUrl":"https:\/\/secure.gravatar.com\/avatar\/e13d22ac3e442658d5025fbbe6238a79?s=96&d=mm&r=g","caption":"A. G., STA"},"url":"https:\/\/hudo.com\/si\/author\/alenka\/"}]}},"amp_enabled":true,"_links":{"self":[{"href":"https:\/\/hudo.com\/si\/wp-json\/wp\/v2\/posts\/368378"}],"collection":[{"href":"https:\/\/hudo.com\/si\/wp-json\/wp\/v2\/posts"}],"about":[{"href":"https:\/\/hudo.com\/si\/wp-json\/wp\/v2\/types\/post"}],"author":[{"embeddable":true,"href":"https:\/\/hudo.com\/si\/wp-json\/wp\/v2\/users\/5"}],"replies":[{"embeddable":true,"href":"https:\/\/hudo.com\/si\/wp-json\/wp\/v2\/comments?post=368378"}],"version-history":[{"count":1,"href":"https:\/\/hudo.com\/si\/wp-json\/wp\/v2\/posts\/368378\/revisions"}],"predecessor-version":[{"id":368379,"href":"https:\/\/hudo.com\/si\/wp-json\/wp\/v2\/posts\/368378\/revisions\/368379"}],"wp:featuredmedia":[{"embeddable":true,"href":"https:\/\/hudo.com\/si\/wp-json\/wp\/v2\/media\/335211"}],"wp:attachment":[{"href":"https:\/\/hudo.com\/si\/wp-json\/wp\/v2\/media?parent=368378"}],"wp:term":[{"taxonomy":"category","embeddable":true,"href":"https:\/\/hudo.com\/si\/wp-json\/wp\/v2\/categories?post=368378"},{"taxonomy":"post_tag","embeddable":true,"href":"https:\/\/hudo.com\/si\/wp-json\/wp\/v2\/tags?post=368378"},{"taxonomy":"source","embeddable":true,"href":"https:\/\/hudo.com\/si\/wp-json\/wp\/v2\/source?post=368378"},{"taxonomy":"supertag","embeddable":true,"href":"https:\/\/hudo.com\/si\/wp-json\/wp\/v2\/supertag?post=368378"}],"curies":[{"name":"wp","href":"https:\/\/api.w.org\/{rel}","templated":true}]}}