{"id":368507,"date":"2018-04-12T13:16:24","date_gmt":"2018-04-12T11:16:24","guid":{"rendered":"http:\/\/hudo.com\/si\/?p=368507"},"modified":"2018-04-12T13:16:24","modified_gmt":"2018-04-12T11:16:24","slug":"v-zdravstveni-blagajni-letos-dodatnih-31-milijonov-evrov-se-ni-znano-za-kaj-jih-bomo-porabili","status":"publish","type":"post","link":"https:\/\/hudo.com\/si\/aktualno\/v-zdravstveni-blagajni-letos-dodatnih-31-milijonov-evrov-se-ni-znano-za-kaj-jih-bomo-porabili\/","title":{"rendered":"V zdravstveni blagajni letos dodatnih 31 milijonov evrov, a \u0161e ni znano, za kaj jih bomo porabili"},"content":{"rendered":"<p>Ministrica za zdravje Kolar Celar\u010deva je po seji vlade za STA pojasnila, da so glede na nove spomladanske napovedi Urada RS za makroekonomske analize in razvoj dolo\u010dena nova izhodi\u0161\u010da, na osnovi katerih bi v zdravstveno blagajno letos priteklo dodatnih 31 milijonov evrov. Po njenih navedbah gre sicer za dve lo\u010deni zadevi. Na eni strani v prvih treh mesecih leta bele\u017eijo prihranke na odhodkovni strani blagajne, poleg tega pa \u017ee zdaj bele\u017eijo vi\u0161je prihodke v zdravstveno blagajno in na\u010drtujejo, da se bo ta trend nadaljeval do konca leta.<\/p>\n<p>Po besedah ministrice zato razmi\u0161ljajo, kako bi te prihranke in na\u010drtovane prihodke lahko porabili v zdravstvenem sistemu, bodisi za skraj\u0161evanje \u010dakalnih dob bodisi za pla\u010dilo tistih programov, ki so zdaj okrnjeni.<\/p>\n<p>Kot je pojasnila, lahko prihranke prerazporedijo znotraj zdravstvene blagajne, glede pove\u010danih prihodkov pa mora po njenih navedbah odlo\u010dati DZ s spremembo odloka, ki dolo\u010da najvi\u0161je odhodke javnih blagajn v skladu s fiskalnim pravilom.<\/p>\n<p>Zavod za zdravstveno zavarovanje po besedah ministrice \u0161e dela izra\u010dune, v sredo so imeli tudi skupen sestanek z ministrstvom za finance. Do konca prihodnjega tedna bi skupaj po ocenah Kolar Celar\u010deve morali narediti izra\u010dune in sprejeti odlo\u010ditve.<\/p>\n<p>Na vpra\u0161anje, ali lahko o tej zadevi odlo\u010di \u0161e ta sklic DZ, je ministrica odgovorila, da ne gre za to, kateri sklic DZ to naredi, pa\u010d pa za \u010das. &#8220;Prej kot bo imel zdravstveni sistem dodatna sredstva, ve\u010d bo v leto\u0161njem letu lahko realizacije,&#8221; je dejala. Ob tem je spomnila, da je za realizacijo storitev v zdravstvu pozno, \u010de pride aneks k splo\u0161nemu dogovoru na vlado oktobra ali novembra. &#8220;Potem bomo imeli spet absurdno situacijo, da bo imela zdravstvena blagajna relativno visoke prese\u017eke, zdravstvo pa bo bolehalo,&#8221; je opozorila.<\/p>\n<p>Kot je po koalicijskem sre\u010danju pred dana\u0161njo sejo vlade pojasnila vodja poslanske skupine SMC Simona Kustec Lipicer, je Vrani\u010dar Ermanova danes predstavila tudi predlog, na kak\u0161en na\u010din bi prese\u017eek v zdravstveni blagajni lahko namenili skraj\u0161evanju \u010dakalnih dob. A glede tega pogovora \u0161e niso dokon\u010dali.<\/p>\n<p>Vodja poslancev DeSUS Franc Jur\u0161a je povedal, da bodo v stranki o tem razpravljali, bi se pa strinjali, da lahko ta sredstva namenijo za skraj\u0161evanje \u010dakalnih dob, v katerih \u010dakajo zelo bolni.<\/p>\n<p>Podobno je poudaril vodja poslancev SD Matja\u017e Han in pojasnil, da se s predlogom Vrani\u010dar Ermanove ne strinja. Kot je dodal, &#8220;denarja za fizioterapije in dermatologijo ne potrebujemo&#8221;, pa\u010d pa ga je treba po njegovem mnenju nameniti za skraj\u0161evanje \u010dakalnih dob na najte\u017eje operacije. Prav tako morajo natan\u010dno povedati, kam bodo denar namenili, je dodal.<\/p>\n","protected":false},"excerpt":{"rendered":"<p>Ministrica za finance Mateja Vrani\u010dar Erman je koalicijo danes seznanila, da v zdravstveni blagajni letos pri\u010dakujejo dodatna sredstva. Za kaj jih bodo namenili, \u0161e niso dogovorjeni. Kot je povedala ministrica Milojka Kolar Celarc, gre za 31 milijonov evrov, in sicer za prihranke v zdravstveni blagajni v prvih mesecih in za trend vi\u0161jih prihodkov.<\/p>\n","protected":false},"author":7,"featured_media":303307,"comment_status":"closed","ping_status":"closed","sticky":false,"template":"","format":"standard","meta":{"footnotes":""},"categories":[1179],"tags":[6113,4580,1595,4997],"source":[4511],"supertag":[],"acf":[],"yoast_head":"<!-- This site is optimized with the Yoast SEO plugin v21.3 - https:\/\/yoast.com\/wordpress\/plugins\/seo\/ -->\n<title>V zdravstveni blagajni letos dodatnih 31 milijonov evrov, a \u0161e ni znano, za kaj jih bomo porabili - Hudo Slovenija<\/title>\n<meta name=\"robots\" content=\"index, follow, max-snippet:-1, max-image-preview:large, max-video-preview:-1\" \/>\n<link rel=\"canonical\" href=\"https:\/\/hudo.com\/si\/aktualno\/v-zdravstveni-blagajni-letos-dodatnih-31-milijonov-evrov-se-ni-znano-za-kaj-jih-bomo-porabili\/\" \/>\n<meta property=\"og:locale\" content=\"sl_SI\" \/>\n<meta property=\"og:type\" content=\"article\" \/>\n<meta property=\"og:title\" content=\"V zdravstveni blagajni letos dodatnih 31 milijonov evrov, a \u0161e ni znano, za kaj jih bomo porabili - Hudo Slovenija\" \/>\n<meta property=\"og:description\" content=\"Ministrica za finance Mateja Vrani\u010dar Erman je koalicijo danes seznanila, da v zdravstveni blagajni letos pri\u010dakujejo dodatna sredstva. Za kaj jih bodo namenili, \u0161e niso dogovorjeni. Kot je povedala ministrica Milojka Kolar Celarc, gre za 31 milijonov evrov, in sicer za prihranke v zdravstveni blagajni v prvih mesecih in za trend vi\u0161jih prihodkov.\" \/>\n<meta property=\"og:url\" content=\"https:\/\/hudo.com\/si\/aktualno\/v-zdravstveni-blagajni-letos-dodatnih-31-milijonov-evrov-se-ni-znano-za-kaj-jih-bomo-porabili\/\" \/>\n<meta property=\"og:site_name\" content=\"Hudo Slovenija\" \/>\n<meta property=\"article:publisher\" content=\"https:\/\/www.facebook.com\/hudo.si\" \/>\n<meta property=\"article:published_time\" content=\"2018-04-12T11:16:24+00:00\" \/>\n<meta property=\"og:image\" content=\"https:\/\/hudo.com\/si\/wp-content\/uploads\/sites\/2\/2017\/09\/profimedia-0070070202.jpg\" \/>\n\t<meta property=\"og:image:width\" content=\"1250\" \/>\n\t<meta property=\"og:image:height\" content=\"834\" \/>\n\t<meta property=\"og:image:type\" content=\"image\/jpeg\" \/>\n<meta name=\"author\" content=\"A. P., STA\" \/>\n<meta name=\"twitter:card\" content=\"summary_large_image\" \/>\n<meta name=\"twitter:creator\" content=\"@hudo_si\" \/>\n<meta name=\"twitter:site\" content=\"@hudo_si\" \/>\n<meta name=\"twitter:label1\" content=\"Written by\" \/>\n\t<meta name=\"twitter:data1\" content=\"A. P., STA\" \/>\n\t<meta name=\"twitter:label2\" content=\"Est. reading time\" \/>\n\t<meta name=\"twitter:data2\" content=\"2 minuti\" \/>\n<script type=\"application\/ld+json\" class=\"yoast-schema-graph\">{\"@context\":\"https:\/\/schema.org\",\"@graph\":[{\"@type\":\"Article\",\"@id\":\"https:\/\/hudo.com\/si\/aktualno\/v-zdravstveni-blagajni-letos-dodatnih-31-milijonov-evrov-se-ni-znano-za-kaj-jih-bomo-porabili\/#article\",\"isPartOf\":{\"@id\":\"https:\/\/hudo.com\/si\/aktualno\/v-zdravstveni-blagajni-letos-dodatnih-31-milijonov-evrov-se-ni-znano-za-kaj-jih-bomo-porabili\/\"},\"author\":{\"name\":\"A. P., STA\",\"@id\":\"https:\/\/hudo.com\/si\/#\/schema\/person\/18f09c02475ba9e606e941a565b80cff\"},\"headline\":\"V zdravstveni blagajni letos dodatnih 31 milijonov evrov, a \u0161e ni znano, za kaj jih bomo porabili\",\"datePublished\":\"2018-04-12T11:16:24+00:00\",\"dateModified\":\"2018-04-12T11:16:24+00:00\",\"mainEntityOfPage\":{\"@id\":\"https:\/\/hudo.com\/si\/aktualno\/v-zdravstveni-blagajni-letos-dodatnih-31-milijonov-evrov-se-ni-znano-za-kaj-jih-bomo-porabili\/\"},\"wordCount\":462,\"publisher\":{\"@id\":\"https:\/\/hudo.com\/si\/#organization\"},\"keywords\":[\"Mateja Vrani\u010dar Erman\",\"Milojka Kolar Celarc\",\"Slovenija\",\"zdravstvo\"],\"articleSection\":[\"Aktualno\"],\"inLanguage\":\"sl-SI\"},{\"@type\":\"WebPage\",\"@id\":\"https:\/\/hudo.com\/si\/aktualno\/v-zdravstveni-blagajni-letos-dodatnih-31-milijonov-evrov-se-ni-znano-za-kaj-jih-bomo-porabili\/\",\"url\":\"https:\/\/hudo.com\/si\/aktualno\/v-zdravstveni-blagajni-letos-dodatnih-31-milijonov-evrov-se-ni-znano-za-kaj-jih-bomo-porabili\/\",\"name\":\"V zdravstveni blagajni letos dodatnih 31 milijonov evrov, a \u0161e ni znano, za kaj jih bomo porabili - Hudo Slovenija\",\"isPartOf\":{\"@id\":\"https:\/\/hudo.com\/si\/#website\"},\"datePublished\":\"2018-04-12T11:16:24+00:00\",\"dateModified\":\"2018-04-12T11:16:24+00:00\",\"breadcrumb\":{\"@id\":\"https:\/\/hudo.com\/si\/aktualno\/v-zdravstveni-blagajni-letos-dodatnih-31-milijonov-evrov-se-ni-znano-za-kaj-jih-bomo-porabili\/#breadcrumb\"},\"inLanguage\":\"sl-SI\",\"potentialAction\":[{\"@type\":\"ReadAction\",\"target\":[\"https:\/\/hudo.com\/si\/aktualno\/v-zdravstveni-blagajni-letos-dodatnih-31-milijonov-evrov-se-ni-znano-za-kaj-jih-bomo-porabili\/\"]}]},{\"@type\":\"BreadcrumbList\",\"@id\":\"https:\/\/hudo.com\/si\/aktualno\/v-zdravstveni-blagajni-letos-dodatnih-31-milijonov-evrov-se-ni-znano-za-kaj-jih-bomo-porabili\/#breadcrumb\",\"itemListElement\":[{\"@type\":\"ListItem\",\"position\":1,\"name\":\"Home\",\"item\":\"https:\/\/hudo.com\/si\/\"},{\"@type\":\"ListItem\",\"position\":2,\"name\":\"V zdravstveni blagajni letos dodatnih 31 milijonov evrov, a \u0161e ni znano, za kaj jih bomo porabili\"}]},{\"@type\":\"WebSite\",\"@id\":\"https:\/\/hudo.com\/si\/#website\",\"url\":\"https:\/\/hudo.com\/si\/\",\"name\":\"Hudo Slovenija\",\"description\":\"Vse novice iz Slovenije in sveta\",\"publisher\":{\"@id\":\"https:\/\/hudo.com\/si\/#organization\"},\"potentialAction\":[{\"@type\":\"SearchAction\",\"target\":{\"@type\":\"EntryPoint\",\"urlTemplate\":\"https:\/\/hudo.com\/si\/?s={search_term_string}\"},\"query-input\":\"required name=search_term_string\"}],\"inLanguage\":\"sl-SI\"},{\"@type\":\"Organization\",\"@id\":\"https:\/\/hudo.com\/si\/#organization\",\"name\":\"VSN Media\",\"url\":\"https:\/\/hudo.com\/si\/\",\"logo\":{\"@type\":\"ImageObject\",\"inLanguage\":\"sl-SI\",\"@id\":\"https:\/\/hudo.com\/si\/#\/schema\/logo\/image\/\",\"url\":\"https:\/\/hudo.com\/si\/wp-content\/uploads\/sites\/2\/2021\/03\/hudo-app-2.png\",\"contentUrl\":\"https:\/\/hudo.com\/si\/wp-content\/uploads\/sites\/2\/2021\/03\/hudo-app-2.png\",\"width\":2185,\"height\":2167,\"caption\":\"VSN Media\"},\"image\":{\"@id\":\"https:\/\/hudo.com\/si\/#\/schema\/logo\/image\/\"},\"sameAs\":[\"https:\/\/www.facebook.com\/hudo.si\",\"https:\/\/twitter.com\/hudo_si\"]},{\"@type\":\"Person\",\"@id\":\"https:\/\/hudo.com\/si\/#\/schema\/person\/18f09c02475ba9e606e941a565b80cff\",\"name\":\"A. P., STA\",\"image\":{\"@type\":\"ImageObject\",\"inLanguage\":\"sl-SI\",\"@id\":\"https:\/\/hudo.com\/si\/#\/schema\/person\/image\/\",\"url\":\"https:\/\/secure.gravatar.com\/avatar\/03eac8e609f5f04383125d80eaeaaf3e?s=96&d=mm&r=g\",\"contentUrl\":\"https:\/\/secure.gravatar.com\/avatar\/03eac8e609f5f04383125d80eaeaaf3e?s=96&d=mm&r=g\",\"caption\":\"A. P., STA\"},\"url\":\"https:\/\/hudo.com\/si\/author\/lubu\/\"}]}<\/script>\n<!-- \/ Yoast SEO plugin. -->","yoast_head_json":{"title":"V zdravstveni blagajni letos dodatnih 31 milijonov evrov, a \u0161e ni znano, za kaj jih bomo porabili - Hudo Slovenija","robots":{"index":"index","follow":"follow","max-snippet":"max-snippet:-1","max-image-preview":"max-image-preview:large","max-video-preview":"max-video-preview:-1"},"canonical":"https:\/\/hudo.com\/si\/aktualno\/v-zdravstveni-blagajni-letos-dodatnih-31-milijonov-evrov-se-ni-znano-za-kaj-jih-bomo-porabili\/","og_locale":"sl_SI","og_type":"article","og_title":"V zdravstveni blagajni letos dodatnih 31 milijonov evrov, a \u0161e ni znano, za kaj jih bomo porabili - Hudo Slovenija","og_description":"Ministrica za finance Mateja Vrani\u010dar Erman je koalicijo danes seznanila, da v zdravstveni blagajni letos pri\u010dakujejo dodatna sredstva. Za kaj jih bodo namenili, \u0161e niso dogovorjeni. Kot je povedala ministrica Milojka Kolar Celarc, gre za 31 milijonov evrov, in sicer za prihranke v zdravstveni blagajni v prvih mesecih in za trend vi\u0161jih prihodkov.","og_url":"https:\/\/hudo.com\/si\/aktualno\/v-zdravstveni-blagajni-letos-dodatnih-31-milijonov-evrov-se-ni-znano-za-kaj-jih-bomo-porabili\/","og_site_name":"Hudo Slovenija","article_publisher":"https:\/\/www.facebook.com\/hudo.si","article_published_time":"2018-04-12T11:16:24+00:00","og_image":[{"width":1250,"height":834,"url":"https:\/\/hudo.com\/si\/wp-content\/uploads\/sites\/2\/2017\/09\/profimedia-0070070202.jpg","type":"image\/jpeg"}],"author":"A. P., STA","twitter_card":"summary_large_image","twitter_creator":"@hudo_si","twitter_site":"@hudo_si","twitter_misc":{"Written by":"A. P., STA","Est. reading time":"2 minuti"},"schema":{"@context":"https:\/\/schema.org","@graph":[{"@type":"Article","@id":"https:\/\/hudo.com\/si\/aktualno\/v-zdravstveni-blagajni-letos-dodatnih-31-milijonov-evrov-se-ni-znano-za-kaj-jih-bomo-porabili\/#article","isPartOf":{"@id":"https:\/\/hudo.com\/si\/aktualno\/v-zdravstveni-blagajni-letos-dodatnih-31-milijonov-evrov-se-ni-znano-za-kaj-jih-bomo-porabili\/"},"author":{"name":"A. P., STA","@id":"https:\/\/hudo.com\/si\/#\/schema\/person\/18f09c02475ba9e606e941a565b80cff"},"headline":"V zdravstveni blagajni letos dodatnih 31 milijonov evrov, a \u0161e ni znano, za kaj jih bomo porabili","datePublished":"2018-04-12T11:16:24+00:00","dateModified":"2018-04-12T11:16:24+00:00","mainEntityOfPage":{"@id":"https:\/\/hudo.com\/si\/aktualno\/v-zdravstveni-blagajni-letos-dodatnih-31-milijonov-evrov-se-ni-znano-za-kaj-jih-bomo-porabili\/"},"wordCount":462,"publisher":{"@id":"https:\/\/hudo.com\/si\/#organization"},"keywords":["Mateja Vrani\u010dar Erman","Milojka Kolar Celarc","Slovenija","zdravstvo"],"articleSection":["Aktualno"],"inLanguage":"sl-SI"},{"@type":"WebPage","@id":"https:\/\/hudo.com\/si\/aktualno\/v-zdravstveni-blagajni-letos-dodatnih-31-milijonov-evrov-se-ni-znano-za-kaj-jih-bomo-porabili\/","url":"https:\/\/hudo.com\/si\/aktualno\/v-zdravstveni-blagajni-letos-dodatnih-31-milijonov-evrov-se-ni-znano-za-kaj-jih-bomo-porabili\/","name":"V zdravstveni blagajni letos dodatnih 31 milijonov evrov, a \u0161e ni znano, za kaj jih bomo porabili - Hudo Slovenija","isPartOf":{"@id":"https:\/\/hudo.com\/si\/#website"},"datePublished":"2018-04-12T11:16:24+00:00","dateModified":"2018-04-12T11:16:24+00:00","breadcrumb":{"@id":"https:\/\/hudo.com\/si\/aktualno\/v-zdravstveni-blagajni-letos-dodatnih-31-milijonov-evrov-se-ni-znano-za-kaj-jih-bomo-porabili\/#breadcrumb"},"inLanguage":"sl-SI","potentialAction":[{"@type":"ReadAction","target":["https:\/\/hudo.com\/si\/aktualno\/v-zdravstveni-blagajni-letos-dodatnih-31-milijonov-evrov-se-ni-znano-za-kaj-jih-bomo-porabili\/"]}]},{"@type":"BreadcrumbList","@id":"https:\/\/hudo.com\/si\/aktualno\/v-zdravstveni-blagajni-letos-dodatnih-31-milijonov-evrov-se-ni-znano-za-kaj-jih-bomo-porabili\/#breadcrumb","itemListElement":[{"@type":"ListItem","position":1,"name":"Home","item":"https:\/\/hudo.com\/si\/"},{"@type":"ListItem","position":2,"name":"V zdravstveni blagajni letos dodatnih 31 milijonov evrov, a \u0161e ni znano, za kaj jih bomo porabili"}]},{"@type":"WebSite","@id":"https:\/\/hudo.com\/si\/#website","url":"https:\/\/hudo.com\/si\/","name":"Hudo Slovenija","description":"Vse novice iz Slovenije in sveta","publisher":{"@id":"https:\/\/hudo.com\/si\/#organization"},"potentialAction":[{"@type":"SearchAction","target":{"@type":"EntryPoint","urlTemplate":"https:\/\/hudo.com\/si\/?s={search_term_string}"},"query-input":"required name=search_term_string"}],"inLanguage":"sl-SI"},{"@type":"Organization","@id":"https:\/\/hudo.com\/si\/#organization","name":"VSN Media","url":"https:\/\/hudo.com\/si\/","logo":{"@type":"ImageObject","inLanguage":"sl-SI","@id":"https:\/\/hudo.com\/si\/#\/schema\/logo\/image\/","url":"https:\/\/hudo.com\/si\/wp-content\/uploads\/sites\/2\/2021\/03\/hudo-app-2.png","contentUrl":"https:\/\/hudo.com\/si\/wp-content\/uploads\/sites\/2\/2021\/03\/hudo-app-2.png","width":2185,"height":2167,"caption":"VSN Media"},"image":{"@id":"https:\/\/hudo.com\/si\/#\/schema\/logo\/image\/"},"sameAs":["https:\/\/www.facebook.com\/hudo.si","https:\/\/twitter.com\/hudo_si"]},{"@type":"Person","@id":"https:\/\/hudo.com\/si\/#\/schema\/person\/18f09c02475ba9e606e941a565b80cff","name":"A. P., STA","image":{"@type":"ImageObject","inLanguage":"sl-SI","@id":"https:\/\/hudo.com\/si\/#\/schema\/person\/image\/","url":"https:\/\/secure.gravatar.com\/avatar\/03eac8e609f5f04383125d80eaeaaf3e?s=96&d=mm&r=g","contentUrl":"https:\/\/secure.gravatar.com\/avatar\/03eac8e609f5f04383125d80eaeaaf3e?s=96&d=mm&r=g","caption":"A. P., STA"},"url":"https:\/\/hudo.com\/si\/author\/lubu\/"}]}},"amp_enabled":true,"_links":{"self":[{"href":"https:\/\/hudo.com\/si\/wp-json\/wp\/v2\/posts\/368507"}],"collection":[{"href":"https:\/\/hudo.com\/si\/wp-json\/wp\/v2\/posts"}],"about":[{"href":"https:\/\/hudo.com\/si\/wp-json\/wp\/v2\/types\/post"}],"author":[{"embeddable":true,"href":"https:\/\/hudo.com\/si\/wp-json\/wp\/v2\/users\/7"}],"replies":[{"embeddable":true,"href":"https:\/\/hudo.com\/si\/wp-json\/wp\/v2\/comments?post=368507"}],"version-history":[{"count":1,"href":"https:\/\/hudo.com\/si\/wp-json\/wp\/v2\/posts\/368507\/revisions"}],"predecessor-version":[{"id":368508,"href":"https:\/\/hudo.com\/si\/wp-json\/wp\/v2\/posts\/368507\/revisions\/368508"}],"wp:featuredmedia":[{"embeddable":true,"href":"https:\/\/hudo.com\/si\/wp-json\/wp\/v2\/media\/303307"}],"wp:attachment":[{"href":"https:\/\/hudo.com\/si\/wp-json\/wp\/v2\/media?parent=368507"}],"wp:term":[{"taxonomy":"category","embeddable":true,"href":"https:\/\/hudo.com\/si\/wp-json\/wp\/v2\/categories?post=368507"},{"taxonomy":"post_tag","embeddable":true,"href":"https:\/\/hudo.com\/si\/wp-json\/wp\/v2\/tags?post=368507"},{"taxonomy":"source","embeddable":true,"href":"https:\/\/hudo.com\/si\/wp-json\/wp\/v2\/source?post=368507"},{"taxonomy":"supertag","embeddable":true,"href":"https:\/\/hudo.com\/si\/wp-json\/wp\/v2\/supertag?post=368507"}],"curies":[{"name":"wp","href":"https:\/\/api.w.org\/{rel}","templated":true}]}}