{"id":368584,"date":"2018-04-13T21:13:34","date_gmt":"2018-04-13T19:13:34","guid":{"rendered":"http:\/\/hudo.com\/si\/?p=368584"},"modified":"2018-04-13T21:13:34","modified_gmt":"2018-04-13T19:13:34","slug":"v-novem-izbruhu-nasilja-na-obmocju-gaze-nova-smrtna-zrtev-vec-ranjenih","status":"publish","type":"post","link":"https:\/\/hudo.com\/si\/aktualno\/v-novem-izbruhu-nasilja-na-obmocju-gaze-nova-smrtna-zrtev-vec-ranjenih\/","title":{"rendered":"V novem izbruhu nasilja na obmo\u010dju Gaze nova smrtna \u017ertev in ve\u010d ranjenih"},"content":{"rendered":"<p>Po navedbah izraelske vojske je pribli\u017eno deset tiso\u010d protestnikov na petih mestih po\u0161kodovalo ograjo in posku\u0161alo nasilno pre\u010dkati mejo. Prav tako naj bi protestniki proti meji metali eksplozivna sredstva. &#8220;Naloga vojakov je, da razbijejo demonstracije in streljajo v skladu z navodili,&#8221; je dejal tiskovni predstavnik izraelske vojske Jonathan Konrikus. Po navedbah palestinskega zdravstvenega ministrstva naj bi 175 Palestincev utrpelo strelne rane.<\/p>\n<p>Konec marca so na meji med Izraelom in Gazo izbruhnili protesti, v katerih je umrlo najmanj 34 Palestincev, ve\u010d kot tiso\u010d je ranjenih. V izraelski vojski sicer ocenjujejo, da gre pri ve\u010dini smrtnih \u017ertev za &#8220;teroriste&#8221;. Med drugim so sicer za terorista ozna\u010dili tudi preminulega novinarja Jasirja Murtad\u0161a, \u010digar smrt je spro\u017eila svetovno ogor\u010denje.<\/p>\n<p>Izrael tudi zavra\u010da o\u010ditke, da je zoper palestinske protestnike uporabil prekomerno silo. Kot so sporo\u010dili, njihovi vojaki streljalo le na tiste Palestince, ki posku\u0161ajo po\u0161kodovati ograjo na meji ali ogro\u017eajo njihove vojake. Prav tako zatrjujejo, da vojaki streljajo zgolj v noge.<\/p>\n<p>Mno\u017ei\u010dni protesti naj bi potekali vsak petek v obdobju \u0161estih tednov. Palestinci z njimi zahtevajo vrnitev palestinskih beguncev v svoje domove, ki si jih je prilastil Izrael. V prvih dveh petkovih protestih je protestiralo ve\u010d deset tiso\u010d Palestincev.<\/p>\n","protected":false},"excerpt":{"rendered":"<p>Na meji med Izraelom in Gazo so danes izbruhnili novi mno\u017ei\u010dni protesti, v katerih je umrl 28-letni Palestinec, ve\u010d kot 700 ljudi pa je ranjenih, med njimi deset \u010dlanov zdravstvenega osebja. Nekateri imajo strelne rane, drugi pa so utrpeli po\u0161kodbe zaradi solzivca. <\/p>\n","protected":false},"author":7,"featured_media":366779,"comment_status":"closed","ping_status":"closed","sticky":false,"template":"","format":"standard","meta":{"footnotes":""},"categories":[1179],"tags":[3493,5175],"source":[4511],"supertag":[],"acf":[],"yoast_head":"<!-- This site is optimized with the Yoast SEO plugin v21.3 - https:\/\/yoast.com\/wordpress\/plugins\/seo\/ -->\n<title>V novem izbruhu nasilja na obmo\u010dju Gaze nova smrtna \u017ertev in ve\u010d ranjenih - Hudo Slovenija<\/title>\n<meta name=\"robots\" content=\"index, follow, max-snippet:-1, max-image-preview:large, max-video-preview:-1\" \/>\n<link rel=\"canonical\" href=\"https:\/\/hudo.com\/si\/aktualno\/v-novem-izbruhu-nasilja-na-obmocju-gaze-nova-smrtna-zrtev-vec-ranjenih\/\" \/>\n<meta property=\"og:locale\" content=\"sl_SI\" \/>\n<meta property=\"og:type\" content=\"article\" \/>\n<meta property=\"og:title\" content=\"V novem izbruhu nasilja na obmo\u010dju Gaze nova smrtna \u017ertev in ve\u010d ranjenih - Hudo Slovenija\" \/>\n<meta property=\"og:description\" content=\"Na meji med Izraelom in Gazo so danes izbruhnili novi mno\u017ei\u010dni protesti, v katerih je umrl 28-letni Palestinec, ve\u010d kot 700 ljudi pa je ranjenih, med njimi deset \u010dlanov zdravstvenega osebja. Nekateri imajo strelne rane, drugi pa so utrpeli po\u0161kodbe zaradi solzivca.\" \/>\n<meta property=\"og:url\" content=\"https:\/\/hudo.com\/si\/aktualno\/v-novem-izbruhu-nasilja-na-obmocju-gaze-nova-smrtna-zrtev-vec-ranjenih\/\" \/>\n<meta property=\"og:site_name\" content=\"Hudo Slovenija\" \/>\n<meta property=\"article:publisher\" content=\"https:\/\/www.facebook.com\/hudo.si\" \/>\n<meta property=\"article:published_time\" content=\"2018-04-13T19:13:34+00:00\" \/>\n<meta property=\"og:image\" content=\"https:\/\/hudo.com\/si\/wp-content\/uploads\/sites\/2\/2018\/03\/profimedia-0254451671.jpg\" \/>\n\t<meta property=\"og:image:width\" content=\"1250\" \/>\n\t<meta property=\"og:image:height\" content=\"840\" \/>\n\t<meta property=\"og:image:type\" content=\"image\/jpeg\" \/>\n<meta name=\"author\" content=\"A. P., STA\" \/>\n<meta name=\"twitter:card\" content=\"summary_large_image\" \/>\n<meta name=\"twitter:creator\" content=\"@hudo_si\" \/>\n<meta name=\"twitter:site\" content=\"@hudo_si\" \/>\n<meta name=\"twitter:label1\" content=\"Written by\" \/>\n\t<meta name=\"twitter:data1\" content=\"A. P., STA\" \/>\n\t<meta name=\"twitter:label2\" content=\"Est. reading time\" \/>\n\t<meta name=\"twitter:data2\" content=\"1 minuta\" \/>\n<script type=\"application\/ld+json\" class=\"yoast-schema-graph\">{\"@context\":\"https:\/\/schema.org\",\"@graph\":[{\"@type\":\"Article\",\"@id\":\"https:\/\/hudo.com\/si\/aktualno\/v-novem-izbruhu-nasilja-na-obmocju-gaze-nova-smrtna-zrtev-vec-ranjenih\/#article\",\"isPartOf\":{\"@id\":\"https:\/\/hudo.com\/si\/aktualno\/v-novem-izbruhu-nasilja-na-obmocju-gaze-nova-smrtna-zrtev-vec-ranjenih\/\"},\"author\":{\"name\":\"A. P., STA\",\"@id\":\"https:\/\/hudo.com\/si\/#\/schema\/person\/18f09c02475ba9e606e941a565b80cff\"},\"headline\":\"V novem izbruhu nasilja na obmo\u010dju Gaze nova smrtna \u017ertev in ve\u010d ranjenih\",\"datePublished\":\"2018-04-13T19:13:34+00:00\",\"dateModified\":\"2018-04-13T19:13:34+00:00\",\"mainEntityOfPage\":{\"@id\":\"https:\/\/hudo.com\/si\/aktualno\/v-novem-izbruhu-nasilja-na-obmocju-gaze-nova-smrtna-zrtev-vec-ranjenih\/\"},\"wordCount\":223,\"publisher\":{\"@id\":\"https:\/\/hudo.com\/si\/#organization\"},\"keywords\":[\"Izrael\",\"Palestina\"],\"articleSection\":[\"Aktualno\"],\"inLanguage\":\"sl-SI\"},{\"@type\":\"WebPage\",\"@id\":\"https:\/\/hudo.com\/si\/aktualno\/v-novem-izbruhu-nasilja-na-obmocju-gaze-nova-smrtna-zrtev-vec-ranjenih\/\",\"url\":\"https:\/\/hudo.com\/si\/aktualno\/v-novem-izbruhu-nasilja-na-obmocju-gaze-nova-smrtna-zrtev-vec-ranjenih\/\",\"name\":\"V novem izbruhu nasilja na obmo\u010dju Gaze nova smrtna \u017ertev in ve\u010d ranjenih - Hudo Slovenija\",\"isPartOf\":{\"@id\":\"https:\/\/hudo.com\/si\/#website\"},\"datePublished\":\"2018-04-13T19:13:34+00:00\",\"dateModified\":\"2018-04-13T19:13:34+00:00\",\"breadcrumb\":{\"@id\":\"https:\/\/hudo.com\/si\/aktualno\/v-novem-izbruhu-nasilja-na-obmocju-gaze-nova-smrtna-zrtev-vec-ranjenih\/#breadcrumb\"},\"inLanguage\":\"sl-SI\",\"potentialAction\":[{\"@type\":\"ReadAction\",\"target\":[\"https:\/\/hudo.com\/si\/aktualno\/v-novem-izbruhu-nasilja-na-obmocju-gaze-nova-smrtna-zrtev-vec-ranjenih\/\"]}]},{\"@type\":\"BreadcrumbList\",\"@id\":\"https:\/\/hudo.com\/si\/aktualno\/v-novem-izbruhu-nasilja-na-obmocju-gaze-nova-smrtna-zrtev-vec-ranjenih\/#breadcrumb\",\"itemListElement\":[{\"@type\":\"ListItem\",\"position\":1,\"name\":\"Home\",\"item\":\"https:\/\/hudo.com\/si\/\"},{\"@type\":\"ListItem\",\"position\":2,\"name\":\"V novem izbruhu nasilja na obmo\u010dju Gaze nova smrtna \u017ertev in ve\u010d ranjenih\"}]},{\"@type\":\"WebSite\",\"@id\":\"https:\/\/hudo.com\/si\/#website\",\"url\":\"https:\/\/hudo.com\/si\/\",\"name\":\"Hudo Slovenija\",\"description\":\"Vse novice iz Slovenije in sveta\",\"publisher\":{\"@id\":\"https:\/\/hudo.com\/si\/#organization\"},\"potentialAction\":[{\"@type\":\"SearchAction\",\"target\":{\"@type\":\"EntryPoint\",\"urlTemplate\":\"https:\/\/hudo.com\/si\/?s={search_term_string}\"},\"query-input\":\"required name=search_term_string\"}],\"inLanguage\":\"sl-SI\"},{\"@type\":\"Organization\",\"@id\":\"https:\/\/hudo.com\/si\/#organization\",\"name\":\"VSN Media\",\"url\":\"https:\/\/hudo.com\/si\/\",\"logo\":{\"@type\":\"ImageObject\",\"inLanguage\":\"sl-SI\",\"@id\":\"https:\/\/hudo.com\/si\/#\/schema\/logo\/image\/\",\"url\":\"https:\/\/hudo.com\/si\/wp-content\/uploads\/sites\/2\/2021\/03\/hudo-app-2.png\",\"contentUrl\":\"https:\/\/hudo.com\/si\/wp-content\/uploads\/sites\/2\/2021\/03\/hudo-app-2.png\",\"width\":2185,\"height\":2167,\"caption\":\"VSN Media\"},\"image\":{\"@id\":\"https:\/\/hudo.com\/si\/#\/schema\/logo\/image\/\"},\"sameAs\":[\"https:\/\/www.facebook.com\/hudo.si\",\"https:\/\/twitter.com\/hudo_si\"]},{\"@type\":\"Person\",\"@id\":\"https:\/\/hudo.com\/si\/#\/schema\/person\/18f09c02475ba9e606e941a565b80cff\",\"name\":\"A. P., STA\",\"image\":{\"@type\":\"ImageObject\",\"inLanguage\":\"sl-SI\",\"@id\":\"https:\/\/hudo.com\/si\/#\/schema\/person\/image\/\",\"url\":\"https:\/\/secure.gravatar.com\/avatar\/03eac8e609f5f04383125d80eaeaaf3e?s=96&d=mm&r=g\",\"contentUrl\":\"https:\/\/secure.gravatar.com\/avatar\/03eac8e609f5f04383125d80eaeaaf3e?s=96&d=mm&r=g\",\"caption\":\"A. P., STA\"},\"url\":\"https:\/\/hudo.com\/si\/author\/lubu\/\"}]}<\/script>\n<!-- \/ Yoast SEO plugin. -->","yoast_head_json":{"title":"V novem izbruhu nasilja na obmo\u010dju Gaze nova smrtna \u017ertev in ve\u010d ranjenih - Hudo Slovenija","robots":{"index":"index","follow":"follow","max-snippet":"max-snippet:-1","max-image-preview":"max-image-preview:large","max-video-preview":"max-video-preview:-1"},"canonical":"https:\/\/hudo.com\/si\/aktualno\/v-novem-izbruhu-nasilja-na-obmocju-gaze-nova-smrtna-zrtev-vec-ranjenih\/","og_locale":"sl_SI","og_type":"article","og_title":"V novem izbruhu nasilja na obmo\u010dju Gaze nova smrtna \u017ertev in ve\u010d ranjenih - Hudo Slovenija","og_description":"Na meji med Izraelom in Gazo so danes izbruhnili novi mno\u017ei\u010dni protesti, v katerih je umrl 28-letni Palestinec, ve\u010d kot 700 ljudi pa je ranjenih, med njimi deset \u010dlanov zdravstvenega osebja. Nekateri imajo strelne rane, drugi pa so utrpeli po\u0161kodbe zaradi solzivca.","og_url":"https:\/\/hudo.com\/si\/aktualno\/v-novem-izbruhu-nasilja-na-obmocju-gaze-nova-smrtna-zrtev-vec-ranjenih\/","og_site_name":"Hudo Slovenija","article_publisher":"https:\/\/www.facebook.com\/hudo.si","article_published_time":"2018-04-13T19:13:34+00:00","og_image":[{"width":1250,"height":840,"url":"https:\/\/hudo.com\/si\/wp-content\/uploads\/sites\/2\/2018\/03\/profimedia-0254451671.jpg","type":"image\/jpeg"}],"author":"A. P., STA","twitter_card":"summary_large_image","twitter_creator":"@hudo_si","twitter_site":"@hudo_si","twitter_misc":{"Written by":"A. P., STA","Est. reading time":"1 minuta"},"schema":{"@context":"https:\/\/schema.org","@graph":[{"@type":"Article","@id":"https:\/\/hudo.com\/si\/aktualno\/v-novem-izbruhu-nasilja-na-obmocju-gaze-nova-smrtna-zrtev-vec-ranjenih\/#article","isPartOf":{"@id":"https:\/\/hudo.com\/si\/aktualno\/v-novem-izbruhu-nasilja-na-obmocju-gaze-nova-smrtna-zrtev-vec-ranjenih\/"},"author":{"name":"A. P., STA","@id":"https:\/\/hudo.com\/si\/#\/schema\/person\/18f09c02475ba9e606e941a565b80cff"},"headline":"V novem izbruhu nasilja na obmo\u010dju Gaze nova smrtna \u017ertev in ve\u010d ranjenih","datePublished":"2018-04-13T19:13:34+00:00","dateModified":"2018-04-13T19:13:34+00:00","mainEntityOfPage":{"@id":"https:\/\/hudo.com\/si\/aktualno\/v-novem-izbruhu-nasilja-na-obmocju-gaze-nova-smrtna-zrtev-vec-ranjenih\/"},"wordCount":223,"publisher":{"@id":"https:\/\/hudo.com\/si\/#organization"},"keywords":["Izrael","Palestina"],"articleSection":["Aktualno"],"inLanguage":"sl-SI"},{"@type":"WebPage","@id":"https:\/\/hudo.com\/si\/aktualno\/v-novem-izbruhu-nasilja-na-obmocju-gaze-nova-smrtna-zrtev-vec-ranjenih\/","url":"https:\/\/hudo.com\/si\/aktualno\/v-novem-izbruhu-nasilja-na-obmocju-gaze-nova-smrtna-zrtev-vec-ranjenih\/","name":"V novem izbruhu nasilja na obmo\u010dju Gaze nova smrtna \u017ertev in ve\u010d ranjenih - Hudo Slovenija","isPartOf":{"@id":"https:\/\/hudo.com\/si\/#website"},"datePublished":"2018-04-13T19:13:34+00:00","dateModified":"2018-04-13T19:13:34+00:00","breadcrumb":{"@id":"https:\/\/hudo.com\/si\/aktualno\/v-novem-izbruhu-nasilja-na-obmocju-gaze-nova-smrtna-zrtev-vec-ranjenih\/#breadcrumb"},"inLanguage":"sl-SI","potentialAction":[{"@type":"ReadAction","target":["https:\/\/hudo.com\/si\/aktualno\/v-novem-izbruhu-nasilja-na-obmocju-gaze-nova-smrtna-zrtev-vec-ranjenih\/"]}]},{"@type":"BreadcrumbList","@id":"https:\/\/hudo.com\/si\/aktualno\/v-novem-izbruhu-nasilja-na-obmocju-gaze-nova-smrtna-zrtev-vec-ranjenih\/#breadcrumb","itemListElement":[{"@type":"ListItem","position":1,"name":"Home","item":"https:\/\/hudo.com\/si\/"},{"@type":"ListItem","position":2,"name":"V novem izbruhu nasilja na obmo\u010dju Gaze nova smrtna \u017ertev in ve\u010d ranjenih"}]},{"@type":"WebSite","@id":"https:\/\/hudo.com\/si\/#website","url":"https:\/\/hudo.com\/si\/","name":"Hudo Slovenija","description":"Vse novice iz Slovenije in sveta","publisher":{"@id":"https:\/\/hudo.com\/si\/#organization"},"potentialAction":[{"@type":"SearchAction","target":{"@type":"EntryPoint","urlTemplate":"https:\/\/hudo.com\/si\/?s={search_term_string}"},"query-input":"required name=search_term_string"}],"inLanguage":"sl-SI"},{"@type":"Organization","@id":"https:\/\/hudo.com\/si\/#organization","name":"VSN Media","url":"https:\/\/hudo.com\/si\/","logo":{"@type":"ImageObject","inLanguage":"sl-SI","@id":"https:\/\/hudo.com\/si\/#\/schema\/logo\/image\/","url":"https:\/\/hudo.com\/si\/wp-content\/uploads\/sites\/2\/2021\/03\/hudo-app-2.png","contentUrl":"https:\/\/hudo.com\/si\/wp-content\/uploads\/sites\/2\/2021\/03\/hudo-app-2.png","width":2185,"height":2167,"caption":"VSN Media"},"image":{"@id":"https:\/\/hudo.com\/si\/#\/schema\/logo\/image\/"},"sameAs":["https:\/\/www.facebook.com\/hudo.si","https:\/\/twitter.com\/hudo_si"]},{"@type":"Person","@id":"https:\/\/hudo.com\/si\/#\/schema\/person\/18f09c02475ba9e606e941a565b80cff","name":"A. P., STA","image":{"@type":"ImageObject","inLanguage":"sl-SI","@id":"https:\/\/hudo.com\/si\/#\/schema\/person\/image\/","url":"https:\/\/secure.gravatar.com\/avatar\/03eac8e609f5f04383125d80eaeaaf3e?s=96&d=mm&r=g","contentUrl":"https:\/\/secure.gravatar.com\/avatar\/03eac8e609f5f04383125d80eaeaaf3e?s=96&d=mm&r=g","caption":"A. P., STA"},"url":"https:\/\/hudo.com\/si\/author\/lubu\/"}]}},"amp_enabled":true,"_links":{"self":[{"href":"https:\/\/hudo.com\/si\/wp-json\/wp\/v2\/posts\/368584"}],"collection":[{"href":"https:\/\/hudo.com\/si\/wp-json\/wp\/v2\/posts"}],"about":[{"href":"https:\/\/hudo.com\/si\/wp-json\/wp\/v2\/types\/post"}],"author":[{"embeddable":true,"href":"https:\/\/hudo.com\/si\/wp-json\/wp\/v2\/users\/7"}],"replies":[{"embeddable":true,"href":"https:\/\/hudo.com\/si\/wp-json\/wp\/v2\/comments?post=368584"}],"version-history":[{"count":1,"href":"https:\/\/hudo.com\/si\/wp-json\/wp\/v2\/posts\/368584\/revisions"}],"predecessor-version":[{"id":368585,"href":"https:\/\/hudo.com\/si\/wp-json\/wp\/v2\/posts\/368584\/revisions\/368585"}],"wp:featuredmedia":[{"embeddable":true,"href":"https:\/\/hudo.com\/si\/wp-json\/wp\/v2\/media\/366779"}],"wp:attachment":[{"href":"https:\/\/hudo.com\/si\/wp-json\/wp\/v2\/media?parent=368584"}],"wp:term":[{"taxonomy":"category","embeddable":true,"href":"https:\/\/hudo.com\/si\/wp-json\/wp\/v2\/categories?post=368584"},{"taxonomy":"post_tag","embeddable":true,"href":"https:\/\/hudo.com\/si\/wp-json\/wp\/v2\/tags?post=368584"},{"taxonomy":"source","embeddable":true,"href":"https:\/\/hudo.com\/si\/wp-json\/wp\/v2\/source?post=368584"},{"taxonomy":"supertag","embeddable":true,"href":"https:\/\/hudo.com\/si\/wp-json\/wp\/v2\/supertag?post=368584"}],"curies":[{"name":"wp","href":"https:\/\/api.w.org\/{rel}","templated":true}]}}