{"id":368810,"date":"2018-04-18T16:56:51","date_gmt":"2018-04-18T14:56:51","guid":{"rendered":"http:\/\/hudo.com\/si\/?p=368810"},"modified":"2018-04-18T16:56:51","modified_gmt":"2018-04-18T14:56:51","slug":"skoraj-60-odstotkov-francozov-nezadovoljnih-z-macronovim-delom","status":"publish","type":"post","link":"https:\/\/hudo.com\/si\/aktualno\/skoraj-60-odstotkov-francozov-nezadovoljnih-z-macronovim-delom\/","title":{"rendered":"Skoraj 60 odstotkov Francozov nezadovoljnih z Macronovim delom"},"content":{"rendered":"<p>Macron, ki je predsedovanje Franciji prevzel maja lani, si je jezo francoskih volivcev nakopal predvsem s svojimi reformami, med drugim dr\u017eavnih \u017eeleznic ter pravosodnega in izobra\u017eevalnega sistema, poro\u010da francoska tiskovna agencija AFP.<\/p>\n<p>Medtem se 57 odstotkov vpra\u0161anih strinja, da Macron dr\u017ei obljube iz volilne kampanje, v kateri je napovedal, da bo Francija pod njegovim vodstvom bolj konkuren\u010dna.<\/p>\n<p>V zunanji politiki je bil Macron precej odlo\u010den, tako glede Bli\u017enjega vzhoda kot na podro\u010dju podnebne politike, kar so ljudje ocenili pozitivno. 67 odstotkov vpra\u0161anih namre\u010d meni, da je njegovo strastno zagovarjanje EU pozitivno za francoske odnose z unijo. 63 odstotkov ljudi pa meni, da se je pod njegovim vodstvom izbolj\u0161ala podoba Francije v tujini.<\/p>\n<p>Poslu naklonjen predsednik je po mnenju 56 odstotkov Francozov pospe\u0161il gospodarsko rast in pove\u010dal zanimivost Francije za investicije, kar je bila posledica pozitivnih gospodarskih kazalcev.<\/p>\n<p>Jih pa medtem samo 27 odstotkov podpira vi\u0161je davke za upokojence, 18 odstotkov pa jih meni, da je Macron izbolj\u0161al francosko zdravstvo.<\/p>\n<p>30 odstotkov se jih je strinjalo, da se predsednik zaveda skrbi dr\u017eavljanov Francije. Levi\u010darski politiki so mu denimo o\u010ditali, da je zaradi ni\u017eanja davkov za bogate &#8220;predsednik bogatih&#8221;.<\/p>\n","protected":false},"excerpt":{"rendered":"<p>Z delom francoskega predsednika Emmanuela Macrona je skoraj leto dni po njegovem prihodu na oblast nezadovoljnih 58 odstotkov francoskih volivcev, ka\u017eejo rezultati ankete in\u0161tituta Ifop-Fiducial. Dr\u017eavo v zadnjem \u010dasu pretresajo stavke uslu\u017ebencev francoskih \u017eeleznic in javnega sektorja ter tudi protesti \u0161tudentov.<\/p>\n","protected":false},"author":8,"featured_media":313344,"comment_status":"closed","ping_status":"closed","sticky":false,"template":"","format":"standard","meta":{"footnotes":""},"categories":[1179],"tags":[8549,2018],"source":[4511],"supertag":[6103],"acf":[],"yoast_head":"<!-- This site is optimized with the Yoast SEO plugin v21.3 - https:\/\/yoast.com\/wordpress\/plugins\/seo\/ -->\n<title>Skoraj 60 odstotkov Francozov nezadovoljnih z Macronovim delom - Hudo Slovenija<\/title>\n<meta name=\"robots\" content=\"index, follow, max-snippet:-1, max-image-preview:large, max-video-preview:-1\" \/>\n<link rel=\"canonical\" href=\"https:\/\/hudo.com\/si\/aktualno\/skoraj-60-odstotkov-francozov-nezadovoljnih-z-macronovim-delom\/\" \/>\n<meta property=\"og:locale\" content=\"sl_SI\" \/>\n<meta property=\"og:type\" content=\"article\" \/>\n<meta property=\"og:title\" content=\"Skoraj 60 odstotkov Francozov nezadovoljnih z Macronovim delom - Hudo Slovenija\" \/>\n<meta property=\"og:description\" content=\"Z delom francoskega predsednika Emmanuela Macrona je skoraj leto dni po njegovem prihodu na oblast nezadovoljnih 58 odstotkov francoskih volivcev, ka\u017eejo rezultati ankete in\u0161tituta Ifop-Fiducial. Dr\u017eavo v zadnjem \u010dasu pretresajo stavke uslu\u017ebencev francoskih \u017eeleznic in javnega sektorja ter tudi protesti \u0161tudentov.\" \/>\n<meta property=\"og:url\" content=\"https:\/\/hudo.com\/si\/aktualno\/skoraj-60-odstotkov-francozov-nezadovoljnih-z-macronovim-delom\/\" \/>\n<meta property=\"og:site_name\" content=\"Hudo Slovenija\" \/>\n<meta property=\"article:publisher\" content=\"https:\/\/www.facebook.com\/hudo.si\" \/>\n<meta property=\"article:published_time\" content=\"2018-04-18T14:56:51+00:00\" \/>\n<meta property=\"og:image\" content=\"https:\/\/hudo.com\/si\/wp-content\/uploads\/sites\/2\/2017\/10\/profimedia-0347705706.jpg\" \/>\n\t<meta property=\"og:image:width\" content=\"1250\" \/>\n\t<meta property=\"og:image:height\" content=\"833\" \/>\n\t<meta property=\"og:image:type\" content=\"image\/jpeg\" \/>\n<meta name=\"author\" content=\"M. N., STA\" \/>\n<meta name=\"twitter:card\" content=\"summary_large_image\" \/>\n<meta name=\"twitter:creator\" content=\"@hudo_si\" \/>\n<meta name=\"twitter:site\" content=\"@hudo_si\" \/>\n<meta name=\"twitter:label1\" content=\"Written by\" \/>\n\t<meta name=\"twitter:data1\" content=\"M. N., STA\" \/>\n\t<meta name=\"twitter:label2\" content=\"Est. reading time\" \/>\n\t<meta name=\"twitter:data2\" content=\"1 minuta\" \/>\n<script type=\"application\/ld+json\" class=\"yoast-schema-graph\">{\"@context\":\"https:\/\/schema.org\",\"@graph\":[{\"@type\":\"Article\",\"@id\":\"https:\/\/hudo.com\/si\/aktualno\/skoraj-60-odstotkov-francozov-nezadovoljnih-z-macronovim-delom\/#article\",\"isPartOf\":{\"@id\":\"https:\/\/hudo.com\/si\/aktualno\/skoraj-60-odstotkov-francozov-nezadovoljnih-z-macronovim-delom\/\"},\"author\":{\"name\":\"M. N., STA\",\"@id\":\"https:\/\/hudo.com\/si\/#\/schema\/person\/c2f10ce65d2e6ede2aeda5be2a0611fa\"},\"headline\":\"Skoraj 60 odstotkov Francozov nezadovoljnih z Macronovim delom\",\"datePublished\":\"2018-04-18T14:56:51+00:00\",\"dateModified\":\"2018-04-18T14:56:51+00:00\",\"mainEntityOfPage\":{\"@id\":\"https:\/\/hudo.com\/si\/aktualno\/skoraj-60-odstotkov-francozov-nezadovoljnih-z-macronovim-delom\/\"},\"wordCount\":206,\"publisher\":{\"@id\":\"https:\/\/hudo.com\/si\/#organization\"},\"keywords\":[\"Emmanuel Macron\",\"francija\"],\"articleSection\":[\"Aktualno\"],\"inLanguage\":\"sl-SI\"},{\"@type\":\"WebPage\",\"@id\":\"https:\/\/hudo.com\/si\/aktualno\/skoraj-60-odstotkov-francozov-nezadovoljnih-z-macronovim-delom\/\",\"url\":\"https:\/\/hudo.com\/si\/aktualno\/skoraj-60-odstotkov-francozov-nezadovoljnih-z-macronovim-delom\/\",\"name\":\"Skoraj 60 odstotkov Francozov nezadovoljnih z Macronovim delom - Hudo Slovenija\",\"isPartOf\":{\"@id\":\"https:\/\/hudo.com\/si\/#website\"},\"datePublished\":\"2018-04-18T14:56:51+00:00\",\"dateModified\":\"2018-04-18T14:56:51+00:00\",\"breadcrumb\":{\"@id\":\"https:\/\/hudo.com\/si\/aktualno\/skoraj-60-odstotkov-francozov-nezadovoljnih-z-macronovim-delom\/#breadcrumb\"},\"inLanguage\":\"sl-SI\",\"potentialAction\":[{\"@type\":\"ReadAction\",\"target\":[\"https:\/\/hudo.com\/si\/aktualno\/skoraj-60-odstotkov-francozov-nezadovoljnih-z-macronovim-delom\/\"]}]},{\"@type\":\"BreadcrumbList\",\"@id\":\"https:\/\/hudo.com\/si\/aktualno\/skoraj-60-odstotkov-francozov-nezadovoljnih-z-macronovim-delom\/#breadcrumb\",\"itemListElement\":[{\"@type\":\"ListItem\",\"position\":1,\"name\":\"Home\",\"item\":\"https:\/\/hudo.com\/si\/\"},{\"@type\":\"ListItem\",\"position\":2,\"name\":\"Skoraj 60 odstotkov Francozov nezadovoljnih z Macronovim delom\"}]},{\"@type\":\"WebSite\",\"@id\":\"https:\/\/hudo.com\/si\/#website\",\"url\":\"https:\/\/hudo.com\/si\/\",\"name\":\"Hudo Slovenija\",\"description\":\"Vse novice iz Slovenije in sveta\",\"publisher\":{\"@id\":\"https:\/\/hudo.com\/si\/#organization\"},\"potentialAction\":[{\"@type\":\"SearchAction\",\"target\":{\"@type\":\"EntryPoint\",\"urlTemplate\":\"https:\/\/hudo.com\/si\/?s={search_term_string}\"},\"query-input\":\"required name=search_term_string\"}],\"inLanguage\":\"sl-SI\"},{\"@type\":\"Organization\",\"@id\":\"https:\/\/hudo.com\/si\/#organization\",\"name\":\"VSN Media\",\"url\":\"https:\/\/hudo.com\/si\/\",\"logo\":{\"@type\":\"ImageObject\",\"inLanguage\":\"sl-SI\",\"@id\":\"https:\/\/hudo.com\/si\/#\/schema\/logo\/image\/\",\"url\":\"https:\/\/hudo.com\/si\/wp-content\/uploads\/sites\/2\/2021\/03\/hudo-app-2.png\",\"contentUrl\":\"https:\/\/hudo.com\/si\/wp-content\/uploads\/sites\/2\/2021\/03\/hudo-app-2.png\",\"width\":2185,\"height\":2167,\"caption\":\"VSN Media\"},\"image\":{\"@id\":\"https:\/\/hudo.com\/si\/#\/schema\/logo\/image\/\"},\"sameAs\":[\"https:\/\/www.facebook.com\/hudo.si\",\"https:\/\/twitter.com\/hudo_si\"]},{\"@type\":\"Person\",\"@id\":\"https:\/\/hudo.com\/si\/#\/schema\/person\/c2f10ce65d2e6ede2aeda5be2a0611fa\",\"name\":\"M. N., STA\",\"image\":{\"@type\":\"ImageObject\",\"inLanguage\":\"sl-SI\",\"@id\":\"https:\/\/hudo.com\/si\/#\/schema\/person\/image\/\",\"url\":\"https:\/\/secure.gravatar.com\/avatar\/f370d38daa10467f755c5c766a4cac20?s=96&d=mm&r=g\",\"contentUrl\":\"https:\/\/secure.gravatar.com\/avatar\/f370d38daa10467f755c5c766a4cac20?s=96&d=mm&r=g\",\"caption\":\"M. N., STA\"},\"url\":\"https:\/\/hudo.com\/si\/author\/mana\/\"}]}<\/script>\n<!-- \/ Yoast SEO plugin. -->","yoast_head_json":{"title":"Skoraj 60 odstotkov Francozov nezadovoljnih z Macronovim delom - Hudo Slovenija","robots":{"index":"index","follow":"follow","max-snippet":"max-snippet:-1","max-image-preview":"max-image-preview:large","max-video-preview":"max-video-preview:-1"},"canonical":"https:\/\/hudo.com\/si\/aktualno\/skoraj-60-odstotkov-francozov-nezadovoljnih-z-macronovim-delom\/","og_locale":"sl_SI","og_type":"article","og_title":"Skoraj 60 odstotkov Francozov nezadovoljnih z Macronovim delom - Hudo Slovenija","og_description":"Z delom francoskega predsednika Emmanuela Macrona je skoraj leto dni po njegovem prihodu na oblast nezadovoljnih 58 odstotkov francoskih volivcev, ka\u017eejo rezultati ankete in\u0161tituta Ifop-Fiducial. Dr\u017eavo v zadnjem \u010dasu pretresajo stavke uslu\u017ebencev francoskih \u017eeleznic in javnega sektorja ter tudi protesti \u0161tudentov.","og_url":"https:\/\/hudo.com\/si\/aktualno\/skoraj-60-odstotkov-francozov-nezadovoljnih-z-macronovim-delom\/","og_site_name":"Hudo Slovenija","article_publisher":"https:\/\/www.facebook.com\/hudo.si","article_published_time":"2018-04-18T14:56:51+00:00","og_image":[{"width":1250,"height":833,"url":"https:\/\/hudo.com\/si\/wp-content\/uploads\/sites\/2\/2017\/10\/profimedia-0347705706.jpg","type":"image\/jpeg"}],"author":"M. N., STA","twitter_card":"summary_large_image","twitter_creator":"@hudo_si","twitter_site":"@hudo_si","twitter_misc":{"Written by":"M. N., STA","Est. reading time":"1 minuta"},"schema":{"@context":"https:\/\/schema.org","@graph":[{"@type":"Article","@id":"https:\/\/hudo.com\/si\/aktualno\/skoraj-60-odstotkov-francozov-nezadovoljnih-z-macronovim-delom\/#article","isPartOf":{"@id":"https:\/\/hudo.com\/si\/aktualno\/skoraj-60-odstotkov-francozov-nezadovoljnih-z-macronovim-delom\/"},"author":{"name":"M. N., STA","@id":"https:\/\/hudo.com\/si\/#\/schema\/person\/c2f10ce65d2e6ede2aeda5be2a0611fa"},"headline":"Skoraj 60 odstotkov Francozov nezadovoljnih z Macronovim delom","datePublished":"2018-04-18T14:56:51+00:00","dateModified":"2018-04-18T14:56:51+00:00","mainEntityOfPage":{"@id":"https:\/\/hudo.com\/si\/aktualno\/skoraj-60-odstotkov-francozov-nezadovoljnih-z-macronovim-delom\/"},"wordCount":206,"publisher":{"@id":"https:\/\/hudo.com\/si\/#organization"},"keywords":["Emmanuel Macron","francija"],"articleSection":["Aktualno"],"inLanguage":"sl-SI"},{"@type":"WebPage","@id":"https:\/\/hudo.com\/si\/aktualno\/skoraj-60-odstotkov-francozov-nezadovoljnih-z-macronovim-delom\/","url":"https:\/\/hudo.com\/si\/aktualno\/skoraj-60-odstotkov-francozov-nezadovoljnih-z-macronovim-delom\/","name":"Skoraj 60 odstotkov Francozov nezadovoljnih z Macronovim delom - Hudo Slovenija","isPartOf":{"@id":"https:\/\/hudo.com\/si\/#website"},"datePublished":"2018-04-18T14:56:51+00:00","dateModified":"2018-04-18T14:56:51+00:00","breadcrumb":{"@id":"https:\/\/hudo.com\/si\/aktualno\/skoraj-60-odstotkov-francozov-nezadovoljnih-z-macronovim-delom\/#breadcrumb"},"inLanguage":"sl-SI","potentialAction":[{"@type":"ReadAction","target":["https:\/\/hudo.com\/si\/aktualno\/skoraj-60-odstotkov-francozov-nezadovoljnih-z-macronovim-delom\/"]}]},{"@type":"BreadcrumbList","@id":"https:\/\/hudo.com\/si\/aktualno\/skoraj-60-odstotkov-francozov-nezadovoljnih-z-macronovim-delom\/#breadcrumb","itemListElement":[{"@type":"ListItem","position":1,"name":"Home","item":"https:\/\/hudo.com\/si\/"},{"@type":"ListItem","position":2,"name":"Skoraj 60 odstotkov Francozov nezadovoljnih z Macronovim delom"}]},{"@type":"WebSite","@id":"https:\/\/hudo.com\/si\/#website","url":"https:\/\/hudo.com\/si\/","name":"Hudo Slovenija","description":"Vse novice iz Slovenije in sveta","publisher":{"@id":"https:\/\/hudo.com\/si\/#organization"},"potentialAction":[{"@type":"SearchAction","target":{"@type":"EntryPoint","urlTemplate":"https:\/\/hudo.com\/si\/?s={search_term_string}"},"query-input":"required name=search_term_string"}],"inLanguage":"sl-SI"},{"@type":"Organization","@id":"https:\/\/hudo.com\/si\/#organization","name":"VSN Media","url":"https:\/\/hudo.com\/si\/","logo":{"@type":"ImageObject","inLanguage":"sl-SI","@id":"https:\/\/hudo.com\/si\/#\/schema\/logo\/image\/","url":"https:\/\/hudo.com\/si\/wp-content\/uploads\/sites\/2\/2021\/03\/hudo-app-2.png","contentUrl":"https:\/\/hudo.com\/si\/wp-content\/uploads\/sites\/2\/2021\/03\/hudo-app-2.png","width":2185,"height":2167,"caption":"VSN Media"},"image":{"@id":"https:\/\/hudo.com\/si\/#\/schema\/logo\/image\/"},"sameAs":["https:\/\/www.facebook.com\/hudo.si","https:\/\/twitter.com\/hudo_si"]},{"@type":"Person","@id":"https:\/\/hudo.com\/si\/#\/schema\/person\/c2f10ce65d2e6ede2aeda5be2a0611fa","name":"M. N., STA","image":{"@type":"ImageObject","inLanguage":"sl-SI","@id":"https:\/\/hudo.com\/si\/#\/schema\/person\/image\/","url":"https:\/\/secure.gravatar.com\/avatar\/f370d38daa10467f755c5c766a4cac20?s=96&d=mm&r=g","contentUrl":"https:\/\/secure.gravatar.com\/avatar\/f370d38daa10467f755c5c766a4cac20?s=96&d=mm&r=g","caption":"M. N., STA"},"url":"https:\/\/hudo.com\/si\/author\/mana\/"}]}},"amp_enabled":true,"_links":{"self":[{"href":"https:\/\/hudo.com\/si\/wp-json\/wp\/v2\/posts\/368810"}],"collection":[{"href":"https:\/\/hudo.com\/si\/wp-json\/wp\/v2\/posts"}],"about":[{"href":"https:\/\/hudo.com\/si\/wp-json\/wp\/v2\/types\/post"}],"author":[{"embeddable":true,"href":"https:\/\/hudo.com\/si\/wp-json\/wp\/v2\/users\/8"}],"replies":[{"embeddable":true,"href":"https:\/\/hudo.com\/si\/wp-json\/wp\/v2\/comments?post=368810"}],"version-history":[{"count":1,"href":"https:\/\/hudo.com\/si\/wp-json\/wp\/v2\/posts\/368810\/revisions"}],"predecessor-version":[{"id":368811,"href":"https:\/\/hudo.com\/si\/wp-json\/wp\/v2\/posts\/368810\/revisions\/368811"}],"wp:featuredmedia":[{"embeddable":true,"href":"https:\/\/hudo.com\/si\/wp-json\/wp\/v2\/media\/313344"}],"wp:attachment":[{"href":"https:\/\/hudo.com\/si\/wp-json\/wp\/v2\/media?parent=368810"}],"wp:term":[{"taxonomy":"category","embeddable":true,"href":"https:\/\/hudo.com\/si\/wp-json\/wp\/v2\/categories?post=368810"},{"taxonomy":"post_tag","embeddable":true,"href":"https:\/\/hudo.com\/si\/wp-json\/wp\/v2\/tags?post=368810"},{"taxonomy":"source","embeddable":true,"href":"https:\/\/hudo.com\/si\/wp-json\/wp\/v2\/source?post=368810"},{"taxonomy":"supertag","embeddable":true,"href":"https:\/\/hudo.com\/si\/wp-json\/wp\/v2\/supertag?post=368810"}],"curies":[{"name":"wp","href":"https:\/\/api.w.org\/{rel}","templated":true}]}}