{"id":369013,"date":"2018-04-23T13:01:53","date_gmt":"2018-04-23T11:01:53","guid":{"rendered":"http:\/\/hudo.com\/si\/?p=369013"},"modified":"2018-04-23T13:01:53","modified_gmt":"2018-04-23T11:01:53","slug":"evropska-komisija-bo-v-ljubljani-predstavila-strateske-usmeritve-na-podrocju-prometa","status":"publish","type":"post","link":"https:\/\/hudo.com\/si\/aktualno\/evropska-komisija-bo-v-ljubljani-predstavila-strateske-usmeritve-na-podrocju-prometa\/","title":{"rendered":"Evropska komisija bo v Ljubljani predstavila strate\u0161ke usmeritve na podro\u010dju prometa"},"content":{"rendered":"<p>Bul\u010deva je izrazila zadovoljstvo, da dogodek, ki ga komisija organizira vsaki dve leti, letos gosti nekdanja zelena prestolnica Evrope, &#8220;ki na vseh korakih demonstrira glavne smernice evropskega prometa&#8221;.<\/p>\n<p>Letos bo dogodek prvi\u010d trajal tri dni, udele\u017eenci pa se bodo vsebinsko osredoto\u010dili na \u010disto, trajnostno, vklju\u010dujo\u010do in varno mobilnost. Po besedah Bul\u010deve bodo \u0161e posebej izpostavili nalo\u017ebe v prometno povezljivost, predvsem v multimodalnost.<\/p>\n<p>&#8220;Letos je v EU tudi leto multimodalnosti in se pripravljamo na to, da postavimo temelje za prihodnje integrirane storitve, kot sta integrirana vozovnica ali integrirane logisti\u010dne storitve,&#8221; je pojasnila komisarka.<\/p>\n<p>Na TEN-T dnevih bo zastopanih vseh 28 dr\u017eav \u010dlanic EU, inovativna podjetja, Evropska investicijska banka, druge javne finan\u010dne institucije, zasebni vlagatelji in tudi civilna dru\u017eba, je pojasnila Bul\u010deva in dodala, da bo prvi\u010d poskrbljeno tudi za startup skupnost.<\/p>\n<p>Konference se bo udele\u017eilo tudi ve\u010d predstavnikov Evropske komisije, med drugim podpredsednik Maro\u0161 \u0160ef\u010dovi\u010d, komisar za prora\u010dun in \u010dlove\u0161ke vire G\u00fcnther Oettinger in komisarka za regionalno politiko Corina Cretu.<\/p>\n<p>Osrednja politi\u010dna to\u010dka prvega dne bo ministrski sestanek z dr\u017eavami Zahodnega Balkana in Tur\u010dije, ju\u017enega Sredozemlja ter dr\u017eav vzhodnega partnerstva. Cilj tega sre\u010danja je po besedah Bul\u010deve spodbujati usklajeno prometno povezljivost med EU in sosedami ter izbolj\u0161ati procese in standardizacijo dokumentacije, ki je vezana na mejne prehode. Druga tema bo Vizija 0 s podro\u010dja varnosti v cestnem prometu.<\/p>\n<p>V sklopu konference bo prvi dan na sejmi\u0161\u010du svoje vizije o mobilnosti predstavilo ve\u010d kot 100 podjetnikov.<\/p>\n<p>\u010cetrtek bo namenjen predvsem medstrukturnemu sodelovanju in sre\u010danju evropskih institucij. &#8220;Beseda bo tekla predvsem o nadaljnjih strategijah med prometom, energetiko in digitalno povezljivosti. Te nalo\u017ebe bodo prednostne v naslednjem finan\u010dnem obdobju,&#8221; je pojasnila komisarka.<\/p>\n<p>Na podlagi te razprave bo po njenih besedah nastal tudi eden vodilnih dokumentov za nadaljnjo obdobje na podro\u010dju nalo\u017ebe, t.i. Ljubljanska izjava, ki jo bodo podpisale vse dr\u017eave \u010dlanice in bo vezana na nalo\u017ebe v pametno, trajno, zeleno in varno mobilnost.<\/p>\n<p>Najbolj &#8220;\u017ego\u010de&#8221; teme se bodo udele\u017eenci lotili v petek, in sicer investicij v prometno infrastrukturo in prometno mobilnost. Komisar Oettinger bo pojasnil okviren koncept financiranja, ki pa bo uradno predstavljen 2. maja, podrobnej\u0161a razlaga dokumenta pa bo sledila 6. junija.<\/p>\n<p>Komisarka je trenutno finan\u010dno obdobje ozna\u010dila za uspe\u0161no, k \u010demur je prispeval mo\u010dan gospodarski impulz, ki ga EU trenutno ima. &#8220;Smo najmo\u010dnej\u0161e svetovno gospodarstvo, v zadnjih dveh letih pa smo pritegnili dale\u010d najve\u010d tujih investicij in precej presegli ZDA, zaenkrat smo tudi najbolj varna investicijska destinacija na globalni sceni,&#8221; je poudarila.<\/p>\n<p>V Bruslju ra\u010dunajo, da bodo v obdobju 2021-2030 zaklju\u010dili investicije v vseh glavnih devetih koridorjih, za kar bo po oceni Bul\u010deve potrebnih dodatnih 500 milijard evrov. Med glavnimi manjkajo\u010dimi projekti manjkajo \u0161e predor med Torinom in Lyonom, predor Brenner, most med Dansko in Nem\u010dijo, \u017eelezni\u0161ka povezava vseh baltskih dr\u017eav, pa tudi drugi tir.<\/p>\n<p>Razvoj slednjega na komisiji po besedah Bel\u010deve pozorno spremljajo, ker je povezava pomembna tudi za Evropo. \u010ce tu ne bo povezave do Jadranskega morja, potem bo treba konfiguracijo koridorja spremeniti in bodo morale vsko\u010diti Hrva\u0161ka ali Avstrija in Italija, da bomo zadovoljili potrebe centralne Evrope, je opozorila.<\/p>\n","protected":false},"excerpt":{"rendered":"<p>Ljubljana bo od srede do petka gostila TEN-T dneve, ki predstavljajo najpomembnej\u0161i dogodek na temo prometa v organizaciji Evropske komisije. Na tem dogodku komisija namre\u010d naznani strate\u0161ke usmeritve in glavne finan\u010dne okvire za naprej, po besedah komisarke Violete Bulc pa predstavlja tudi odli\u010den poligon za razvoj dobrih odnosov s sosedami.<\/p>\n","protected":false},"author":7,"featured_media":369017,"comment_status":"closed","ping_status":"closed","sticky":false,"template":"","format":"standard","meta":{"footnotes":""},"categories":[1179],"tags":[4545,5622,4432,1595],"source":[4511],"supertag":[],"acf":[],"yoast_head":"<!-- This site is optimized with the Yoast SEO plugin v21.3 - https:\/\/yoast.com\/wordpress\/plugins\/seo\/ -->\n<title>Evropska komisija bo v Ljubljani predstavila strate\u0161ke usmeritve na podro\u010dju prometa - Hudo Slovenija<\/title>\n<meta name=\"robots\" content=\"index, follow, max-snippet:-1, max-image-preview:large, max-video-preview:-1\" \/>\n<link rel=\"canonical\" href=\"https:\/\/hudo.com\/si\/aktualno\/evropska-komisija-bo-v-ljubljani-predstavila-strateske-usmeritve-na-podrocju-prometa\/\" \/>\n<meta property=\"og:locale\" content=\"sl_SI\" \/>\n<meta property=\"og:type\" content=\"article\" \/>\n<meta property=\"og:title\" content=\"Evropska komisija bo v Ljubljani predstavila strate\u0161ke usmeritve na podro\u010dju prometa - Hudo Slovenija\" \/>\n<meta property=\"og:description\" content=\"Ljubljana bo od srede do petka gostila TEN-T dneve, ki predstavljajo najpomembnej\u0161i dogodek na temo prometa v organizaciji Evropske komisije. Na tem dogodku komisija namre\u010d naznani strate\u0161ke usmeritve in glavne finan\u010dne okvire za naprej, po besedah komisarke Violete Bulc pa predstavlja tudi odli\u010den poligon za razvoj dobrih odnosov s sosedami.\" \/>\n<meta property=\"og:url\" content=\"https:\/\/hudo.com\/si\/aktualno\/evropska-komisija-bo-v-ljubljani-predstavila-strateske-usmeritve-na-podrocju-prometa\/\" \/>\n<meta property=\"og:site_name\" content=\"Hudo Slovenija\" \/>\n<meta property=\"article:publisher\" content=\"https:\/\/www.facebook.com\/hudo.si\" \/>\n<meta property=\"article:published_time\" content=\"2018-04-23T11:01:53+00:00\" \/>\n<meta property=\"og:image\" content=\"https:\/\/hudo.com\/si\/wp-content\/uploads\/sites\/2\/2018\/04\/profimedia-0326465740.jpg\" \/>\n\t<meta property=\"og:image:width\" content=\"1250\" \/>\n\t<meta property=\"og:image:height\" content=\"833\" \/>\n\t<meta property=\"og:image:type\" content=\"image\/jpeg\" \/>\n<meta name=\"author\" content=\"A. P., STA\" \/>\n<meta name=\"twitter:card\" content=\"summary_large_image\" \/>\n<meta name=\"twitter:creator\" content=\"@hudo_si\" \/>\n<meta name=\"twitter:site\" content=\"@hudo_si\" \/>\n<meta name=\"twitter:label1\" content=\"Written by\" \/>\n\t<meta name=\"twitter:data1\" content=\"A. P., STA\" \/>\n\t<meta name=\"twitter:label2\" content=\"Est. reading time\" \/>\n\t<meta name=\"twitter:data2\" content=\"3 minute\" \/>\n<script type=\"application\/ld+json\" class=\"yoast-schema-graph\">{\"@context\":\"https:\/\/schema.org\",\"@graph\":[{\"@type\":\"Article\",\"@id\":\"https:\/\/hudo.com\/si\/aktualno\/evropska-komisija-bo-v-ljubljani-predstavila-strateske-usmeritve-na-podrocju-prometa\/#article\",\"isPartOf\":{\"@id\":\"https:\/\/hudo.com\/si\/aktualno\/evropska-komisija-bo-v-ljubljani-predstavila-strateske-usmeritve-na-podrocju-prometa\/\"},\"author\":{\"name\":\"A. P., STA\",\"@id\":\"https:\/\/hudo.com\/si\/#\/schema\/person\/18f09c02475ba9e606e941a565b80cff\"},\"headline\":\"Evropska komisija bo v Ljubljani predstavila strate\u0161ke usmeritve na podro\u010dju prometa\",\"datePublished\":\"2018-04-23T11:01:53+00:00\",\"dateModified\":\"2018-04-23T11:01:53+00:00\",\"mainEntityOfPage\":{\"@id\":\"https:\/\/hudo.com\/si\/aktualno\/evropska-komisija-bo-v-ljubljani-predstavila-strateske-usmeritve-na-podrocju-prometa\/\"},\"wordCount\":562,\"publisher\":{\"@id\":\"https:\/\/hudo.com\/si\/#organization\"},\"keywords\":[\"Evropska komisija\",\"infrastruktura\",\"promet\",\"Slovenija\"],\"articleSection\":[\"Aktualno\"],\"inLanguage\":\"sl-SI\"},{\"@type\":\"WebPage\",\"@id\":\"https:\/\/hudo.com\/si\/aktualno\/evropska-komisija-bo-v-ljubljani-predstavila-strateske-usmeritve-na-podrocju-prometa\/\",\"url\":\"https:\/\/hudo.com\/si\/aktualno\/evropska-komisija-bo-v-ljubljani-predstavila-strateske-usmeritve-na-podrocju-prometa\/\",\"name\":\"Evropska komisija bo v Ljubljani predstavila strate\u0161ke usmeritve na podro\u010dju prometa - Hudo Slovenija\",\"isPartOf\":{\"@id\":\"https:\/\/hudo.com\/si\/#website\"},\"datePublished\":\"2018-04-23T11:01:53+00:00\",\"dateModified\":\"2018-04-23T11:01:53+00:00\",\"breadcrumb\":{\"@id\":\"https:\/\/hudo.com\/si\/aktualno\/evropska-komisija-bo-v-ljubljani-predstavila-strateske-usmeritve-na-podrocju-prometa\/#breadcrumb\"},\"inLanguage\":\"sl-SI\",\"potentialAction\":[{\"@type\":\"ReadAction\",\"target\":[\"https:\/\/hudo.com\/si\/aktualno\/evropska-komisija-bo-v-ljubljani-predstavila-strateske-usmeritve-na-podrocju-prometa\/\"]}]},{\"@type\":\"BreadcrumbList\",\"@id\":\"https:\/\/hudo.com\/si\/aktualno\/evropska-komisija-bo-v-ljubljani-predstavila-strateske-usmeritve-na-podrocju-prometa\/#breadcrumb\",\"itemListElement\":[{\"@type\":\"ListItem\",\"position\":1,\"name\":\"Home\",\"item\":\"https:\/\/hudo.com\/si\/\"},{\"@type\":\"ListItem\",\"position\":2,\"name\":\"Evropska komisija bo v Ljubljani predstavila strate\u0161ke usmeritve na podro\u010dju prometa\"}]},{\"@type\":\"WebSite\",\"@id\":\"https:\/\/hudo.com\/si\/#website\",\"url\":\"https:\/\/hudo.com\/si\/\",\"name\":\"Hudo Slovenija\",\"description\":\"Vse novice iz Slovenije in sveta\",\"publisher\":{\"@id\":\"https:\/\/hudo.com\/si\/#organization\"},\"potentialAction\":[{\"@type\":\"SearchAction\",\"target\":{\"@type\":\"EntryPoint\",\"urlTemplate\":\"https:\/\/hudo.com\/si\/?s={search_term_string}\"},\"query-input\":\"required name=search_term_string\"}],\"inLanguage\":\"sl-SI\"},{\"@type\":\"Organization\",\"@id\":\"https:\/\/hudo.com\/si\/#organization\",\"name\":\"VSN Media\",\"url\":\"https:\/\/hudo.com\/si\/\",\"logo\":{\"@type\":\"ImageObject\",\"inLanguage\":\"sl-SI\",\"@id\":\"https:\/\/hudo.com\/si\/#\/schema\/logo\/image\/\",\"url\":\"https:\/\/hudo.com\/si\/wp-content\/uploads\/sites\/2\/2021\/03\/hudo-app-2.png\",\"contentUrl\":\"https:\/\/hudo.com\/si\/wp-content\/uploads\/sites\/2\/2021\/03\/hudo-app-2.png\",\"width\":2185,\"height\":2167,\"caption\":\"VSN Media\"},\"image\":{\"@id\":\"https:\/\/hudo.com\/si\/#\/schema\/logo\/image\/\"},\"sameAs\":[\"https:\/\/www.facebook.com\/hudo.si\",\"https:\/\/twitter.com\/hudo_si\"]},{\"@type\":\"Person\",\"@id\":\"https:\/\/hudo.com\/si\/#\/schema\/person\/18f09c02475ba9e606e941a565b80cff\",\"name\":\"A. P., STA\",\"image\":{\"@type\":\"ImageObject\",\"inLanguage\":\"sl-SI\",\"@id\":\"https:\/\/hudo.com\/si\/#\/schema\/person\/image\/\",\"url\":\"https:\/\/secure.gravatar.com\/avatar\/03eac8e609f5f04383125d80eaeaaf3e?s=96&d=mm&r=g\",\"contentUrl\":\"https:\/\/secure.gravatar.com\/avatar\/03eac8e609f5f04383125d80eaeaaf3e?s=96&d=mm&r=g\",\"caption\":\"A. P., STA\"},\"url\":\"https:\/\/hudo.com\/si\/author\/lubu\/\"}]}<\/script>\n<!-- \/ Yoast SEO plugin. -->","yoast_head_json":{"title":"Evropska komisija bo v Ljubljani predstavila strate\u0161ke usmeritve na podro\u010dju prometa - Hudo Slovenija","robots":{"index":"index","follow":"follow","max-snippet":"max-snippet:-1","max-image-preview":"max-image-preview:large","max-video-preview":"max-video-preview:-1"},"canonical":"https:\/\/hudo.com\/si\/aktualno\/evropska-komisija-bo-v-ljubljani-predstavila-strateske-usmeritve-na-podrocju-prometa\/","og_locale":"sl_SI","og_type":"article","og_title":"Evropska komisija bo v Ljubljani predstavila strate\u0161ke usmeritve na podro\u010dju prometa - Hudo Slovenija","og_description":"Ljubljana bo od srede do petka gostila TEN-T dneve, ki predstavljajo najpomembnej\u0161i dogodek na temo prometa v organizaciji Evropske komisije. Na tem dogodku komisija namre\u010d naznani strate\u0161ke usmeritve in glavne finan\u010dne okvire za naprej, po besedah komisarke Violete Bulc pa predstavlja tudi odli\u010den poligon za razvoj dobrih odnosov s sosedami.","og_url":"https:\/\/hudo.com\/si\/aktualno\/evropska-komisija-bo-v-ljubljani-predstavila-strateske-usmeritve-na-podrocju-prometa\/","og_site_name":"Hudo Slovenija","article_publisher":"https:\/\/www.facebook.com\/hudo.si","article_published_time":"2018-04-23T11:01:53+00:00","og_image":[{"width":1250,"height":833,"url":"https:\/\/hudo.com\/si\/wp-content\/uploads\/sites\/2\/2018\/04\/profimedia-0326465740.jpg","type":"image\/jpeg"}],"author":"A. P., STA","twitter_card":"summary_large_image","twitter_creator":"@hudo_si","twitter_site":"@hudo_si","twitter_misc":{"Written by":"A. P., STA","Est. reading time":"3 minute"},"schema":{"@context":"https:\/\/schema.org","@graph":[{"@type":"Article","@id":"https:\/\/hudo.com\/si\/aktualno\/evropska-komisija-bo-v-ljubljani-predstavila-strateske-usmeritve-na-podrocju-prometa\/#article","isPartOf":{"@id":"https:\/\/hudo.com\/si\/aktualno\/evropska-komisija-bo-v-ljubljani-predstavila-strateske-usmeritve-na-podrocju-prometa\/"},"author":{"name":"A. P., STA","@id":"https:\/\/hudo.com\/si\/#\/schema\/person\/18f09c02475ba9e606e941a565b80cff"},"headline":"Evropska komisija bo v Ljubljani predstavila strate\u0161ke usmeritve na podro\u010dju prometa","datePublished":"2018-04-23T11:01:53+00:00","dateModified":"2018-04-23T11:01:53+00:00","mainEntityOfPage":{"@id":"https:\/\/hudo.com\/si\/aktualno\/evropska-komisija-bo-v-ljubljani-predstavila-strateske-usmeritve-na-podrocju-prometa\/"},"wordCount":562,"publisher":{"@id":"https:\/\/hudo.com\/si\/#organization"},"keywords":["Evropska komisija","infrastruktura","promet","Slovenija"],"articleSection":["Aktualno"],"inLanguage":"sl-SI"},{"@type":"WebPage","@id":"https:\/\/hudo.com\/si\/aktualno\/evropska-komisija-bo-v-ljubljani-predstavila-strateske-usmeritve-na-podrocju-prometa\/","url":"https:\/\/hudo.com\/si\/aktualno\/evropska-komisija-bo-v-ljubljani-predstavila-strateske-usmeritve-na-podrocju-prometa\/","name":"Evropska komisija bo v Ljubljani predstavila strate\u0161ke usmeritve na podro\u010dju prometa - Hudo Slovenija","isPartOf":{"@id":"https:\/\/hudo.com\/si\/#website"},"datePublished":"2018-04-23T11:01:53+00:00","dateModified":"2018-04-23T11:01:53+00:00","breadcrumb":{"@id":"https:\/\/hudo.com\/si\/aktualno\/evropska-komisija-bo-v-ljubljani-predstavila-strateske-usmeritve-na-podrocju-prometa\/#breadcrumb"},"inLanguage":"sl-SI","potentialAction":[{"@type":"ReadAction","target":["https:\/\/hudo.com\/si\/aktualno\/evropska-komisija-bo-v-ljubljani-predstavila-strateske-usmeritve-na-podrocju-prometa\/"]}]},{"@type":"BreadcrumbList","@id":"https:\/\/hudo.com\/si\/aktualno\/evropska-komisija-bo-v-ljubljani-predstavila-strateske-usmeritve-na-podrocju-prometa\/#breadcrumb","itemListElement":[{"@type":"ListItem","position":1,"name":"Home","item":"https:\/\/hudo.com\/si\/"},{"@type":"ListItem","position":2,"name":"Evropska komisija bo v Ljubljani predstavila strate\u0161ke usmeritve na podro\u010dju prometa"}]},{"@type":"WebSite","@id":"https:\/\/hudo.com\/si\/#website","url":"https:\/\/hudo.com\/si\/","name":"Hudo Slovenija","description":"Vse novice iz Slovenije in sveta","publisher":{"@id":"https:\/\/hudo.com\/si\/#organization"},"potentialAction":[{"@type":"SearchAction","target":{"@type":"EntryPoint","urlTemplate":"https:\/\/hudo.com\/si\/?s={search_term_string}"},"query-input":"required name=search_term_string"}],"inLanguage":"sl-SI"},{"@type":"Organization","@id":"https:\/\/hudo.com\/si\/#organization","name":"VSN Media","url":"https:\/\/hudo.com\/si\/","logo":{"@type":"ImageObject","inLanguage":"sl-SI","@id":"https:\/\/hudo.com\/si\/#\/schema\/logo\/image\/","url":"https:\/\/hudo.com\/si\/wp-content\/uploads\/sites\/2\/2021\/03\/hudo-app-2.png","contentUrl":"https:\/\/hudo.com\/si\/wp-content\/uploads\/sites\/2\/2021\/03\/hudo-app-2.png","width":2185,"height":2167,"caption":"VSN Media"},"image":{"@id":"https:\/\/hudo.com\/si\/#\/schema\/logo\/image\/"},"sameAs":["https:\/\/www.facebook.com\/hudo.si","https:\/\/twitter.com\/hudo_si"]},{"@type":"Person","@id":"https:\/\/hudo.com\/si\/#\/schema\/person\/18f09c02475ba9e606e941a565b80cff","name":"A. P., STA","image":{"@type":"ImageObject","inLanguage":"sl-SI","@id":"https:\/\/hudo.com\/si\/#\/schema\/person\/image\/","url":"https:\/\/secure.gravatar.com\/avatar\/03eac8e609f5f04383125d80eaeaaf3e?s=96&d=mm&r=g","contentUrl":"https:\/\/secure.gravatar.com\/avatar\/03eac8e609f5f04383125d80eaeaaf3e?s=96&d=mm&r=g","caption":"A. P., STA"},"url":"https:\/\/hudo.com\/si\/author\/lubu\/"}]}},"amp_enabled":true,"_links":{"self":[{"href":"https:\/\/hudo.com\/si\/wp-json\/wp\/v2\/posts\/369013"}],"collection":[{"href":"https:\/\/hudo.com\/si\/wp-json\/wp\/v2\/posts"}],"about":[{"href":"https:\/\/hudo.com\/si\/wp-json\/wp\/v2\/types\/post"}],"author":[{"embeddable":true,"href":"https:\/\/hudo.com\/si\/wp-json\/wp\/v2\/users\/7"}],"replies":[{"embeddable":true,"href":"https:\/\/hudo.com\/si\/wp-json\/wp\/v2\/comments?post=369013"}],"version-history":[{"count":1,"href":"https:\/\/hudo.com\/si\/wp-json\/wp\/v2\/posts\/369013\/revisions"}],"predecessor-version":[{"id":369018,"href":"https:\/\/hudo.com\/si\/wp-json\/wp\/v2\/posts\/369013\/revisions\/369018"}],"wp:featuredmedia":[{"embeddable":true,"href":"https:\/\/hudo.com\/si\/wp-json\/wp\/v2\/media\/369017"}],"wp:attachment":[{"href":"https:\/\/hudo.com\/si\/wp-json\/wp\/v2\/media?parent=369013"}],"wp:term":[{"taxonomy":"category","embeddable":true,"href":"https:\/\/hudo.com\/si\/wp-json\/wp\/v2\/categories?post=369013"},{"taxonomy":"post_tag","embeddable":true,"href":"https:\/\/hudo.com\/si\/wp-json\/wp\/v2\/tags?post=369013"},{"taxonomy":"source","embeddable":true,"href":"https:\/\/hudo.com\/si\/wp-json\/wp\/v2\/source?post=369013"},{"taxonomy":"supertag","embeddable":true,"href":"https:\/\/hudo.com\/si\/wp-json\/wp\/v2\/supertag?post=369013"}],"curies":[{"name":"wp","href":"https:\/\/api.w.org\/{rel}","templated":true}]}}