{"id":369264,"date":"2018-04-27T13:35:24","date_gmt":"2018-04-27T11:35:24","guid":{"rendered":"http:\/\/hudo.com\/si\/?p=369264"},"modified":"2018-04-27T13:35:44","modified_gmt":"2018-04-27T11:35:44","slug":"zaradi-praznika-zacetka-prvomajskih-pocitnic-povecan-promet-proti-primorski","status":"publish","type":"post","link":"https:\/\/hudo.com\/si\/aktualno\/zaradi-praznika-zacetka-prvomajskih-pocitnic-povecan-promet-proti-primorski\/","title":{"rendered":"Zaradi praznika in za\u010detka prvomajskih po\u010ditnic pove\u010dan promet proti Primorski"},"content":{"rendered":"<p>Na mejnem prehodu Dobovec po podatkih Prometno-informacijskega centra za dr\u017eavne ceste osebna vozila na izstop iz dr\u017eave \u010dakajo 40 minut, na mejnem prehodu Jel\u0161ane in mejnem prehodu So\u010derga pa 20 minut. Pove\u010dan je tudi promet na cesti Postojna-Ilirska Bistrica-Jel\u0161ane pri Dolenjah pri Jel\u0161anah.<\/p>\n<p>Gost promet z zastoji je tudi na ljubljanski ju\u017eni obvoznici na razcepu Kozarje proti Brezovici in na ljubljanski zahodni obvoznici od Brda proti razcepu Kozarje in naprej proti Brezovici.<\/p>\n<p>Na prelazu Ljubelj je zaradi nadzora na avstrijski meji nastal zastoj, ob\u010dasno predor zaradi varnosti zapirajo.<\/p>\n<p>Danes sicer velja omejitev tovornega prometa na 7,5 ton med 8. in 21. uro, so \u0161e zapisali na prometnoinformacijskem centru.<\/p>\n","protected":false},"excerpt":{"rendered":"<p>Na primorski avtocesti ostaja mo\u010dno pove\u010dan promet, ki je na ve\u010d odsekih lahko tudi upo\u010dasnjen, \u0161e posebej pred delovno zaporo pri Ravbarkomandi, opozarjajo na Prometno-informacijskem centru. Pred po\u010divali\u0161\u010dem Lom proti Ljubljani pa je nastal kilometrski zastoj. Na nekaterih mejnih prehodih osebna vozila za izstop iz dr\u017eave \u010dakajo do 40 minut.<\/p>\n","protected":false},"author":7,"featured_media":286978,"comment_status":"closed","ping_status":"closed","sticky":false,"template":"","format":"standard","meta":{"footnotes":""},"categories":[1179],"tags":[1953,4432,1585,1595],"source":[4511],"supertag":[],"acf":[],"yoast_head":"<!-- This site is optimized with the Yoast SEO plugin v21.3 - https:\/\/yoast.com\/wordpress\/plugins\/seo\/ -->\n<title>Zaradi praznika in za\u010detka prvomajskih po\u010ditnic pove\u010dan promet proti Primorski - Hudo Slovenija<\/title>\n<meta name=\"robots\" content=\"index, follow, max-snippet:-1, max-image-preview:large, max-video-preview:-1\" \/>\n<link rel=\"canonical\" href=\"https:\/\/hudo.com\/si\/aktualno\/zaradi-praznika-zacetka-prvomajskih-pocitnic-povecan-promet-proti-primorski\/\" \/>\n<meta property=\"og:locale\" content=\"sl_SI\" \/>\n<meta property=\"og:type\" content=\"article\" \/>\n<meta property=\"og:title\" content=\"Zaradi praznika in za\u010detka prvomajskih po\u010ditnic pove\u010dan promet proti Primorski - Hudo Slovenija\" \/>\n<meta property=\"og:description\" content=\"Na primorski avtocesti ostaja mo\u010dno pove\u010dan promet, ki je na ve\u010d odsekih lahko tudi upo\u010dasnjen, \u0161e posebej pred delovno zaporo pri Ravbarkomandi, opozarjajo na Prometno-informacijskem centru. Pred po\u010divali\u0161\u010dem Lom proti Ljubljani pa je nastal kilometrski zastoj. Na nekaterih mejnih prehodih osebna vozila za izstop iz dr\u017eave \u010dakajo do 40 minut.\" \/>\n<meta property=\"og:url\" content=\"https:\/\/hudo.com\/si\/aktualno\/zaradi-praznika-zacetka-prvomajskih-pocitnic-povecan-promet-proti-primorski\/\" \/>\n<meta property=\"og:site_name\" content=\"Hudo Slovenija\" \/>\n<meta property=\"article:publisher\" content=\"https:\/\/www.facebook.com\/hudo.si\" \/>\n<meta property=\"article:published_time\" content=\"2018-04-27T11:35:24+00:00\" \/>\n<meta property=\"article:modified_time\" content=\"2018-04-27T11:35:44+00:00\" \/>\n<meta property=\"og:image\" content=\"https:\/\/hudo.com\/si\/wp-content\/uploads\/sites\/2\/2017\/08\/profimedia-0007223995.jpg\" \/>\n\t<meta property=\"og:image:width\" content=\"1249\" \/>\n\t<meta property=\"og:image:height\" content=\"832\" \/>\n\t<meta property=\"og:image:type\" content=\"image\/jpeg\" \/>\n<meta name=\"author\" content=\"A. P., STA\" \/>\n<meta name=\"twitter:card\" content=\"summary_large_image\" \/>\n<meta name=\"twitter:creator\" content=\"@hudo_si\" \/>\n<meta name=\"twitter:site\" content=\"@hudo_si\" \/>\n<meta name=\"twitter:label1\" content=\"Written by\" \/>\n\t<meta name=\"twitter:data1\" content=\"A. P., STA\" \/>\n\t<meta name=\"twitter:label2\" content=\"Est. reading time\" \/>\n\t<meta name=\"twitter:data2\" content=\"1 minuta\" \/>\n<script type=\"application\/ld+json\" class=\"yoast-schema-graph\">{\"@context\":\"https:\/\/schema.org\",\"@graph\":[{\"@type\":\"Article\",\"@id\":\"https:\/\/hudo.com\/si\/aktualno\/zaradi-praznika-zacetka-prvomajskih-pocitnic-povecan-promet-proti-primorski\/#article\",\"isPartOf\":{\"@id\":\"https:\/\/hudo.com\/si\/aktualno\/zaradi-praznika-zacetka-prvomajskih-pocitnic-povecan-promet-proti-primorski\/\"},\"author\":{\"name\":\"A. P., STA\",\"@id\":\"https:\/\/hudo.com\/si\/#\/schema\/person\/18f09c02475ba9e606e941a565b80cff\"},\"headline\":\"Zaradi praznika in za\u010detka prvomajskih po\u010ditnic pove\u010dan promet proti Primorski\",\"datePublished\":\"2018-04-27T11:35:24+00:00\",\"dateModified\":\"2018-04-27T11:35:44+00:00\",\"mainEntityOfPage\":{\"@id\":\"https:\/\/hudo.com\/si\/aktualno\/zaradi-praznika-zacetka-prvomajskih-pocitnic-povecan-promet-proti-primorski\/\"},\"wordCount\":125,\"publisher\":{\"@id\":\"https:\/\/hudo.com\/si\/#organization\"},\"keywords\":[\"prazniki\",\"promet\",\"prometni zastoj\",\"Slovenija\"],\"articleSection\":[\"Aktualno\"],\"inLanguage\":\"sl-SI\"},{\"@type\":\"WebPage\",\"@id\":\"https:\/\/hudo.com\/si\/aktualno\/zaradi-praznika-zacetka-prvomajskih-pocitnic-povecan-promet-proti-primorski\/\",\"url\":\"https:\/\/hudo.com\/si\/aktualno\/zaradi-praznika-zacetka-prvomajskih-pocitnic-povecan-promet-proti-primorski\/\",\"name\":\"Zaradi praznika in za\u010detka prvomajskih po\u010ditnic pove\u010dan promet proti Primorski - Hudo Slovenija\",\"isPartOf\":{\"@id\":\"https:\/\/hudo.com\/si\/#website\"},\"datePublished\":\"2018-04-27T11:35:24+00:00\",\"dateModified\":\"2018-04-27T11:35:44+00:00\",\"breadcrumb\":{\"@id\":\"https:\/\/hudo.com\/si\/aktualno\/zaradi-praznika-zacetka-prvomajskih-pocitnic-povecan-promet-proti-primorski\/#breadcrumb\"},\"inLanguage\":\"sl-SI\",\"potentialAction\":[{\"@type\":\"ReadAction\",\"target\":[\"https:\/\/hudo.com\/si\/aktualno\/zaradi-praznika-zacetka-prvomajskih-pocitnic-povecan-promet-proti-primorski\/\"]}]},{\"@type\":\"BreadcrumbList\",\"@id\":\"https:\/\/hudo.com\/si\/aktualno\/zaradi-praznika-zacetka-prvomajskih-pocitnic-povecan-promet-proti-primorski\/#breadcrumb\",\"itemListElement\":[{\"@type\":\"ListItem\",\"position\":1,\"name\":\"Home\",\"item\":\"https:\/\/hudo.com\/si\/\"},{\"@type\":\"ListItem\",\"position\":2,\"name\":\"Zaradi praznika in za\u010detka prvomajskih po\u010ditnic pove\u010dan promet proti Primorski\"}]},{\"@type\":\"WebSite\",\"@id\":\"https:\/\/hudo.com\/si\/#website\",\"url\":\"https:\/\/hudo.com\/si\/\",\"name\":\"Hudo Slovenija\",\"description\":\"Vse novice iz Slovenije in sveta\",\"publisher\":{\"@id\":\"https:\/\/hudo.com\/si\/#organization\"},\"potentialAction\":[{\"@type\":\"SearchAction\",\"target\":{\"@type\":\"EntryPoint\",\"urlTemplate\":\"https:\/\/hudo.com\/si\/?s={search_term_string}\"},\"query-input\":\"required name=search_term_string\"}],\"inLanguage\":\"sl-SI\"},{\"@type\":\"Organization\",\"@id\":\"https:\/\/hudo.com\/si\/#organization\",\"name\":\"VSN Media\",\"url\":\"https:\/\/hudo.com\/si\/\",\"logo\":{\"@type\":\"ImageObject\",\"inLanguage\":\"sl-SI\",\"@id\":\"https:\/\/hudo.com\/si\/#\/schema\/logo\/image\/\",\"url\":\"https:\/\/hudo.com\/si\/wp-content\/uploads\/sites\/2\/2021\/03\/hudo-app-2.png\",\"contentUrl\":\"https:\/\/hudo.com\/si\/wp-content\/uploads\/sites\/2\/2021\/03\/hudo-app-2.png\",\"width\":2185,\"height\":2167,\"caption\":\"VSN Media\"},\"image\":{\"@id\":\"https:\/\/hudo.com\/si\/#\/schema\/logo\/image\/\"},\"sameAs\":[\"https:\/\/www.facebook.com\/hudo.si\",\"https:\/\/twitter.com\/hudo_si\"]},{\"@type\":\"Person\",\"@id\":\"https:\/\/hudo.com\/si\/#\/schema\/person\/18f09c02475ba9e606e941a565b80cff\",\"name\":\"A. P., STA\",\"image\":{\"@type\":\"ImageObject\",\"inLanguage\":\"sl-SI\",\"@id\":\"https:\/\/hudo.com\/si\/#\/schema\/person\/image\/\",\"url\":\"https:\/\/secure.gravatar.com\/avatar\/03eac8e609f5f04383125d80eaeaaf3e?s=96&d=mm&r=g\",\"contentUrl\":\"https:\/\/secure.gravatar.com\/avatar\/03eac8e609f5f04383125d80eaeaaf3e?s=96&d=mm&r=g\",\"caption\":\"A. P., STA\"},\"url\":\"https:\/\/hudo.com\/si\/author\/lubu\/\"}]}<\/script>\n<!-- \/ Yoast SEO plugin. -->","yoast_head_json":{"title":"Zaradi praznika in za\u010detka prvomajskih po\u010ditnic pove\u010dan promet proti Primorski - Hudo Slovenija","robots":{"index":"index","follow":"follow","max-snippet":"max-snippet:-1","max-image-preview":"max-image-preview:large","max-video-preview":"max-video-preview:-1"},"canonical":"https:\/\/hudo.com\/si\/aktualno\/zaradi-praznika-zacetka-prvomajskih-pocitnic-povecan-promet-proti-primorski\/","og_locale":"sl_SI","og_type":"article","og_title":"Zaradi praznika in za\u010detka prvomajskih po\u010ditnic pove\u010dan promet proti Primorski - Hudo Slovenija","og_description":"Na primorski avtocesti ostaja mo\u010dno pove\u010dan promet, ki je na ve\u010d odsekih lahko tudi upo\u010dasnjen, \u0161e posebej pred delovno zaporo pri Ravbarkomandi, opozarjajo na Prometno-informacijskem centru. Pred po\u010divali\u0161\u010dem Lom proti Ljubljani pa je nastal kilometrski zastoj. Na nekaterih mejnih prehodih osebna vozila za izstop iz dr\u017eave \u010dakajo do 40 minut.","og_url":"https:\/\/hudo.com\/si\/aktualno\/zaradi-praznika-zacetka-prvomajskih-pocitnic-povecan-promet-proti-primorski\/","og_site_name":"Hudo Slovenija","article_publisher":"https:\/\/www.facebook.com\/hudo.si","article_published_time":"2018-04-27T11:35:24+00:00","article_modified_time":"2018-04-27T11:35:44+00:00","og_image":[{"width":1249,"height":832,"url":"https:\/\/hudo.com\/si\/wp-content\/uploads\/sites\/2\/2017\/08\/profimedia-0007223995.jpg","type":"image\/jpeg"}],"author":"A. P., STA","twitter_card":"summary_large_image","twitter_creator":"@hudo_si","twitter_site":"@hudo_si","twitter_misc":{"Written by":"A. P., STA","Est. reading time":"1 minuta"},"schema":{"@context":"https:\/\/schema.org","@graph":[{"@type":"Article","@id":"https:\/\/hudo.com\/si\/aktualno\/zaradi-praznika-zacetka-prvomajskih-pocitnic-povecan-promet-proti-primorski\/#article","isPartOf":{"@id":"https:\/\/hudo.com\/si\/aktualno\/zaradi-praznika-zacetka-prvomajskih-pocitnic-povecan-promet-proti-primorski\/"},"author":{"name":"A. P., STA","@id":"https:\/\/hudo.com\/si\/#\/schema\/person\/18f09c02475ba9e606e941a565b80cff"},"headline":"Zaradi praznika in za\u010detka prvomajskih po\u010ditnic pove\u010dan promet proti Primorski","datePublished":"2018-04-27T11:35:24+00:00","dateModified":"2018-04-27T11:35:44+00:00","mainEntityOfPage":{"@id":"https:\/\/hudo.com\/si\/aktualno\/zaradi-praznika-zacetka-prvomajskih-pocitnic-povecan-promet-proti-primorski\/"},"wordCount":125,"publisher":{"@id":"https:\/\/hudo.com\/si\/#organization"},"keywords":["prazniki","promet","prometni zastoj","Slovenija"],"articleSection":["Aktualno"],"inLanguage":"sl-SI"},{"@type":"WebPage","@id":"https:\/\/hudo.com\/si\/aktualno\/zaradi-praznika-zacetka-prvomajskih-pocitnic-povecan-promet-proti-primorski\/","url":"https:\/\/hudo.com\/si\/aktualno\/zaradi-praznika-zacetka-prvomajskih-pocitnic-povecan-promet-proti-primorski\/","name":"Zaradi praznika in za\u010detka prvomajskih po\u010ditnic pove\u010dan promet proti Primorski - Hudo Slovenija","isPartOf":{"@id":"https:\/\/hudo.com\/si\/#website"},"datePublished":"2018-04-27T11:35:24+00:00","dateModified":"2018-04-27T11:35:44+00:00","breadcrumb":{"@id":"https:\/\/hudo.com\/si\/aktualno\/zaradi-praznika-zacetka-prvomajskih-pocitnic-povecan-promet-proti-primorski\/#breadcrumb"},"inLanguage":"sl-SI","potentialAction":[{"@type":"ReadAction","target":["https:\/\/hudo.com\/si\/aktualno\/zaradi-praznika-zacetka-prvomajskih-pocitnic-povecan-promet-proti-primorski\/"]}]},{"@type":"BreadcrumbList","@id":"https:\/\/hudo.com\/si\/aktualno\/zaradi-praznika-zacetka-prvomajskih-pocitnic-povecan-promet-proti-primorski\/#breadcrumb","itemListElement":[{"@type":"ListItem","position":1,"name":"Home","item":"https:\/\/hudo.com\/si\/"},{"@type":"ListItem","position":2,"name":"Zaradi praznika in za\u010detka prvomajskih po\u010ditnic pove\u010dan promet proti Primorski"}]},{"@type":"WebSite","@id":"https:\/\/hudo.com\/si\/#website","url":"https:\/\/hudo.com\/si\/","name":"Hudo Slovenija","description":"Vse novice iz Slovenije in sveta","publisher":{"@id":"https:\/\/hudo.com\/si\/#organization"},"potentialAction":[{"@type":"SearchAction","target":{"@type":"EntryPoint","urlTemplate":"https:\/\/hudo.com\/si\/?s={search_term_string}"},"query-input":"required name=search_term_string"}],"inLanguage":"sl-SI"},{"@type":"Organization","@id":"https:\/\/hudo.com\/si\/#organization","name":"VSN Media","url":"https:\/\/hudo.com\/si\/","logo":{"@type":"ImageObject","inLanguage":"sl-SI","@id":"https:\/\/hudo.com\/si\/#\/schema\/logo\/image\/","url":"https:\/\/hudo.com\/si\/wp-content\/uploads\/sites\/2\/2021\/03\/hudo-app-2.png","contentUrl":"https:\/\/hudo.com\/si\/wp-content\/uploads\/sites\/2\/2021\/03\/hudo-app-2.png","width":2185,"height":2167,"caption":"VSN Media"},"image":{"@id":"https:\/\/hudo.com\/si\/#\/schema\/logo\/image\/"},"sameAs":["https:\/\/www.facebook.com\/hudo.si","https:\/\/twitter.com\/hudo_si"]},{"@type":"Person","@id":"https:\/\/hudo.com\/si\/#\/schema\/person\/18f09c02475ba9e606e941a565b80cff","name":"A. P., STA","image":{"@type":"ImageObject","inLanguage":"sl-SI","@id":"https:\/\/hudo.com\/si\/#\/schema\/person\/image\/","url":"https:\/\/secure.gravatar.com\/avatar\/03eac8e609f5f04383125d80eaeaaf3e?s=96&d=mm&r=g","contentUrl":"https:\/\/secure.gravatar.com\/avatar\/03eac8e609f5f04383125d80eaeaaf3e?s=96&d=mm&r=g","caption":"A. P., STA"},"url":"https:\/\/hudo.com\/si\/author\/lubu\/"}]}},"amp_enabled":true,"_links":{"self":[{"href":"https:\/\/hudo.com\/si\/wp-json\/wp\/v2\/posts\/369264"}],"collection":[{"href":"https:\/\/hudo.com\/si\/wp-json\/wp\/v2\/posts"}],"about":[{"href":"https:\/\/hudo.com\/si\/wp-json\/wp\/v2\/types\/post"}],"author":[{"embeddable":true,"href":"https:\/\/hudo.com\/si\/wp-json\/wp\/v2\/users\/7"}],"replies":[{"embeddable":true,"href":"https:\/\/hudo.com\/si\/wp-json\/wp\/v2\/comments?post=369264"}],"version-history":[{"count":2,"href":"https:\/\/hudo.com\/si\/wp-json\/wp\/v2\/posts\/369264\/revisions"}],"predecessor-version":[{"id":369274,"href":"https:\/\/hudo.com\/si\/wp-json\/wp\/v2\/posts\/369264\/revisions\/369274"}],"wp:featuredmedia":[{"embeddable":true,"href":"https:\/\/hudo.com\/si\/wp-json\/wp\/v2\/media\/286978"}],"wp:attachment":[{"href":"https:\/\/hudo.com\/si\/wp-json\/wp\/v2\/media?parent=369264"}],"wp:term":[{"taxonomy":"category","embeddable":true,"href":"https:\/\/hudo.com\/si\/wp-json\/wp\/v2\/categories?post=369264"},{"taxonomy":"post_tag","embeddable":true,"href":"https:\/\/hudo.com\/si\/wp-json\/wp\/v2\/tags?post=369264"},{"taxonomy":"source","embeddable":true,"href":"https:\/\/hudo.com\/si\/wp-json\/wp\/v2\/source?post=369264"},{"taxonomy":"supertag","embeddable":true,"href":"https:\/\/hudo.com\/si\/wp-json\/wp\/v2\/supertag?post=369264"}],"curies":[{"name":"wp","href":"https:\/\/api.w.org\/{rel}","templated":true}]}}