{"id":369519,"date":"2018-05-04T06:45:07","date_gmt":"2018-05-04T04:45:07","guid":{"rendered":"https:\/\/hudo.com\/si\/2018\/05\/04\/zda-sprozile-kazenski-pregon-zoper-nekdanjega-direktorja-volkswagna\/"},"modified":"2018-05-04T06:45:07","modified_gmt":"2018-05-04T04:45:07","slug":"zda-sprozile-kazenski-pregon-zoper-nekdanjega-direktorja-volkswagna","status":"publish","type":"post","link":"https:\/\/hudo.com\/si\/lifestyle\/zda-sprozile-kazenski-pregon-zoper-nekdanjega-direktorja-volkswagna\/","title":{"rendered":"ZDA spro\u017eile kazenski pregon zoper nekdanjega direktorja Volkswagna"},"content":{"rendered":"<figure>\n\t\t\t\t\t<img loading=\"lazy\" decoding=\"async\" width=\"660\" height=\"320\" src=\"data:image\/gif;base64,R0lGODlhAQABAAAAACH5BAEKAAEALAAAAAABAAEAAAICTAEAOw==\" class=\"lazyload\" data-src=\"https:\/\/moski.hudo.com\/wp-content\/uploads\/2018\/05\/profimedia-0095015545-320x155.jpg\" data-srcset=\"https:\/\/moski.hudo.com\/wp-content\/uploads\/2018\/05\/profimedia-0095015545-660x320.jpg 660w,https:\/\/moski.hudo.com\/wp-content\/uploads\/2018\/05\/profimedia-0095015545-320x155.jpg 330w\" sizes=\"(max-width: 660px) 100vw, 660px\"\/><figcaption>foto:Profimedia<\/figcaption><\/figure>\n<p>\u0160kandal je izbruhnil septembra 2015, Winterkorn pa je kmalu zatem odstopil s polo\u017eaja. Obto\u017enica, ki jo je zvezna velika porota v Michiganu potrdila marca, objavljena pa je bila sedaj, 70-letnemu Winterkornu o\u010dita, da je vedel za prevaro od maja 2014, vendar je ni ustavil, ampak celo naro\u010dil, naj se nadaljuje. Grozi mu do 25 let zapora in 270.000 dolarjev denarne kazni.<\/p>\n<p>Sessions, ki je vpleten v \u0161kandal z ruskim poseganjem v ameri\u0161ke volitve 2016, je dejal, da bo vsak, ki \u017eeli prevarati ZDA, pla\u010dal visoko ceno. &#8220;Obto\u017enica navaja, da je \u0161kandal prevare segel do samega vrha podjetja Volkswagen,&#8221; je sporo\u010dil Sessions.<\/p>\n<p>Obto\u017enica navaja, da je imel Winterkorn poleti 2015 poseben sestanek z in\u017eenirji in drugimi sodelavci, ki so mu podrobno predstavili, kako deluje potvaranje izpustov na testih v ZDA in kak\u0161ne bodo posledice, \u010de jih dobijo. Winterkorn naj bi jim povedal, da s tem nadaljujejo.<\/p>\n<p>Volkswagen, ki je za prevaro poskrbel za 11 milijonov dizelskih motorjev po svetu, od tega 600.000 v ZDA, je doslej pla\u010dal skupaj 30 milijard dolarjev, dva in\u017eenirja sta v zaporu, pet pa jih je obto\u017eenih, a so za zdaj na varnem v Nem\u010diji.<\/p>\n<p>Motorje so priredili tako, da so na uradnih testih pokazali veliko manj\u0161e izpuste \u0161kodljivih snovi v zrak, kot pa so bili dejansko med vo\u017enjo. Volkswagnovi dizelski motorji so v zrak spu\u0161\u010dali do 40 odstotkov du\u0161ikovega oksida ve\u010d, kot je dovoljeno.<\/p>\n","protected":false},"excerpt":{"rendered":"<p>Pravosodni minister ZDA Jeff Sessions je v \u010detrtek objavil obto\u017enico proti nekdanjemu glavnemu izvr\u0161nemu direktorju nem\u0161kega avtomobilskega velikana Volkswagen Martinu Winterkornu zaradi sodelovanja v zaroti prevare na uradnih testih glede koli\u010dine \u0161kodljivih snovi v izpuhih dizelskih motorjev.<\/p>\n","protected":false},"author":1,"featured_media":0,"comment_status":"closed","ping_status":"closed","sticky":false,"template":"","format":"standard","meta":{"footnotes":""},"categories":[1091],"tags":[1668,1682],"source":[1522,7312,1518],"supertag":[],"acf":[],"yoast_head":"<!-- This site is optimized with the Yoast SEO plugin v21.3 - https:\/\/yoast.com\/wordpress\/plugins\/seo\/ -->\n<title>ZDA spro\u017eile kazenski pregon zoper nekdanjega direktorja Volkswagna - Hudo Slovenija<\/title>\n<meta name=\"robots\" content=\"index, follow, max-snippet:-1, max-image-preview:large, max-video-preview:-1\" \/>\n<link rel=\"canonical\" href=\"https:\/\/hudo.com\/si\/lifestyle\/zda-sprozile-kazenski-pregon-zoper-nekdanjega-direktorja-volkswagna\/\" \/>\n<meta property=\"og:locale\" content=\"sl_SI\" \/>\n<meta property=\"og:type\" content=\"article\" \/>\n<meta property=\"og:title\" content=\"ZDA spro\u017eile kazenski pregon zoper nekdanjega direktorja Volkswagna - Hudo Slovenija\" \/>\n<meta property=\"og:description\" content=\"Pravosodni minister ZDA Jeff Sessions je v \u010detrtek objavil obto\u017enico proti nekdanjemu glavnemu izvr\u0161nemu direktorju nem\u0161kega avtomobilskega velikana Volkswagen Martinu Winterkornu zaradi sodelovanja v zaroti prevare na uradnih testih glede koli\u010dine \u0161kodljivih snovi v izpuhih dizelskih motorjev.\" \/>\n<meta property=\"og:url\" content=\"https:\/\/hudo.com\/si\/lifestyle\/zda-sprozile-kazenski-pregon-zoper-nekdanjega-direktorja-volkswagna\/\" \/>\n<meta property=\"og:site_name\" content=\"Hudo Slovenija\" \/>\n<meta property=\"article:publisher\" content=\"https:\/\/www.facebook.com\/hudo.si\" \/>\n<meta property=\"article:published_time\" content=\"2018-05-04T04:45:07+00:00\" \/>\n<meta name=\"author\" content=\"hudo\" \/>\n<meta name=\"twitter:card\" content=\"summary_large_image\" \/>\n<meta name=\"twitter:creator\" content=\"@hudo_si\" \/>\n<meta name=\"twitter:site\" content=\"@hudo_si\" \/>\n<meta name=\"twitter:label1\" content=\"Written by\" \/>\n\t<meta name=\"twitter:data1\" content=\"hudo\" \/>\n\t<meta name=\"twitter:label2\" content=\"Est. reading time\" \/>\n\t<meta name=\"twitter:data2\" content=\"1 minuta\" \/>\n<script type=\"application\/ld+json\" class=\"yoast-schema-graph\">{\"@context\":\"https:\/\/schema.org\",\"@graph\":[{\"@type\":\"Article\",\"@id\":\"https:\/\/hudo.com\/si\/lifestyle\/zda-sprozile-kazenski-pregon-zoper-nekdanjega-direktorja-volkswagna\/#article\",\"isPartOf\":{\"@id\":\"https:\/\/hudo.com\/si\/lifestyle\/zda-sprozile-kazenski-pregon-zoper-nekdanjega-direktorja-volkswagna\/\"},\"author\":{\"name\":\"hudo\",\"@id\":\"https:\/\/hudo.com\/si\/#\/schema\/person\/601cf3379633985b20f7e50f2bb47707\"},\"headline\":\"ZDA spro\u017eile kazenski pregon zoper nekdanjega direktorja Volkswagna\",\"datePublished\":\"2018-05-04T04:45:07+00:00\",\"dateModified\":\"2018-05-04T04:45:07+00:00\",\"mainEntityOfPage\":{\"@id\":\"https:\/\/hudo.com\/si\/lifestyle\/zda-sprozile-kazenski-pregon-zoper-nekdanjega-direktorja-volkswagna\/\"},\"wordCount\":248,\"publisher\":{\"@id\":\"https:\/\/hudo.com\/si\/#organization\"},\"keywords\":[\"Volkswagen\",\"ZDA\"],\"articleSection\":[\"Lifestyle\"],\"inLanguage\":\"sl-SI\"},{\"@type\":\"WebPage\",\"@id\":\"https:\/\/hudo.com\/si\/lifestyle\/zda-sprozile-kazenski-pregon-zoper-nekdanjega-direktorja-volkswagna\/\",\"url\":\"https:\/\/hudo.com\/si\/lifestyle\/zda-sprozile-kazenski-pregon-zoper-nekdanjega-direktorja-volkswagna\/\",\"name\":\"ZDA spro\u017eile kazenski pregon zoper nekdanjega direktorja Volkswagna - Hudo Slovenija\",\"isPartOf\":{\"@id\":\"https:\/\/hudo.com\/si\/#website\"},\"datePublished\":\"2018-05-04T04:45:07+00:00\",\"dateModified\":\"2018-05-04T04:45:07+00:00\",\"breadcrumb\":{\"@id\":\"https:\/\/hudo.com\/si\/lifestyle\/zda-sprozile-kazenski-pregon-zoper-nekdanjega-direktorja-volkswagna\/#breadcrumb\"},\"inLanguage\":\"sl-SI\",\"potentialAction\":[{\"@type\":\"ReadAction\",\"target\":[\"https:\/\/hudo.com\/si\/lifestyle\/zda-sprozile-kazenski-pregon-zoper-nekdanjega-direktorja-volkswagna\/\"]}]},{\"@type\":\"BreadcrumbList\",\"@id\":\"https:\/\/hudo.com\/si\/lifestyle\/zda-sprozile-kazenski-pregon-zoper-nekdanjega-direktorja-volkswagna\/#breadcrumb\",\"itemListElement\":[{\"@type\":\"ListItem\",\"position\":1,\"name\":\"Home\",\"item\":\"https:\/\/hudo.com\/si\/\"},{\"@type\":\"ListItem\",\"position\":2,\"name\":\"ZDA spro\u017eile kazenski pregon zoper nekdanjega direktorja Volkswagna\"}]},{\"@type\":\"WebSite\",\"@id\":\"https:\/\/hudo.com\/si\/#website\",\"url\":\"https:\/\/hudo.com\/si\/\",\"name\":\"Hudo Slovenija\",\"description\":\"Vse novice iz Slovenije in sveta\",\"publisher\":{\"@id\":\"https:\/\/hudo.com\/si\/#organization\"},\"potentialAction\":[{\"@type\":\"SearchAction\",\"target\":{\"@type\":\"EntryPoint\",\"urlTemplate\":\"https:\/\/hudo.com\/si\/?s={search_term_string}\"},\"query-input\":\"required name=search_term_string\"}],\"inLanguage\":\"sl-SI\"},{\"@type\":\"Organization\",\"@id\":\"https:\/\/hudo.com\/si\/#organization\",\"name\":\"VSN Media\",\"url\":\"https:\/\/hudo.com\/si\/\",\"logo\":{\"@type\":\"ImageObject\",\"inLanguage\":\"sl-SI\",\"@id\":\"https:\/\/hudo.com\/si\/#\/schema\/logo\/image\/\",\"url\":\"https:\/\/hudo.com\/si\/wp-content\/uploads\/sites\/2\/2021\/03\/hudo-app-2.png\",\"contentUrl\":\"https:\/\/hudo.com\/si\/wp-content\/uploads\/sites\/2\/2021\/03\/hudo-app-2.png\",\"width\":2185,\"height\":2167,\"caption\":\"VSN Media\"},\"image\":{\"@id\":\"https:\/\/hudo.com\/si\/#\/schema\/logo\/image\/\"},\"sameAs\":[\"https:\/\/www.facebook.com\/hudo.si\",\"https:\/\/twitter.com\/hudo_si\"]},{\"@type\":\"Person\",\"@id\":\"https:\/\/hudo.com\/si\/#\/schema\/person\/601cf3379633985b20f7e50f2bb47707\",\"name\":\"hudo\",\"image\":{\"@type\":\"ImageObject\",\"inLanguage\":\"sl-SI\",\"@id\":\"https:\/\/hudo.com\/si\/#\/schema\/person\/image\/\",\"url\":\"https:\/\/secure.gravatar.com\/avatar\/c4ca25fa72cace7a696b52ff5db9e095?s=96&d=mm&r=g\",\"contentUrl\":\"https:\/\/secure.gravatar.com\/avatar\/c4ca25fa72cace7a696b52ff5db9e095?s=96&d=mm&r=g\",\"caption\":\"hudo\"},\"url\":\"https:\/\/hudo.com\/si\/author\/hudo\/\"}]}<\/script>\n<!-- \/ Yoast SEO plugin. -->","yoast_head_json":{"title":"ZDA spro\u017eile kazenski pregon zoper nekdanjega direktorja Volkswagna - Hudo Slovenija","robots":{"index":"index","follow":"follow","max-snippet":"max-snippet:-1","max-image-preview":"max-image-preview:large","max-video-preview":"max-video-preview:-1"},"canonical":"https:\/\/hudo.com\/si\/lifestyle\/zda-sprozile-kazenski-pregon-zoper-nekdanjega-direktorja-volkswagna\/","og_locale":"sl_SI","og_type":"article","og_title":"ZDA spro\u017eile kazenski pregon zoper nekdanjega direktorja Volkswagna - Hudo Slovenija","og_description":"Pravosodni minister ZDA Jeff Sessions je v \u010detrtek objavil obto\u017enico proti nekdanjemu glavnemu izvr\u0161nemu direktorju nem\u0161kega avtomobilskega velikana Volkswagen Martinu Winterkornu zaradi sodelovanja v zaroti prevare na uradnih testih glede koli\u010dine \u0161kodljivih snovi v izpuhih dizelskih motorjev.","og_url":"https:\/\/hudo.com\/si\/lifestyle\/zda-sprozile-kazenski-pregon-zoper-nekdanjega-direktorja-volkswagna\/","og_site_name":"Hudo Slovenija","article_publisher":"https:\/\/www.facebook.com\/hudo.si","article_published_time":"2018-05-04T04:45:07+00:00","author":"hudo","twitter_card":"summary_large_image","twitter_creator":"@hudo_si","twitter_site":"@hudo_si","twitter_misc":{"Written by":"hudo","Est. reading time":"1 minuta"},"schema":{"@context":"https:\/\/schema.org","@graph":[{"@type":"Article","@id":"https:\/\/hudo.com\/si\/lifestyle\/zda-sprozile-kazenski-pregon-zoper-nekdanjega-direktorja-volkswagna\/#article","isPartOf":{"@id":"https:\/\/hudo.com\/si\/lifestyle\/zda-sprozile-kazenski-pregon-zoper-nekdanjega-direktorja-volkswagna\/"},"author":{"name":"hudo","@id":"https:\/\/hudo.com\/si\/#\/schema\/person\/601cf3379633985b20f7e50f2bb47707"},"headline":"ZDA spro\u017eile kazenski pregon zoper nekdanjega direktorja Volkswagna","datePublished":"2018-05-04T04:45:07+00:00","dateModified":"2018-05-04T04:45:07+00:00","mainEntityOfPage":{"@id":"https:\/\/hudo.com\/si\/lifestyle\/zda-sprozile-kazenski-pregon-zoper-nekdanjega-direktorja-volkswagna\/"},"wordCount":248,"publisher":{"@id":"https:\/\/hudo.com\/si\/#organization"},"keywords":["Volkswagen","ZDA"],"articleSection":["Lifestyle"],"inLanguage":"sl-SI"},{"@type":"WebPage","@id":"https:\/\/hudo.com\/si\/lifestyle\/zda-sprozile-kazenski-pregon-zoper-nekdanjega-direktorja-volkswagna\/","url":"https:\/\/hudo.com\/si\/lifestyle\/zda-sprozile-kazenski-pregon-zoper-nekdanjega-direktorja-volkswagna\/","name":"ZDA spro\u017eile kazenski pregon zoper nekdanjega direktorja Volkswagna - Hudo Slovenija","isPartOf":{"@id":"https:\/\/hudo.com\/si\/#website"},"datePublished":"2018-05-04T04:45:07+00:00","dateModified":"2018-05-04T04:45:07+00:00","breadcrumb":{"@id":"https:\/\/hudo.com\/si\/lifestyle\/zda-sprozile-kazenski-pregon-zoper-nekdanjega-direktorja-volkswagna\/#breadcrumb"},"inLanguage":"sl-SI","potentialAction":[{"@type":"ReadAction","target":["https:\/\/hudo.com\/si\/lifestyle\/zda-sprozile-kazenski-pregon-zoper-nekdanjega-direktorja-volkswagna\/"]}]},{"@type":"BreadcrumbList","@id":"https:\/\/hudo.com\/si\/lifestyle\/zda-sprozile-kazenski-pregon-zoper-nekdanjega-direktorja-volkswagna\/#breadcrumb","itemListElement":[{"@type":"ListItem","position":1,"name":"Home","item":"https:\/\/hudo.com\/si\/"},{"@type":"ListItem","position":2,"name":"ZDA spro\u017eile kazenski pregon zoper nekdanjega direktorja Volkswagna"}]},{"@type":"WebSite","@id":"https:\/\/hudo.com\/si\/#website","url":"https:\/\/hudo.com\/si\/","name":"Hudo Slovenija","description":"Vse novice iz Slovenije in sveta","publisher":{"@id":"https:\/\/hudo.com\/si\/#organization"},"potentialAction":[{"@type":"SearchAction","target":{"@type":"EntryPoint","urlTemplate":"https:\/\/hudo.com\/si\/?s={search_term_string}"},"query-input":"required name=search_term_string"}],"inLanguage":"sl-SI"},{"@type":"Organization","@id":"https:\/\/hudo.com\/si\/#organization","name":"VSN Media","url":"https:\/\/hudo.com\/si\/","logo":{"@type":"ImageObject","inLanguage":"sl-SI","@id":"https:\/\/hudo.com\/si\/#\/schema\/logo\/image\/","url":"https:\/\/hudo.com\/si\/wp-content\/uploads\/sites\/2\/2021\/03\/hudo-app-2.png","contentUrl":"https:\/\/hudo.com\/si\/wp-content\/uploads\/sites\/2\/2021\/03\/hudo-app-2.png","width":2185,"height":2167,"caption":"VSN Media"},"image":{"@id":"https:\/\/hudo.com\/si\/#\/schema\/logo\/image\/"},"sameAs":["https:\/\/www.facebook.com\/hudo.si","https:\/\/twitter.com\/hudo_si"]},{"@type":"Person","@id":"https:\/\/hudo.com\/si\/#\/schema\/person\/601cf3379633985b20f7e50f2bb47707","name":"hudo","image":{"@type":"ImageObject","inLanguage":"sl-SI","@id":"https:\/\/hudo.com\/si\/#\/schema\/person\/image\/","url":"https:\/\/secure.gravatar.com\/avatar\/c4ca25fa72cace7a696b52ff5db9e095?s=96&d=mm&r=g","contentUrl":"https:\/\/secure.gravatar.com\/avatar\/c4ca25fa72cace7a696b52ff5db9e095?s=96&d=mm&r=g","caption":"hudo"},"url":"https:\/\/hudo.com\/si\/author\/hudo\/"}]}},"amp_enabled":true,"_links":{"self":[{"href":"https:\/\/hudo.com\/si\/wp-json\/wp\/v2\/posts\/369519"}],"collection":[{"href":"https:\/\/hudo.com\/si\/wp-json\/wp\/v2\/posts"}],"about":[{"href":"https:\/\/hudo.com\/si\/wp-json\/wp\/v2\/types\/post"}],"author":[{"embeddable":true,"href":"https:\/\/hudo.com\/si\/wp-json\/wp\/v2\/users\/1"}],"replies":[{"embeddable":true,"href":"https:\/\/hudo.com\/si\/wp-json\/wp\/v2\/comments?post=369519"}],"version-history":[{"count":0,"href":"https:\/\/hudo.com\/si\/wp-json\/wp\/v2\/posts\/369519\/revisions"}],"wp:attachment":[{"href":"https:\/\/hudo.com\/si\/wp-json\/wp\/v2\/media?parent=369519"}],"wp:term":[{"taxonomy":"category","embeddable":true,"href":"https:\/\/hudo.com\/si\/wp-json\/wp\/v2\/categories?post=369519"},{"taxonomy":"post_tag","embeddable":true,"href":"https:\/\/hudo.com\/si\/wp-json\/wp\/v2\/tags?post=369519"},{"taxonomy":"source","embeddable":true,"href":"https:\/\/hudo.com\/si\/wp-json\/wp\/v2\/source?post=369519"},{"taxonomy":"supertag","embeddable":true,"href":"https:\/\/hudo.com\/si\/wp-json\/wp\/v2\/supertag?post=369519"}],"curies":[{"name":"wp","href":"https:\/\/api.w.org\/{rel}","templated":true}]}}