{"id":36974,"date":"2016-04-22T08:15:00","date_gmt":"2016-04-22T06:15:00","guid":{"rendered":"http:\/\/hudo.com\/si\/2016\/04\/22\/izredna-seja-o-razresitvi-bizjak-mlakarjeve-in-o-stanju-v-sv-v-ponedeljek\/"},"modified":"2016-04-22T08:15:00","modified_gmt":"2016-04-22T06:15:00","slug":"izredna-seja-o-razresitvi-bizjak-mlakarjeve-in-o-stanju-v-sv-v-ponedeljek","status":"publish","type":"post","link":"https:\/\/hudo.com\/si\/aktualno\/izredna-seja-o-razresitvi-bizjak-mlakarjeve-in-o-stanju-v-sv-v-ponedeljek\/","title":{"rendered":"Izredna seja o razre\u0161itvi Bizjak Mlakarjeve in o stanju v SV v ponedeljek"},"content":{"rendered":"<p>Izredna seja DZ, na kateri bo DZ predvidoma odlo\u010dal o predlogu za razre\u0161itev ministrice za kulturo Julijane Bizjak Mlakar in za\u010del to\u010dko o priporo\u010dilih vladi v zvezi s stanjem v Slovenski vojski, bo v ponedeljek, po kon\u010dani redni seji. Tako se je namre\u010d kljub ostremu nasprotovanju opozicije na kolegiju predsednika DZ zavzela ve\u010dina koalicije. Na kolegiju predsednika DZ se je danes vnela pestra razprava o tem, ali bodo poslanci kon\u010dali redno zasedanje in za\u010deli izredno sejo v ponedeljek, ali v torek. Zlasti SMC in DeSUS sta vztrajala pri tem, da je izredna seja v ponedeljek, saj da je premier Miro Cerar v predlogu za razre\u0161itev ministrice za kulturo Bizjak Mlakarjeve prosil, da DZ o tem odlo\u010da v najkraj\u0161em mo\u017enem \u010dasu. Opozicija pa za tak\u0161no odlo\u010ditev ni videla razlogov. Za torek je namre\u010d po programu \u017ee dalj \u010dasa predviden rezervni termin za zasedanje DZ, v ponedeljek pa je med drugim predvidena seja parlamentarne preiskovalne komisije o ugotavljanju zlorab v slovenskem ban\u010dnem sistemu. V SDS, NSi in v poslanski skupini nepovezanih poslancev so celo ocenili, da gre za oviranje dela preiskovalne komisije. Tudi vodja poslanske skupine koalicijske SD Matja\u017e Han je pritrdil vodji poslanske skupine SDS Jo\u017eetu Tanku in ocenil, da je to, kar so naredili na kolegiju, &#8220;\u0161lamastika&#8221;. Kot je napovedal Han, bo sicer podprl koalicijo, a da se ob tem po\u010duti butasto. Pri na\u010drtu izredne seje je odprto tudi vpra\u0161anje razprave o razre\u0161itvi ministrice, saj je ta napovedala, da bo do ponedeljka razmislila o svojem odstopu. V tem primeru razprave in odlo\u010danja o razre\u0161itvi ne bi bilo, DZ bi se seznanil z njenim odstopom. Tudi druga to\u010dka na izredni seji, ki jo zahtevata SDS in NSi, bo predvidoma kratka. DZ bo namre\u010d odlo\u010dal le o zahtevi za mnenje predsednika republike Boruta Pahorja o vpra\u0161anju stanja v vojski, vsebinsko razpravo o priporo\u010dilih vladi v zvezi s stanjem v vojski pa opravil predvidoma 5. maja.Slovenija<\/p>\n","protected":false},"excerpt":{"rendered":"<p>Izredna seja DZ, na kateri bo DZ predvidoma odlo\u010dal o predlogu za razre\u0161itev ministrice za kulturo Julijane Bizjak Mlakar in za\u010del to\u010dko o priporo\u010dilih vladi v zvezi s stanjem v Slovenski vojski, bo v ponedeljek, po kon\u010dani redni seji. Tako se je namre\u010d kljub ostremu nasprotovanju opozicije na kolegiju predsednika DZ zavzela ve\u010dina koalicije. Na kolegiju predsednika DZ se je danes vnela pestra razprava o tem, ali bodo poslanci kon\u010dali redno zasedanje in za\u010deli izredno sejo v ponedeljek, ali v torek. Zlasti SMC in DeSUS sta vztrajala pri tem, da je izredna seja v ponedeljek, saj da je premier Miro Cerar v predlogu za razre\u0161itev ministrice za kulturo Bizjak Mlakarjeve prosil, da DZ o tem odlo\u010da v najkraj\u0161em mo\u017enem \u010dasu. Opozicija pa za tak\u0161no odlo\u010ditev ni videla razlogov. Za torek je namre\u010d po programu \u017ee dalj \u010dasa predviden rezervni termin za zasedanje DZ, v ponedeljek pa je med drugim predvidena seja parlamentarne preiskovalne komisije o ugotavljanju zlorab v slovenskem ban\u010dnem sistemu. V SDS, NSi in v poslanski skupini nepovezanih poslancev so celo ocenili, da gre za oviranje dela preiskovalne komisije. Tudi vodja poslanske skupine koalicijske SD Matja\u017e Han je pritrdil vodji poslanske skupine SDS Jo\u017eetu Tanku in ocenil, da je to, kar so naredili na kolegiju, &#8220;\u0161lamastika&#8221;. Kot je napovedal Han, bo sicer podprl koalicijo, a da se ob tem po\u010duti butasto. Pri na\u010drtu izredne seje je odprto tudi vpra\u0161anje razprave o razre\u0161itvi ministrice, saj je ta napovedala, da bo do ponedeljka razmislila o svojem odstopu. V tem primeru razprave in odlo\u010danja o razre\u0161itvi ne bi bilo, DZ bi se seznanil z njenim odstopom. Tudi druga to\u010dka na izredni seji, ki jo zahtevata SDS in NSi, bo predvidoma kratka. DZ bo namre\u010d odlo\u010dal le o zahtevi za mnenje predsednika republike Boruta Pahorja o vpra\u0161anju stanja v vojski, vsebinsko razpravo o priporo\u010dilih vladi v zvezi s stanjem v vojski pa opravil predvidoma 5. maja.Slovenija<\/p>\n","protected":false},"author":1,"featured_media":0,"comment_status":"closed","ping_status":"closed","sticky":false,"template":"","format":"standard","meta":{"footnotes":""},"categories":[1179],"tags":[],"source":[1711],"supertag":[],"acf":[],"yoast_head":"<!-- This site is optimized with the Yoast SEO plugin v21.3 - https:\/\/yoast.com\/wordpress\/plugins\/seo\/ -->\n<title>Izredna seja o razre\u0161itvi Bizjak Mlakarjeve in o stanju v SV v ponedeljek - Hudo Slovenija<\/title>\n<meta name=\"robots\" content=\"index, follow, max-snippet:-1, max-image-preview:large, max-video-preview:-1\" \/>\n<link rel=\"canonical\" href=\"https:\/\/hudo.com\/si\/aktualno\/izredna-seja-o-razresitvi-bizjak-mlakarjeve-in-o-stanju-v-sv-v-ponedeljek\/\" \/>\n<meta property=\"og:locale\" content=\"sl_SI\" \/>\n<meta property=\"og:type\" content=\"article\" \/>\n<meta property=\"og:title\" content=\"Izredna seja o razre\u0161itvi Bizjak Mlakarjeve in o stanju v SV v ponedeljek - Hudo Slovenija\" \/>\n<meta property=\"og:description\" content=\"Izredna seja DZ, na kateri bo DZ predvidoma odlo\u010dal o predlogu za razre\u0161itev ministrice za kulturo Julijane Bizjak Mlakar in za\u010del to\u010dko o priporo\u010dilih vladi v zvezi s stanjem v Slovenski vojski, bo v ponedeljek, po kon\u010dani redni seji. Tako se je namre\u010d kljub ostremu nasprotovanju opozicije na kolegiju predsednika DZ zavzela ve\u010dina koalicije. Na kolegiju predsednika DZ se je danes vnela pestra razprava o tem, ali bodo poslanci kon\u010dali redno zasedanje in za\u010deli izredno sejo v ponedeljek, ali v torek. Zlasti SMC in DeSUS sta vztrajala pri tem, da je izredna seja v ponedeljek, saj da je premier Miro Cerar v predlogu za razre\u0161itev ministrice za kulturo Bizjak Mlakarjeve prosil, da DZ o tem odlo\u010da v najkraj\u0161em mo\u017enem \u010dasu. Opozicija pa za tak\u0161no odlo\u010ditev ni videla razlogov. Za torek je namre\u010d po programu \u017ee dalj \u010dasa predviden rezervni termin za zasedanje DZ, v ponedeljek pa je med drugim predvidena seja parlamentarne preiskovalne komisije o ugotavljanju zlorab v slovenskem ban\u010dnem sistemu. V SDS, NSi in v poslanski skupini nepovezanih poslancev so celo ocenili, da gre za oviranje dela preiskovalne komisije. Tudi vodja poslanske skupine koalicijske SD Matja\u017e Han je pritrdil vodji poslanske skupine SDS Jo\u017eetu Tanku in ocenil, da je to, kar so naredili na kolegiju, &quot;\u0161lamastika&quot;. Kot je napovedal Han, bo sicer podprl koalicijo, a da se ob tem po\u010duti butasto. Pri na\u010drtu izredne seje je odprto tudi vpra\u0161anje razprave o razre\u0161itvi ministrice, saj je ta napovedala, da bo do ponedeljka razmislila o svojem odstopu. V tem primeru razprave in odlo\u010danja o razre\u0161itvi ne bi bilo, DZ bi se seznanil z njenim odstopom. Tudi druga to\u010dka na izredni seji, ki jo zahtevata SDS in NSi, bo predvidoma kratka. DZ bo namre\u010d odlo\u010dal le o zahtevi za mnenje predsednika republike Boruta Pahorja o vpra\u0161anju stanja v vojski, vsebinsko razpravo o priporo\u010dilih vladi v zvezi s stanjem v vojski pa opravil predvidoma 5. maja.Slovenija\" \/>\n<meta property=\"og:url\" content=\"https:\/\/hudo.com\/si\/aktualno\/izredna-seja-o-razresitvi-bizjak-mlakarjeve-in-o-stanju-v-sv-v-ponedeljek\/\" \/>\n<meta property=\"og:site_name\" content=\"Hudo Slovenija\" \/>\n<meta property=\"article:publisher\" content=\"https:\/\/www.facebook.com\/hudo.si\" \/>\n<meta property=\"article:published_time\" content=\"2016-04-22T06:15:00+00:00\" \/>\n<meta property=\"og:image\" content=\"https:\/\/hudo.com\/si\/wp-content\/uploads\/sites\/2\/2016\/04\/ju-300.jpg\" \/>\n\t<meta property=\"og:image:width\" content=\"450\" \/>\n\t<meta property=\"og:image:height\" content=\"318\" \/>\n\t<meta property=\"og:image:type\" content=\"image\/jpeg\" \/>\n<meta name=\"author\" content=\"hudo\" \/>\n<meta name=\"twitter:card\" content=\"summary_large_image\" \/>\n<meta name=\"twitter:creator\" content=\"@hudo_si\" \/>\n<meta name=\"twitter:site\" content=\"@hudo_si\" \/>\n<meta name=\"twitter:label1\" content=\"Written by\" \/>\n\t<meta name=\"twitter:data1\" content=\"hudo\" \/>\n\t<meta name=\"twitter:label2\" content=\"Est. reading time\" \/>\n\t<meta name=\"twitter:data2\" content=\"2 minuti\" \/>\n<script type=\"application\/ld+json\" class=\"yoast-schema-graph\">{\"@context\":\"https:\/\/schema.org\",\"@graph\":[{\"@type\":\"Article\",\"@id\":\"https:\/\/hudo.com\/si\/aktualno\/izredna-seja-o-razresitvi-bizjak-mlakarjeve-in-o-stanju-v-sv-v-ponedeljek\/#article\",\"isPartOf\":{\"@id\":\"https:\/\/hudo.com\/si\/aktualno\/izredna-seja-o-razresitvi-bizjak-mlakarjeve-in-o-stanju-v-sv-v-ponedeljek\/\"},\"author\":{\"name\":\"hudo\",\"@id\":\"https:\/\/hudo.com\/si\/#\/schema\/person\/601cf3379633985b20f7e50f2bb47707\"},\"headline\":\"Izredna seja o razre\u0161itvi Bizjak Mlakarjeve in o stanju v SV v ponedeljek\",\"datePublished\":\"2016-04-22T06:15:00+00:00\",\"dateModified\":\"2016-04-22T06:15:00+00:00\",\"mainEntityOfPage\":{\"@id\":\"https:\/\/hudo.com\/si\/aktualno\/izredna-seja-o-razresitvi-bizjak-mlakarjeve-in-o-stanju-v-sv-v-ponedeljek\/\"},\"wordCount\":354,\"publisher\":{\"@id\":\"https:\/\/hudo.com\/si\/#organization\"},\"articleSection\":[\"Aktualno\"],\"inLanguage\":\"sl-SI\"},{\"@type\":\"WebPage\",\"@id\":\"https:\/\/hudo.com\/si\/aktualno\/izredna-seja-o-razresitvi-bizjak-mlakarjeve-in-o-stanju-v-sv-v-ponedeljek\/\",\"url\":\"https:\/\/hudo.com\/si\/aktualno\/izredna-seja-o-razresitvi-bizjak-mlakarjeve-in-o-stanju-v-sv-v-ponedeljek\/\",\"name\":\"Izredna seja o razre\u0161itvi Bizjak Mlakarjeve in o stanju v SV v ponedeljek - Hudo Slovenija\",\"isPartOf\":{\"@id\":\"https:\/\/hudo.com\/si\/#website\"},\"datePublished\":\"2016-04-22T06:15:00+00:00\",\"dateModified\":\"2016-04-22T06:15:00+00:00\",\"breadcrumb\":{\"@id\":\"https:\/\/hudo.com\/si\/aktualno\/izredna-seja-o-razresitvi-bizjak-mlakarjeve-in-o-stanju-v-sv-v-ponedeljek\/#breadcrumb\"},\"inLanguage\":\"sl-SI\",\"potentialAction\":[{\"@type\":\"ReadAction\",\"target\":[\"https:\/\/hudo.com\/si\/aktualno\/izredna-seja-o-razresitvi-bizjak-mlakarjeve-in-o-stanju-v-sv-v-ponedeljek\/\"]}]},{\"@type\":\"BreadcrumbList\",\"@id\":\"https:\/\/hudo.com\/si\/aktualno\/izredna-seja-o-razresitvi-bizjak-mlakarjeve-in-o-stanju-v-sv-v-ponedeljek\/#breadcrumb\",\"itemListElement\":[{\"@type\":\"ListItem\",\"position\":1,\"name\":\"Home\",\"item\":\"https:\/\/hudo.com\/si\/\"},{\"@type\":\"ListItem\",\"position\":2,\"name\":\"Izredna seja o razre\u0161itvi Bizjak Mlakarjeve in o stanju v SV v ponedeljek\"}]},{\"@type\":\"WebSite\",\"@id\":\"https:\/\/hudo.com\/si\/#website\",\"url\":\"https:\/\/hudo.com\/si\/\",\"name\":\"Hudo Slovenija\",\"description\":\"Vse novice iz Slovenije in sveta\",\"publisher\":{\"@id\":\"https:\/\/hudo.com\/si\/#organization\"},\"potentialAction\":[{\"@type\":\"SearchAction\",\"target\":{\"@type\":\"EntryPoint\",\"urlTemplate\":\"https:\/\/hudo.com\/si\/?s={search_term_string}\"},\"query-input\":\"required name=search_term_string\"}],\"inLanguage\":\"sl-SI\"},{\"@type\":\"Organization\",\"@id\":\"https:\/\/hudo.com\/si\/#organization\",\"name\":\"VSN Media\",\"url\":\"https:\/\/hudo.com\/si\/\",\"logo\":{\"@type\":\"ImageObject\",\"inLanguage\":\"sl-SI\",\"@id\":\"https:\/\/hudo.com\/si\/#\/schema\/logo\/image\/\",\"url\":\"https:\/\/hudo.com\/si\/wp-content\/uploads\/sites\/2\/2021\/03\/hudo-app-2.png\",\"contentUrl\":\"https:\/\/hudo.com\/si\/wp-content\/uploads\/sites\/2\/2021\/03\/hudo-app-2.png\",\"width\":2185,\"height\":2167,\"caption\":\"VSN Media\"},\"image\":{\"@id\":\"https:\/\/hudo.com\/si\/#\/schema\/logo\/image\/\"},\"sameAs\":[\"https:\/\/www.facebook.com\/hudo.si\",\"https:\/\/twitter.com\/hudo_si\"]},{\"@type\":\"Person\",\"@id\":\"https:\/\/hudo.com\/si\/#\/schema\/person\/601cf3379633985b20f7e50f2bb47707\",\"name\":\"hudo\",\"image\":{\"@type\":\"ImageObject\",\"inLanguage\":\"sl-SI\",\"@id\":\"https:\/\/hudo.com\/si\/#\/schema\/person\/image\/\",\"url\":\"https:\/\/secure.gravatar.com\/avatar\/c4ca25fa72cace7a696b52ff5db9e095?s=96&d=mm&r=g\",\"contentUrl\":\"https:\/\/secure.gravatar.com\/avatar\/c4ca25fa72cace7a696b52ff5db9e095?s=96&d=mm&r=g\",\"caption\":\"hudo\"},\"url\":\"https:\/\/hudo.com\/si\/author\/hudo\/\"}]}<\/script>\n<!-- \/ Yoast SEO plugin. -->","yoast_head_json":{"title":"Izredna seja o razre\u0161itvi Bizjak Mlakarjeve in o stanju v SV v ponedeljek - Hudo Slovenija","robots":{"index":"index","follow":"follow","max-snippet":"max-snippet:-1","max-image-preview":"max-image-preview:large","max-video-preview":"max-video-preview:-1"},"canonical":"https:\/\/hudo.com\/si\/aktualno\/izredna-seja-o-razresitvi-bizjak-mlakarjeve-in-o-stanju-v-sv-v-ponedeljek\/","og_locale":"sl_SI","og_type":"article","og_title":"Izredna seja o razre\u0161itvi Bizjak Mlakarjeve in o stanju v SV v ponedeljek - Hudo Slovenija","og_description":"Izredna seja DZ, na kateri bo DZ predvidoma odlo\u010dal o predlogu za razre\u0161itev ministrice za kulturo Julijane Bizjak Mlakar in za\u010del to\u010dko o priporo\u010dilih vladi v zvezi s stanjem v Slovenski vojski, bo v ponedeljek, po kon\u010dani redni seji. Tako se je namre\u010d kljub ostremu nasprotovanju opozicije na kolegiju predsednika DZ zavzela ve\u010dina koalicije. Na kolegiju predsednika DZ se je danes vnela pestra razprava o tem, ali bodo poslanci kon\u010dali redno zasedanje in za\u010deli izredno sejo v ponedeljek, ali v torek. Zlasti SMC in DeSUS sta vztrajala pri tem, da je izredna seja v ponedeljek, saj da je premier Miro Cerar v predlogu za razre\u0161itev ministrice za kulturo Bizjak Mlakarjeve prosil, da DZ o tem odlo\u010da v najkraj\u0161em mo\u017enem \u010dasu. Opozicija pa za tak\u0161no odlo\u010ditev ni videla razlogov. Za torek je namre\u010d po programu \u017ee dalj \u010dasa predviden rezervni termin za zasedanje DZ, v ponedeljek pa je med drugim predvidena seja parlamentarne preiskovalne komisije o ugotavljanju zlorab v slovenskem ban\u010dnem sistemu. V SDS, NSi in v poslanski skupini nepovezanih poslancev so celo ocenili, da gre za oviranje dela preiskovalne komisije. Tudi vodja poslanske skupine koalicijske SD Matja\u017e Han je pritrdil vodji poslanske skupine SDS Jo\u017eetu Tanku in ocenil, da je to, kar so naredili na kolegiju, \"\u0161lamastika\". Kot je napovedal Han, bo sicer podprl koalicijo, a da se ob tem po\u010duti butasto. Pri na\u010drtu izredne seje je odprto tudi vpra\u0161anje razprave o razre\u0161itvi ministrice, saj je ta napovedala, da bo do ponedeljka razmislila o svojem odstopu. V tem primeru razprave in odlo\u010danja o razre\u0161itvi ne bi bilo, DZ bi se seznanil z njenim odstopom. Tudi druga to\u010dka na izredni seji, ki jo zahtevata SDS in NSi, bo predvidoma kratka. DZ bo namre\u010d odlo\u010dal le o zahtevi za mnenje predsednika republike Boruta Pahorja o vpra\u0161anju stanja v vojski, vsebinsko razpravo o priporo\u010dilih vladi v zvezi s stanjem v vojski pa opravil predvidoma 5. maja.Slovenija","og_url":"https:\/\/hudo.com\/si\/aktualno\/izredna-seja-o-razresitvi-bizjak-mlakarjeve-in-o-stanju-v-sv-v-ponedeljek\/","og_site_name":"Hudo Slovenija","article_publisher":"https:\/\/www.facebook.com\/hudo.si","article_published_time":"2016-04-22T06:15:00+00:00","og_image":[{"width":450,"height":318,"url":"https:\/\/hudo.com\/si\/wp-content\/uploads\/sites\/2\/2016\/04\/ju-300.jpg","type":"image\/jpeg"}],"author":"hudo","twitter_card":"summary_large_image","twitter_creator":"@hudo_si","twitter_site":"@hudo_si","twitter_misc":{"Written by":"hudo","Est. reading time":"2 minuti"},"schema":{"@context":"https:\/\/schema.org","@graph":[{"@type":"Article","@id":"https:\/\/hudo.com\/si\/aktualno\/izredna-seja-o-razresitvi-bizjak-mlakarjeve-in-o-stanju-v-sv-v-ponedeljek\/#article","isPartOf":{"@id":"https:\/\/hudo.com\/si\/aktualno\/izredna-seja-o-razresitvi-bizjak-mlakarjeve-in-o-stanju-v-sv-v-ponedeljek\/"},"author":{"name":"hudo","@id":"https:\/\/hudo.com\/si\/#\/schema\/person\/601cf3379633985b20f7e50f2bb47707"},"headline":"Izredna seja o razre\u0161itvi Bizjak Mlakarjeve in o stanju v SV v ponedeljek","datePublished":"2016-04-22T06:15:00+00:00","dateModified":"2016-04-22T06:15:00+00:00","mainEntityOfPage":{"@id":"https:\/\/hudo.com\/si\/aktualno\/izredna-seja-o-razresitvi-bizjak-mlakarjeve-in-o-stanju-v-sv-v-ponedeljek\/"},"wordCount":354,"publisher":{"@id":"https:\/\/hudo.com\/si\/#organization"},"articleSection":["Aktualno"],"inLanguage":"sl-SI"},{"@type":"WebPage","@id":"https:\/\/hudo.com\/si\/aktualno\/izredna-seja-o-razresitvi-bizjak-mlakarjeve-in-o-stanju-v-sv-v-ponedeljek\/","url":"https:\/\/hudo.com\/si\/aktualno\/izredna-seja-o-razresitvi-bizjak-mlakarjeve-in-o-stanju-v-sv-v-ponedeljek\/","name":"Izredna seja o razre\u0161itvi Bizjak Mlakarjeve in o stanju v SV v ponedeljek - Hudo Slovenija","isPartOf":{"@id":"https:\/\/hudo.com\/si\/#website"},"datePublished":"2016-04-22T06:15:00+00:00","dateModified":"2016-04-22T06:15:00+00:00","breadcrumb":{"@id":"https:\/\/hudo.com\/si\/aktualno\/izredna-seja-o-razresitvi-bizjak-mlakarjeve-in-o-stanju-v-sv-v-ponedeljek\/#breadcrumb"},"inLanguage":"sl-SI","potentialAction":[{"@type":"ReadAction","target":["https:\/\/hudo.com\/si\/aktualno\/izredna-seja-o-razresitvi-bizjak-mlakarjeve-in-o-stanju-v-sv-v-ponedeljek\/"]}]},{"@type":"BreadcrumbList","@id":"https:\/\/hudo.com\/si\/aktualno\/izredna-seja-o-razresitvi-bizjak-mlakarjeve-in-o-stanju-v-sv-v-ponedeljek\/#breadcrumb","itemListElement":[{"@type":"ListItem","position":1,"name":"Home","item":"https:\/\/hudo.com\/si\/"},{"@type":"ListItem","position":2,"name":"Izredna seja o razre\u0161itvi Bizjak Mlakarjeve in o stanju v SV v ponedeljek"}]},{"@type":"WebSite","@id":"https:\/\/hudo.com\/si\/#website","url":"https:\/\/hudo.com\/si\/","name":"Hudo Slovenija","description":"Vse novice iz Slovenije in sveta","publisher":{"@id":"https:\/\/hudo.com\/si\/#organization"},"potentialAction":[{"@type":"SearchAction","target":{"@type":"EntryPoint","urlTemplate":"https:\/\/hudo.com\/si\/?s={search_term_string}"},"query-input":"required name=search_term_string"}],"inLanguage":"sl-SI"},{"@type":"Organization","@id":"https:\/\/hudo.com\/si\/#organization","name":"VSN Media","url":"https:\/\/hudo.com\/si\/","logo":{"@type":"ImageObject","inLanguage":"sl-SI","@id":"https:\/\/hudo.com\/si\/#\/schema\/logo\/image\/","url":"https:\/\/hudo.com\/si\/wp-content\/uploads\/sites\/2\/2021\/03\/hudo-app-2.png","contentUrl":"https:\/\/hudo.com\/si\/wp-content\/uploads\/sites\/2\/2021\/03\/hudo-app-2.png","width":2185,"height":2167,"caption":"VSN Media"},"image":{"@id":"https:\/\/hudo.com\/si\/#\/schema\/logo\/image\/"},"sameAs":["https:\/\/www.facebook.com\/hudo.si","https:\/\/twitter.com\/hudo_si"]},{"@type":"Person","@id":"https:\/\/hudo.com\/si\/#\/schema\/person\/601cf3379633985b20f7e50f2bb47707","name":"hudo","image":{"@type":"ImageObject","inLanguage":"sl-SI","@id":"https:\/\/hudo.com\/si\/#\/schema\/person\/image\/","url":"https:\/\/secure.gravatar.com\/avatar\/c4ca25fa72cace7a696b52ff5db9e095?s=96&d=mm&r=g","contentUrl":"https:\/\/secure.gravatar.com\/avatar\/c4ca25fa72cace7a696b52ff5db9e095?s=96&d=mm&r=g","caption":"hudo"},"url":"https:\/\/hudo.com\/si\/author\/hudo\/"}]}},"amp_enabled":true,"_links":{"self":[{"href":"https:\/\/hudo.com\/si\/wp-json\/wp\/v2\/posts\/36974"}],"collection":[{"href":"https:\/\/hudo.com\/si\/wp-json\/wp\/v2\/posts"}],"about":[{"href":"https:\/\/hudo.com\/si\/wp-json\/wp\/v2\/types\/post"}],"author":[{"embeddable":true,"href":"https:\/\/hudo.com\/si\/wp-json\/wp\/v2\/users\/1"}],"replies":[{"embeddable":true,"href":"https:\/\/hudo.com\/si\/wp-json\/wp\/v2\/comments?post=36974"}],"version-history":[{"count":0,"href":"https:\/\/hudo.com\/si\/wp-json\/wp\/v2\/posts\/36974\/revisions"}],"wp:attachment":[{"href":"https:\/\/hudo.com\/si\/wp-json\/wp\/v2\/media?parent=36974"}],"wp:term":[{"taxonomy":"category","embeddable":true,"href":"https:\/\/hudo.com\/si\/wp-json\/wp\/v2\/categories?post=36974"},{"taxonomy":"post_tag","embeddable":true,"href":"https:\/\/hudo.com\/si\/wp-json\/wp\/v2\/tags?post=36974"},{"taxonomy":"source","embeddable":true,"href":"https:\/\/hudo.com\/si\/wp-json\/wp\/v2\/source?post=36974"},{"taxonomy":"supertag","embeddable":true,"href":"https:\/\/hudo.com\/si\/wp-json\/wp\/v2\/supertag?post=36974"}],"curies":[{"name":"wp","href":"https:\/\/api.w.org\/{rel}","templated":true}]}}