{"id":370084,"date":"2018-05-15T10:05:34","date_gmt":"2018-05-15T08:05:34","guid":{"rendered":"http:\/\/hudo.com\/si\/?p=370084"},"modified":"2018-05-15T10:05:34","modified_gmt":"2018-05-15T08:05:34","slug":"visje-sodisce-razveljavilo-sodbo-proti-trojici-zaradi-izcrpavanja-sct","status":"publish","type":"post","link":"https:\/\/hudo.com\/si\/aktualno\/visje-sodisce-razveljavilo-sodbo-proti-trojici-zaradi-izcrpavanja-sct\/","title":{"rendered":"Vi\u0161je sodi\u0161\u010de razveljavilo sodbo proti trojici zaradi iz\u010drpavanja SCT"},"content":{"rendered":"<div class=\"text\">\n<p>Zagovornik prvoobto\u017eenega Prostorja \u017diga Klun je Delu potrdil, da je vi\u0161je sodi\u0161\u010de obto\u017ebo deloma zavrnilo zaradi absolutnega zastaranja pregona (v delu, ki se nana\u0161a na ponareditev listin), sicer pa je sodbo v celoti razveljavilo in vrnilo sodi\u0161\u010du prve stopnje v ponovno sojenje pred novim senatom.<\/p>\n<p>Okro\u017eno sodi\u0161\u010de je januarja lani nekdanjega poslovnega sekretarja SCT Prostorja ter njegova pomaga\u010da Fegu\u0161a in Kranjca obsodilo na ve\u010dletne zaporne kazni, ker naj bi med letoma 2004 in 2007 iz SCT izvlekli 2,66 milijona evrov. SCT je namre\u010d pla\u010deval fiktivne svetovalne posle razli\u010dnim slamnatim podjetjem.<\/p>\n<p>Prostor je podpisoval oz. parafiral navidezne pogodbe o poslovnem sodelovanju s slamnatimi podjetji, ki sta jih odpirala Kranjc in Fegu\u0161, ter nato parafiral in podpisoval temeljnice oz. ra\u010dune, na podlagi katerih je SCT slamnatim dru\u017ebam pla\u010deval za nikoli opravljeno delo. Takih pogodb je bilo osem, Prostor pa je po prepri\u010danju to\u017eilstva delal po navodilih biv\u0161ega prvega mo\u017ea SCT Ivana Zidarja.<\/p>\n<p>Prostorju je sodi\u0161\u010de dosodilo enotno kazen \u0161tirih let in pet mesecev zapora, Fegu\u0161u \u0161tiri leta in tri mesece ter 12.500 evrov denarne kazni, Kranjcu pa sedem let in deset mesecev zaporne kazni ter 20.830 evrov denarne kazni. Vsem trem je tudi nalo\u017eilo, naj SCT v ste\u010daju nerazdelno pla\u010dajo 2,66 milijona evrov.<\/p>\n<p>A tak\u0161na odlo\u010ditev ni vzdr\u017eala presoje na vi\u0161jem sodi\u0161\u010du, saj je to v celoti ugodilo prito\u017ebam obrambe. Po mnenju vi\u0161jih sodnikov je dejansko stanje nepopolno ugotovljeno, okro\u017eno sodi\u0161\u010de pa je pri\u0161lo do prenagljenih zaklju\u010dkov, ki so lahko tudi zmotni.<\/p>\n<p>V vnovi\u010dnem postopku bo moralo ponoviti izvedene dokaze in izvesti nove, da bo lahko ocenilo, ali obto\u017ebeni o\u010ditek sploh dr\u017ei, predvsem pa se opredeliti do razmerij med obdol\u017eenimi ob dejstvu, da Prostor Kranjca in Fegu\u0161a do kazenskega postopka sploh ni poznal in \u0161e, da je komunikacija potekala prek neke Zidarjeve intimne prijateljice, za katero nih\u010de ne ve, kdo je, je \u010dasniku pojasnil Prostorjev zagovornik Klun.<\/p>\n<p>V ponovnem sojenju bo sodi\u0161\u010de ta primer sicer obravnavalo zdru\u017eeno z drugim postopkom, v katerem sta prav tako obdol\u017eena Prostor in Kranjc (skupaj s \u0161e dvema obdol\u017eencema) zaradi enakega na\u010dina domnevnega o\u0161kodovanja SCT prek slamnatih dru\u017eb, v fazi sodne preiskave pa je \u0161e ena identi\u010dna zadeva.<\/p>\n<p>Na zato\u017eni klopi bi moral \u017ee v prvem postopku sedeti tudi Zidar, toda kot je znano, po ugotovitvah zdravnikov ni zmo\u017een spremljati sojenja, \u0161e poro\u010da Delo.<\/p>\n<\/div>\n","protected":false},"excerpt":{"rendered":"<p>Obrambi Jo\u017eeta Prostorja, Andreja Fegu\u0161a in Andreja Kranjca, ki jih je okro\u017eno sodi\u0161\u010de obsodilo na zaporne kazni zaradi o\u0161kodovanja SCT v vrednosti 2,66 milijona evrov, je uspelo na ljubljanskem vi\u0161jem sodi\u0161\u010du v celoti izpodbiti obsodilno sodbo, danes poro\u010da Delo. Primer se tako vra\u010da na prvostopenjsko sodi\u0161\u010de, a se bo zdru\u017eil s \u0161e enim postopkom.<\/p>\n","protected":false},"author":5,"featured_media":370085,"comment_status":"closed","ping_status":"closed","sticky":false,"template":"","format":"standard","meta":{"footnotes":""},"categories":[1179],"tags":[2391,7716,1595,4218,4770],"source":[4511],"supertag":[7541],"acf":[],"yoast_head":"<!-- This site is optimized with the Yoast SEO plugin v21.3 - https:\/\/yoast.com\/wordpress\/plugins\/seo\/ -->\n<title>Vi\u0161je sodi\u0161\u010de razveljavilo sodbo proti trojici zaradi iz\u010drpavanja SCT - Hudo Slovenija<\/title>\n<meta name=\"robots\" content=\"index, follow, max-snippet:-1, max-image-preview:large, max-video-preview:-1\" \/>\n<link rel=\"canonical\" href=\"https:\/\/hudo.com\/si\/aktualno\/visje-sodisce-razveljavilo-sodbo-proti-trojici-zaradi-izcrpavanja-sct\/\" \/>\n<meta property=\"og:locale\" content=\"sl_SI\" \/>\n<meta property=\"og:type\" content=\"article\" \/>\n<meta property=\"og:title\" content=\"Vi\u0161je sodi\u0161\u010de razveljavilo sodbo proti trojici zaradi iz\u010drpavanja SCT - Hudo Slovenija\" \/>\n<meta property=\"og:description\" content=\"Obrambi Jo\u017eeta Prostorja, Andreja Fegu\u0161a in Andreja Kranjca, ki jih je okro\u017eno sodi\u0161\u010de obsodilo na zaporne kazni zaradi o\u0161kodovanja SCT v vrednosti 2,66 milijona evrov, je uspelo na ljubljanskem vi\u0161jem sodi\u0161\u010du v celoti izpodbiti obsodilno sodbo, danes poro\u010da Delo. Primer se tako vra\u010da na prvostopenjsko sodi\u0161\u010de, a se bo zdru\u017eil s \u0161e enim postopkom.\" \/>\n<meta property=\"og:url\" content=\"https:\/\/hudo.com\/si\/aktualno\/visje-sodisce-razveljavilo-sodbo-proti-trojici-zaradi-izcrpavanja-sct\/\" \/>\n<meta property=\"og:site_name\" content=\"Hudo Slovenija\" \/>\n<meta property=\"article:publisher\" content=\"https:\/\/www.facebook.com\/hudo.si\" \/>\n<meta property=\"article:published_time\" content=\"2018-05-15T08:05:34+00:00\" \/>\n<meta property=\"og:image\" content=\"https:\/\/hudo.com\/si\/wp-content\/uploads\/sites\/2\/2018\/05\/20080212-00059576.jpg\" \/>\n\t<meta property=\"og:image:width\" content=\"640\" \/>\n\t<meta property=\"og:image:height\" content=\"419\" \/>\n\t<meta property=\"og:image:type\" content=\"image\/jpeg\" \/>\n<meta name=\"author\" content=\"A. G., STA\" \/>\n<meta name=\"twitter:card\" content=\"summary_large_image\" \/>\n<meta name=\"twitter:creator\" content=\"@hudo_si\" \/>\n<meta name=\"twitter:site\" content=\"@hudo_si\" \/>\n<meta name=\"twitter:label1\" content=\"Written by\" \/>\n\t<meta name=\"twitter:data1\" content=\"A. G., STA\" \/>\n\t<meta name=\"twitter:label2\" content=\"Est. reading time\" \/>\n\t<meta name=\"twitter:data2\" content=\"2 minuti\" \/>\n<script type=\"application\/ld+json\" class=\"yoast-schema-graph\">{\"@context\":\"https:\/\/schema.org\",\"@graph\":[{\"@type\":\"Article\",\"@id\":\"https:\/\/hudo.com\/si\/aktualno\/visje-sodisce-razveljavilo-sodbo-proti-trojici-zaradi-izcrpavanja-sct\/#article\",\"isPartOf\":{\"@id\":\"https:\/\/hudo.com\/si\/aktualno\/visje-sodisce-razveljavilo-sodbo-proti-trojici-zaradi-izcrpavanja-sct\/\"},\"author\":{\"name\":\"A. G., STA\",\"@id\":\"https:\/\/hudo.com\/si\/#\/schema\/person\/2391667a63ea075ba94f2f2dc6b77537\"},\"headline\":\"Vi\u0161je sodi\u0161\u010de razveljavilo sodbo proti trojici zaradi iz\u010drpavanja SCT\",\"datePublished\":\"2018-05-15T08:05:34+00:00\",\"dateModified\":\"2018-05-15T08:05:34+00:00\",\"mainEntityOfPage\":{\"@id\":\"https:\/\/hudo.com\/si\/aktualno\/visje-sodisce-razveljavilo-sodbo-proti-trojici-zaradi-izcrpavanja-sct\/\"},\"wordCount\":437,\"publisher\":{\"@id\":\"https:\/\/hudo.com\/si\/#organization\"},\"keywords\":[\"gospodarstvo\",\"SCT\",\"Slovenija\",\"slovenska podjetja\",\"sodi\u0161\u010de\"],\"articleSection\":[\"Aktualno\"],\"inLanguage\":\"sl-SI\"},{\"@type\":\"WebPage\",\"@id\":\"https:\/\/hudo.com\/si\/aktualno\/visje-sodisce-razveljavilo-sodbo-proti-trojici-zaradi-izcrpavanja-sct\/\",\"url\":\"https:\/\/hudo.com\/si\/aktualno\/visje-sodisce-razveljavilo-sodbo-proti-trojici-zaradi-izcrpavanja-sct\/\",\"name\":\"Vi\u0161je sodi\u0161\u010de razveljavilo sodbo proti trojici zaradi iz\u010drpavanja SCT - Hudo Slovenija\",\"isPartOf\":{\"@id\":\"https:\/\/hudo.com\/si\/#website\"},\"datePublished\":\"2018-05-15T08:05:34+00:00\",\"dateModified\":\"2018-05-15T08:05:34+00:00\",\"breadcrumb\":{\"@id\":\"https:\/\/hudo.com\/si\/aktualno\/visje-sodisce-razveljavilo-sodbo-proti-trojici-zaradi-izcrpavanja-sct\/#breadcrumb\"},\"inLanguage\":\"sl-SI\",\"potentialAction\":[{\"@type\":\"ReadAction\",\"target\":[\"https:\/\/hudo.com\/si\/aktualno\/visje-sodisce-razveljavilo-sodbo-proti-trojici-zaradi-izcrpavanja-sct\/\"]}]},{\"@type\":\"BreadcrumbList\",\"@id\":\"https:\/\/hudo.com\/si\/aktualno\/visje-sodisce-razveljavilo-sodbo-proti-trojici-zaradi-izcrpavanja-sct\/#breadcrumb\",\"itemListElement\":[{\"@type\":\"ListItem\",\"position\":1,\"name\":\"Home\",\"item\":\"https:\/\/hudo.com\/si\/\"},{\"@type\":\"ListItem\",\"position\":2,\"name\":\"Vi\u0161je sodi\u0161\u010de razveljavilo sodbo proti trojici zaradi iz\u010drpavanja SCT\"}]},{\"@type\":\"WebSite\",\"@id\":\"https:\/\/hudo.com\/si\/#website\",\"url\":\"https:\/\/hudo.com\/si\/\",\"name\":\"Hudo Slovenija\",\"description\":\"Vse novice iz Slovenije in sveta\",\"publisher\":{\"@id\":\"https:\/\/hudo.com\/si\/#organization\"},\"potentialAction\":[{\"@type\":\"SearchAction\",\"target\":{\"@type\":\"EntryPoint\",\"urlTemplate\":\"https:\/\/hudo.com\/si\/?s={search_term_string}\"},\"query-input\":\"required name=search_term_string\"}],\"inLanguage\":\"sl-SI\"},{\"@type\":\"Organization\",\"@id\":\"https:\/\/hudo.com\/si\/#organization\",\"name\":\"VSN Media\",\"url\":\"https:\/\/hudo.com\/si\/\",\"logo\":{\"@type\":\"ImageObject\",\"inLanguage\":\"sl-SI\",\"@id\":\"https:\/\/hudo.com\/si\/#\/schema\/logo\/image\/\",\"url\":\"https:\/\/hudo.com\/si\/wp-content\/uploads\/sites\/2\/2021\/03\/hudo-app-2.png\",\"contentUrl\":\"https:\/\/hudo.com\/si\/wp-content\/uploads\/sites\/2\/2021\/03\/hudo-app-2.png\",\"width\":2185,\"height\":2167,\"caption\":\"VSN Media\"},\"image\":{\"@id\":\"https:\/\/hudo.com\/si\/#\/schema\/logo\/image\/\"},\"sameAs\":[\"https:\/\/www.facebook.com\/hudo.si\",\"https:\/\/twitter.com\/hudo_si\"]},{\"@type\":\"Person\",\"@id\":\"https:\/\/hudo.com\/si\/#\/schema\/person\/2391667a63ea075ba94f2f2dc6b77537\",\"name\":\"A. G., STA\",\"image\":{\"@type\":\"ImageObject\",\"inLanguage\":\"sl-SI\",\"@id\":\"https:\/\/hudo.com\/si\/#\/schema\/person\/image\/\",\"url\":\"https:\/\/secure.gravatar.com\/avatar\/e13d22ac3e442658d5025fbbe6238a79?s=96&d=mm&r=g\",\"contentUrl\":\"https:\/\/secure.gravatar.com\/avatar\/e13d22ac3e442658d5025fbbe6238a79?s=96&d=mm&r=g\",\"caption\":\"A. G., STA\"},\"url\":\"https:\/\/hudo.com\/si\/author\/alenka\/\"}]}<\/script>\n<!-- \/ Yoast SEO plugin. -->","yoast_head_json":{"title":"Vi\u0161je sodi\u0161\u010de razveljavilo sodbo proti trojici zaradi iz\u010drpavanja SCT - Hudo Slovenija","robots":{"index":"index","follow":"follow","max-snippet":"max-snippet:-1","max-image-preview":"max-image-preview:large","max-video-preview":"max-video-preview:-1"},"canonical":"https:\/\/hudo.com\/si\/aktualno\/visje-sodisce-razveljavilo-sodbo-proti-trojici-zaradi-izcrpavanja-sct\/","og_locale":"sl_SI","og_type":"article","og_title":"Vi\u0161je sodi\u0161\u010de razveljavilo sodbo proti trojici zaradi iz\u010drpavanja SCT - Hudo Slovenija","og_description":"Obrambi Jo\u017eeta Prostorja, Andreja Fegu\u0161a in Andreja Kranjca, ki jih je okro\u017eno sodi\u0161\u010de obsodilo na zaporne kazni zaradi o\u0161kodovanja SCT v vrednosti 2,66 milijona evrov, je uspelo na ljubljanskem vi\u0161jem sodi\u0161\u010du v celoti izpodbiti obsodilno sodbo, danes poro\u010da Delo. Primer se tako vra\u010da na prvostopenjsko sodi\u0161\u010de, a se bo zdru\u017eil s \u0161e enim postopkom.","og_url":"https:\/\/hudo.com\/si\/aktualno\/visje-sodisce-razveljavilo-sodbo-proti-trojici-zaradi-izcrpavanja-sct\/","og_site_name":"Hudo Slovenija","article_publisher":"https:\/\/www.facebook.com\/hudo.si","article_published_time":"2018-05-15T08:05:34+00:00","og_image":[{"width":640,"height":419,"url":"https:\/\/hudo.com\/si\/wp-content\/uploads\/sites\/2\/2018\/05\/20080212-00059576.jpg","type":"image\/jpeg"}],"author":"A. G., STA","twitter_card":"summary_large_image","twitter_creator":"@hudo_si","twitter_site":"@hudo_si","twitter_misc":{"Written by":"A. G., STA","Est. reading time":"2 minuti"},"schema":{"@context":"https:\/\/schema.org","@graph":[{"@type":"Article","@id":"https:\/\/hudo.com\/si\/aktualno\/visje-sodisce-razveljavilo-sodbo-proti-trojici-zaradi-izcrpavanja-sct\/#article","isPartOf":{"@id":"https:\/\/hudo.com\/si\/aktualno\/visje-sodisce-razveljavilo-sodbo-proti-trojici-zaradi-izcrpavanja-sct\/"},"author":{"name":"A. G., STA","@id":"https:\/\/hudo.com\/si\/#\/schema\/person\/2391667a63ea075ba94f2f2dc6b77537"},"headline":"Vi\u0161je sodi\u0161\u010de razveljavilo sodbo proti trojici zaradi iz\u010drpavanja SCT","datePublished":"2018-05-15T08:05:34+00:00","dateModified":"2018-05-15T08:05:34+00:00","mainEntityOfPage":{"@id":"https:\/\/hudo.com\/si\/aktualno\/visje-sodisce-razveljavilo-sodbo-proti-trojici-zaradi-izcrpavanja-sct\/"},"wordCount":437,"publisher":{"@id":"https:\/\/hudo.com\/si\/#organization"},"keywords":["gospodarstvo","SCT","Slovenija","slovenska podjetja","sodi\u0161\u010de"],"articleSection":["Aktualno"],"inLanguage":"sl-SI"},{"@type":"WebPage","@id":"https:\/\/hudo.com\/si\/aktualno\/visje-sodisce-razveljavilo-sodbo-proti-trojici-zaradi-izcrpavanja-sct\/","url":"https:\/\/hudo.com\/si\/aktualno\/visje-sodisce-razveljavilo-sodbo-proti-trojici-zaradi-izcrpavanja-sct\/","name":"Vi\u0161je sodi\u0161\u010de razveljavilo sodbo proti trojici zaradi iz\u010drpavanja SCT - Hudo Slovenija","isPartOf":{"@id":"https:\/\/hudo.com\/si\/#website"},"datePublished":"2018-05-15T08:05:34+00:00","dateModified":"2018-05-15T08:05:34+00:00","breadcrumb":{"@id":"https:\/\/hudo.com\/si\/aktualno\/visje-sodisce-razveljavilo-sodbo-proti-trojici-zaradi-izcrpavanja-sct\/#breadcrumb"},"inLanguage":"sl-SI","potentialAction":[{"@type":"ReadAction","target":["https:\/\/hudo.com\/si\/aktualno\/visje-sodisce-razveljavilo-sodbo-proti-trojici-zaradi-izcrpavanja-sct\/"]}]},{"@type":"BreadcrumbList","@id":"https:\/\/hudo.com\/si\/aktualno\/visje-sodisce-razveljavilo-sodbo-proti-trojici-zaradi-izcrpavanja-sct\/#breadcrumb","itemListElement":[{"@type":"ListItem","position":1,"name":"Home","item":"https:\/\/hudo.com\/si\/"},{"@type":"ListItem","position":2,"name":"Vi\u0161je sodi\u0161\u010de razveljavilo sodbo proti trojici zaradi iz\u010drpavanja SCT"}]},{"@type":"WebSite","@id":"https:\/\/hudo.com\/si\/#website","url":"https:\/\/hudo.com\/si\/","name":"Hudo Slovenija","description":"Vse novice iz Slovenije in sveta","publisher":{"@id":"https:\/\/hudo.com\/si\/#organization"},"potentialAction":[{"@type":"SearchAction","target":{"@type":"EntryPoint","urlTemplate":"https:\/\/hudo.com\/si\/?s={search_term_string}"},"query-input":"required name=search_term_string"}],"inLanguage":"sl-SI"},{"@type":"Organization","@id":"https:\/\/hudo.com\/si\/#organization","name":"VSN Media","url":"https:\/\/hudo.com\/si\/","logo":{"@type":"ImageObject","inLanguage":"sl-SI","@id":"https:\/\/hudo.com\/si\/#\/schema\/logo\/image\/","url":"https:\/\/hudo.com\/si\/wp-content\/uploads\/sites\/2\/2021\/03\/hudo-app-2.png","contentUrl":"https:\/\/hudo.com\/si\/wp-content\/uploads\/sites\/2\/2021\/03\/hudo-app-2.png","width":2185,"height":2167,"caption":"VSN Media"},"image":{"@id":"https:\/\/hudo.com\/si\/#\/schema\/logo\/image\/"},"sameAs":["https:\/\/www.facebook.com\/hudo.si","https:\/\/twitter.com\/hudo_si"]},{"@type":"Person","@id":"https:\/\/hudo.com\/si\/#\/schema\/person\/2391667a63ea075ba94f2f2dc6b77537","name":"A. G., STA","image":{"@type":"ImageObject","inLanguage":"sl-SI","@id":"https:\/\/hudo.com\/si\/#\/schema\/person\/image\/","url":"https:\/\/secure.gravatar.com\/avatar\/e13d22ac3e442658d5025fbbe6238a79?s=96&d=mm&r=g","contentUrl":"https:\/\/secure.gravatar.com\/avatar\/e13d22ac3e442658d5025fbbe6238a79?s=96&d=mm&r=g","caption":"A. G., STA"},"url":"https:\/\/hudo.com\/si\/author\/alenka\/"}]}},"amp_enabled":true,"_links":{"self":[{"href":"https:\/\/hudo.com\/si\/wp-json\/wp\/v2\/posts\/370084"}],"collection":[{"href":"https:\/\/hudo.com\/si\/wp-json\/wp\/v2\/posts"}],"about":[{"href":"https:\/\/hudo.com\/si\/wp-json\/wp\/v2\/types\/post"}],"author":[{"embeddable":true,"href":"https:\/\/hudo.com\/si\/wp-json\/wp\/v2\/users\/5"}],"replies":[{"embeddable":true,"href":"https:\/\/hudo.com\/si\/wp-json\/wp\/v2\/comments?post=370084"}],"version-history":[{"count":1,"href":"https:\/\/hudo.com\/si\/wp-json\/wp\/v2\/posts\/370084\/revisions"}],"predecessor-version":[{"id":370086,"href":"https:\/\/hudo.com\/si\/wp-json\/wp\/v2\/posts\/370084\/revisions\/370086"}],"wp:featuredmedia":[{"embeddable":true,"href":"https:\/\/hudo.com\/si\/wp-json\/wp\/v2\/media\/370085"}],"wp:attachment":[{"href":"https:\/\/hudo.com\/si\/wp-json\/wp\/v2\/media?parent=370084"}],"wp:term":[{"taxonomy":"category","embeddable":true,"href":"https:\/\/hudo.com\/si\/wp-json\/wp\/v2\/categories?post=370084"},{"taxonomy":"post_tag","embeddable":true,"href":"https:\/\/hudo.com\/si\/wp-json\/wp\/v2\/tags?post=370084"},{"taxonomy":"source","embeddable":true,"href":"https:\/\/hudo.com\/si\/wp-json\/wp\/v2\/source?post=370084"},{"taxonomy":"supertag","embeddable":true,"href":"https:\/\/hudo.com\/si\/wp-json\/wp\/v2\/supertag?post=370084"}],"curies":[{"name":"wp","href":"https:\/\/api.w.org\/{rel}","templated":true}]}}