{"id":370251,"date":"2018-05-17T10:23:50","date_gmt":"2018-05-17T08:23:50","guid":{"rendered":"https:\/\/hudo.com\/si\/2018\/05\/17\/slovenska-ekipa-bo-v-grciji-skusala-pridobiti-planico-za-nordijsko-svetovno-prvenstvo-2023-tudi-s-pomocjo-svojih-unikatnih-oblek\/"},"modified":"2018-05-17T10:23:50","modified_gmt":"2018-05-17T08:23:50","slug":"slovenska-ekipa-bo-v-grciji-skusala-pridobiti-planico-za-nordijsko-svetovno-prvenstvo-2023-tudi-s-pomocjo-svojih-unikatnih-oblek","status":"publish","type":"post","link":"https:\/\/hudo.com\/si\/lifestyle\/slovenska-ekipa-bo-v-grciji-skusala-pridobiti-planico-za-nordijsko-svetovno-prvenstvo-2023-tudi-s-pomocjo-svojih-unikatnih-oblek\/","title":{"rendered":"Slovenska ekipa bo v Gr\u010diji sku\u0161ala pridobiti Planico za nordijsko svetovno prvenstvo 2023 tudi s pomo\u010djo svojih unikatnih oblek"},"content":{"rendered":"<p>Presti\u017eni \u0161portni dogodek kot je nordijsko svetovno prvenstvo, ki si ga \u017ee vrsto let \u017eelijo pripeljati v Planico, zahteva tudi uglajen nastop. In ker tudi obleka naredi \u010dloveka, so izjemno veseli, da jim je Zlata Zava\u0161nik, direktorica, lastnica in oblikovalka blagovne znamke Sens pri\u0161la nasproti z obla\u010dili, v katerih se bodo po\u010dutili samozavestno, spro\u0161\u010deno in elegantno.<\/p>\n<figure>\n\t\t\t\t\t<img loading=\"lazy\" decoding=\"async\" width=\"660\" height=\"320\" src=\"data:image\/gif;base64,R0lGODlhAQABAAAAACH5BAEKAAEALAAAAAABAAEAAAICTAEAOw==\" class=\"lazyload\" data-src=\"https:\/\/zenska.hudo.com\/files\/2018\/05\/1-tomi-trbovc-clan-odbora-za-pripravo-kandidature-planice-za-nordijsko-svetovno-prvenstvo-2023-zlata-zavasnik-direktorica-320x155.jpg\" data-srcset=\"https:\/\/zenska.hudo.com\/files\/2018\/05\/1-tomi-trbovc-clan-odbora-za-pripravo-kandidature-planice-za-nordijsko-svetovno-prvenstvo-2023-zlata-zavasnik-direktorica-660x320.jpg 660w,https:\/\/zenska.hudo.com\/files\/2018\/05\/1-tomi-trbovc-clan-odbora-za-pripravo-kandidature-planice-za-nordijsko-svetovno-prvenstvo-2023-zlata-zavasnik-direktorica-320x155.jpg 330w\" sizes=\"(max-width: 660px) 100vw, 660px\"\/><figcaption>Tomi Trbovc, \u010dlan odbora za pripravo kandidature Planice za nordijsko svetovno prvenstvo 2023, Zlata Zava\u0161nik, direktorica SENS-a in oblikovalka, Barbara Plavec, stilistka, in Toma\u017e \u0160u\u0161ter\u0161i\u010d, svetovalec odbora za pripravo kandidature Planice za nordijsko svetovno prvenstvo 2023.<\/figcaption><\/figure>\n<p><span style=\"font-weight: 400;\">Temnomodrim oblekam iz jeansa, ki jih mimogrede lahko kupite tudi zase v trgovinah Sens, je oblikovalka dodala \u0161e unikatne lesene kravate svojih kolegov iz sveta oblikovanja. \u00bbV obla\u010dilih sem \u017eelela zdru\u017eiti slovensko kreativnost in znanje. Oblikovala sem obleke, ki bodo izstopale in zbujale pozornost, predvsem pa nosilcem omogo\u010dale samozavesten nastop v prijetnih materialih,\u00ab pravi Zlata Zava\u0161nik.<\/span><\/p>\n<p><span style=\"font-weight: 400;\">Petnajst predstavnikov odbora za pripravo kandidature Planice za nordijsko svetovno prvenstvo 2023 bo na kongresu Mednarodne smu\u010darska zveze (FIS) v Gr\u010diji osvajalo srca odlo\u010devalcev svetovne smu\u010darske srenje v elegantnih jeans suknji\u010dih in posebnih kravatah. Veseli nas, da bodo na\u0161i predstavniki Slovenijo zastopali lepo urejeni, in dr\u017eimo pesti, da jim veliki podvig uspe.<\/span><\/p>\n","protected":false},"excerpt":{"rendered":"<p>Predstavniki Smu\u010darske zveze Slovenije se bodo za kandidaturo Planice za nordijsko svetovno prvenstvo 2023 potegovali v unikatnih obla\u010dilih blagovne znamke Sens, ki tudi uradno obla\u010di omenjeno zvezo.<\/p>\n","protected":false},"author":1,"featured_media":0,"comment_status":"closed","ping_status":"closed","sticky":false,"template":"","format":"standard","meta":{"footnotes":""},"categories":[1091],"tags":[11167,4169,11168,11134,7330],"source":[1341,1342,1334],"supertag":[],"acf":[],"yoast_head":"<!-- This site is optimized with the Yoast SEO plugin v21.3 - https:\/\/yoast.com\/wordpress\/plugins\/seo\/ -->\n<title>Slovenska ekipa bo v Gr\u010diji sku\u0161ala pridobiti Planico za nordijsko svetovno prvenstvo 2023 tudi s pomo\u010djo svojih unikatnih oblek - Hudo Slovenija<\/title>\n<meta name=\"robots\" content=\"index, follow, max-snippet:-1, max-image-preview:large, max-video-preview:-1\" \/>\n<link rel=\"canonical\" href=\"https:\/\/hudo.com\/si\/lifestyle\/slovenska-ekipa-bo-v-grciji-skusala-pridobiti-planico-za-nordijsko-svetovno-prvenstvo-2023-tudi-s-pomocjo-svojih-unikatnih-oblek\/\" \/>\n<meta property=\"og:locale\" content=\"sl_SI\" \/>\n<meta property=\"og:type\" content=\"article\" \/>\n<meta property=\"og:title\" content=\"Slovenska ekipa bo v Gr\u010diji sku\u0161ala pridobiti Planico za nordijsko svetovno prvenstvo 2023 tudi s pomo\u010djo svojih unikatnih oblek - Hudo Slovenija\" \/>\n<meta property=\"og:description\" content=\"Predstavniki Smu\u010darske zveze Slovenije se bodo za kandidaturo Planice za nordijsko svetovno prvenstvo 2023 potegovali v unikatnih obla\u010dilih blagovne znamke Sens, ki tudi uradno obla\u010di omenjeno zvezo.\" \/>\n<meta property=\"og:url\" content=\"https:\/\/hudo.com\/si\/lifestyle\/slovenska-ekipa-bo-v-grciji-skusala-pridobiti-planico-za-nordijsko-svetovno-prvenstvo-2023-tudi-s-pomocjo-svojih-unikatnih-oblek\/\" \/>\n<meta property=\"og:site_name\" content=\"Hudo Slovenija\" \/>\n<meta property=\"article:publisher\" content=\"https:\/\/www.facebook.com\/hudo.si\" \/>\n<meta property=\"article:published_time\" content=\"2018-05-17T08:23:50+00:00\" \/>\n<meta property=\"og:image\" content=\"https:\/\/hudo.com\/si\/wp-content\/uploads\/sites\/2\/2018\/05\/1-tomi-trbovc-clan-odbora-za-pripravo-kandidature-planice-za-nordijsko-svetovno-prvenstvo-2023-zlata-zavasnik-direktorica-scaled.jpg\" \/>\n\t<meta property=\"og:image:width\" content=\"2560\" \/>\n\t<meta property=\"og:image:height\" content=\"1708\" \/>\n\t<meta property=\"og:image:type\" content=\"image\/jpeg\" \/>\n<meta name=\"author\" content=\"hudo\" \/>\n<meta name=\"twitter:card\" content=\"summary_large_image\" \/>\n<meta name=\"twitter:creator\" content=\"@hudo_si\" \/>\n<meta name=\"twitter:site\" content=\"@hudo_si\" \/>\n<meta name=\"twitter:label1\" content=\"Written by\" \/>\n\t<meta name=\"twitter:data1\" content=\"hudo\" \/>\n\t<meta name=\"twitter:label2\" content=\"Est. reading time\" \/>\n\t<meta name=\"twitter:data2\" content=\"1 minuta\" \/>\n<script type=\"application\/ld+json\" class=\"yoast-schema-graph\">{\"@context\":\"https:\/\/schema.org\",\"@graph\":[{\"@type\":\"Article\",\"@id\":\"https:\/\/hudo.com\/si\/lifestyle\/slovenska-ekipa-bo-v-grciji-skusala-pridobiti-planico-za-nordijsko-svetovno-prvenstvo-2023-tudi-s-pomocjo-svojih-unikatnih-oblek\/#article\",\"isPartOf\":{\"@id\":\"https:\/\/hudo.com\/si\/lifestyle\/slovenska-ekipa-bo-v-grciji-skusala-pridobiti-planico-za-nordijsko-svetovno-prvenstvo-2023-tudi-s-pomocjo-svojih-unikatnih-oblek\/\"},\"author\":{\"name\":\"hudo\",\"@id\":\"https:\/\/hudo.com\/si\/#\/schema\/person\/601cf3379633985b20f7e50f2bb47707\"},\"headline\":\"Slovenska ekipa bo v Gr\u010diji sku\u0161ala pridobiti Planico za nordijsko svetovno prvenstvo 2023 tudi s pomo\u010djo svojih unikatnih oblek\",\"datePublished\":\"2018-05-17T08:23:50+00:00\",\"dateModified\":\"2018-05-17T08:23:50+00:00\",\"mainEntityOfPage\":{\"@id\":\"https:\/\/hudo.com\/si\/lifestyle\/slovenska-ekipa-bo-v-grciji-skusala-pridobiti-planico-za-nordijsko-svetovno-prvenstvo-2023-tudi-s-pomocjo-svojih-unikatnih-oblek\/\"},\"wordCount\":238,\"publisher\":{\"@id\":\"https:\/\/hudo.com\/si\/#organization\"},\"keywords\":[\"nordijsko svetovno prvenstvo 2023\",\"Planica\",\"sens\",\"slovenski modni kreatorji\",\"Smu\u010darska zveza Slovenije\"],\"articleSection\":[\"Lifestyle\"],\"inLanguage\":\"sl-SI\"},{\"@type\":\"WebPage\",\"@id\":\"https:\/\/hudo.com\/si\/lifestyle\/slovenska-ekipa-bo-v-grciji-skusala-pridobiti-planico-za-nordijsko-svetovno-prvenstvo-2023-tudi-s-pomocjo-svojih-unikatnih-oblek\/\",\"url\":\"https:\/\/hudo.com\/si\/lifestyle\/slovenska-ekipa-bo-v-grciji-skusala-pridobiti-planico-za-nordijsko-svetovno-prvenstvo-2023-tudi-s-pomocjo-svojih-unikatnih-oblek\/\",\"name\":\"Slovenska ekipa bo v Gr\u010diji sku\u0161ala pridobiti Planico za nordijsko svetovno prvenstvo 2023 tudi s pomo\u010djo svojih unikatnih oblek - Hudo Slovenija\",\"isPartOf\":{\"@id\":\"https:\/\/hudo.com\/si\/#website\"},\"datePublished\":\"2018-05-17T08:23:50+00:00\",\"dateModified\":\"2018-05-17T08:23:50+00:00\",\"breadcrumb\":{\"@id\":\"https:\/\/hudo.com\/si\/lifestyle\/slovenska-ekipa-bo-v-grciji-skusala-pridobiti-planico-za-nordijsko-svetovno-prvenstvo-2023-tudi-s-pomocjo-svojih-unikatnih-oblek\/#breadcrumb\"},\"inLanguage\":\"sl-SI\",\"potentialAction\":[{\"@type\":\"ReadAction\",\"target\":[\"https:\/\/hudo.com\/si\/lifestyle\/slovenska-ekipa-bo-v-grciji-skusala-pridobiti-planico-za-nordijsko-svetovno-prvenstvo-2023-tudi-s-pomocjo-svojih-unikatnih-oblek\/\"]}]},{\"@type\":\"BreadcrumbList\",\"@id\":\"https:\/\/hudo.com\/si\/lifestyle\/slovenska-ekipa-bo-v-grciji-skusala-pridobiti-planico-za-nordijsko-svetovno-prvenstvo-2023-tudi-s-pomocjo-svojih-unikatnih-oblek\/#breadcrumb\",\"itemListElement\":[{\"@type\":\"ListItem\",\"position\":1,\"name\":\"Home\",\"item\":\"https:\/\/hudo.com\/si\/\"},{\"@type\":\"ListItem\",\"position\":2,\"name\":\"Slovenska ekipa bo v Gr\u010diji sku\u0161ala pridobiti Planico za nordijsko svetovno prvenstvo 2023 tudi s pomo\u010djo svojih unikatnih oblek\"}]},{\"@type\":\"WebSite\",\"@id\":\"https:\/\/hudo.com\/si\/#website\",\"url\":\"https:\/\/hudo.com\/si\/\",\"name\":\"Hudo Slovenija\",\"description\":\"Vse novice iz Slovenije in sveta\",\"publisher\":{\"@id\":\"https:\/\/hudo.com\/si\/#organization\"},\"potentialAction\":[{\"@type\":\"SearchAction\",\"target\":{\"@type\":\"EntryPoint\",\"urlTemplate\":\"https:\/\/hudo.com\/si\/?s={search_term_string}\"},\"query-input\":\"required name=search_term_string\"}],\"inLanguage\":\"sl-SI\"},{\"@type\":\"Organization\",\"@id\":\"https:\/\/hudo.com\/si\/#organization\",\"name\":\"VSN Media\",\"url\":\"https:\/\/hudo.com\/si\/\",\"logo\":{\"@type\":\"ImageObject\",\"inLanguage\":\"sl-SI\",\"@id\":\"https:\/\/hudo.com\/si\/#\/schema\/logo\/image\/\",\"url\":\"https:\/\/hudo.com\/si\/wp-content\/uploads\/sites\/2\/2021\/03\/hudo-app-2.png\",\"contentUrl\":\"https:\/\/hudo.com\/si\/wp-content\/uploads\/sites\/2\/2021\/03\/hudo-app-2.png\",\"width\":2185,\"height\":2167,\"caption\":\"VSN Media\"},\"image\":{\"@id\":\"https:\/\/hudo.com\/si\/#\/schema\/logo\/image\/\"},\"sameAs\":[\"https:\/\/www.facebook.com\/hudo.si\",\"https:\/\/twitter.com\/hudo_si\"]},{\"@type\":\"Person\",\"@id\":\"https:\/\/hudo.com\/si\/#\/schema\/person\/601cf3379633985b20f7e50f2bb47707\",\"name\":\"hudo\",\"image\":{\"@type\":\"ImageObject\",\"inLanguage\":\"sl-SI\",\"@id\":\"https:\/\/hudo.com\/si\/#\/schema\/person\/image\/\",\"url\":\"https:\/\/secure.gravatar.com\/avatar\/c4ca25fa72cace7a696b52ff5db9e095?s=96&d=mm&r=g\",\"contentUrl\":\"https:\/\/secure.gravatar.com\/avatar\/c4ca25fa72cace7a696b52ff5db9e095?s=96&d=mm&r=g\",\"caption\":\"hudo\"},\"url\":\"https:\/\/hudo.com\/si\/author\/hudo\/\"}]}<\/script>\n<!-- \/ Yoast SEO plugin. -->","yoast_head_json":{"title":"Slovenska ekipa bo v Gr\u010diji sku\u0161ala pridobiti Planico za nordijsko svetovno prvenstvo 2023 tudi s pomo\u010djo svojih unikatnih oblek - Hudo Slovenija","robots":{"index":"index","follow":"follow","max-snippet":"max-snippet:-1","max-image-preview":"max-image-preview:large","max-video-preview":"max-video-preview:-1"},"canonical":"https:\/\/hudo.com\/si\/lifestyle\/slovenska-ekipa-bo-v-grciji-skusala-pridobiti-planico-za-nordijsko-svetovno-prvenstvo-2023-tudi-s-pomocjo-svojih-unikatnih-oblek\/","og_locale":"sl_SI","og_type":"article","og_title":"Slovenska ekipa bo v Gr\u010diji sku\u0161ala pridobiti Planico za nordijsko svetovno prvenstvo 2023 tudi s pomo\u010djo svojih unikatnih oblek - Hudo Slovenija","og_description":"Predstavniki Smu\u010darske zveze Slovenije se bodo za kandidaturo Planice za nordijsko svetovno prvenstvo 2023 potegovali v unikatnih obla\u010dilih blagovne znamke Sens, ki tudi uradno obla\u010di omenjeno zvezo.","og_url":"https:\/\/hudo.com\/si\/lifestyle\/slovenska-ekipa-bo-v-grciji-skusala-pridobiti-planico-za-nordijsko-svetovno-prvenstvo-2023-tudi-s-pomocjo-svojih-unikatnih-oblek\/","og_site_name":"Hudo Slovenija","article_publisher":"https:\/\/www.facebook.com\/hudo.si","article_published_time":"2018-05-17T08:23:50+00:00","og_image":[{"width":2560,"height":1708,"url":"https:\/\/hudo.com\/si\/wp-content\/uploads\/sites\/2\/2018\/05\/1-tomi-trbovc-clan-odbora-za-pripravo-kandidature-planice-za-nordijsko-svetovno-prvenstvo-2023-zlata-zavasnik-direktorica-scaled.jpg","type":"image\/jpeg"}],"author":"hudo","twitter_card":"summary_large_image","twitter_creator":"@hudo_si","twitter_site":"@hudo_si","twitter_misc":{"Written by":"hudo","Est. reading time":"1 minuta"},"schema":{"@context":"https:\/\/schema.org","@graph":[{"@type":"Article","@id":"https:\/\/hudo.com\/si\/lifestyle\/slovenska-ekipa-bo-v-grciji-skusala-pridobiti-planico-za-nordijsko-svetovno-prvenstvo-2023-tudi-s-pomocjo-svojih-unikatnih-oblek\/#article","isPartOf":{"@id":"https:\/\/hudo.com\/si\/lifestyle\/slovenska-ekipa-bo-v-grciji-skusala-pridobiti-planico-za-nordijsko-svetovno-prvenstvo-2023-tudi-s-pomocjo-svojih-unikatnih-oblek\/"},"author":{"name":"hudo","@id":"https:\/\/hudo.com\/si\/#\/schema\/person\/601cf3379633985b20f7e50f2bb47707"},"headline":"Slovenska ekipa bo v Gr\u010diji sku\u0161ala pridobiti Planico za nordijsko svetovno prvenstvo 2023 tudi s pomo\u010djo svojih unikatnih oblek","datePublished":"2018-05-17T08:23:50+00:00","dateModified":"2018-05-17T08:23:50+00:00","mainEntityOfPage":{"@id":"https:\/\/hudo.com\/si\/lifestyle\/slovenska-ekipa-bo-v-grciji-skusala-pridobiti-planico-za-nordijsko-svetovno-prvenstvo-2023-tudi-s-pomocjo-svojih-unikatnih-oblek\/"},"wordCount":238,"publisher":{"@id":"https:\/\/hudo.com\/si\/#organization"},"keywords":["nordijsko svetovno prvenstvo 2023","Planica","sens","slovenski modni kreatorji","Smu\u010darska zveza Slovenije"],"articleSection":["Lifestyle"],"inLanguage":"sl-SI"},{"@type":"WebPage","@id":"https:\/\/hudo.com\/si\/lifestyle\/slovenska-ekipa-bo-v-grciji-skusala-pridobiti-planico-za-nordijsko-svetovno-prvenstvo-2023-tudi-s-pomocjo-svojih-unikatnih-oblek\/","url":"https:\/\/hudo.com\/si\/lifestyle\/slovenska-ekipa-bo-v-grciji-skusala-pridobiti-planico-za-nordijsko-svetovno-prvenstvo-2023-tudi-s-pomocjo-svojih-unikatnih-oblek\/","name":"Slovenska ekipa bo v Gr\u010diji sku\u0161ala pridobiti Planico za nordijsko svetovno prvenstvo 2023 tudi s pomo\u010djo svojih unikatnih oblek - Hudo Slovenija","isPartOf":{"@id":"https:\/\/hudo.com\/si\/#website"},"datePublished":"2018-05-17T08:23:50+00:00","dateModified":"2018-05-17T08:23:50+00:00","breadcrumb":{"@id":"https:\/\/hudo.com\/si\/lifestyle\/slovenska-ekipa-bo-v-grciji-skusala-pridobiti-planico-za-nordijsko-svetovno-prvenstvo-2023-tudi-s-pomocjo-svojih-unikatnih-oblek\/#breadcrumb"},"inLanguage":"sl-SI","potentialAction":[{"@type":"ReadAction","target":["https:\/\/hudo.com\/si\/lifestyle\/slovenska-ekipa-bo-v-grciji-skusala-pridobiti-planico-za-nordijsko-svetovno-prvenstvo-2023-tudi-s-pomocjo-svojih-unikatnih-oblek\/"]}]},{"@type":"BreadcrumbList","@id":"https:\/\/hudo.com\/si\/lifestyle\/slovenska-ekipa-bo-v-grciji-skusala-pridobiti-planico-za-nordijsko-svetovno-prvenstvo-2023-tudi-s-pomocjo-svojih-unikatnih-oblek\/#breadcrumb","itemListElement":[{"@type":"ListItem","position":1,"name":"Home","item":"https:\/\/hudo.com\/si\/"},{"@type":"ListItem","position":2,"name":"Slovenska ekipa bo v Gr\u010diji sku\u0161ala pridobiti Planico za nordijsko svetovno prvenstvo 2023 tudi s pomo\u010djo svojih unikatnih oblek"}]},{"@type":"WebSite","@id":"https:\/\/hudo.com\/si\/#website","url":"https:\/\/hudo.com\/si\/","name":"Hudo Slovenija","description":"Vse novice iz Slovenije in sveta","publisher":{"@id":"https:\/\/hudo.com\/si\/#organization"},"potentialAction":[{"@type":"SearchAction","target":{"@type":"EntryPoint","urlTemplate":"https:\/\/hudo.com\/si\/?s={search_term_string}"},"query-input":"required name=search_term_string"}],"inLanguage":"sl-SI"},{"@type":"Organization","@id":"https:\/\/hudo.com\/si\/#organization","name":"VSN Media","url":"https:\/\/hudo.com\/si\/","logo":{"@type":"ImageObject","inLanguage":"sl-SI","@id":"https:\/\/hudo.com\/si\/#\/schema\/logo\/image\/","url":"https:\/\/hudo.com\/si\/wp-content\/uploads\/sites\/2\/2021\/03\/hudo-app-2.png","contentUrl":"https:\/\/hudo.com\/si\/wp-content\/uploads\/sites\/2\/2021\/03\/hudo-app-2.png","width":2185,"height":2167,"caption":"VSN Media"},"image":{"@id":"https:\/\/hudo.com\/si\/#\/schema\/logo\/image\/"},"sameAs":["https:\/\/www.facebook.com\/hudo.si","https:\/\/twitter.com\/hudo_si"]},{"@type":"Person","@id":"https:\/\/hudo.com\/si\/#\/schema\/person\/601cf3379633985b20f7e50f2bb47707","name":"hudo","image":{"@type":"ImageObject","inLanguage":"sl-SI","@id":"https:\/\/hudo.com\/si\/#\/schema\/person\/image\/","url":"https:\/\/secure.gravatar.com\/avatar\/c4ca25fa72cace7a696b52ff5db9e095?s=96&d=mm&r=g","contentUrl":"https:\/\/secure.gravatar.com\/avatar\/c4ca25fa72cace7a696b52ff5db9e095?s=96&d=mm&r=g","caption":"hudo"},"url":"https:\/\/hudo.com\/si\/author\/hudo\/"}]}},"amp_enabled":true,"_links":{"self":[{"href":"https:\/\/hudo.com\/si\/wp-json\/wp\/v2\/posts\/370251"}],"collection":[{"href":"https:\/\/hudo.com\/si\/wp-json\/wp\/v2\/posts"}],"about":[{"href":"https:\/\/hudo.com\/si\/wp-json\/wp\/v2\/types\/post"}],"author":[{"embeddable":true,"href":"https:\/\/hudo.com\/si\/wp-json\/wp\/v2\/users\/1"}],"replies":[{"embeddable":true,"href":"https:\/\/hudo.com\/si\/wp-json\/wp\/v2\/comments?post=370251"}],"version-history":[{"count":0,"href":"https:\/\/hudo.com\/si\/wp-json\/wp\/v2\/posts\/370251\/revisions"}],"wp:attachment":[{"href":"https:\/\/hudo.com\/si\/wp-json\/wp\/v2\/media?parent=370251"}],"wp:term":[{"taxonomy":"category","embeddable":true,"href":"https:\/\/hudo.com\/si\/wp-json\/wp\/v2\/categories?post=370251"},{"taxonomy":"post_tag","embeddable":true,"href":"https:\/\/hudo.com\/si\/wp-json\/wp\/v2\/tags?post=370251"},{"taxonomy":"source","embeddable":true,"href":"https:\/\/hudo.com\/si\/wp-json\/wp\/v2\/source?post=370251"},{"taxonomy":"supertag","embeddable":true,"href":"https:\/\/hudo.com\/si\/wp-json\/wp\/v2\/supertag?post=370251"}],"curies":[{"name":"wp","href":"https:\/\/api.w.org\/{rel}","templated":true}]}}