{"id":370465,"date":"2018-05-22T09:09:06","date_gmt":"2018-05-22T07:09:06","guid":{"rendered":"http:\/\/hudo.com\/si\/?p=370465"},"modified":"2018-05-22T09:36:05","modified_gmt":"2018-05-22T07:36:05","slug":"dvojcka-sta-histericno-jokala-ker-ju-zeleli-lociti-pomirilo-ju-je-sele-tole","status":"publish","type":"post","link":"https:\/\/hudo.com\/si\/lifestyle\/dvojcka-sta-histericno-jokala-ker-ju-zeleli-lociti-pomirilo-ju-je-sele-tole\/","title":{"rendered":"Dvoj\u010dka sta histeri\u010dno jokala, ker so ju \u017eeleli lo\u010diti, pomirilo ju je \u0161ele tole &#8230;"},"content":{"rendered":"<p>Weston in Caleb Lyman iz Orlanda na Floridi sta posnela kratek video po rojstvu njunih dvoj\u010dkov. Posnel ga je o\u010de Dane. Na posnetku se vidi, kako sta dvoj\u010dka za\u010dala histeri\u010dno jokati, ko so ju zdravniki \u017eeleli lo\u010diti. Takoj ko so ju spet zdru\u017eili, sta nehala jokati.<\/p>\n<blockquote class=\"instagram-media\" style=\"background: #FFF; border: 0; border-radius: 3px; box-shadow: 0 0 1px 0 rgba(0,0,0,0.5),0 1px 10px 0 rgba(0,0,0,0.15); margin: 1px; max-width: 658px; padding: 0; width: calc(100% - 2px);\" data-instgrm-captioned=\"\" data-instgrm-permalink=\"https:\/\/www.instagram.com\/p\/Bi2-_OzgY3w\/\" data-instgrm-version=\"8\">\n<div style=\"padding: 8px;\">\n<div style=\"background: #F8F8F8; line-height: 0; margin-top: 40px; padding: 50.0% 0; text-align: center; width: 100%;\"><\/div>\n<p style=\"margin: 8px 0 0 0; padding: 0 4px;\"><a style=\"color: #000; font-family: Arial,sans-serif; font-size: 14px; font-style: normal; font-weight: normal; line-height: 17px; text-decoration: none; word-wrap: break-word;\" href=\"https:\/\/www.instagram.com\/p\/Bi2-_OzgY3w\/\" target=\"_blank\">This might be the sweetest thing ever. \u2764\ufe0f<\/a><\/p>\n<p style=\"color: #c9c8cd; font-family: Arial,sans-serif; font-size: 14px; line-height: 17px; margin-bottom: 0; margin-top: 8px; overflow: hidden; padding: 8px 0 7px; text-align: center; text-overflow: ellipsis; white-space: nowrap;\">A post shared by <a style=\"color: #c9c8cd; font-family: Arial,sans-serif; font-size: 14px; font-style: normal; font-weight: normal; line-height: 17px;\" href=\"https:\/\/www.instagram.com\/people\/\" target=\"_blank\"> People Magazine<\/a> (@people) on <time style=\"font-family: Arial,sans-serif; font-size: 14px; line-height: 17px;\" datetime=\"2018-05-17T00:54:05+00:00\">May 16, 2018 at 5:54pm PDT<\/time><\/p>\n<\/div>\n<\/blockquote>\n<p><div class=\"embed-notice\">Za ogled vstavljene vsebine morate omogo\u010diti <a href=\"#\" onclick=\"Optanon.ToggleInfoDisplay()\">shranjevanje pi\u0161kotkov v napravi<\/a><\/div><script async defer type=\"text\/plain\" class=\"optanon-category-C0002-C0003-C0004\" optanon-src=\"\/\/www.instagram.com\/embed.js\"><\/script><\/p>\n<p>&#8220;Zelo sva hvale\u017ena, saj sta se nama pridru\u017eila najina dvoj\u010dka. Ta video sem posnel sam, takoj po porodu,&#8221; je napisal Dane.<\/p>\n<p>&#8220;Moja \u017eena Lisa tega ni mogla videti in ni vedela, kaj se je zgodilo. Ko sem ji pokazal video, je bila zelo hvale\u017ena, da sem ujel ta trenutek,&#8221; je povedal Dane.<\/p>\n<p>&#8220;Ko so nama povedali, da bova dobila dvoj\u010dka, sva si takoj rekla, da bosta zagotovo zelo povezana ter da se bosta vse \u017eivljenje podpirala. Ta posnetek je to potrdil \u017ee v samem za\u010detku njunega \u017eivljenja. \u010cudiva se, da sva s posnetkom pritegnila toliko pozornosti, ampak upava, da sva z njim vseeno komu polep\u0161ala dan,&#8221; je povedal Dane.<\/p>\n","protected":false},"excerpt":{"rendered":"<p>Ko so nama povedali, da bova dobila dvoj\u010dka, sva si takoj rekla, da bosta zagotovo zelo povezana ter da se bosta vse \u017eivljenje podpirala. Ta posnetek je to samo potrdil,&#8221; je povedal o\u010de dvoj\u010dkov Dane.<\/p>\n","protected":false},"author":6,"featured_media":370466,"comment_status":"closed","ping_status":"closed","sticky":false,"template":"","format":"standard","meta":{"footnotes":""},"categories":[1091],"tags":[],"source":[4511],"supertag":[],"acf":[],"yoast_head":"<!-- This site is optimized with the Yoast SEO plugin v21.3 - https:\/\/yoast.com\/wordpress\/plugins\/seo\/ -->\n<title>Dvoj\u010dka sta histeri\u010dno jokala, ker so ju \u017eeleli lo\u010diti, pomirilo ju je \u0161ele tole ... - Hudo Slovenija<\/title>\n<meta name=\"robots\" content=\"index, follow, max-snippet:-1, max-image-preview:large, max-video-preview:-1\" \/>\n<link rel=\"canonical\" href=\"https:\/\/hudo.com\/si\/lifestyle\/dvojcka-sta-histericno-jokala-ker-ju-zeleli-lociti-pomirilo-ju-je-sele-tole\/\" \/>\n<meta property=\"og:locale\" content=\"sl_SI\" \/>\n<meta property=\"og:type\" content=\"article\" \/>\n<meta property=\"og:title\" content=\"Dvoj\u010dka sta histeri\u010dno jokala, ker so ju \u017eeleli lo\u010diti, pomirilo ju je \u0161ele tole ... - Hudo Slovenija\" \/>\n<meta property=\"og:description\" content=\"Ko so nama povedali, da bova dobila dvoj\u010dka, sva si takoj rekla, da bosta zagotovo zelo povezana ter da se bosta vse \u017eivljenje podpirala. Ta posnetek je to samo potrdil,&quot; je povedal o\u010de dvoj\u010dkov Dane.\" \/>\n<meta property=\"og:url\" content=\"https:\/\/hudo.com\/si\/lifestyle\/dvojcka-sta-histericno-jokala-ker-ju-zeleli-lociti-pomirilo-ju-je-sele-tole\/\" \/>\n<meta property=\"og:site_name\" content=\"Hudo Slovenija\" \/>\n<meta property=\"article:publisher\" content=\"https:\/\/www.facebook.com\/hudo.si\" \/>\n<meta property=\"article:published_time\" content=\"2018-05-22T07:09:06+00:00\" \/>\n<meta property=\"article:modified_time\" content=\"2018-05-22T07:36:05+00:00\" \/>\n<meta property=\"og:image\" content=\"https:\/\/hudo.com\/si\/wp-content\/uploads\/sites\/2\/2018\/05\/dvojcka.jpeg\" \/>\n\t<meta property=\"og:image:width\" content=\"943\" \/>\n\t<meta property=\"og:image:height\" content=\"531\" \/>\n\t<meta property=\"og:image:type\" content=\"image\/jpeg\" \/>\n<meta name=\"author\" content=\"A. G.\" \/>\n<meta name=\"twitter:card\" content=\"summary_large_image\" \/>\n<meta name=\"twitter:creator\" content=\"@hudo_si\" \/>\n<meta name=\"twitter:site\" content=\"@hudo_si\" \/>\n<meta name=\"twitter:label1\" content=\"Written by\" \/>\n\t<meta name=\"twitter:data1\" content=\"A. G.\" \/>\n\t<meta name=\"twitter:label2\" content=\"Est. reading time\" \/>\n\t<meta name=\"twitter:data2\" content=\"1 minuta\" \/>\n<script type=\"application\/ld+json\" class=\"yoast-schema-graph\">{\"@context\":\"https:\/\/schema.org\",\"@graph\":[{\"@type\":\"Article\",\"@id\":\"https:\/\/hudo.com\/si\/lifestyle\/dvojcka-sta-histericno-jokala-ker-ju-zeleli-lociti-pomirilo-ju-je-sele-tole\/#article\",\"isPartOf\":{\"@id\":\"https:\/\/hudo.com\/si\/lifestyle\/dvojcka-sta-histericno-jokala-ker-ju-zeleli-lociti-pomirilo-ju-je-sele-tole\/\"},\"author\":{\"name\":\"A. G.\",\"@id\":\"https:\/\/hudo.com\/si\/#\/schema\/person\/f95639a66e0dd2c682b0568634e85b8b\"},\"headline\":\"Dvoj\u010dka sta histeri\u010dno jokala, ker so ju \u017eeleli lo\u010diti, pomirilo ju je \u0161ele tole &#8230;\",\"datePublished\":\"2018-05-22T07:09:06+00:00\",\"dateModified\":\"2018-05-22T07:36:05+00:00\",\"mainEntityOfPage\":{\"@id\":\"https:\/\/hudo.com\/si\/lifestyle\/dvojcka-sta-histericno-jokala-ker-ju-zeleli-lociti-pomirilo-ju-je-sele-tole\/\"},\"wordCount\":205,\"publisher\":{\"@id\":\"https:\/\/hudo.com\/si\/#organization\"},\"articleSection\":[\"Lifestyle\"],\"inLanguage\":\"sl-SI\"},{\"@type\":\"WebPage\",\"@id\":\"https:\/\/hudo.com\/si\/lifestyle\/dvojcka-sta-histericno-jokala-ker-ju-zeleli-lociti-pomirilo-ju-je-sele-tole\/\",\"url\":\"https:\/\/hudo.com\/si\/lifestyle\/dvojcka-sta-histericno-jokala-ker-ju-zeleli-lociti-pomirilo-ju-je-sele-tole\/\",\"name\":\"Dvoj\u010dka sta histeri\u010dno jokala, ker so ju \u017eeleli lo\u010diti, pomirilo ju je \u0161ele tole ... - Hudo Slovenija\",\"isPartOf\":{\"@id\":\"https:\/\/hudo.com\/si\/#website\"},\"datePublished\":\"2018-05-22T07:09:06+00:00\",\"dateModified\":\"2018-05-22T07:36:05+00:00\",\"breadcrumb\":{\"@id\":\"https:\/\/hudo.com\/si\/lifestyle\/dvojcka-sta-histericno-jokala-ker-ju-zeleli-lociti-pomirilo-ju-je-sele-tole\/#breadcrumb\"},\"inLanguage\":\"sl-SI\",\"potentialAction\":[{\"@type\":\"ReadAction\",\"target\":[\"https:\/\/hudo.com\/si\/lifestyle\/dvojcka-sta-histericno-jokala-ker-ju-zeleli-lociti-pomirilo-ju-je-sele-tole\/\"]}]},{\"@type\":\"BreadcrumbList\",\"@id\":\"https:\/\/hudo.com\/si\/lifestyle\/dvojcka-sta-histericno-jokala-ker-ju-zeleli-lociti-pomirilo-ju-je-sele-tole\/#breadcrumb\",\"itemListElement\":[{\"@type\":\"ListItem\",\"position\":1,\"name\":\"Home\",\"item\":\"https:\/\/hudo.com\/si\/\"},{\"@type\":\"ListItem\",\"position\":2,\"name\":\"Dvoj\u010dka sta histeri\u010dno jokala, ker so ju \u017eeleli lo\u010diti, pomirilo ju je \u0161ele tole &#8230;\"}]},{\"@type\":\"WebSite\",\"@id\":\"https:\/\/hudo.com\/si\/#website\",\"url\":\"https:\/\/hudo.com\/si\/\",\"name\":\"Hudo Slovenija\",\"description\":\"Vse novice iz Slovenije in sveta\",\"publisher\":{\"@id\":\"https:\/\/hudo.com\/si\/#organization\"},\"potentialAction\":[{\"@type\":\"SearchAction\",\"target\":{\"@type\":\"EntryPoint\",\"urlTemplate\":\"https:\/\/hudo.com\/si\/?s={search_term_string}\"},\"query-input\":\"required name=search_term_string\"}],\"inLanguage\":\"sl-SI\"},{\"@type\":\"Organization\",\"@id\":\"https:\/\/hudo.com\/si\/#organization\",\"name\":\"VSN Media\",\"url\":\"https:\/\/hudo.com\/si\/\",\"logo\":{\"@type\":\"ImageObject\",\"inLanguage\":\"sl-SI\",\"@id\":\"https:\/\/hudo.com\/si\/#\/schema\/logo\/image\/\",\"url\":\"https:\/\/hudo.com\/si\/wp-content\/uploads\/sites\/2\/2021\/03\/hudo-app-2.png\",\"contentUrl\":\"https:\/\/hudo.com\/si\/wp-content\/uploads\/sites\/2\/2021\/03\/hudo-app-2.png\",\"width\":2185,\"height\":2167,\"caption\":\"VSN Media\"},\"image\":{\"@id\":\"https:\/\/hudo.com\/si\/#\/schema\/logo\/image\/\"},\"sameAs\":[\"https:\/\/www.facebook.com\/hudo.si\",\"https:\/\/twitter.com\/hudo_si\"]},{\"@type\":\"Person\",\"@id\":\"https:\/\/hudo.com\/si\/#\/schema\/person\/f95639a66e0dd2c682b0568634e85b8b\",\"name\":\"A. G.\",\"image\":{\"@type\":\"ImageObject\",\"inLanguage\":\"sl-SI\",\"@id\":\"https:\/\/hudo.com\/si\/#\/schema\/person\/image\/\",\"url\":\"https:\/\/secure.gravatar.com\/avatar\/9f44de561c70d5d80348d3ed0f4b142d?s=96&d=mm&r=g\",\"contentUrl\":\"https:\/\/secure.gravatar.com\/avatar\/9f44de561c70d5d80348d3ed0f4b142d?s=96&d=mm&r=g\",\"caption\":\"A. G.\"},\"url\":\"https:\/\/hudo.com\/si\/author\/alenkagrmek\/\"}]}<\/script>\n<!-- \/ Yoast SEO plugin. -->","yoast_head_json":{"title":"Dvoj\u010dka sta histeri\u010dno jokala, ker so ju \u017eeleli lo\u010diti, pomirilo ju je \u0161ele tole ... - Hudo Slovenija","robots":{"index":"index","follow":"follow","max-snippet":"max-snippet:-1","max-image-preview":"max-image-preview:large","max-video-preview":"max-video-preview:-1"},"canonical":"https:\/\/hudo.com\/si\/lifestyle\/dvojcka-sta-histericno-jokala-ker-ju-zeleli-lociti-pomirilo-ju-je-sele-tole\/","og_locale":"sl_SI","og_type":"article","og_title":"Dvoj\u010dka sta histeri\u010dno jokala, ker so ju \u017eeleli lo\u010diti, pomirilo ju je \u0161ele tole ... - Hudo Slovenija","og_description":"Ko so nama povedali, da bova dobila dvoj\u010dka, sva si takoj rekla, da bosta zagotovo zelo povezana ter da se bosta vse \u017eivljenje podpirala. Ta posnetek je to samo potrdil,\" je povedal o\u010de dvoj\u010dkov Dane.","og_url":"https:\/\/hudo.com\/si\/lifestyle\/dvojcka-sta-histericno-jokala-ker-ju-zeleli-lociti-pomirilo-ju-je-sele-tole\/","og_site_name":"Hudo Slovenija","article_publisher":"https:\/\/www.facebook.com\/hudo.si","article_published_time":"2018-05-22T07:09:06+00:00","article_modified_time":"2018-05-22T07:36:05+00:00","og_image":[{"width":943,"height":531,"url":"https:\/\/hudo.com\/si\/wp-content\/uploads\/sites\/2\/2018\/05\/dvojcka.jpeg","type":"image\/jpeg"}],"author":"A. G.","twitter_card":"summary_large_image","twitter_creator":"@hudo_si","twitter_site":"@hudo_si","twitter_misc":{"Written by":"A. G.","Est. reading time":"1 minuta"},"schema":{"@context":"https:\/\/schema.org","@graph":[{"@type":"Article","@id":"https:\/\/hudo.com\/si\/lifestyle\/dvojcka-sta-histericno-jokala-ker-ju-zeleli-lociti-pomirilo-ju-je-sele-tole\/#article","isPartOf":{"@id":"https:\/\/hudo.com\/si\/lifestyle\/dvojcka-sta-histericno-jokala-ker-ju-zeleli-lociti-pomirilo-ju-je-sele-tole\/"},"author":{"name":"A. G.","@id":"https:\/\/hudo.com\/si\/#\/schema\/person\/f95639a66e0dd2c682b0568634e85b8b"},"headline":"Dvoj\u010dka sta histeri\u010dno jokala, ker so ju \u017eeleli lo\u010diti, pomirilo ju je \u0161ele tole &#8230;","datePublished":"2018-05-22T07:09:06+00:00","dateModified":"2018-05-22T07:36:05+00:00","mainEntityOfPage":{"@id":"https:\/\/hudo.com\/si\/lifestyle\/dvojcka-sta-histericno-jokala-ker-ju-zeleli-lociti-pomirilo-ju-je-sele-tole\/"},"wordCount":205,"publisher":{"@id":"https:\/\/hudo.com\/si\/#organization"},"articleSection":["Lifestyle"],"inLanguage":"sl-SI"},{"@type":"WebPage","@id":"https:\/\/hudo.com\/si\/lifestyle\/dvojcka-sta-histericno-jokala-ker-ju-zeleli-lociti-pomirilo-ju-je-sele-tole\/","url":"https:\/\/hudo.com\/si\/lifestyle\/dvojcka-sta-histericno-jokala-ker-ju-zeleli-lociti-pomirilo-ju-je-sele-tole\/","name":"Dvoj\u010dka sta histeri\u010dno jokala, ker so ju \u017eeleli lo\u010diti, pomirilo ju je \u0161ele tole ... - Hudo Slovenija","isPartOf":{"@id":"https:\/\/hudo.com\/si\/#website"},"datePublished":"2018-05-22T07:09:06+00:00","dateModified":"2018-05-22T07:36:05+00:00","breadcrumb":{"@id":"https:\/\/hudo.com\/si\/lifestyle\/dvojcka-sta-histericno-jokala-ker-ju-zeleli-lociti-pomirilo-ju-je-sele-tole\/#breadcrumb"},"inLanguage":"sl-SI","potentialAction":[{"@type":"ReadAction","target":["https:\/\/hudo.com\/si\/lifestyle\/dvojcka-sta-histericno-jokala-ker-ju-zeleli-lociti-pomirilo-ju-je-sele-tole\/"]}]},{"@type":"BreadcrumbList","@id":"https:\/\/hudo.com\/si\/lifestyle\/dvojcka-sta-histericno-jokala-ker-ju-zeleli-lociti-pomirilo-ju-je-sele-tole\/#breadcrumb","itemListElement":[{"@type":"ListItem","position":1,"name":"Home","item":"https:\/\/hudo.com\/si\/"},{"@type":"ListItem","position":2,"name":"Dvoj\u010dka sta histeri\u010dno jokala, ker so ju \u017eeleli lo\u010diti, pomirilo ju je \u0161ele tole &#8230;"}]},{"@type":"WebSite","@id":"https:\/\/hudo.com\/si\/#website","url":"https:\/\/hudo.com\/si\/","name":"Hudo Slovenija","description":"Vse novice iz Slovenije in sveta","publisher":{"@id":"https:\/\/hudo.com\/si\/#organization"},"potentialAction":[{"@type":"SearchAction","target":{"@type":"EntryPoint","urlTemplate":"https:\/\/hudo.com\/si\/?s={search_term_string}"},"query-input":"required name=search_term_string"}],"inLanguage":"sl-SI"},{"@type":"Organization","@id":"https:\/\/hudo.com\/si\/#organization","name":"VSN Media","url":"https:\/\/hudo.com\/si\/","logo":{"@type":"ImageObject","inLanguage":"sl-SI","@id":"https:\/\/hudo.com\/si\/#\/schema\/logo\/image\/","url":"https:\/\/hudo.com\/si\/wp-content\/uploads\/sites\/2\/2021\/03\/hudo-app-2.png","contentUrl":"https:\/\/hudo.com\/si\/wp-content\/uploads\/sites\/2\/2021\/03\/hudo-app-2.png","width":2185,"height":2167,"caption":"VSN Media"},"image":{"@id":"https:\/\/hudo.com\/si\/#\/schema\/logo\/image\/"},"sameAs":["https:\/\/www.facebook.com\/hudo.si","https:\/\/twitter.com\/hudo_si"]},{"@type":"Person","@id":"https:\/\/hudo.com\/si\/#\/schema\/person\/f95639a66e0dd2c682b0568634e85b8b","name":"A. G.","image":{"@type":"ImageObject","inLanguage":"sl-SI","@id":"https:\/\/hudo.com\/si\/#\/schema\/person\/image\/","url":"https:\/\/secure.gravatar.com\/avatar\/9f44de561c70d5d80348d3ed0f4b142d?s=96&d=mm&r=g","contentUrl":"https:\/\/secure.gravatar.com\/avatar\/9f44de561c70d5d80348d3ed0f4b142d?s=96&d=mm&r=g","caption":"A. G."},"url":"https:\/\/hudo.com\/si\/author\/alenkagrmek\/"}]}},"amp_enabled":true,"_links":{"self":[{"href":"https:\/\/hudo.com\/si\/wp-json\/wp\/v2\/posts\/370465"}],"collection":[{"href":"https:\/\/hudo.com\/si\/wp-json\/wp\/v2\/posts"}],"about":[{"href":"https:\/\/hudo.com\/si\/wp-json\/wp\/v2\/types\/post"}],"author":[{"embeddable":true,"href":"https:\/\/hudo.com\/si\/wp-json\/wp\/v2\/users\/6"}],"replies":[{"embeddable":true,"href":"https:\/\/hudo.com\/si\/wp-json\/wp\/v2\/comments?post=370465"}],"version-history":[{"count":4,"href":"https:\/\/hudo.com\/si\/wp-json\/wp\/v2\/posts\/370465\/revisions"}],"predecessor-version":[{"id":370497,"href":"https:\/\/hudo.com\/si\/wp-json\/wp\/v2\/posts\/370465\/revisions\/370497"}],"wp:featuredmedia":[{"embeddable":true,"href":"https:\/\/hudo.com\/si\/wp-json\/wp\/v2\/media\/370466"}],"wp:attachment":[{"href":"https:\/\/hudo.com\/si\/wp-json\/wp\/v2\/media?parent=370465"}],"wp:term":[{"taxonomy":"category","embeddable":true,"href":"https:\/\/hudo.com\/si\/wp-json\/wp\/v2\/categories?post=370465"},{"taxonomy":"post_tag","embeddable":true,"href":"https:\/\/hudo.com\/si\/wp-json\/wp\/v2\/tags?post=370465"},{"taxonomy":"source","embeddable":true,"href":"https:\/\/hudo.com\/si\/wp-json\/wp\/v2\/source?post=370465"},{"taxonomy":"supertag","embeddable":true,"href":"https:\/\/hudo.com\/si\/wp-json\/wp\/v2\/supertag?post=370465"}],"curies":[{"name":"wp","href":"https:\/\/api.w.org\/{rel}","templated":true}]}}