{"id":370703,"date":"2018-05-25T09:49:22","date_gmt":"2018-05-25T07:49:22","guid":{"rendered":"http:\/\/hudo.com\/si\/?p=370703"},"modified":"2018-05-25T09:49:22","modified_gmt":"2018-05-25T07:49:22","slug":"huda-ura-na-koroskem-nevihte-sprozale-plazove-zalivale-kleti","status":"publish","type":"post","link":"https:\/\/hudo.com\/si\/aktualno\/huda-ura-na-koroskem-nevihte-sprozale-plazove-zalivale-kleti\/","title":{"rendered":"Huda ura na Koro\u0161kem: Nevihte spro\u017eale plazove in zalivale kleti"},"content":{"rendered":"<div class=\"text\">\n<p>Najhuje je bilo v sredi\u0161\u010du Prevalj oz. na obmo\u010dju naselij Perzonali, Zgornji Kraj, Trg, Breznica, pri Osnovni \u0161oli Prevalje in Ob Me\u017ei. Posredovali so prostovoljni in poklicni gasilci s Prevalj in Raven na Koro\u0161kem ter delavci Komunalnega podjetja Log in Cestnega podjetja VOC Celje. Aktiviran je bil tudi ob\u010dinski \u0161tab civilne za\u0161\u010dite.<\/p>\n<p>&#8220;Pono\u010di smo delali, dokler smo bili pri mo\u010deh, da smo \u010drpali vodo in blato iz stanovanj in poslovnih objektov. Danes nadaljujemo s \u010di\u0161\u010denjem ulic, prepustov, stanovanj, objektov,&#8221; je za STA povedal \u017eupan.<\/p>\n<p>Z delom so \u017ee za\u010deli gasilci iz vseh dru\u0161tev Me\u017ei\u0161ke doline, ki bodo pomagali s cisternami \u010distiti ulice. \u017de po neurju in pono\u010di so na pomo\u010d prisko\u010dili tudi \u0161tevilni prostovoljci, njihova pomo\u010d je zelo dobrodo\u0161la tudi danes, je povedal \u017eupan.<\/p>\n<p>Po\u0161kodovane je veliko infrastrukture, cesto proti Suhemu vrhu bodo zaprli za tovorni in traktorski promet, saj je na ve\u010d mestih odneslo del cesti\u0161\u010da, veliko je plazov. Tudi proti Le\u0161am je veliko \u0161kode na infrastrukturi. Za ocene \u0161kode je \u0161e prehitro, bo pa ta velika.<\/p>\n<p>Ob neurju so morali dve osebi tudi re\u0161iti iz avtomobila, ki je zapeljal v visoko vodo na cesti\u0161\u010du.<\/p>\n<p>Sicer pa Tasi\u010d ponovno opozarja, da imajo predvsem te\u017eave zaradi enega potoka in enega prepusta za drugi potok pod glavno cesto pri avtobusni postaji, saj je bila leta 2016 podobna poplava v sredi\u0161\u010du Prevalj.<\/p>\n<p>Ob\u010dina je po njegovih besedah sama naro\u010dila projekt ureditve \u0160tefanovega potoka, ga posredovala pristojnim za sanacijo vodotokov, ki so sanacijo obljubili skladno s finan\u010dnimi mo\u017enostmi, a je doslej \u0161e niso izvedli. &#8220;Jaz upam, da se bo sedaj denar na\u0161el,&#8221; je dejal Tasi\u010d.<\/p>\n<p>Sicer pa na Ravnah na Koro\u0161kem prav danes popoldne Direkcija RS za vode predstavlja nov, 22,3 milijona evrov vreden kohezijski projekt za poplavno varnost na obmo\u010dju Me\u017ee in Mislinje, v katerega bo vklju\u010dena tudi Ob\u010dina Prevalje. Dela se bodo za\u010dela v nekaj dneh, projekt pa naj bi zaklju\u010dili do konca leta 2022.<\/p>\n<p>Meteorne vode so v \u010detrtkovih neurjih po Sloveniji zalivale objekte in ceste tudi drugod po Sloveniji, spro\u017eilo se je ve\u010d plazov, zaradi poplav je bilo poleg cest na Prevaljah nekaj \u010dasa zaprtih tudi ve\u010d drugih cest na Koro\u0161kem in v Velenju. O te\u017eavah so poro\u010dali \u0161e z obmo\u010dja ob\u010din Ru\u0161e, Selnica ob Dravi, Podvelka, Prebold, \u017dalec in \u0160o\u0161tanj. Tudi na Duplici v ob\u010dini Kamnik je voda zalivala pritli\u010dno stanovanje ve\u010dstanovanjskega objekta.<\/p>\n<\/div>\n","protected":false},"excerpt":{"rendered":"<p>Na Prevaljah danes nadaljujejo z odpravo posledic neurja z mo\u010dnim nalivom, ki je ob\u010dino zajel v \u010detrtek pozno popoldne. Po podatkih \u017eupana ob\u010dine Matica Tasi\u010da je zalilo od 15 do 20 objektov v sredi\u0161\u010du Prevalj, voda je na cesto nana\u0161ala blato in pesek, spro\u017eilo se je tudi nekaj zemeljskih plazov. Najmanj eno cesto bodo delno zaprli.<\/p>\n","protected":false},"author":5,"featured_media":168461,"comment_status":"closed","ping_status":"closed","sticky":false,"template":"","format":"standard","meta":{"footnotes":""},"categories":[1179],"tags":[3723,4143,5405,1595,2149],"source":[4511],"supertag":[],"acf":[],"yoast_head":"<!-- This site is optimized with the Yoast SEO plugin v21.3 - https:\/\/yoast.com\/wordpress\/plugins\/seo\/ -->\n<title>Huda ura na Koro\u0161kem: Nevihte spro\u017eale plazove in zalivale kleti - Hudo Slovenija<\/title>\n<meta name=\"robots\" content=\"index, follow, max-snippet:-1, max-image-preview:large, max-video-preview:-1\" \/>\n<link rel=\"canonical\" href=\"https:\/\/hudo.com\/si\/aktualno\/huda-ura-na-koroskem-nevihte-sprozale-plazove-zalivale-kleti\/\" \/>\n<meta property=\"og:locale\" content=\"sl_SI\" \/>\n<meta property=\"og:type\" content=\"article\" \/>\n<meta property=\"og:title\" content=\"Huda ura na Koro\u0161kem: Nevihte spro\u017eale plazove in zalivale kleti - Hudo Slovenija\" \/>\n<meta property=\"og:description\" content=\"Na Prevaljah danes nadaljujejo z odpravo posledic neurja z mo\u010dnim nalivom, ki je ob\u010dino zajel v \u010detrtek pozno popoldne. Po podatkih \u017eupana ob\u010dine Matica Tasi\u010da je zalilo od 15 do 20 objektov v sredi\u0161\u010du Prevalj, voda je na cesto nana\u0161ala blato in pesek, spro\u017eilo se je tudi nekaj zemeljskih plazov. Najmanj eno cesto bodo delno zaprli.\" \/>\n<meta property=\"og:url\" content=\"https:\/\/hudo.com\/si\/aktualno\/huda-ura-na-koroskem-nevihte-sprozale-plazove-zalivale-kleti\/\" \/>\n<meta property=\"og:site_name\" content=\"Hudo Slovenija\" \/>\n<meta property=\"article:publisher\" content=\"https:\/\/www.facebook.com\/hudo.si\" \/>\n<meta property=\"article:published_time\" content=\"2018-05-25T07:49:22+00:00\" \/>\n<meta property=\"og:image\" content=\"https:\/\/hudo.com\/si\/wp-content\/uploads\/sites\/2\/2016\/11\/profimedia-0218587295.jpg\" \/>\n\t<meta property=\"og:image:width\" content=\"1250\" \/>\n\t<meta property=\"og:image:height\" content=\"833\" \/>\n\t<meta property=\"og:image:type\" content=\"image\/jpeg\" \/>\n<meta name=\"author\" content=\"A. G., STA\" \/>\n<meta name=\"twitter:card\" content=\"summary_large_image\" \/>\n<meta name=\"twitter:creator\" content=\"@hudo_si\" \/>\n<meta name=\"twitter:site\" content=\"@hudo_si\" \/>\n<meta name=\"twitter:label1\" content=\"Written by\" \/>\n\t<meta name=\"twitter:data1\" content=\"A. G., STA\" \/>\n\t<meta name=\"twitter:label2\" content=\"Est. reading time\" \/>\n\t<meta name=\"twitter:data2\" content=\"2 minuti\" \/>\n<script type=\"application\/ld+json\" class=\"yoast-schema-graph\">{\"@context\":\"https:\/\/schema.org\",\"@graph\":[{\"@type\":\"Article\",\"@id\":\"https:\/\/hudo.com\/si\/aktualno\/huda-ura-na-koroskem-nevihte-sprozale-plazove-zalivale-kleti\/#article\",\"isPartOf\":{\"@id\":\"https:\/\/hudo.com\/si\/aktualno\/huda-ura-na-koroskem-nevihte-sprozale-plazove-zalivale-kleti\/\"},\"author\":{\"name\":\"A. G., STA\",\"@id\":\"https:\/\/hudo.com\/si\/#\/schema\/person\/2391667a63ea075ba94f2f2dc6b77537\"},\"headline\":\"Huda ura na Koro\u0161kem: Nevihte spro\u017eale plazove in zalivale kleti\",\"datePublished\":\"2018-05-25T07:49:22+00:00\",\"dateModified\":\"2018-05-25T07:49:22+00:00\",\"mainEntityOfPage\":{\"@id\":\"https:\/\/hudo.com\/si\/aktualno\/huda-ura-na-koroskem-nevihte-sprozale-plazove-zalivale-kleti\/\"},\"wordCount\":440,\"publisher\":{\"@id\":\"https:\/\/hudo.com\/si\/#organization\"},\"keywords\":[\"neurje\",\"plaz\",\"poplave\",\"Slovenija\",\"vreme\"],\"articleSection\":[\"Aktualno\"],\"inLanguage\":\"sl-SI\"},{\"@type\":\"WebPage\",\"@id\":\"https:\/\/hudo.com\/si\/aktualno\/huda-ura-na-koroskem-nevihte-sprozale-plazove-zalivale-kleti\/\",\"url\":\"https:\/\/hudo.com\/si\/aktualno\/huda-ura-na-koroskem-nevihte-sprozale-plazove-zalivale-kleti\/\",\"name\":\"Huda ura na Koro\u0161kem: Nevihte spro\u017eale plazove in zalivale kleti - Hudo Slovenija\",\"isPartOf\":{\"@id\":\"https:\/\/hudo.com\/si\/#website\"},\"datePublished\":\"2018-05-25T07:49:22+00:00\",\"dateModified\":\"2018-05-25T07:49:22+00:00\",\"breadcrumb\":{\"@id\":\"https:\/\/hudo.com\/si\/aktualno\/huda-ura-na-koroskem-nevihte-sprozale-plazove-zalivale-kleti\/#breadcrumb\"},\"inLanguage\":\"sl-SI\",\"potentialAction\":[{\"@type\":\"ReadAction\",\"target\":[\"https:\/\/hudo.com\/si\/aktualno\/huda-ura-na-koroskem-nevihte-sprozale-plazove-zalivale-kleti\/\"]}]},{\"@type\":\"BreadcrumbList\",\"@id\":\"https:\/\/hudo.com\/si\/aktualno\/huda-ura-na-koroskem-nevihte-sprozale-plazove-zalivale-kleti\/#breadcrumb\",\"itemListElement\":[{\"@type\":\"ListItem\",\"position\":1,\"name\":\"Home\",\"item\":\"https:\/\/hudo.com\/si\/\"},{\"@type\":\"ListItem\",\"position\":2,\"name\":\"Huda ura na Koro\u0161kem: Nevihte spro\u017eale plazove in zalivale kleti\"}]},{\"@type\":\"WebSite\",\"@id\":\"https:\/\/hudo.com\/si\/#website\",\"url\":\"https:\/\/hudo.com\/si\/\",\"name\":\"Hudo Slovenija\",\"description\":\"Vse novice iz Slovenije in sveta\",\"publisher\":{\"@id\":\"https:\/\/hudo.com\/si\/#organization\"},\"potentialAction\":[{\"@type\":\"SearchAction\",\"target\":{\"@type\":\"EntryPoint\",\"urlTemplate\":\"https:\/\/hudo.com\/si\/?s={search_term_string}\"},\"query-input\":\"required name=search_term_string\"}],\"inLanguage\":\"sl-SI\"},{\"@type\":\"Organization\",\"@id\":\"https:\/\/hudo.com\/si\/#organization\",\"name\":\"VSN Media\",\"url\":\"https:\/\/hudo.com\/si\/\",\"logo\":{\"@type\":\"ImageObject\",\"inLanguage\":\"sl-SI\",\"@id\":\"https:\/\/hudo.com\/si\/#\/schema\/logo\/image\/\",\"url\":\"https:\/\/hudo.com\/si\/wp-content\/uploads\/sites\/2\/2021\/03\/hudo-app-2.png\",\"contentUrl\":\"https:\/\/hudo.com\/si\/wp-content\/uploads\/sites\/2\/2021\/03\/hudo-app-2.png\",\"width\":2185,\"height\":2167,\"caption\":\"VSN Media\"},\"image\":{\"@id\":\"https:\/\/hudo.com\/si\/#\/schema\/logo\/image\/\"},\"sameAs\":[\"https:\/\/www.facebook.com\/hudo.si\",\"https:\/\/twitter.com\/hudo_si\"]},{\"@type\":\"Person\",\"@id\":\"https:\/\/hudo.com\/si\/#\/schema\/person\/2391667a63ea075ba94f2f2dc6b77537\",\"name\":\"A. G., STA\",\"image\":{\"@type\":\"ImageObject\",\"inLanguage\":\"sl-SI\",\"@id\":\"https:\/\/hudo.com\/si\/#\/schema\/person\/image\/\",\"url\":\"https:\/\/secure.gravatar.com\/avatar\/e13d22ac3e442658d5025fbbe6238a79?s=96&d=mm&r=g\",\"contentUrl\":\"https:\/\/secure.gravatar.com\/avatar\/e13d22ac3e442658d5025fbbe6238a79?s=96&d=mm&r=g\",\"caption\":\"A. G., STA\"},\"url\":\"https:\/\/hudo.com\/si\/author\/alenka\/\"}]}<\/script>\n<!-- \/ Yoast SEO plugin. -->","yoast_head_json":{"title":"Huda ura na Koro\u0161kem: Nevihte spro\u017eale plazove in zalivale kleti - Hudo Slovenija","robots":{"index":"index","follow":"follow","max-snippet":"max-snippet:-1","max-image-preview":"max-image-preview:large","max-video-preview":"max-video-preview:-1"},"canonical":"https:\/\/hudo.com\/si\/aktualno\/huda-ura-na-koroskem-nevihte-sprozale-plazove-zalivale-kleti\/","og_locale":"sl_SI","og_type":"article","og_title":"Huda ura na Koro\u0161kem: Nevihte spro\u017eale plazove in zalivale kleti - Hudo Slovenija","og_description":"Na Prevaljah danes nadaljujejo z odpravo posledic neurja z mo\u010dnim nalivom, ki je ob\u010dino zajel v \u010detrtek pozno popoldne. Po podatkih \u017eupana ob\u010dine Matica Tasi\u010da je zalilo od 15 do 20 objektov v sredi\u0161\u010du Prevalj, voda je na cesto nana\u0161ala blato in pesek, spro\u017eilo se je tudi nekaj zemeljskih plazov. Najmanj eno cesto bodo delno zaprli.","og_url":"https:\/\/hudo.com\/si\/aktualno\/huda-ura-na-koroskem-nevihte-sprozale-plazove-zalivale-kleti\/","og_site_name":"Hudo Slovenija","article_publisher":"https:\/\/www.facebook.com\/hudo.si","article_published_time":"2018-05-25T07:49:22+00:00","og_image":[{"width":1250,"height":833,"url":"https:\/\/hudo.com\/si\/wp-content\/uploads\/sites\/2\/2016\/11\/profimedia-0218587295.jpg","type":"image\/jpeg"}],"author":"A. G., STA","twitter_card":"summary_large_image","twitter_creator":"@hudo_si","twitter_site":"@hudo_si","twitter_misc":{"Written by":"A. G., STA","Est. reading time":"2 minuti"},"schema":{"@context":"https:\/\/schema.org","@graph":[{"@type":"Article","@id":"https:\/\/hudo.com\/si\/aktualno\/huda-ura-na-koroskem-nevihte-sprozale-plazove-zalivale-kleti\/#article","isPartOf":{"@id":"https:\/\/hudo.com\/si\/aktualno\/huda-ura-na-koroskem-nevihte-sprozale-plazove-zalivale-kleti\/"},"author":{"name":"A. G., STA","@id":"https:\/\/hudo.com\/si\/#\/schema\/person\/2391667a63ea075ba94f2f2dc6b77537"},"headline":"Huda ura na Koro\u0161kem: Nevihte spro\u017eale plazove in zalivale kleti","datePublished":"2018-05-25T07:49:22+00:00","dateModified":"2018-05-25T07:49:22+00:00","mainEntityOfPage":{"@id":"https:\/\/hudo.com\/si\/aktualno\/huda-ura-na-koroskem-nevihte-sprozale-plazove-zalivale-kleti\/"},"wordCount":440,"publisher":{"@id":"https:\/\/hudo.com\/si\/#organization"},"keywords":["neurje","plaz","poplave","Slovenija","vreme"],"articleSection":["Aktualno"],"inLanguage":"sl-SI"},{"@type":"WebPage","@id":"https:\/\/hudo.com\/si\/aktualno\/huda-ura-na-koroskem-nevihte-sprozale-plazove-zalivale-kleti\/","url":"https:\/\/hudo.com\/si\/aktualno\/huda-ura-na-koroskem-nevihte-sprozale-plazove-zalivale-kleti\/","name":"Huda ura na Koro\u0161kem: Nevihte spro\u017eale plazove in zalivale kleti - Hudo Slovenija","isPartOf":{"@id":"https:\/\/hudo.com\/si\/#website"},"datePublished":"2018-05-25T07:49:22+00:00","dateModified":"2018-05-25T07:49:22+00:00","breadcrumb":{"@id":"https:\/\/hudo.com\/si\/aktualno\/huda-ura-na-koroskem-nevihte-sprozale-plazove-zalivale-kleti\/#breadcrumb"},"inLanguage":"sl-SI","potentialAction":[{"@type":"ReadAction","target":["https:\/\/hudo.com\/si\/aktualno\/huda-ura-na-koroskem-nevihte-sprozale-plazove-zalivale-kleti\/"]}]},{"@type":"BreadcrumbList","@id":"https:\/\/hudo.com\/si\/aktualno\/huda-ura-na-koroskem-nevihte-sprozale-plazove-zalivale-kleti\/#breadcrumb","itemListElement":[{"@type":"ListItem","position":1,"name":"Home","item":"https:\/\/hudo.com\/si\/"},{"@type":"ListItem","position":2,"name":"Huda ura na Koro\u0161kem: Nevihte spro\u017eale plazove in zalivale kleti"}]},{"@type":"WebSite","@id":"https:\/\/hudo.com\/si\/#website","url":"https:\/\/hudo.com\/si\/","name":"Hudo Slovenija","description":"Vse novice iz Slovenije in sveta","publisher":{"@id":"https:\/\/hudo.com\/si\/#organization"},"potentialAction":[{"@type":"SearchAction","target":{"@type":"EntryPoint","urlTemplate":"https:\/\/hudo.com\/si\/?s={search_term_string}"},"query-input":"required name=search_term_string"}],"inLanguage":"sl-SI"},{"@type":"Organization","@id":"https:\/\/hudo.com\/si\/#organization","name":"VSN Media","url":"https:\/\/hudo.com\/si\/","logo":{"@type":"ImageObject","inLanguage":"sl-SI","@id":"https:\/\/hudo.com\/si\/#\/schema\/logo\/image\/","url":"https:\/\/hudo.com\/si\/wp-content\/uploads\/sites\/2\/2021\/03\/hudo-app-2.png","contentUrl":"https:\/\/hudo.com\/si\/wp-content\/uploads\/sites\/2\/2021\/03\/hudo-app-2.png","width":2185,"height":2167,"caption":"VSN Media"},"image":{"@id":"https:\/\/hudo.com\/si\/#\/schema\/logo\/image\/"},"sameAs":["https:\/\/www.facebook.com\/hudo.si","https:\/\/twitter.com\/hudo_si"]},{"@type":"Person","@id":"https:\/\/hudo.com\/si\/#\/schema\/person\/2391667a63ea075ba94f2f2dc6b77537","name":"A. G., STA","image":{"@type":"ImageObject","inLanguage":"sl-SI","@id":"https:\/\/hudo.com\/si\/#\/schema\/person\/image\/","url":"https:\/\/secure.gravatar.com\/avatar\/e13d22ac3e442658d5025fbbe6238a79?s=96&d=mm&r=g","contentUrl":"https:\/\/secure.gravatar.com\/avatar\/e13d22ac3e442658d5025fbbe6238a79?s=96&d=mm&r=g","caption":"A. G., STA"},"url":"https:\/\/hudo.com\/si\/author\/alenka\/"}]}},"amp_enabled":true,"_links":{"self":[{"href":"https:\/\/hudo.com\/si\/wp-json\/wp\/v2\/posts\/370703"}],"collection":[{"href":"https:\/\/hudo.com\/si\/wp-json\/wp\/v2\/posts"}],"about":[{"href":"https:\/\/hudo.com\/si\/wp-json\/wp\/v2\/types\/post"}],"author":[{"embeddable":true,"href":"https:\/\/hudo.com\/si\/wp-json\/wp\/v2\/users\/5"}],"replies":[{"embeddable":true,"href":"https:\/\/hudo.com\/si\/wp-json\/wp\/v2\/comments?post=370703"}],"version-history":[{"count":1,"href":"https:\/\/hudo.com\/si\/wp-json\/wp\/v2\/posts\/370703\/revisions"}],"predecessor-version":[{"id":370704,"href":"https:\/\/hudo.com\/si\/wp-json\/wp\/v2\/posts\/370703\/revisions\/370704"}],"wp:featuredmedia":[{"embeddable":true,"href":"https:\/\/hudo.com\/si\/wp-json\/wp\/v2\/media\/168461"}],"wp:attachment":[{"href":"https:\/\/hudo.com\/si\/wp-json\/wp\/v2\/media?parent=370703"}],"wp:term":[{"taxonomy":"category","embeddable":true,"href":"https:\/\/hudo.com\/si\/wp-json\/wp\/v2\/categories?post=370703"},{"taxonomy":"post_tag","embeddable":true,"href":"https:\/\/hudo.com\/si\/wp-json\/wp\/v2\/tags?post=370703"},{"taxonomy":"source","embeddable":true,"href":"https:\/\/hudo.com\/si\/wp-json\/wp\/v2\/source?post=370703"},{"taxonomy":"supertag","embeddable":true,"href":"https:\/\/hudo.com\/si\/wp-json\/wp\/v2\/supertag?post=370703"}],"curies":[{"name":"wp","href":"https:\/\/api.w.org\/{rel}","templated":true}]}}