{"id":370793,"date":"2018-05-26T19:00:54","date_gmt":"2018-05-26T17:00:54","guid":{"rendered":"http:\/\/hudo.com\/si\/?p=370793"},"modified":"2018-05-26T19:00:54","modified_gmt":"2018-05-26T17:00:54","slug":"na-tisoce-francozov-na-ulice-zaradi-macronovih-reform","status":"publish","type":"post","link":"https:\/\/hudo.com\/si\/aktualno\/na-tisoce-francozov-na-ulice-zaradi-macronovih-reform\/","title":{"rendered":"Na tiso\u010de Francozov na ulice zaradi Macronovih reform"},"content":{"rendered":"<div class=\"text\">\n<div class=\"text\">\n<p>Po podatkih policije se je v Parizu zbralo 21.000 ljudi, medtem ko sindikat CGT trdi, da se je v prestolnici zbralo 80.000 protestnikov, po vsej dr\u017eavi pa 250.000. Za primerjavo, policija je na podobnem protestu v Parizu 5. maja na\u0161tela 40.000 ljudi, CGT pa 100.000.<\/p>\n<p>Ob za\u010detku dana\u0161njih protestov so na Trgu Bastilja aretirali ve\u010d deset ljudi. Policija je sporo\u010dila, da so imeli nekateri pri sebi oro\u017eje, drugi pa so bili nasilni, poro\u010da francoska tiskovna agencija AFP.<\/p>\n<p>Macron je v petek med obiskom v Rusiji dejal, da protesti ne bodo ustavili njegovih reform. &#8220;No\u010dem predsedovati glede na ankete ali demonstracije, ker je bilo tega \u017ee preve\u010d,&#8221; je dejal v Sankt Peterburgu.<\/p>\n<p>V torek so v Franciji stavkali zaposleni v javnem sektorju, ki so se pridru\u017eili zaposlenim na \u017eeleznicah. To je bila \u017ee tretja stavka zaposlenih v javnem sektorju po Macronovi zmagi na volitvah pred letom dni. Macron je napovedal, da bo zmanj\u0161al porabo in skr\u010dil javni sektor, ki je eden najve\u010djih v Evropi glede na velikost francoskega gospodarstva.<\/p>\n<p>Sindikati o\u010ditajo Macronu, nekdanjemu investicijskemu ban\u010dniku, da \u017eeli uni\u010diti javni sektor, ki je pomemben vir delovnih mest in steber lokalnega \u017eivljenja v mnogih delih dr\u017eave.<\/p>\n<\/div>\n<\/div>\n","protected":false},"excerpt":{"rendered":"<p>Na ulicah francoskih mest se je danes zbralo ve\u010d deset tiso\u010d ljudi, ki protestirajo proti na\u010drtovanim reformam predsednika Emmanuela Macron. Zborovanja pod skupnim imenom &#8220;ljudska plima&#8221; so pripravili sindikati, politi\u010dne stranke in zdru\u017eenja, ki nasprotujejo na\u010drtovanim spremembam. Macron medtem ostaja neomajen glede svojih na\u010drtov.<\/p>\n","protected":false},"author":5,"featured_media":370795,"comment_status":"closed","ping_status":"closed","sticky":false,"template":"","format":"standard","meta":{"footnotes":""},"categories":[1179],"tags":[8549,9272],"source":[4511],"supertag":[],"acf":[],"yoast_head":"<!-- This site is optimized with the Yoast SEO plugin v21.3 - https:\/\/yoast.com\/wordpress\/plugins\/seo\/ -->\n<title>Na tiso\u010de Francozov na ulice zaradi Macronovih reform - Hudo Slovenija<\/title>\n<meta name=\"robots\" content=\"index, follow, max-snippet:-1, max-image-preview:large, max-video-preview:-1\" \/>\n<link rel=\"canonical\" href=\"https:\/\/hudo.com\/si\/aktualno\/na-tisoce-francozov-na-ulice-zaradi-macronovih-reform\/\" \/>\n<meta property=\"og:locale\" content=\"sl_SI\" \/>\n<meta property=\"og:type\" content=\"article\" \/>\n<meta property=\"og:title\" content=\"Na tiso\u010de Francozov na ulice zaradi Macronovih reform - Hudo Slovenija\" \/>\n<meta property=\"og:description\" content=\"Na ulicah francoskih mest se je danes zbralo ve\u010d deset tiso\u010d ljudi, ki protestirajo proti na\u010drtovanim reformam predsednika Emmanuela Macron. Zborovanja pod skupnim imenom &quot;ljudska plima&quot; so pripravili sindikati, politi\u010dne stranke in zdru\u017eenja, ki nasprotujejo na\u010drtovanim spremembam. Macron medtem ostaja neomajen glede svojih na\u010drtov.\" \/>\n<meta property=\"og:url\" content=\"https:\/\/hudo.com\/si\/aktualno\/na-tisoce-francozov-na-ulice-zaradi-macronovih-reform\/\" \/>\n<meta property=\"og:site_name\" content=\"Hudo Slovenija\" \/>\n<meta property=\"article:publisher\" content=\"https:\/\/www.facebook.com\/hudo.si\" \/>\n<meta property=\"article:published_time\" content=\"2018-05-26T17:00:54+00:00\" \/>\n<meta property=\"og:image\" content=\"https:\/\/hudo.com\/si\/wp-content\/uploads\/sites\/2\/2018\/05\/profimedia-0373009331.jpg\" \/>\n\t<meta property=\"og:image:width\" content=\"1250\" \/>\n\t<meta property=\"og:image:height\" content=\"833\" \/>\n\t<meta property=\"og:image:type\" content=\"image\/jpeg\" \/>\n<meta name=\"author\" content=\"A. G., STA\" \/>\n<meta name=\"twitter:card\" content=\"summary_large_image\" \/>\n<meta name=\"twitter:creator\" content=\"@hudo_si\" \/>\n<meta name=\"twitter:site\" content=\"@hudo_si\" \/>\n<meta name=\"twitter:label1\" content=\"Written by\" \/>\n\t<meta name=\"twitter:data1\" content=\"A. G., STA\" \/>\n\t<meta name=\"twitter:label2\" content=\"Est. reading time\" \/>\n\t<meta name=\"twitter:data2\" content=\"1 minuta\" \/>\n<script type=\"application\/ld+json\" class=\"yoast-schema-graph\">{\"@context\":\"https:\/\/schema.org\",\"@graph\":[{\"@type\":\"Article\",\"@id\":\"https:\/\/hudo.com\/si\/aktualno\/na-tisoce-francozov-na-ulice-zaradi-macronovih-reform\/#article\",\"isPartOf\":{\"@id\":\"https:\/\/hudo.com\/si\/aktualno\/na-tisoce-francozov-na-ulice-zaradi-macronovih-reform\/\"},\"author\":{\"name\":\"A. G., STA\",\"@id\":\"https:\/\/hudo.com\/si\/#\/schema\/person\/2391667a63ea075ba94f2f2dc6b77537\"},\"headline\":\"Na tiso\u010de Francozov na ulice zaradi Macronovih reform\",\"datePublished\":\"2018-05-26T17:00:54+00:00\",\"dateModified\":\"2018-05-26T17:00:54+00:00\",\"mainEntityOfPage\":{\"@id\":\"https:\/\/hudo.com\/si\/aktualno\/na-tisoce-francozov-na-ulice-zaradi-macronovih-reform\/\"},\"wordCount\":212,\"publisher\":{\"@id\":\"https:\/\/hudo.com\/si\/#organization\"},\"keywords\":[\"Emmanuel Macron\",\"protest\"],\"articleSection\":[\"Aktualno\"],\"inLanguage\":\"sl-SI\"},{\"@type\":\"WebPage\",\"@id\":\"https:\/\/hudo.com\/si\/aktualno\/na-tisoce-francozov-na-ulice-zaradi-macronovih-reform\/\",\"url\":\"https:\/\/hudo.com\/si\/aktualno\/na-tisoce-francozov-na-ulice-zaradi-macronovih-reform\/\",\"name\":\"Na tiso\u010de Francozov na ulice zaradi Macronovih reform - Hudo Slovenija\",\"isPartOf\":{\"@id\":\"https:\/\/hudo.com\/si\/#website\"},\"datePublished\":\"2018-05-26T17:00:54+00:00\",\"dateModified\":\"2018-05-26T17:00:54+00:00\",\"breadcrumb\":{\"@id\":\"https:\/\/hudo.com\/si\/aktualno\/na-tisoce-francozov-na-ulice-zaradi-macronovih-reform\/#breadcrumb\"},\"inLanguage\":\"sl-SI\",\"potentialAction\":[{\"@type\":\"ReadAction\",\"target\":[\"https:\/\/hudo.com\/si\/aktualno\/na-tisoce-francozov-na-ulice-zaradi-macronovih-reform\/\"]}]},{\"@type\":\"BreadcrumbList\",\"@id\":\"https:\/\/hudo.com\/si\/aktualno\/na-tisoce-francozov-na-ulice-zaradi-macronovih-reform\/#breadcrumb\",\"itemListElement\":[{\"@type\":\"ListItem\",\"position\":1,\"name\":\"Home\",\"item\":\"https:\/\/hudo.com\/si\/\"},{\"@type\":\"ListItem\",\"position\":2,\"name\":\"Na tiso\u010de Francozov na ulice zaradi Macronovih reform\"}]},{\"@type\":\"WebSite\",\"@id\":\"https:\/\/hudo.com\/si\/#website\",\"url\":\"https:\/\/hudo.com\/si\/\",\"name\":\"Hudo Slovenija\",\"description\":\"Vse novice iz Slovenije in sveta\",\"publisher\":{\"@id\":\"https:\/\/hudo.com\/si\/#organization\"},\"potentialAction\":[{\"@type\":\"SearchAction\",\"target\":{\"@type\":\"EntryPoint\",\"urlTemplate\":\"https:\/\/hudo.com\/si\/?s={search_term_string}\"},\"query-input\":\"required name=search_term_string\"}],\"inLanguage\":\"sl-SI\"},{\"@type\":\"Organization\",\"@id\":\"https:\/\/hudo.com\/si\/#organization\",\"name\":\"VSN Media\",\"url\":\"https:\/\/hudo.com\/si\/\",\"logo\":{\"@type\":\"ImageObject\",\"inLanguage\":\"sl-SI\",\"@id\":\"https:\/\/hudo.com\/si\/#\/schema\/logo\/image\/\",\"url\":\"https:\/\/hudo.com\/si\/wp-content\/uploads\/sites\/2\/2021\/03\/hudo-app-2.png\",\"contentUrl\":\"https:\/\/hudo.com\/si\/wp-content\/uploads\/sites\/2\/2021\/03\/hudo-app-2.png\",\"width\":2185,\"height\":2167,\"caption\":\"VSN Media\"},\"image\":{\"@id\":\"https:\/\/hudo.com\/si\/#\/schema\/logo\/image\/\"},\"sameAs\":[\"https:\/\/www.facebook.com\/hudo.si\",\"https:\/\/twitter.com\/hudo_si\"]},{\"@type\":\"Person\",\"@id\":\"https:\/\/hudo.com\/si\/#\/schema\/person\/2391667a63ea075ba94f2f2dc6b77537\",\"name\":\"A. G., STA\",\"image\":{\"@type\":\"ImageObject\",\"inLanguage\":\"sl-SI\",\"@id\":\"https:\/\/hudo.com\/si\/#\/schema\/person\/image\/\",\"url\":\"https:\/\/secure.gravatar.com\/avatar\/e13d22ac3e442658d5025fbbe6238a79?s=96&d=mm&r=g\",\"contentUrl\":\"https:\/\/secure.gravatar.com\/avatar\/e13d22ac3e442658d5025fbbe6238a79?s=96&d=mm&r=g\",\"caption\":\"A. G., STA\"},\"url\":\"https:\/\/hudo.com\/si\/author\/alenka\/\"}]}<\/script>\n<!-- \/ Yoast SEO plugin. -->","yoast_head_json":{"title":"Na tiso\u010de Francozov na ulice zaradi Macronovih reform - Hudo Slovenija","robots":{"index":"index","follow":"follow","max-snippet":"max-snippet:-1","max-image-preview":"max-image-preview:large","max-video-preview":"max-video-preview:-1"},"canonical":"https:\/\/hudo.com\/si\/aktualno\/na-tisoce-francozov-na-ulice-zaradi-macronovih-reform\/","og_locale":"sl_SI","og_type":"article","og_title":"Na tiso\u010de Francozov na ulice zaradi Macronovih reform - Hudo Slovenija","og_description":"Na ulicah francoskih mest se je danes zbralo ve\u010d deset tiso\u010d ljudi, ki protestirajo proti na\u010drtovanim reformam predsednika Emmanuela Macron. Zborovanja pod skupnim imenom \"ljudska plima\" so pripravili sindikati, politi\u010dne stranke in zdru\u017eenja, ki nasprotujejo na\u010drtovanim spremembam. Macron medtem ostaja neomajen glede svojih na\u010drtov.","og_url":"https:\/\/hudo.com\/si\/aktualno\/na-tisoce-francozov-na-ulice-zaradi-macronovih-reform\/","og_site_name":"Hudo Slovenija","article_publisher":"https:\/\/www.facebook.com\/hudo.si","article_published_time":"2018-05-26T17:00:54+00:00","og_image":[{"width":1250,"height":833,"url":"https:\/\/hudo.com\/si\/wp-content\/uploads\/sites\/2\/2018\/05\/profimedia-0373009331.jpg","type":"image\/jpeg"}],"author":"A. G., STA","twitter_card":"summary_large_image","twitter_creator":"@hudo_si","twitter_site":"@hudo_si","twitter_misc":{"Written by":"A. G., STA","Est. reading time":"1 minuta"},"schema":{"@context":"https:\/\/schema.org","@graph":[{"@type":"Article","@id":"https:\/\/hudo.com\/si\/aktualno\/na-tisoce-francozov-na-ulice-zaradi-macronovih-reform\/#article","isPartOf":{"@id":"https:\/\/hudo.com\/si\/aktualno\/na-tisoce-francozov-na-ulice-zaradi-macronovih-reform\/"},"author":{"name":"A. G., STA","@id":"https:\/\/hudo.com\/si\/#\/schema\/person\/2391667a63ea075ba94f2f2dc6b77537"},"headline":"Na tiso\u010de Francozov na ulice zaradi Macronovih reform","datePublished":"2018-05-26T17:00:54+00:00","dateModified":"2018-05-26T17:00:54+00:00","mainEntityOfPage":{"@id":"https:\/\/hudo.com\/si\/aktualno\/na-tisoce-francozov-na-ulice-zaradi-macronovih-reform\/"},"wordCount":212,"publisher":{"@id":"https:\/\/hudo.com\/si\/#organization"},"keywords":["Emmanuel Macron","protest"],"articleSection":["Aktualno"],"inLanguage":"sl-SI"},{"@type":"WebPage","@id":"https:\/\/hudo.com\/si\/aktualno\/na-tisoce-francozov-na-ulice-zaradi-macronovih-reform\/","url":"https:\/\/hudo.com\/si\/aktualno\/na-tisoce-francozov-na-ulice-zaradi-macronovih-reform\/","name":"Na tiso\u010de Francozov na ulice zaradi Macronovih reform - Hudo Slovenija","isPartOf":{"@id":"https:\/\/hudo.com\/si\/#website"},"datePublished":"2018-05-26T17:00:54+00:00","dateModified":"2018-05-26T17:00:54+00:00","breadcrumb":{"@id":"https:\/\/hudo.com\/si\/aktualno\/na-tisoce-francozov-na-ulice-zaradi-macronovih-reform\/#breadcrumb"},"inLanguage":"sl-SI","potentialAction":[{"@type":"ReadAction","target":["https:\/\/hudo.com\/si\/aktualno\/na-tisoce-francozov-na-ulice-zaradi-macronovih-reform\/"]}]},{"@type":"BreadcrumbList","@id":"https:\/\/hudo.com\/si\/aktualno\/na-tisoce-francozov-na-ulice-zaradi-macronovih-reform\/#breadcrumb","itemListElement":[{"@type":"ListItem","position":1,"name":"Home","item":"https:\/\/hudo.com\/si\/"},{"@type":"ListItem","position":2,"name":"Na tiso\u010de Francozov na ulice zaradi Macronovih reform"}]},{"@type":"WebSite","@id":"https:\/\/hudo.com\/si\/#website","url":"https:\/\/hudo.com\/si\/","name":"Hudo Slovenija","description":"Vse novice iz Slovenije in sveta","publisher":{"@id":"https:\/\/hudo.com\/si\/#organization"},"potentialAction":[{"@type":"SearchAction","target":{"@type":"EntryPoint","urlTemplate":"https:\/\/hudo.com\/si\/?s={search_term_string}"},"query-input":"required name=search_term_string"}],"inLanguage":"sl-SI"},{"@type":"Organization","@id":"https:\/\/hudo.com\/si\/#organization","name":"VSN Media","url":"https:\/\/hudo.com\/si\/","logo":{"@type":"ImageObject","inLanguage":"sl-SI","@id":"https:\/\/hudo.com\/si\/#\/schema\/logo\/image\/","url":"https:\/\/hudo.com\/si\/wp-content\/uploads\/sites\/2\/2021\/03\/hudo-app-2.png","contentUrl":"https:\/\/hudo.com\/si\/wp-content\/uploads\/sites\/2\/2021\/03\/hudo-app-2.png","width":2185,"height":2167,"caption":"VSN Media"},"image":{"@id":"https:\/\/hudo.com\/si\/#\/schema\/logo\/image\/"},"sameAs":["https:\/\/www.facebook.com\/hudo.si","https:\/\/twitter.com\/hudo_si"]},{"@type":"Person","@id":"https:\/\/hudo.com\/si\/#\/schema\/person\/2391667a63ea075ba94f2f2dc6b77537","name":"A. G., STA","image":{"@type":"ImageObject","inLanguage":"sl-SI","@id":"https:\/\/hudo.com\/si\/#\/schema\/person\/image\/","url":"https:\/\/secure.gravatar.com\/avatar\/e13d22ac3e442658d5025fbbe6238a79?s=96&d=mm&r=g","contentUrl":"https:\/\/secure.gravatar.com\/avatar\/e13d22ac3e442658d5025fbbe6238a79?s=96&d=mm&r=g","caption":"A. G., STA"},"url":"https:\/\/hudo.com\/si\/author\/alenka\/"}]}},"amp_enabled":true,"_links":{"self":[{"href":"https:\/\/hudo.com\/si\/wp-json\/wp\/v2\/posts\/370793"}],"collection":[{"href":"https:\/\/hudo.com\/si\/wp-json\/wp\/v2\/posts"}],"about":[{"href":"https:\/\/hudo.com\/si\/wp-json\/wp\/v2\/types\/post"}],"author":[{"embeddable":true,"href":"https:\/\/hudo.com\/si\/wp-json\/wp\/v2\/users\/5"}],"replies":[{"embeddable":true,"href":"https:\/\/hudo.com\/si\/wp-json\/wp\/v2\/comments?post=370793"}],"version-history":[{"count":1,"href":"https:\/\/hudo.com\/si\/wp-json\/wp\/v2\/posts\/370793\/revisions"}],"predecessor-version":[{"id":370796,"href":"https:\/\/hudo.com\/si\/wp-json\/wp\/v2\/posts\/370793\/revisions\/370796"}],"wp:featuredmedia":[{"embeddable":true,"href":"https:\/\/hudo.com\/si\/wp-json\/wp\/v2\/media\/370795"}],"wp:attachment":[{"href":"https:\/\/hudo.com\/si\/wp-json\/wp\/v2\/media?parent=370793"}],"wp:term":[{"taxonomy":"category","embeddable":true,"href":"https:\/\/hudo.com\/si\/wp-json\/wp\/v2\/categories?post=370793"},{"taxonomy":"post_tag","embeddable":true,"href":"https:\/\/hudo.com\/si\/wp-json\/wp\/v2\/tags?post=370793"},{"taxonomy":"source","embeddable":true,"href":"https:\/\/hudo.com\/si\/wp-json\/wp\/v2\/source?post=370793"},{"taxonomy":"supertag","embeddable":true,"href":"https:\/\/hudo.com\/si\/wp-json\/wp\/v2\/supertag?post=370793"}],"curies":[{"name":"wp","href":"https:\/\/api.w.org\/{rel}","templated":true}]}}