{"id":37131,"date":"2016-04-22T11:21:00","date_gmt":"2016-04-22T09:21:00","guid":{"rendered":"http:\/\/hudo.com\/si\/2016\/04\/22\/lenarcic-na-portoroskem-letaliscu-sklenil-pot-okrog-sveta\/"},"modified":"2016-04-23T08:16:38","modified_gmt":"2016-04-23T06:16:38","slug":"lenarcic-na-portoroskem-letaliscu-sklenil-pot-okrog-sveta","status":"publish","type":"post","link":"https:\/\/hudo.com\/si\/aktualno\/lenarcic-na-portoroskem-letaliscu-sklenil-pot-okrog-sveta\/","title":{"rendered":"Lenar\u010di\u010d na portoro\u0161kem letali\u0161\u010du sklenil pot okrog sveta"},"content":{"rendered":"<p>Kmalu po 11. uri je pilot Matev\u017e Lenar\u010di\u010d s pristankom na Letali\u0161\u010du Portoro\u017e v Se\u010dovljah sklenil dobrih 42.000 kilometrov dolgo pot okrog sveta. Na poti s 13 etapami in 186 urami leta so bili tudi te\u017eki trenutki, na splo\u0161no pa je Lenar\u010di\u010d potek poti opisal kot sanjski. Med potjo je zbral tudi pomembne podatke o onesna\u017eenosti s \u010drnim ogljikom. Slovenski avanturist &#8211; ta se je zahvalil celotni ekipi prostovoljcev, ki so mu tako ali druga\u010de pomagali med potjo, ki se je za\u010dela 25. marca &#8211; je prvotno na\u010drtoval, da bo za pot porabil 24 dni, a se je zapletlo zaradi birokratskih te\u017eav v ZDA, ko je bilo njegovo letalo na Havajih \u0161tiri dni prizemljeno. Tedaj je obstajala tudi mo\u017enost, da letalo razstavijo in pot pred\u010dasno kon\u010dajo, je Lenar\u010di\u010d dogajanje povzel na novinarski konferenci neposredno po pristanku. &#8220;Teh 13 etap je bilo v\u010dasih prijetnih, tako kot zadnja danes,&#8221; je ocenil pilot. Soo\u010dati pa se je moral tudi z bolj problemati\u010dnimi etapami, kot je bila tista do Hurgade v Egiptu, ko je kljuboval mo\u010dnim turbulencam, nasprotnemu vetru in neprijaznim kontrolorjem, zaradi katerih se je pot podalj\u0161ala, zmanjkalo je goriva in je posledi\u010dno moral pristati drugje, kot je bilo na\u010drtovano. Zaradi dol\u017eine etap ni bilo mogo\u010de pri\u010dakovati, da bo stalno lepo vreme, tako da se je Lenar\u010di\u010d moral sprijazniti tudi z ob\u010dasnim slabim vremenom. Zaradi obilice dela in zahtevnosti potovanja pa kak\u0161ne posebne utrujenosti kljub dolgim uram leta ni bilo. Je pa Lenar\u010di\u010d pozornost novinarjev usmeril s sebe na begunce. &#8220;\u010ce res govorimo o junakih dana\u0161njega \u010dasa, so to begunci,&#8221; je dejal, saj v mrazu in razburkanem morju s celimi dru\u017einami tvegajo nevarno pot \u010dez Sredozemlje, ko uspejo priti v Evropo, pa naletijo na ljudi, polne nestrpnosti in strahu. &#8220;To moramo spremeniti,&#8221; je dodal. V okviru projekta GreeLight WorldFlight je Lenar\u010di\u010d meril koncentracije \u010drnega ogljika, ki segreva atmosfero in je drugi najpomembnej\u0161i povzro\u010ditelj podnebnih sprememb, je navedel raziskovalec Gri\u0161a Mo\u010dnik. &#8220;Tisto, kar sm<\/p>\n","protected":false},"excerpt":{"rendered":"<p>Kmalu po 11. uri je pilot Matev\u017e Lenar\u010di\u010d s pristankom na Letali\u0161\u010du Portoro\u017e v Se\u010dovljah sklenil dobrih 42.000 kilometrov dolgo pot okrog sveta. Na poti s 13 etapami in 186 urami leta so bili tudi te\u017eki trenutki, na splo\u0161no pa je Lenar\u010di\u010d potek poti opisal kot sanjski. Med potjo je zbral tudi pomembne podatke o onesna\u017eenosti s \u010drnim ogljikom. Slovenski avanturist &#8211; ta se je zahvalil celotni ekipi prostovoljcev, ki so mu tako ali druga\u010de pomagali med potjo, ki se je za\u010dela 25. marca &#8211; je prvotno na\u010drtoval, da bo za pot porabil 24 dni, a se je zapletlo zaradi birokratskih te\u017eav v ZDA, ko je bilo njegovo letalo na Havajih \u0161tiri dni prizemljeno. Tedaj je obstajala tudi mo\u017enost, da letalo razstavijo in pot pred\u010dasno kon\u010dajo, je Lenar\u010di\u010d dogajanje povzel na novinarski konferenci neposredno po pristanku. &#8220;Teh 13 etap je bilo v\u010dasih prijetnih, tako kot zadnja danes,&#8221; je ocenil pilot. Soo\u010dati pa se je moral tudi z bolj problemati\u010dnimi etapami, kot je bila tista do Hurgade v Egiptu, ko je kljuboval mo\u010dnim turbulencam, nasprotnemu vetru in neprijaznim kontrolorjem, zaradi katerih se je pot podalj\u0161ala, zmanjkalo je goriva in je posledi\u010dno moral pristati drugje, kot je bilo na\u010drtovano. Zaradi dol\u017eine etap ni bilo mogo\u010de pri\u010dakovati, da bo stalno lepo vreme, tako da se je Lenar\u010di\u010d moral sprijazniti tudi z ob\u010dasnim slabim vremenom. Zaradi obilice dela in zahtevnosti potovanja pa kak\u0161ne posebne utrujenosti kljub dolgim uram leta ni bilo. Je pa Lenar\u010di\u010d pozornost novinarjev usmeril s sebe na begunce. &#8220;\u010ce res govorimo o junakih dana\u0161njega \u010dasa, so to begunci,&#8221; je dejal, saj v mrazu in razburkanem morju s celimi dru\u017einami tvegajo nevarno pot \u010dez Sredozemlje, ko uspejo priti v Evropo, pa naletijo na ljudi, polne nestrpnosti in strahu. &#8220;To moramo spremeniti,&#8221; je dodal. V okviru projekta GreeLight WorldFlight je Lenar\u010di\u010d meril koncentracije \u010drnega ogljika, ki segreva atmosfero in je drugi najpomembnej\u0161i povzro\u010ditelj podnebnih sprememb, je navedel raziskovalec Gri\u0161a Mo\u010dnik. &#8220;Tisto, kar sm<\/p>\n","protected":false},"author":1,"featured_media":0,"comment_status":"closed","ping_status":"closed","sticky":false,"template":"","format":"standard","meta":{"footnotes":""},"categories":[1179],"tags":[],"source":[1711],"supertag":[],"acf":[],"yoast_head":"<!-- This site is optimized with the Yoast SEO plugin v21.3 - https:\/\/yoast.com\/wordpress\/plugins\/seo\/ -->\n<title>Lenar\u010di\u010d na portoro\u0161kem letali\u0161\u010du sklenil pot okrog sveta - Hudo Slovenija<\/title>\n<meta name=\"robots\" content=\"index, follow, max-snippet:-1, max-image-preview:large, max-video-preview:-1\" \/>\n<link rel=\"canonical\" href=\"https:\/\/hudo.com\/si\/aktualno\/lenarcic-na-portoroskem-letaliscu-sklenil-pot-okrog-sveta\/\" \/>\n<meta property=\"og:locale\" content=\"sl_SI\" \/>\n<meta property=\"og:type\" content=\"article\" \/>\n<meta property=\"og:title\" content=\"Lenar\u010di\u010d na portoro\u0161kem letali\u0161\u010du sklenil pot okrog sveta - Hudo Slovenija\" \/>\n<meta property=\"og:description\" content=\"Kmalu po 11. uri je pilot Matev\u017e Lenar\u010di\u010d s pristankom na Letali\u0161\u010du Portoro\u017e v Se\u010dovljah sklenil dobrih 42.000 kilometrov dolgo pot okrog sveta. Na poti s 13 etapami in 186 urami leta so bili tudi te\u017eki trenutki, na splo\u0161no pa je Lenar\u010di\u010d potek poti opisal kot sanjski. Med potjo je zbral tudi pomembne podatke o onesna\u017eenosti s \u010drnim ogljikom. Slovenski avanturist - ta se je zahvalil celotni ekipi prostovoljcev, ki so mu tako ali druga\u010de pomagali med potjo, ki se je za\u010dela 25. marca - je prvotno na\u010drtoval, da bo za pot porabil 24 dni, a se je zapletlo zaradi birokratskih te\u017eav v ZDA, ko je bilo njegovo letalo na Havajih \u0161tiri dni prizemljeno. Tedaj je obstajala tudi mo\u017enost, da letalo razstavijo in pot pred\u010dasno kon\u010dajo, je Lenar\u010di\u010d dogajanje povzel na novinarski konferenci neposredno po pristanku. &quot;Teh 13 etap je bilo v\u010dasih prijetnih, tako kot zadnja danes,&quot; je ocenil pilot. Soo\u010dati pa se je moral tudi z bolj problemati\u010dnimi etapami, kot je bila tista do Hurgade v Egiptu, ko je kljuboval mo\u010dnim turbulencam, nasprotnemu vetru in neprijaznim kontrolorjem, zaradi katerih se je pot podalj\u0161ala, zmanjkalo je goriva in je posledi\u010dno moral pristati drugje, kot je bilo na\u010drtovano. Zaradi dol\u017eine etap ni bilo mogo\u010de pri\u010dakovati, da bo stalno lepo vreme, tako da se je Lenar\u010di\u010d moral sprijazniti tudi z ob\u010dasnim slabim vremenom. Zaradi obilice dela in zahtevnosti potovanja pa kak\u0161ne posebne utrujenosti kljub dolgim uram leta ni bilo. Je pa Lenar\u010di\u010d pozornost novinarjev usmeril s sebe na begunce. &quot;\u010ce res govorimo o junakih dana\u0161njega \u010dasa, so to begunci,&quot; je dejal, saj v mrazu in razburkanem morju s celimi dru\u017einami tvegajo nevarno pot \u010dez Sredozemlje, ko uspejo priti v Evropo, pa naletijo na ljudi, polne nestrpnosti in strahu. &quot;To moramo spremeniti,&quot; je dodal. V okviru projekta GreeLight WorldFlight je Lenar\u010di\u010d meril koncentracije \u010drnega ogljika, ki segreva atmosfero in je drugi najpomembnej\u0161i povzro\u010ditelj podnebnih sprememb, je navedel raziskovalec Gri\u0161a Mo\u010dnik. &quot;Tisto, kar sm\" \/>\n<meta property=\"og:url\" content=\"https:\/\/hudo.com\/si\/aktualno\/lenarcic-na-portoroskem-letaliscu-sklenil-pot-okrog-sveta\/\" \/>\n<meta property=\"og:site_name\" content=\"Hudo Slovenija\" \/>\n<meta property=\"article:publisher\" content=\"https:\/\/www.facebook.com\/hudo.si\" \/>\n<meta property=\"article:published_time\" content=\"2016-04-22T09:21:00+00:00\" \/>\n<meta property=\"article:modified_time\" content=\"2016-04-23T06:16:38+00:00\" \/>\n<meta property=\"og:image\" content=\"https:\/\/hudo.com\/si\/wp-content\/uploads\/sites\/2\/2016\/04\/0422JamesJ_13-300.jpg\" \/>\n\t<meta property=\"og:image:width\" content=\"450\" \/>\n\t<meta property=\"og:image:height\" content=\"300\" \/>\n\t<meta property=\"og:image:type\" content=\"image\/jpeg\" \/>\n<meta name=\"author\" content=\"hudo\" \/>\n<meta name=\"twitter:card\" content=\"summary_large_image\" \/>\n<meta name=\"twitter:creator\" content=\"@hudo_si\" \/>\n<meta name=\"twitter:site\" content=\"@hudo_si\" \/>\n<meta name=\"twitter:label1\" content=\"Written by\" \/>\n\t<meta name=\"twitter:data1\" content=\"hudo\" \/>\n\t<meta name=\"twitter:label2\" content=\"Est. reading time\" \/>\n\t<meta name=\"twitter:data2\" content=\"2 minuti\" \/>\n<script type=\"application\/ld+json\" class=\"yoast-schema-graph\">{\"@context\":\"https:\/\/schema.org\",\"@graph\":[{\"@type\":\"Article\",\"@id\":\"https:\/\/hudo.com\/si\/aktualno\/lenarcic-na-portoroskem-letaliscu-sklenil-pot-okrog-sveta\/#article\",\"isPartOf\":{\"@id\":\"https:\/\/hudo.com\/si\/aktualno\/lenarcic-na-portoroskem-letaliscu-sklenil-pot-okrog-sveta\/\"},\"author\":{\"name\":\"hudo\",\"@id\":\"https:\/\/hudo.com\/si\/#\/schema\/person\/601cf3379633985b20f7e50f2bb47707\"},\"headline\":\"Lenar\u010di\u010d na portoro\u0161kem letali\u0161\u010du sklenil pot okrog sveta\",\"datePublished\":\"2016-04-22T09:21:00+00:00\",\"dateModified\":\"2016-04-23T06:16:38+00:00\",\"mainEntityOfPage\":{\"@id\":\"https:\/\/hudo.com\/si\/aktualno\/lenarcic-na-portoroskem-letaliscu-sklenil-pot-okrog-sveta\/\"},\"wordCount\":360,\"publisher\":{\"@id\":\"https:\/\/hudo.com\/si\/#organization\"},\"articleSection\":[\"Aktualno\"],\"inLanguage\":\"sl-SI\"},{\"@type\":\"WebPage\",\"@id\":\"https:\/\/hudo.com\/si\/aktualno\/lenarcic-na-portoroskem-letaliscu-sklenil-pot-okrog-sveta\/\",\"url\":\"https:\/\/hudo.com\/si\/aktualno\/lenarcic-na-portoroskem-letaliscu-sklenil-pot-okrog-sveta\/\",\"name\":\"Lenar\u010di\u010d na portoro\u0161kem letali\u0161\u010du sklenil pot okrog sveta - Hudo Slovenija\",\"isPartOf\":{\"@id\":\"https:\/\/hudo.com\/si\/#website\"},\"datePublished\":\"2016-04-22T09:21:00+00:00\",\"dateModified\":\"2016-04-23T06:16:38+00:00\",\"breadcrumb\":{\"@id\":\"https:\/\/hudo.com\/si\/aktualno\/lenarcic-na-portoroskem-letaliscu-sklenil-pot-okrog-sveta\/#breadcrumb\"},\"inLanguage\":\"sl-SI\",\"potentialAction\":[{\"@type\":\"ReadAction\",\"target\":[\"https:\/\/hudo.com\/si\/aktualno\/lenarcic-na-portoroskem-letaliscu-sklenil-pot-okrog-sveta\/\"]}]},{\"@type\":\"BreadcrumbList\",\"@id\":\"https:\/\/hudo.com\/si\/aktualno\/lenarcic-na-portoroskem-letaliscu-sklenil-pot-okrog-sveta\/#breadcrumb\",\"itemListElement\":[{\"@type\":\"ListItem\",\"position\":1,\"name\":\"Home\",\"item\":\"https:\/\/hudo.com\/si\/\"},{\"@type\":\"ListItem\",\"position\":2,\"name\":\"Lenar\u010di\u010d na portoro\u0161kem letali\u0161\u010du sklenil pot okrog sveta\"}]},{\"@type\":\"WebSite\",\"@id\":\"https:\/\/hudo.com\/si\/#website\",\"url\":\"https:\/\/hudo.com\/si\/\",\"name\":\"Hudo Slovenija\",\"description\":\"Vse novice iz Slovenije in sveta\",\"publisher\":{\"@id\":\"https:\/\/hudo.com\/si\/#organization\"},\"potentialAction\":[{\"@type\":\"SearchAction\",\"target\":{\"@type\":\"EntryPoint\",\"urlTemplate\":\"https:\/\/hudo.com\/si\/?s={search_term_string}\"},\"query-input\":\"required name=search_term_string\"}],\"inLanguage\":\"sl-SI\"},{\"@type\":\"Organization\",\"@id\":\"https:\/\/hudo.com\/si\/#organization\",\"name\":\"VSN Media\",\"url\":\"https:\/\/hudo.com\/si\/\",\"logo\":{\"@type\":\"ImageObject\",\"inLanguage\":\"sl-SI\",\"@id\":\"https:\/\/hudo.com\/si\/#\/schema\/logo\/image\/\",\"url\":\"https:\/\/hudo.com\/si\/wp-content\/uploads\/sites\/2\/2021\/03\/hudo-app-2.png\",\"contentUrl\":\"https:\/\/hudo.com\/si\/wp-content\/uploads\/sites\/2\/2021\/03\/hudo-app-2.png\",\"width\":2185,\"height\":2167,\"caption\":\"VSN Media\"},\"image\":{\"@id\":\"https:\/\/hudo.com\/si\/#\/schema\/logo\/image\/\"},\"sameAs\":[\"https:\/\/www.facebook.com\/hudo.si\",\"https:\/\/twitter.com\/hudo_si\"]},{\"@type\":\"Person\",\"@id\":\"https:\/\/hudo.com\/si\/#\/schema\/person\/601cf3379633985b20f7e50f2bb47707\",\"name\":\"hudo\",\"image\":{\"@type\":\"ImageObject\",\"inLanguage\":\"sl-SI\",\"@id\":\"https:\/\/hudo.com\/si\/#\/schema\/person\/image\/\",\"url\":\"https:\/\/secure.gravatar.com\/avatar\/c4ca25fa72cace7a696b52ff5db9e095?s=96&d=mm&r=g\",\"contentUrl\":\"https:\/\/secure.gravatar.com\/avatar\/c4ca25fa72cace7a696b52ff5db9e095?s=96&d=mm&r=g\",\"caption\":\"hudo\"},\"url\":\"https:\/\/hudo.com\/si\/author\/hudo\/\"}]}<\/script>\n<!-- \/ Yoast SEO plugin. -->","yoast_head_json":{"title":"Lenar\u010di\u010d na portoro\u0161kem letali\u0161\u010du sklenil pot okrog sveta - Hudo Slovenija","robots":{"index":"index","follow":"follow","max-snippet":"max-snippet:-1","max-image-preview":"max-image-preview:large","max-video-preview":"max-video-preview:-1"},"canonical":"https:\/\/hudo.com\/si\/aktualno\/lenarcic-na-portoroskem-letaliscu-sklenil-pot-okrog-sveta\/","og_locale":"sl_SI","og_type":"article","og_title":"Lenar\u010di\u010d na portoro\u0161kem letali\u0161\u010du sklenil pot okrog sveta - Hudo Slovenija","og_description":"Kmalu po 11. uri je pilot Matev\u017e Lenar\u010di\u010d s pristankom na Letali\u0161\u010du Portoro\u017e v Se\u010dovljah sklenil dobrih 42.000 kilometrov dolgo pot okrog sveta. Na poti s 13 etapami in 186 urami leta so bili tudi te\u017eki trenutki, na splo\u0161no pa je Lenar\u010di\u010d potek poti opisal kot sanjski. Med potjo je zbral tudi pomembne podatke o onesna\u017eenosti s \u010drnim ogljikom. Slovenski avanturist - ta se je zahvalil celotni ekipi prostovoljcev, ki so mu tako ali druga\u010de pomagali med potjo, ki se je za\u010dela 25. marca - je prvotno na\u010drtoval, da bo za pot porabil 24 dni, a se je zapletlo zaradi birokratskih te\u017eav v ZDA, ko je bilo njegovo letalo na Havajih \u0161tiri dni prizemljeno. Tedaj je obstajala tudi mo\u017enost, da letalo razstavijo in pot pred\u010dasno kon\u010dajo, je Lenar\u010di\u010d dogajanje povzel na novinarski konferenci neposredno po pristanku. \"Teh 13 etap je bilo v\u010dasih prijetnih, tako kot zadnja danes,\" je ocenil pilot. Soo\u010dati pa se je moral tudi z bolj problemati\u010dnimi etapami, kot je bila tista do Hurgade v Egiptu, ko je kljuboval mo\u010dnim turbulencam, nasprotnemu vetru in neprijaznim kontrolorjem, zaradi katerih se je pot podalj\u0161ala, zmanjkalo je goriva in je posledi\u010dno moral pristati drugje, kot je bilo na\u010drtovano. Zaradi dol\u017eine etap ni bilo mogo\u010de pri\u010dakovati, da bo stalno lepo vreme, tako da se je Lenar\u010di\u010d moral sprijazniti tudi z ob\u010dasnim slabim vremenom. Zaradi obilice dela in zahtevnosti potovanja pa kak\u0161ne posebne utrujenosti kljub dolgim uram leta ni bilo. Je pa Lenar\u010di\u010d pozornost novinarjev usmeril s sebe na begunce. \"\u010ce res govorimo o junakih dana\u0161njega \u010dasa, so to begunci,\" je dejal, saj v mrazu in razburkanem morju s celimi dru\u017einami tvegajo nevarno pot \u010dez Sredozemlje, ko uspejo priti v Evropo, pa naletijo na ljudi, polne nestrpnosti in strahu. \"To moramo spremeniti,\" je dodal. V okviru projekta GreeLight WorldFlight je Lenar\u010di\u010d meril koncentracije \u010drnega ogljika, ki segreva atmosfero in je drugi najpomembnej\u0161i povzro\u010ditelj podnebnih sprememb, je navedel raziskovalec Gri\u0161a Mo\u010dnik. \"Tisto, kar sm","og_url":"https:\/\/hudo.com\/si\/aktualno\/lenarcic-na-portoroskem-letaliscu-sklenil-pot-okrog-sveta\/","og_site_name":"Hudo Slovenija","article_publisher":"https:\/\/www.facebook.com\/hudo.si","article_published_time":"2016-04-22T09:21:00+00:00","article_modified_time":"2016-04-23T06:16:38+00:00","og_image":[{"width":450,"height":300,"url":"https:\/\/hudo.com\/si\/wp-content\/uploads\/sites\/2\/2016\/04\/0422JamesJ_13-300.jpg","type":"image\/jpeg"}],"author":"hudo","twitter_card":"summary_large_image","twitter_creator":"@hudo_si","twitter_site":"@hudo_si","twitter_misc":{"Written by":"hudo","Est. reading time":"2 minuti"},"schema":{"@context":"https:\/\/schema.org","@graph":[{"@type":"Article","@id":"https:\/\/hudo.com\/si\/aktualno\/lenarcic-na-portoroskem-letaliscu-sklenil-pot-okrog-sveta\/#article","isPartOf":{"@id":"https:\/\/hudo.com\/si\/aktualno\/lenarcic-na-portoroskem-letaliscu-sklenil-pot-okrog-sveta\/"},"author":{"name":"hudo","@id":"https:\/\/hudo.com\/si\/#\/schema\/person\/601cf3379633985b20f7e50f2bb47707"},"headline":"Lenar\u010di\u010d na portoro\u0161kem letali\u0161\u010du sklenil pot okrog sveta","datePublished":"2016-04-22T09:21:00+00:00","dateModified":"2016-04-23T06:16:38+00:00","mainEntityOfPage":{"@id":"https:\/\/hudo.com\/si\/aktualno\/lenarcic-na-portoroskem-letaliscu-sklenil-pot-okrog-sveta\/"},"wordCount":360,"publisher":{"@id":"https:\/\/hudo.com\/si\/#organization"},"articleSection":["Aktualno"],"inLanguage":"sl-SI"},{"@type":"WebPage","@id":"https:\/\/hudo.com\/si\/aktualno\/lenarcic-na-portoroskem-letaliscu-sklenil-pot-okrog-sveta\/","url":"https:\/\/hudo.com\/si\/aktualno\/lenarcic-na-portoroskem-letaliscu-sklenil-pot-okrog-sveta\/","name":"Lenar\u010di\u010d na portoro\u0161kem letali\u0161\u010du sklenil pot okrog sveta - Hudo Slovenija","isPartOf":{"@id":"https:\/\/hudo.com\/si\/#website"},"datePublished":"2016-04-22T09:21:00+00:00","dateModified":"2016-04-23T06:16:38+00:00","breadcrumb":{"@id":"https:\/\/hudo.com\/si\/aktualno\/lenarcic-na-portoroskem-letaliscu-sklenil-pot-okrog-sveta\/#breadcrumb"},"inLanguage":"sl-SI","potentialAction":[{"@type":"ReadAction","target":["https:\/\/hudo.com\/si\/aktualno\/lenarcic-na-portoroskem-letaliscu-sklenil-pot-okrog-sveta\/"]}]},{"@type":"BreadcrumbList","@id":"https:\/\/hudo.com\/si\/aktualno\/lenarcic-na-portoroskem-letaliscu-sklenil-pot-okrog-sveta\/#breadcrumb","itemListElement":[{"@type":"ListItem","position":1,"name":"Home","item":"https:\/\/hudo.com\/si\/"},{"@type":"ListItem","position":2,"name":"Lenar\u010di\u010d na portoro\u0161kem letali\u0161\u010du sklenil pot okrog sveta"}]},{"@type":"WebSite","@id":"https:\/\/hudo.com\/si\/#website","url":"https:\/\/hudo.com\/si\/","name":"Hudo Slovenija","description":"Vse novice iz Slovenije in sveta","publisher":{"@id":"https:\/\/hudo.com\/si\/#organization"},"potentialAction":[{"@type":"SearchAction","target":{"@type":"EntryPoint","urlTemplate":"https:\/\/hudo.com\/si\/?s={search_term_string}"},"query-input":"required name=search_term_string"}],"inLanguage":"sl-SI"},{"@type":"Organization","@id":"https:\/\/hudo.com\/si\/#organization","name":"VSN Media","url":"https:\/\/hudo.com\/si\/","logo":{"@type":"ImageObject","inLanguage":"sl-SI","@id":"https:\/\/hudo.com\/si\/#\/schema\/logo\/image\/","url":"https:\/\/hudo.com\/si\/wp-content\/uploads\/sites\/2\/2021\/03\/hudo-app-2.png","contentUrl":"https:\/\/hudo.com\/si\/wp-content\/uploads\/sites\/2\/2021\/03\/hudo-app-2.png","width":2185,"height":2167,"caption":"VSN Media"},"image":{"@id":"https:\/\/hudo.com\/si\/#\/schema\/logo\/image\/"},"sameAs":["https:\/\/www.facebook.com\/hudo.si","https:\/\/twitter.com\/hudo_si"]},{"@type":"Person","@id":"https:\/\/hudo.com\/si\/#\/schema\/person\/601cf3379633985b20f7e50f2bb47707","name":"hudo","image":{"@type":"ImageObject","inLanguage":"sl-SI","@id":"https:\/\/hudo.com\/si\/#\/schema\/person\/image\/","url":"https:\/\/secure.gravatar.com\/avatar\/c4ca25fa72cace7a696b52ff5db9e095?s=96&d=mm&r=g","contentUrl":"https:\/\/secure.gravatar.com\/avatar\/c4ca25fa72cace7a696b52ff5db9e095?s=96&d=mm&r=g","caption":"hudo"},"url":"https:\/\/hudo.com\/si\/author\/hudo\/"}]}},"amp_enabled":true,"_links":{"self":[{"href":"https:\/\/hudo.com\/si\/wp-json\/wp\/v2\/posts\/37131"}],"collection":[{"href":"https:\/\/hudo.com\/si\/wp-json\/wp\/v2\/posts"}],"about":[{"href":"https:\/\/hudo.com\/si\/wp-json\/wp\/v2\/types\/post"}],"author":[{"embeddable":true,"href":"https:\/\/hudo.com\/si\/wp-json\/wp\/v2\/users\/1"}],"replies":[{"embeddable":true,"href":"https:\/\/hudo.com\/si\/wp-json\/wp\/v2\/comments?post=37131"}],"version-history":[{"count":1,"href":"https:\/\/hudo.com\/si\/wp-json\/wp\/v2\/posts\/37131\/revisions"}],"predecessor-version":[{"id":37223,"href":"https:\/\/hudo.com\/si\/wp-json\/wp\/v2\/posts\/37131\/revisions\/37223"}],"wp:attachment":[{"href":"https:\/\/hudo.com\/si\/wp-json\/wp\/v2\/media?parent=37131"}],"wp:term":[{"taxonomy":"category","embeddable":true,"href":"https:\/\/hudo.com\/si\/wp-json\/wp\/v2\/categories?post=37131"},{"taxonomy":"post_tag","embeddable":true,"href":"https:\/\/hudo.com\/si\/wp-json\/wp\/v2\/tags?post=37131"},{"taxonomy":"source","embeddable":true,"href":"https:\/\/hudo.com\/si\/wp-json\/wp\/v2\/source?post=37131"},{"taxonomy":"supertag","embeddable":true,"href":"https:\/\/hudo.com\/si\/wp-json\/wp\/v2\/supertag?post=37131"}],"curies":[{"name":"wp","href":"https:\/\/api.w.org\/{rel}","templated":true}]}}