{"id":371403,"date":"2018-06-05T20:51:27","date_gmt":"2018-06-05T18:51:27","guid":{"rendered":"http:\/\/hudo.com\/si\/?p=371403"},"modified":"2018-06-05T20:51:27","modified_gmt":"2018-06-05T18:51:27","slug":"putin-na-dunaju-izrazil-zeljo-po-izboljsanju-odnosov-z-eu","status":"publish","type":"post","link":"https:\/\/hudo.com\/si\/aktualno\/putin-na-dunaju-izrazil-zeljo-po-izboljsanju-odnosov-z-eu\/","title":{"rendered":"Putin na Dunaju izrazil \u017eeljo po izbolj\u0161anju odnosov z EU"},"content":{"rendered":"<p>Ruski predsednik je dejal, da se ruski predstavniki in predstavniki EU \u017ee posvetujejo o vrsti zadev in da gre za zelo konstruktivne, a ne lahke pogovore, poro\u010da nem\u0161ka tiskovna agencija dpa.<\/p>\n<p>EU je pozval k podpori obnove Sirije, kjer ruska vojska v dr\u017eavljanski vojni podpira sile re\u017eima Ba\u0161arja al Asada.<\/p>\n<p>&#8220;\u010ce \u017eeli Evropa zmanj\u0161ati priliv migrantov iz Sirije in sosednjih dr\u017eav, mora prispevati, tako da se bodo lahko ljudje vrnili na svoje domove,&#8221; je dejal.<\/p>\n<p>Odnosi med EU in Rusijo so se poslab\u0161ali po ruski priklju\u010ditvi ukrajinskega polotoka Krim leta 2014 ter ruski podpori proruskih separatistov v konfliktu na vzhodu Ukrajine.<\/p>\n<p>Ob tem je Putin zatrdil, da sankcije EU ve\u010d ne \u0161kodijo ruskemu gospodarstvu. EU pa je obto\u017eil, da je tista, ki je kriva za zamrznitev diplomatskih odnosov.<\/p>\n<p>Dodal je, da sankcije in protekcionisti\u010dni ukrepi \u0161kodijo vsem vpletenim stranem in da je v interesu vseh odprava sankcij EU proti Rusiji.<\/p>\n<p>Van der Bellen je ob tem ponovil stali\u0161\u010de Avstrije, da bo v odnosih z Rusijo delovala enotno z EU, poro\u010da agencija Reuters.<\/p>\n<p>Avstrijski konservativni kancler Sebastian Kurz je po pogovoru s Putinom na skupni novinarski konferenci ponovil poziv uniji k postopni odpravi sankcij proti Rusiji, \u010de bo pri\u0161lo do napredka pri re\u0161evanju ukrajinskega konflikta.<\/p>\n<p>Pozval je k obnovi dialoga med EU in Rusijo, saj verjame, da je za obe strani bolje, da obe zmagata, kot da obe izgubljata.<\/p>\n<p>Tudi Van der Bellen je na skupni novinarski konferenci s Putinom izpostavil, da je Avstrija vedno sku\u0161ala zmanj\u0161ati napetosti med stranema. Ob tem je izpostavil, da je tudi velik del Rusije del Evrope, tako da vedno nekoliko okleva pri tem, da bi govoril o &#8220;Evropi in Rusiji&#8221;.<\/p>\n<p>Dunaj in Moskva imata tudi skupne interese na podro\u010dju energetike, saj je Avstrija ena glavnih vstopnih to\u010dk za ruski zemeljski plin v Evropi. Ruski plinski velikan Gazprom in avstrijski OMV sta danes podpisala dogovor, s katerim so Avstriji zagotovili dobavo ruskega plina do leta 2040.<\/p>\n<p>Dr\u017eavi sicer obele\u017eujeta 50. obletnico za\u010detka dostave zemeljskega plina iz tedanje Sovjetske zveze v Evropo. Avstrija je bila prva zahodna dr\u017eava, ki je z Moskvo podpisala pogodbo o dobavi plina.<\/p>\n<p>Putin, ki je \u017ee na \u0161estem uradnem obisku v Avstriji, se na Dunaju mudi na povabilo Van der Bellna. Odnosi med dr\u017eavama veljajo za zelo dobre, k temu pa je pripomogla tudi avstrijska politika, ki se je \u017ee ve\u010dkrat zavzela za odpravo sankcij proti Rusiji zaradi priklju\u010ditve Krima. Avstrija je bila tudi ena od dr\u017eav, ki ni izgnala ruskih diplomatov po izbruhu afere z zastrupitvijo ruskega dvojnega agenta Sergeja Skripala v Veliki Britaniji.<\/p>\n","protected":false},"excerpt":{"rendered":"<p>Rusija \u017eeli popraviti odnose z EU, je danes dejal ruski predsednik Vladimir Putin na Dunaju, kjer je na prvem obisku v eni od \u010dlanic unije od ponovne izvolitve marca letos. &#8220;Povsem smo odprti in pripravljeni na skupno delo,&#8221; je dejal po pogovoru z avstrijskim predsednikom Alexandrom Van der Bellnom.<\/p>\n","protected":false},"author":7,"featured_media":371404,"comment_status":"closed","ping_status":"closed","sticky":false,"template":"","format":"standard","meta":{"footnotes":""},"categories":[1179],"tags":[1934,5129,1354,6982,4219],"source":[4511],"supertag":[],"acf":[],"yoast_head":"<!-- This site is optimized with the Yoast SEO plugin v21.3 - https:\/\/yoast.com\/wordpress\/plugins\/seo\/ -->\n<title>Putin na Dunaju izrazil \u017eeljo po izbolj\u0161anju odnosov z EU - Hudo Slovenija<\/title>\n<meta name=\"robots\" content=\"index, follow, max-snippet:-1, max-image-preview:large, max-video-preview:-1\" \/>\n<link rel=\"canonical\" href=\"https:\/\/hudo.com\/si\/aktualno\/putin-na-dunaju-izrazil-zeljo-po-izboljsanju-odnosov-z-eu\/\" \/>\n<meta property=\"og:locale\" content=\"sl_SI\" \/>\n<meta property=\"og:type\" content=\"article\" \/>\n<meta property=\"og:title\" content=\"Putin na Dunaju izrazil \u017eeljo po izbolj\u0161anju odnosov z EU - Hudo Slovenija\" \/>\n<meta property=\"og:description\" content=\"Rusija \u017eeli popraviti odnose z EU, je danes dejal ruski predsednik Vladimir Putin na Dunaju, kjer je na prvem obisku v eni od \u010dlanic unije od ponovne izvolitve marca letos. &quot;Povsem smo odprti in pripravljeni na skupno delo,&quot; je dejal po pogovoru z avstrijskim predsednikom Alexandrom Van der Bellnom.\" \/>\n<meta property=\"og:url\" content=\"https:\/\/hudo.com\/si\/aktualno\/putin-na-dunaju-izrazil-zeljo-po-izboljsanju-odnosov-z-eu\/\" \/>\n<meta property=\"og:site_name\" content=\"Hudo Slovenija\" \/>\n<meta property=\"article:publisher\" content=\"https:\/\/www.facebook.com\/hudo.si\" \/>\n<meta property=\"article:published_time\" content=\"2018-06-05T18:51:27+00:00\" \/>\n<meta property=\"og:image\" content=\"https:\/\/hudo.com\/si\/wp-content\/uploads\/sites\/2\/2018\/06\/profimedia-0364710337.jpg\" \/>\n\t<meta property=\"og:image:width\" content=\"1800\" \/>\n\t<meta property=\"og:image:height\" content=\"1110\" \/>\n\t<meta property=\"og:image:type\" content=\"image\/jpeg\" \/>\n<meta name=\"author\" content=\"A. P., STA\" \/>\n<meta name=\"twitter:card\" content=\"summary_large_image\" \/>\n<meta name=\"twitter:creator\" content=\"@hudo_si\" \/>\n<meta name=\"twitter:site\" content=\"@hudo_si\" \/>\n<meta name=\"twitter:label1\" content=\"Written by\" \/>\n\t<meta name=\"twitter:data1\" content=\"A. P., STA\" \/>\n\t<meta name=\"twitter:label2\" content=\"Est. reading time\" \/>\n\t<meta name=\"twitter:data2\" content=\"2 minuti\" \/>\n<script type=\"application\/ld+json\" class=\"yoast-schema-graph\">{\"@context\":\"https:\/\/schema.org\",\"@graph\":[{\"@type\":\"Article\",\"@id\":\"https:\/\/hudo.com\/si\/aktualno\/putin-na-dunaju-izrazil-zeljo-po-izboljsanju-odnosov-z-eu\/#article\",\"isPartOf\":{\"@id\":\"https:\/\/hudo.com\/si\/aktualno\/putin-na-dunaju-izrazil-zeljo-po-izboljsanju-odnosov-z-eu\/\"},\"author\":{\"name\":\"A. P., STA\",\"@id\":\"https:\/\/hudo.com\/si\/#\/schema\/person\/18f09c02475ba9e606e941a565b80cff\"},\"headline\":\"Putin na Dunaju izrazil \u017eeljo po izbolj\u0161anju odnosov z EU\",\"datePublished\":\"2018-06-05T18:51:27+00:00\",\"dateModified\":\"2018-06-05T18:51:27+00:00\",\"mainEntityOfPage\":{\"@id\":\"https:\/\/hudo.com\/si\/aktualno\/putin-na-dunaju-izrazil-zeljo-po-izboljsanju-odnosov-z-eu\/\"},\"wordCount\":458,\"publisher\":{\"@id\":\"https:\/\/hudo.com\/si\/#organization\"},\"keywords\":[\"Avstrija\",\"diplomacija\",\"Rusija\",\"Sebastian Kurz\",\"Vladimir Putin\"],\"articleSection\":[\"Aktualno\"],\"inLanguage\":\"sl-SI\"},{\"@type\":\"WebPage\",\"@id\":\"https:\/\/hudo.com\/si\/aktualno\/putin-na-dunaju-izrazil-zeljo-po-izboljsanju-odnosov-z-eu\/\",\"url\":\"https:\/\/hudo.com\/si\/aktualno\/putin-na-dunaju-izrazil-zeljo-po-izboljsanju-odnosov-z-eu\/\",\"name\":\"Putin na Dunaju izrazil \u017eeljo po izbolj\u0161anju odnosov z EU - Hudo Slovenija\",\"isPartOf\":{\"@id\":\"https:\/\/hudo.com\/si\/#website\"},\"datePublished\":\"2018-06-05T18:51:27+00:00\",\"dateModified\":\"2018-06-05T18:51:27+00:00\",\"breadcrumb\":{\"@id\":\"https:\/\/hudo.com\/si\/aktualno\/putin-na-dunaju-izrazil-zeljo-po-izboljsanju-odnosov-z-eu\/#breadcrumb\"},\"inLanguage\":\"sl-SI\",\"potentialAction\":[{\"@type\":\"ReadAction\",\"target\":[\"https:\/\/hudo.com\/si\/aktualno\/putin-na-dunaju-izrazil-zeljo-po-izboljsanju-odnosov-z-eu\/\"]}]},{\"@type\":\"BreadcrumbList\",\"@id\":\"https:\/\/hudo.com\/si\/aktualno\/putin-na-dunaju-izrazil-zeljo-po-izboljsanju-odnosov-z-eu\/#breadcrumb\",\"itemListElement\":[{\"@type\":\"ListItem\",\"position\":1,\"name\":\"Home\",\"item\":\"https:\/\/hudo.com\/si\/\"},{\"@type\":\"ListItem\",\"position\":2,\"name\":\"Putin na Dunaju izrazil \u017eeljo po izbolj\u0161anju odnosov z EU\"}]},{\"@type\":\"WebSite\",\"@id\":\"https:\/\/hudo.com\/si\/#website\",\"url\":\"https:\/\/hudo.com\/si\/\",\"name\":\"Hudo Slovenija\",\"description\":\"Vse novice iz Slovenije in sveta\",\"publisher\":{\"@id\":\"https:\/\/hudo.com\/si\/#organization\"},\"potentialAction\":[{\"@type\":\"SearchAction\",\"target\":{\"@type\":\"EntryPoint\",\"urlTemplate\":\"https:\/\/hudo.com\/si\/?s={search_term_string}\"},\"query-input\":\"required name=search_term_string\"}],\"inLanguage\":\"sl-SI\"},{\"@type\":\"Organization\",\"@id\":\"https:\/\/hudo.com\/si\/#organization\",\"name\":\"VSN Media\",\"url\":\"https:\/\/hudo.com\/si\/\",\"logo\":{\"@type\":\"ImageObject\",\"inLanguage\":\"sl-SI\",\"@id\":\"https:\/\/hudo.com\/si\/#\/schema\/logo\/image\/\",\"url\":\"https:\/\/hudo.com\/si\/wp-content\/uploads\/sites\/2\/2021\/03\/hudo-app-2.png\",\"contentUrl\":\"https:\/\/hudo.com\/si\/wp-content\/uploads\/sites\/2\/2021\/03\/hudo-app-2.png\",\"width\":2185,\"height\":2167,\"caption\":\"VSN Media\"},\"image\":{\"@id\":\"https:\/\/hudo.com\/si\/#\/schema\/logo\/image\/\"},\"sameAs\":[\"https:\/\/www.facebook.com\/hudo.si\",\"https:\/\/twitter.com\/hudo_si\"]},{\"@type\":\"Person\",\"@id\":\"https:\/\/hudo.com\/si\/#\/schema\/person\/18f09c02475ba9e606e941a565b80cff\",\"name\":\"A. P., STA\",\"image\":{\"@type\":\"ImageObject\",\"inLanguage\":\"sl-SI\",\"@id\":\"https:\/\/hudo.com\/si\/#\/schema\/person\/image\/\",\"url\":\"https:\/\/secure.gravatar.com\/avatar\/03eac8e609f5f04383125d80eaeaaf3e?s=96&d=mm&r=g\",\"contentUrl\":\"https:\/\/secure.gravatar.com\/avatar\/03eac8e609f5f04383125d80eaeaaf3e?s=96&d=mm&r=g\",\"caption\":\"A. P., STA\"},\"url\":\"https:\/\/hudo.com\/si\/author\/lubu\/\"}]}<\/script>\n<!-- \/ Yoast SEO plugin. -->","yoast_head_json":{"title":"Putin na Dunaju izrazil \u017eeljo po izbolj\u0161anju odnosov z EU - Hudo Slovenija","robots":{"index":"index","follow":"follow","max-snippet":"max-snippet:-1","max-image-preview":"max-image-preview:large","max-video-preview":"max-video-preview:-1"},"canonical":"https:\/\/hudo.com\/si\/aktualno\/putin-na-dunaju-izrazil-zeljo-po-izboljsanju-odnosov-z-eu\/","og_locale":"sl_SI","og_type":"article","og_title":"Putin na Dunaju izrazil \u017eeljo po izbolj\u0161anju odnosov z EU - Hudo Slovenija","og_description":"Rusija \u017eeli popraviti odnose z EU, je danes dejal ruski predsednik Vladimir Putin na Dunaju, kjer je na prvem obisku v eni od \u010dlanic unije od ponovne izvolitve marca letos. \"Povsem smo odprti in pripravljeni na skupno delo,\" je dejal po pogovoru z avstrijskim predsednikom Alexandrom Van der Bellnom.","og_url":"https:\/\/hudo.com\/si\/aktualno\/putin-na-dunaju-izrazil-zeljo-po-izboljsanju-odnosov-z-eu\/","og_site_name":"Hudo Slovenija","article_publisher":"https:\/\/www.facebook.com\/hudo.si","article_published_time":"2018-06-05T18:51:27+00:00","og_image":[{"width":1800,"height":1110,"url":"https:\/\/hudo.com\/si\/wp-content\/uploads\/sites\/2\/2018\/06\/profimedia-0364710337.jpg","type":"image\/jpeg"}],"author":"A. P., STA","twitter_card":"summary_large_image","twitter_creator":"@hudo_si","twitter_site":"@hudo_si","twitter_misc":{"Written by":"A. P., STA","Est. reading time":"2 minuti"},"schema":{"@context":"https:\/\/schema.org","@graph":[{"@type":"Article","@id":"https:\/\/hudo.com\/si\/aktualno\/putin-na-dunaju-izrazil-zeljo-po-izboljsanju-odnosov-z-eu\/#article","isPartOf":{"@id":"https:\/\/hudo.com\/si\/aktualno\/putin-na-dunaju-izrazil-zeljo-po-izboljsanju-odnosov-z-eu\/"},"author":{"name":"A. P., STA","@id":"https:\/\/hudo.com\/si\/#\/schema\/person\/18f09c02475ba9e606e941a565b80cff"},"headline":"Putin na Dunaju izrazil \u017eeljo po izbolj\u0161anju odnosov z EU","datePublished":"2018-06-05T18:51:27+00:00","dateModified":"2018-06-05T18:51:27+00:00","mainEntityOfPage":{"@id":"https:\/\/hudo.com\/si\/aktualno\/putin-na-dunaju-izrazil-zeljo-po-izboljsanju-odnosov-z-eu\/"},"wordCount":458,"publisher":{"@id":"https:\/\/hudo.com\/si\/#organization"},"keywords":["Avstrija","diplomacija","Rusija","Sebastian Kurz","Vladimir Putin"],"articleSection":["Aktualno"],"inLanguage":"sl-SI"},{"@type":"WebPage","@id":"https:\/\/hudo.com\/si\/aktualno\/putin-na-dunaju-izrazil-zeljo-po-izboljsanju-odnosov-z-eu\/","url":"https:\/\/hudo.com\/si\/aktualno\/putin-na-dunaju-izrazil-zeljo-po-izboljsanju-odnosov-z-eu\/","name":"Putin na Dunaju izrazil \u017eeljo po izbolj\u0161anju odnosov z EU - Hudo Slovenija","isPartOf":{"@id":"https:\/\/hudo.com\/si\/#website"},"datePublished":"2018-06-05T18:51:27+00:00","dateModified":"2018-06-05T18:51:27+00:00","breadcrumb":{"@id":"https:\/\/hudo.com\/si\/aktualno\/putin-na-dunaju-izrazil-zeljo-po-izboljsanju-odnosov-z-eu\/#breadcrumb"},"inLanguage":"sl-SI","potentialAction":[{"@type":"ReadAction","target":["https:\/\/hudo.com\/si\/aktualno\/putin-na-dunaju-izrazil-zeljo-po-izboljsanju-odnosov-z-eu\/"]}]},{"@type":"BreadcrumbList","@id":"https:\/\/hudo.com\/si\/aktualno\/putin-na-dunaju-izrazil-zeljo-po-izboljsanju-odnosov-z-eu\/#breadcrumb","itemListElement":[{"@type":"ListItem","position":1,"name":"Home","item":"https:\/\/hudo.com\/si\/"},{"@type":"ListItem","position":2,"name":"Putin na Dunaju izrazil \u017eeljo po izbolj\u0161anju odnosov z EU"}]},{"@type":"WebSite","@id":"https:\/\/hudo.com\/si\/#website","url":"https:\/\/hudo.com\/si\/","name":"Hudo Slovenija","description":"Vse novice iz Slovenije in sveta","publisher":{"@id":"https:\/\/hudo.com\/si\/#organization"},"potentialAction":[{"@type":"SearchAction","target":{"@type":"EntryPoint","urlTemplate":"https:\/\/hudo.com\/si\/?s={search_term_string}"},"query-input":"required name=search_term_string"}],"inLanguage":"sl-SI"},{"@type":"Organization","@id":"https:\/\/hudo.com\/si\/#organization","name":"VSN Media","url":"https:\/\/hudo.com\/si\/","logo":{"@type":"ImageObject","inLanguage":"sl-SI","@id":"https:\/\/hudo.com\/si\/#\/schema\/logo\/image\/","url":"https:\/\/hudo.com\/si\/wp-content\/uploads\/sites\/2\/2021\/03\/hudo-app-2.png","contentUrl":"https:\/\/hudo.com\/si\/wp-content\/uploads\/sites\/2\/2021\/03\/hudo-app-2.png","width":2185,"height":2167,"caption":"VSN Media"},"image":{"@id":"https:\/\/hudo.com\/si\/#\/schema\/logo\/image\/"},"sameAs":["https:\/\/www.facebook.com\/hudo.si","https:\/\/twitter.com\/hudo_si"]},{"@type":"Person","@id":"https:\/\/hudo.com\/si\/#\/schema\/person\/18f09c02475ba9e606e941a565b80cff","name":"A. P., STA","image":{"@type":"ImageObject","inLanguage":"sl-SI","@id":"https:\/\/hudo.com\/si\/#\/schema\/person\/image\/","url":"https:\/\/secure.gravatar.com\/avatar\/03eac8e609f5f04383125d80eaeaaf3e?s=96&d=mm&r=g","contentUrl":"https:\/\/secure.gravatar.com\/avatar\/03eac8e609f5f04383125d80eaeaaf3e?s=96&d=mm&r=g","caption":"A. P., STA"},"url":"https:\/\/hudo.com\/si\/author\/lubu\/"}]}},"amp_enabled":true,"_links":{"self":[{"href":"https:\/\/hudo.com\/si\/wp-json\/wp\/v2\/posts\/371403"}],"collection":[{"href":"https:\/\/hudo.com\/si\/wp-json\/wp\/v2\/posts"}],"about":[{"href":"https:\/\/hudo.com\/si\/wp-json\/wp\/v2\/types\/post"}],"author":[{"embeddable":true,"href":"https:\/\/hudo.com\/si\/wp-json\/wp\/v2\/users\/7"}],"replies":[{"embeddable":true,"href":"https:\/\/hudo.com\/si\/wp-json\/wp\/v2\/comments?post=371403"}],"version-history":[{"count":1,"href":"https:\/\/hudo.com\/si\/wp-json\/wp\/v2\/posts\/371403\/revisions"}],"predecessor-version":[{"id":371405,"href":"https:\/\/hudo.com\/si\/wp-json\/wp\/v2\/posts\/371403\/revisions\/371405"}],"wp:featuredmedia":[{"embeddable":true,"href":"https:\/\/hudo.com\/si\/wp-json\/wp\/v2\/media\/371404"}],"wp:attachment":[{"href":"https:\/\/hudo.com\/si\/wp-json\/wp\/v2\/media?parent=371403"}],"wp:term":[{"taxonomy":"category","embeddable":true,"href":"https:\/\/hudo.com\/si\/wp-json\/wp\/v2\/categories?post=371403"},{"taxonomy":"post_tag","embeddable":true,"href":"https:\/\/hudo.com\/si\/wp-json\/wp\/v2\/tags?post=371403"},{"taxonomy":"source","embeddable":true,"href":"https:\/\/hudo.com\/si\/wp-json\/wp\/v2\/source?post=371403"},{"taxonomy":"supertag","embeddable":true,"href":"https:\/\/hudo.com\/si\/wp-json\/wp\/v2\/supertag?post=371403"}],"curies":[{"name":"wp","href":"https:\/\/api.w.org\/{rel}","templated":true}]}}