{"id":371406,"date":"2018-06-06T07:38:49","date_gmt":"2018-06-06T05:38:49","guid":{"rendered":"http:\/\/hudo.com\/si\/?p=371406"},"modified":"2018-06-06T07:38:49","modified_gmt":"2018-06-06T05:38:49","slug":"v-izoli-se-danes-zacenja-mednarodni-filmski-festival-kino-otok","status":"publish","type":"post","link":"https:\/\/hudo.com\/si\/aktualno\/v-izoli-se-danes-zacenja-mednarodni-filmski-festival-kino-otok\/","title":{"rendered":"V Izoli se danes za\u010denja mednarodni filmski festival Kino Otok"},"content":{"rendered":"<p>Otvoritveni film na tih, a veli\u010dasten na\u010din predstavi \u017eivljenje \u017eensk, ki ohranjajo skupnost, kulturo in ekonomijo na francoskem pode\u017eelju dale\u010d od bojnih polj prve svetovne vojne.<\/p>\n<p>Ker \u017eelijo, kot je na nedavni novinarski konferenci v Ljubljani povedala Varja Mo\u010dnik, \u0161e ve\u010d pozornosti posvetiti slovenskemu filmu, so letos zasnovali sekcijo Ljubo doma. V njej bodo predstavili program kratkih filmov Andreja Zdravi\u010da in film Playing Men re\u017eiserja Matja\u017ea Ivani\u0161ina. Na Largu pri \u0161pini pa bo na sporedu program krakih filmov re\u017eiserja Jana Cvitkovi\u010da, tudi enega od pobudnikov in ustanoviteljev Kino Otoka.<\/p>\n<p>Festival bo ob projekcijah v letnem kinu Manzioli in art kinu Odeon ponudil video na pla\u017ei in bogat program za otroke. Video na pla\u017ei, ki je namenjen predstavitvi kratkih filmov mladih neuveljavljenih, a prodornih avtorjev, bo ponudil 46 filmov avtorjev iz 15 dr\u017eav; projekcijam bodo sledili pogovori z avtorji. Podmornica &#8211; Otok za mularijo pa ponovno zdru\u017euje projekcije, delavnice in druge dogodke.<\/p>\n<p>Poleg tega bodo nadaljevali z lani vzpostavljenim PRO Otokom za filmske profesionalce, ki se bo tokrat osredoto\u010dil na filmsko monta\u017eo in oblikovanje zvoka.<\/p>\n<p>Kino Otok poteka \u0161e v Ljubljani, Se\u017eani, Tolminu in Idriji ter letos prvi\u010d v Kopru.<\/p>\n","protected":false},"excerpt":{"rendered":"<p>V Izoli se bo s projekcijo filma \u010cuvarke Xavierja Beauvoisa na Manziolijevem trgu za\u010del 14. mednarodni filmski festival Kino Otok. Leto\u0161nja izdaja se po besedah selektorice filmskega programa Varje Mo\u010dnik ozira po razli\u010dnih dru\u017ebenih pojavih v Evropi in po svetu, v ospredju so filmi o kolonializmu.<\/p>\n","protected":false},"author":8,"featured_media":369022,"comment_status":"closed","ping_status":"closed","sticky":false,"template":"","format":"standard","meta":{"footnotes":""},"categories":[1179],"tags":[4867,3641,3959,1861,11310,1595],"source":[4511],"supertag":[],"acf":[],"yoast_head":"<!-- This site is optimized with the Yoast SEO plugin v21.3 - https:\/\/yoast.com\/wordpress\/plugins\/seo\/ -->\n<title>V Izoli se danes za\u010denja mednarodni filmski festival Kino Otok - Hudo Slovenija<\/title>\n<meta name=\"robots\" content=\"index, follow, max-snippet:-1, max-image-preview:large, max-video-preview:-1\" \/>\n<link rel=\"canonical\" href=\"https:\/\/hudo.com\/si\/aktualno\/v-izoli-se-danes-zacenja-mednarodni-filmski-festival-kino-otok\/\" \/>\n<meta property=\"og:locale\" content=\"sl_SI\" \/>\n<meta property=\"og:type\" content=\"article\" \/>\n<meta property=\"og:title\" content=\"V Izoli se danes za\u010denja mednarodni filmski festival Kino Otok - Hudo Slovenija\" \/>\n<meta property=\"og:description\" content=\"V Izoli se bo s projekcijo filma \u010cuvarke Xavierja Beauvoisa na Manziolijevem trgu za\u010del 14. mednarodni filmski festival Kino Otok. Leto\u0161nja izdaja se po besedah selektorice filmskega programa Varje Mo\u010dnik ozira po razli\u010dnih dru\u017ebenih pojavih v Evropi in po svetu, v ospredju so filmi o kolonializmu.\" \/>\n<meta property=\"og:url\" content=\"https:\/\/hudo.com\/si\/aktualno\/v-izoli-se-danes-zacenja-mednarodni-filmski-festival-kino-otok\/\" \/>\n<meta property=\"og:site_name\" content=\"Hudo Slovenija\" \/>\n<meta property=\"article:publisher\" content=\"https:\/\/www.facebook.com\/hudo.si\" \/>\n<meta property=\"article:published_time\" content=\"2018-06-06T05:38:49+00:00\" \/>\n<meta property=\"og:image\" content=\"https:\/\/hudo.com\/si\/wp-content\/uploads\/sites\/2\/2018\/04\/profimedia-0337551467.jpg\" \/>\n\t<meta property=\"og:image:width\" content=\"1250\" \/>\n\t<meta property=\"og:image:height\" content=\"833\" \/>\n\t<meta property=\"og:image:type\" content=\"image\/jpeg\" \/>\n<meta name=\"author\" content=\"M. N., STA\" \/>\n<meta name=\"twitter:card\" content=\"summary_large_image\" \/>\n<meta name=\"twitter:creator\" content=\"@hudo_si\" \/>\n<meta name=\"twitter:site\" content=\"@hudo_si\" \/>\n<meta name=\"twitter:label1\" content=\"Written by\" \/>\n\t<meta name=\"twitter:data1\" content=\"M. N., STA\" \/>\n\t<meta name=\"twitter:label2\" content=\"Est. reading time\" \/>\n\t<meta name=\"twitter:data2\" content=\"1 minuta\" \/>\n<script type=\"application\/ld+json\" class=\"yoast-schema-graph\">{\"@context\":\"https:\/\/schema.org\",\"@graph\":[{\"@type\":\"Article\",\"@id\":\"https:\/\/hudo.com\/si\/aktualno\/v-izoli-se-danes-zacenja-mednarodni-filmski-festival-kino-otok\/#article\",\"isPartOf\":{\"@id\":\"https:\/\/hudo.com\/si\/aktualno\/v-izoli-se-danes-zacenja-mednarodni-filmski-festival-kino-otok\/\"},\"author\":{\"name\":\"M. N., STA\",\"@id\":\"https:\/\/hudo.com\/si\/#\/schema\/person\/c2f10ce65d2e6ede2aeda5be2a0611fa\"},\"headline\":\"V Izoli se danes za\u010denja mednarodni filmski festival Kino Otok\",\"datePublished\":\"2018-06-06T05:38:49+00:00\",\"dateModified\":\"2018-06-06T05:38:49+00:00\",\"mainEntityOfPage\":{\"@id\":\"https:\/\/hudo.com\/si\/aktualno\/v-izoli-se-danes-zacenja-mednarodni-filmski-festival-kino-otok\/\"},\"wordCount\":215,\"publisher\":{\"@id\":\"https:\/\/hudo.com\/si\/#organization\"},\"keywords\":[\"film\",\"filmski festival\",\"Izola\",\"kino\",\"Kino Otok\",\"Slovenija\"],\"articleSection\":[\"Aktualno\"],\"inLanguage\":\"sl-SI\"},{\"@type\":\"WebPage\",\"@id\":\"https:\/\/hudo.com\/si\/aktualno\/v-izoli-se-danes-zacenja-mednarodni-filmski-festival-kino-otok\/\",\"url\":\"https:\/\/hudo.com\/si\/aktualno\/v-izoli-se-danes-zacenja-mednarodni-filmski-festival-kino-otok\/\",\"name\":\"V Izoli se danes za\u010denja mednarodni filmski festival Kino Otok - Hudo Slovenija\",\"isPartOf\":{\"@id\":\"https:\/\/hudo.com\/si\/#website\"},\"datePublished\":\"2018-06-06T05:38:49+00:00\",\"dateModified\":\"2018-06-06T05:38:49+00:00\",\"breadcrumb\":{\"@id\":\"https:\/\/hudo.com\/si\/aktualno\/v-izoli-se-danes-zacenja-mednarodni-filmski-festival-kino-otok\/#breadcrumb\"},\"inLanguage\":\"sl-SI\",\"potentialAction\":[{\"@type\":\"ReadAction\",\"target\":[\"https:\/\/hudo.com\/si\/aktualno\/v-izoli-se-danes-zacenja-mednarodni-filmski-festival-kino-otok\/\"]}]},{\"@type\":\"BreadcrumbList\",\"@id\":\"https:\/\/hudo.com\/si\/aktualno\/v-izoli-se-danes-zacenja-mednarodni-filmski-festival-kino-otok\/#breadcrumb\",\"itemListElement\":[{\"@type\":\"ListItem\",\"position\":1,\"name\":\"Home\",\"item\":\"https:\/\/hudo.com\/si\/\"},{\"@type\":\"ListItem\",\"position\":2,\"name\":\"V Izoli se danes za\u010denja mednarodni filmski festival Kino Otok\"}]},{\"@type\":\"WebSite\",\"@id\":\"https:\/\/hudo.com\/si\/#website\",\"url\":\"https:\/\/hudo.com\/si\/\",\"name\":\"Hudo Slovenija\",\"description\":\"Vse novice iz Slovenije in sveta\",\"publisher\":{\"@id\":\"https:\/\/hudo.com\/si\/#organization\"},\"potentialAction\":[{\"@type\":\"SearchAction\",\"target\":{\"@type\":\"EntryPoint\",\"urlTemplate\":\"https:\/\/hudo.com\/si\/?s={search_term_string}\"},\"query-input\":\"required name=search_term_string\"}],\"inLanguage\":\"sl-SI\"},{\"@type\":\"Organization\",\"@id\":\"https:\/\/hudo.com\/si\/#organization\",\"name\":\"VSN Media\",\"url\":\"https:\/\/hudo.com\/si\/\",\"logo\":{\"@type\":\"ImageObject\",\"inLanguage\":\"sl-SI\",\"@id\":\"https:\/\/hudo.com\/si\/#\/schema\/logo\/image\/\",\"url\":\"https:\/\/hudo.com\/si\/wp-content\/uploads\/sites\/2\/2021\/03\/hudo-app-2.png\",\"contentUrl\":\"https:\/\/hudo.com\/si\/wp-content\/uploads\/sites\/2\/2021\/03\/hudo-app-2.png\",\"width\":2185,\"height\":2167,\"caption\":\"VSN Media\"},\"image\":{\"@id\":\"https:\/\/hudo.com\/si\/#\/schema\/logo\/image\/\"},\"sameAs\":[\"https:\/\/www.facebook.com\/hudo.si\",\"https:\/\/twitter.com\/hudo_si\"]},{\"@type\":\"Person\",\"@id\":\"https:\/\/hudo.com\/si\/#\/schema\/person\/c2f10ce65d2e6ede2aeda5be2a0611fa\",\"name\":\"M. N., STA\",\"image\":{\"@type\":\"ImageObject\",\"inLanguage\":\"sl-SI\",\"@id\":\"https:\/\/hudo.com\/si\/#\/schema\/person\/image\/\",\"url\":\"https:\/\/secure.gravatar.com\/avatar\/f370d38daa10467f755c5c766a4cac20?s=96&d=mm&r=g\",\"contentUrl\":\"https:\/\/secure.gravatar.com\/avatar\/f370d38daa10467f755c5c766a4cac20?s=96&d=mm&r=g\",\"caption\":\"M. N., STA\"},\"url\":\"https:\/\/hudo.com\/si\/author\/mana\/\"}]}<\/script>\n<!-- \/ Yoast SEO plugin. -->","yoast_head_json":{"title":"V Izoli se danes za\u010denja mednarodni filmski festival Kino Otok - Hudo Slovenija","robots":{"index":"index","follow":"follow","max-snippet":"max-snippet:-1","max-image-preview":"max-image-preview:large","max-video-preview":"max-video-preview:-1"},"canonical":"https:\/\/hudo.com\/si\/aktualno\/v-izoli-se-danes-zacenja-mednarodni-filmski-festival-kino-otok\/","og_locale":"sl_SI","og_type":"article","og_title":"V Izoli se danes za\u010denja mednarodni filmski festival Kino Otok - Hudo Slovenija","og_description":"V Izoli se bo s projekcijo filma \u010cuvarke Xavierja Beauvoisa na Manziolijevem trgu za\u010del 14. mednarodni filmski festival Kino Otok. Leto\u0161nja izdaja se po besedah selektorice filmskega programa Varje Mo\u010dnik ozira po razli\u010dnih dru\u017ebenih pojavih v Evropi in po svetu, v ospredju so filmi o kolonializmu.","og_url":"https:\/\/hudo.com\/si\/aktualno\/v-izoli-se-danes-zacenja-mednarodni-filmski-festival-kino-otok\/","og_site_name":"Hudo Slovenija","article_publisher":"https:\/\/www.facebook.com\/hudo.si","article_published_time":"2018-06-06T05:38:49+00:00","og_image":[{"width":1250,"height":833,"url":"https:\/\/hudo.com\/si\/wp-content\/uploads\/sites\/2\/2018\/04\/profimedia-0337551467.jpg","type":"image\/jpeg"}],"author":"M. N., STA","twitter_card":"summary_large_image","twitter_creator":"@hudo_si","twitter_site":"@hudo_si","twitter_misc":{"Written by":"M. N., STA","Est. reading time":"1 minuta"},"schema":{"@context":"https:\/\/schema.org","@graph":[{"@type":"Article","@id":"https:\/\/hudo.com\/si\/aktualno\/v-izoli-se-danes-zacenja-mednarodni-filmski-festival-kino-otok\/#article","isPartOf":{"@id":"https:\/\/hudo.com\/si\/aktualno\/v-izoli-se-danes-zacenja-mednarodni-filmski-festival-kino-otok\/"},"author":{"name":"M. N., STA","@id":"https:\/\/hudo.com\/si\/#\/schema\/person\/c2f10ce65d2e6ede2aeda5be2a0611fa"},"headline":"V Izoli se danes za\u010denja mednarodni filmski festival Kino Otok","datePublished":"2018-06-06T05:38:49+00:00","dateModified":"2018-06-06T05:38:49+00:00","mainEntityOfPage":{"@id":"https:\/\/hudo.com\/si\/aktualno\/v-izoli-se-danes-zacenja-mednarodni-filmski-festival-kino-otok\/"},"wordCount":215,"publisher":{"@id":"https:\/\/hudo.com\/si\/#organization"},"keywords":["film","filmski festival","Izola","kino","Kino Otok","Slovenija"],"articleSection":["Aktualno"],"inLanguage":"sl-SI"},{"@type":"WebPage","@id":"https:\/\/hudo.com\/si\/aktualno\/v-izoli-se-danes-zacenja-mednarodni-filmski-festival-kino-otok\/","url":"https:\/\/hudo.com\/si\/aktualno\/v-izoli-se-danes-zacenja-mednarodni-filmski-festival-kino-otok\/","name":"V Izoli se danes za\u010denja mednarodni filmski festival Kino Otok - Hudo Slovenija","isPartOf":{"@id":"https:\/\/hudo.com\/si\/#website"},"datePublished":"2018-06-06T05:38:49+00:00","dateModified":"2018-06-06T05:38:49+00:00","breadcrumb":{"@id":"https:\/\/hudo.com\/si\/aktualno\/v-izoli-se-danes-zacenja-mednarodni-filmski-festival-kino-otok\/#breadcrumb"},"inLanguage":"sl-SI","potentialAction":[{"@type":"ReadAction","target":["https:\/\/hudo.com\/si\/aktualno\/v-izoli-se-danes-zacenja-mednarodni-filmski-festival-kino-otok\/"]}]},{"@type":"BreadcrumbList","@id":"https:\/\/hudo.com\/si\/aktualno\/v-izoli-se-danes-zacenja-mednarodni-filmski-festival-kino-otok\/#breadcrumb","itemListElement":[{"@type":"ListItem","position":1,"name":"Home","item":"https:\/\/hudo.com\/si\/"},{"@type":"ListItem","position":2,"name":"V Izoli se danes za\u010denja mednarodni filmski festival Kino Otok"}]},{"@type":"WebSite","@id":"https:\/\/hudo.com\/si\/#website","url":"https:\/\/hudo.com\/si\/","name":"Hudo Slovenija","description":"Vse novice iz Slovenije in sveta","publisher":{"@id":"https:\/\/hudo.com\/si\/#organization"},"potentialAction":[{"@type":"SearchAction","target":{"@type":"EntryPoint","urlTemplate":"https:\/\/hudo.com\/si\/?s={search_term_string}"},"query-input":"required name=search_term_string"}],"inLanguage":"sl-SI"},{"@type":"Organization","@id":"https:\/\/hudo.com\/si\/#organization","name":"VSN Media","url":"https:\/\/hudo.com\/si\/","logo":{"@type":"ImageObject","inLanguage":"sl-SI","@id":"https:\/\/hudo.com\/si\/#\/schema\/logo\/image\/","url":"https:\/\/hudo.com\/si\/wp-content\/uploads\/sites\/2\/2021\/03\/hudo-app-2.png","contentUrl":"https:\/\/hudo.com\/si\/wp-content\/uploads\/sites\/2\/2021\/03\/hudo-app-2.png","width":2185,"height":2167,"caption":"VSN Media"},"image":{"@id":"https:\/\/hudo.com\/si\/#\/schema\/logo\/image\/"},"sameAs":["https:\/\/www.facebook.com\/hudo.si","https:\/\/twitter.com\/hudo_si"]},{"@type":"Person","@id":"https:\/\/hudo.com\/si\/#\/schema\/person\/c2f10ce65d2e6ede2aeda5be2a0611fa","name":"M. N., STA","image":{"@type":"ImageObject","inLanguage":"sl-SI","@id":"https:\/\/hudo.com\/si\/#\/schema\/person\/image\/","url":"https:\/\/secure.gravatar.com\/avatar\/f370d38daa10467f755c5c766a4cac20?s=96&d=mm&r=g","contentUrl":"https:\/\/secure.gravatar.com\/avatar\/f370d38daa10467f755c5c766a4cac20?s=96&d=mm&r=g","caption":"M. N., STA"},"url":"https:\/\/hudo.com\/si\/author\/mana\/"}]}},"amp_enabled":true,"_links":{"self":[{"href":"https:\/\/hudo.com\/si\/wp-json\/wp\/v2\/posts\/371406"}],"collection":[{"href":"https:\/\/hudo.com\/si\/wp-json\/wp\/v2\/posts"}],"about":[{"href":"https:\/\/hudo.com\/si\/wp-json\/wp\/v2\/types\/post"}],"author":[{"embeddable":true,"href":"https:\/\/hudo.com\/si\/wp-json\/wp\/v2\/users\/8"}],"replies":[{"embeddable":true,"href":"https:\/\/hudo.com\/si\/wp-json\/wp\/v2\/comments?post=371406"}],"version-history":[{"count":1,"href":"https:\/\/hudo.com\/si\/wp-json\/wp\/v2\/posts\/371406\/revisions"}],"predecessor-version":[{"id":371407,"href":"https:\/\/hudo.com\/si\/wp-json\/wp\/v2\/posts\/371406\/revisions\/371407"}],"wp:featuredmedia":[{"embeddable":true,"href":"https:\/\/hudo.com\/si\/wp-json\/wp\/v2\/media\/369022"}],"wp:attachment":[{"href":"https:\/\/hudo.com\/si\/wp-json\/wp\/v2\/media?parent=371406"}],"wp:term":[{"taxonomy":"category","embeddable":true,"href":"https:\/\/hudo.com\/si\/wp-json\/wp\/v2\/categories?post=371406"},{"taxonomy":"post_tag","embeddable":true,"href":"https:\/\/hudo.com\/si\/wp-json\/wp\/v2\/tags?post=371406"},{"taxonomy":"source","embeddable":true,"href":"https:\/\/hudo.com\/si\/wp-json\/wp\/v2\/source?post=371406"},{"taxonomy":"supertag","embeddable":true,"href":"https:\/\/hudo.com\/si\/wp-json\/wp\/v2\/supertag?post=371406"}],"curies":[{"name":"wp","href":"https:\/\/api.w.org\/{rel}","templated":true}]}}