{"id":371447,"date":"2018-06-06T11:33:42","date_gmt":"2018-06-06T09:33:42","guid":{"rendered":"http:\/\/hudo.com\/si\/?p=371447"},"modified":"2018-06-06T11:33:42","modified_gmt":"2018-06-06T09:33:42","slug":"na-stajerski-avtocesti-danes-ze-stiri-prometne-nesrece","status":"publish","type":"post","link":"https:\/\/hudo.com\/si\/aktualno\/na-stajerski-avtocesti-danes-ze-stiri-prometne-nesrece\/","title":{"rendered":"Na \u0161tajerski avtocesti danes \u017ee \u0161tiri prometne nesre\u010de"},"content":{"rendered":"<div class=\"text\">\n<p>Vozilo povzro\u010ditelja je obstalo na prehitevalnem pasu, vanj je tr\u010dil \u0161e voznik tretjega udele\u017eenega osebnega vozila. V tr\u010denju sta se la\u017eje po\u0161kodovali dve osebi, ki so ju z re\u0161evalnim vozilom odpeljali v celjsko bolni\u0161nico. V tr\u010denju so z lahkega priklopnika padle vre\u010de naribanih jabolk, kar je \u0161e podalj\u0161alo odstranjevanje posledic prometne nesre\u010de, so sporo\u010dili s policije. Avtocesta je bila ve\u010d ur zaprta, nastal je tudi dalj\u0161i zastoj.<\/p>\n<p>Okoli 7. ure so celjski policisti na avtocesti med izvozoma Celje center in po\u010divali\u0161\u010dem Lopata obravnavali \u0161e eno prometno nesre\u010do, v kateri je voznik tovornega vozila tr\u010dil v tovorno vozilo, ki je zaradi prej\u0161nje nesre\u010de stalo v koloni. Eden od voznikov se je v tr\u010denju la\u017eje po\u0161kodoval.<\/p>\n<p>Uro kasneje pa so policisti na avtocesti v bli\u017eini izvoza Celje vzhod obravnavali tretjo prometno nesre\u010do. Tr\u010dili sta avtobus in kombinirano vozilo. Voznik avtobusa je peljal po odstavnem pasu, ker je nameraval zapustiti avtocesto na izvozu Celje vzhod, v tistem trenutku je z voznega pasu med dvema ustavljenima tovornima voziloma, na odstavni pas zapeljal voznik kombiniranega vozila, ki je prav tako nameraval zapustiti avtocesto in je zaprl pot vozniku avtobusa. V tr\u010denju se je po\u0161kodovala ena potnica.<\/p>\n<p>Nekaj \u010dez 9. uro pa se je \u010detrta prometna nesre\u010da zgodila na avtocesti med \u0160entrupertom in Vranskim. Zaradi prekratke varnostne razdalje je pri\u0161lo do naletnega tr\u010denja treh vozil. Nih\u010de od udele\u017eenih ni po\u0161kodovan. Vozila so umaknili na odstavni pas, tako je promet potekal po voznem in prehitevalnem pasu.<\/p>\n<\/div>\n","protected":false},"excerpt":{"rendered":"<p>Na \u0161tajerski avtocesti so se danes pripetile \u017ee \u0161tiri prometne nesre\u010de. Prva nesre\u010da se je zgodila nekaj \u010dez \u010detrto uro na avtocesti med Arjo vasjo in \u0160empetrom v smeri proti Ljubljani. V njej so bila udele\u017eena tri osebna vozila, voznik enega izmed njih pa je tr\u010dil v osebno vozilo z lahkih priklopnikom, so sporo\u010dili s Policijske uprave Celje.<\/p>\n","protected":false},"author":5,"featured_media":145588,"comment_status":"closed","ping_status":"closed","sticky":false,"template":"","format":"standard","meta":{"footnotes":""},"categories":[1179],"tags":[4791,1595,5809],"source":[4511],"supertag":[7150],"acf":[],"yoast_head":"<!-- This site is optimized with the Yoast SEO plugin v21.3 - https:\/\/yoast.com\/wordpress\/plugins\/seo\/ -->\n<title>Na \u0161tajerski avtocesti danes \u017ee \u0161tiri prometne nesre\u010de - Hudo Slovenija<\/title>\n<meta name=\"robots\" content=\"index, follow, max-snippet:-1, max-image-preview:large, max-video-preview:-1\" \/>\n<link rel=\"canonical\" href=\"https:\/\/hudo.com\/si\/aktualno\/na-stajerski-avtocesti-danes-ze-stiri-prometne-nesrece\/\" \/>\n<meta property=\"og:locale\" content=\"sl_SI\" \/>\n<meta property=\"og:type\" content=\"article\" \/>\n<meta property=\"og:title\" content=\"Na \u0161tajerski avtocesti danes \u017ee \u0161tiri prometne nesre\u010de - Hudo Slovenija\" \/>\n<meta property=\"og:description\" content=\"Na \u0161tajerski avtocesti so se danes pripetile \u017ee \u0161tiri prometne nesre\u010de. Prva nesre\u010da se je zgodila nekaj \u010dez \u010detrto uro na avtocesti med Arjo vasjo in \u0160empetrom v smeri proti Ljubljani. V njej so bila udele\u017eena tri osebna vozila, voznik enega izmed njih pa je tr\u010dil v osebno vozilo z lahkih priklopnikom, so sporo\u010dili s Policijske uprave Celje.\" \/>\n<meta property=\"og:url\" content=\"https:\/\/hudo.com\/si\/aktualno\/na-stajerski-avtocesti-danes-ze-stiri-prometne-nesrece\/\" \/>\n<meta property=\"og:site_name\" content=\"Hudo Slovenija\" \/>\n<meta property=\"article:publisher\" content=\"https:\/\/www.facebook.com\/hudo.si\" \/>\n<meta property=\"article:published_time\" content=\"2018-06-06T09:33:42+00:00\" \/>\n<meta property=\"og:image\" content=\"https:\/\/hudo.com\/si\/wp-content\/uploads\/sites\/2\/2016\/10\/20140723-00544639.jpg\" \/>\n\t<meta property=\"og:image:width\" content=\"640\" \/>\n\t<meta property=\"og:image:height\" content=\"425\" \/>\n\t<meta property=\"og:image:type\" content=\"image\/jpeg\" \/>\n<meta name=\"author\" content=\"A. G., STA\" \/>\n<meta name=\"twitter:card\" content=\"summary_large_image\" \/>\n<meta name=\"twitter:creator\" content=\"@hudo_si\" \/>\n<meta name=\"twitter:site\" content=\"@hudo_si\" \/>\n<meta name=\"twitter:label1\" content=\"Written by\" \/>\n\t<meta name=\"twitter:data1\" content=\"A. G., STA\" \/>\n\t<meta name=\"twitter:label2\" content=\"Est. reading time\" \/>\n\t<meta name=\"twitter:data2\" content=\"1 minuta\" \/>\n<script type=\"application\/ld+json\" class=\"yoast-schema-graph\">{\"@context\":\"https:\/\/schema.org\",\"@graph\":[{\"@type\":\"Article\",\"@id\":\"https:\/\/hudo.com\/si\/aktualno\/na-stajerski-avtocesti-danes-ze-stiri-prometne-nesrece\/#article\",\"isPartOf\":{\"@id\":\"https:\/\/hudo.com\/si\/aktualno\/na-stajerski-avtocesti-danes-ze-stiri-prometne-nesrece\/\"},\"author\":{\"name\":\"A. G., STA\",\"@id\":\"https:\/\/hudo.com\/si\/#\/schema\/person\/2391667a63ea075ba94f2f2dc6b77537\"},\"headline\":\"Na \u0161tajerski avtocesti danes \u017ee \u0161tiri prometne nesre\u010de\",\"datePublished\":\"2018-06-06T09:33:42+00:00\",\"dateModified\":\"2018-06-06T09:33:42+00:00\",\"mainEntityOfPage\":{\"@id\":\"https:\/\/hudo.com\/si\/aktualno\/na-stajerski-avtocesti-danes-ze-stiri-prometne-nesrece\/\"},\"wordCount\":280,\"publisher\":{\"@id\":\"https:\/\/hudo.com\/si\/#organization\"},\"keywords\":[\"prometna nesre\u010da\",\"Slovenija\",\"\u0161tajerska avtocesta\"],\"articleSection\":[\"Aktualno\"],\"inLanguage\":\"sl-SI\"},{\"@type\":\"WebPage\",\"@id\":\"https:\/\/hudo.com\/si\/aktualno\/na-stajerski-avtocesti-danes-ze-stiri-prometne-nesrece\/\",\"url\":\"https:\/\/hudo.com\/si\/aktualno\/na-stajerski-avtocesti-danes-ze-stiri-prometne-nesrece\/\",\"name\":\"Na \u0161tajerski avtocesti danes \u017ee \u0161tiri prometne nesre\u010de - Hudo Slovenija\",\"isPartOf\":{\"@id\":\"https:\/\/hudo.com\/si\/#website\"},\"datePublished\":\"2018-06-06T09:33:42+00:00\",\"dateModified\":\"2018-06-06T09:33:42+00:00\",\"breadcrumb\":{\"@id\":\"https:\/\/hudo.com\/si\/aktualno\/na-stajerski-avtocesti-danes-ze-stiri-prometne-nesrece\/#breadcrumb\"},\"inLanguage\":\"sl-SI\",\"potentialAction\":[{\"@type\":\"ReadAction\",\"target\":[\"https:\/\/hudo.com\/si\/aktualno\/na-stajerski-avtocesti-danes-ze-stiri-prometne-nesrece\/\"]}]},{\"@type\":\"BreadcrumbList\",\"@id\":\"https:\/\/hudo.com\/si\/aktualno\/na-stajerski-avtocesti-danes-ze-stiri-prometne-nesrece\/#breadcrumb\",\"itemListElement\":[{\"@type\":\"ListItem\",\"position\":1,\"name\":\"Home\",\"item\":\"https:\/\/hudo.com\/si\/\"},{\"@type\":\"ListItem\",\"position\":2,\"name\":\"Na \u0161tajerski avtocesti danes \u017ee \u0161tiri prometne nesre\u010de\"}]},{\"@type\":\"WebSite\",\"@id\":\"https:\/\/hudo.com\/si\/#website\",\"url\":\"https:\/\/hudo.com\/si\/\",\"name\":\"Hudo Slovenija\",\"description\":\"Vse novice iz Slovenije in sveta\",\"publisher\":{\"@id\":\"https:\/\/hudo.com\/si\/#organization\"},\"potentialAction\":[{\"@type\":\"SearchAction\",\"target\":{\"@type\":\"EntryPoint\",\"urlTemplate\":\"https:\/\/hudo.com\/si\/?s={search_term_string}\"},\"query-input\":\"required name=search_term_string\"}],\"inLanguage\":\"sl-SI\"},{\"@type\":\"Organization\",\"@id\":\"https:\/\/hudo.com\/si\/#organization\",\"name\":\"VSN Media\",\"url\":\"https:\/\/hudo.com\/si\/\",\"logo\":{\"@type\":\"ImageObject\",\"inLanguage\":\"sl-SI\",\"@id\":\"https:\/\/hudo.com\/si\/#\/schema\/logo\/image\/\",\"url\":\"https:\/\/hudo.com\/si\/wp-content\/uploads\/sites\/2\/2021\/03\/hudo-app-2.png\",\"contentUrl\":\"https:\/\/hudo.com\/si\/wp-content\/uploads\/sites\/2\/2021\/03\/hudo-app-2.png\",\"width\":2185,\"height\":2167,\"caption\":\"VSN Media\"},\"image\":{\"@id\":\"https:\/\/hudo.com\/si\/#\/schema\/logo\/image\/\"},\"sameAs\":[\"https:\/\/www.facebook.com\/hudo.si\",\"https:\/\/twitter.com\/hudo_si\"]},{\"@type\":\"Person\",\"@id\":\"https:\/\/hudo.com\/si\/#\/schema\/person\/2391667a63ea075ba94f2f2dc6b77537\",\"name\":\"A. G., STA\",\"image\":{\"@type\":\"ImageObject\",\"inLanguage\":\"sl-SI\",\"@id\":\"https:\/\/hudo.com\/si\/#\/schema\/person\/image\/\",\"url\":\"https:\/\/secure.gravatar.com\/avatar\/e13d22ac3e442658d5025fbbe6238a79?s=96&d=mm&r=g\",\"contentUrl\":\"https:\/\/secure.gravatar.com\/avatar\/e13d22ac3e442658d5025fbbe6238a79?s=96&d=mm&r=g\",\"caption\":\"A. G., STA\"},\"url\":\"https:\/\/hudo.com\/si\/author\/alenka\/\"}]}<\/script>\n<!-- \/ Yoast SEO plugin. -->","yoast_head_json":{"title":"Na \u0161tajerski avtocesti danes \u017ee \u0161tiri prometne nesre\u010de - Hudo Slovenija","robots":{"index":"index","follow":"follow","max-snippet":"max-snippet:-1","max-image-preview":"max-image-preview:large","max-video-preview":"max-video-preview:-1"},"canonical":"https:\/\/hudo.com\/si\/aktualno\/na-stajerski-avtocesti-danes-ze-stiri-prometne-nesrece\/","og_locale":"sl_SI","og_type":"article","og_title":"Na \u0161tajerski avtocesti danes \u017ee \u0161tiri prometne nesre\u010de - Hudo Slovenija","og_description":"Na \u0161tajerski avtocesti so se danes pripetile \u017ee \u0161tiri prometne nesre\u010de. Prva nesre\u010da se je zgodila nekaj \u010dez \u010detrto uro na avtocesti med Arjo vasjo in \u0160empetrom v smeri proti Ljubljani. V njej so bila udele\u017eena tri osebna vozila, voznik enega izmed njih pa je tr\u010dil v osebno vozilo z lahkih priklopnikom, so sporo\u010dili s Policijske uprave Celje.","og_url":"https:\/\/hudo.com\/si\/aktualno\/na-stajerski-avtocesti-danes-ze-stiri-prometne-nesrece\/","og_site_name":"Hudo Slovenija","article_publisher":"https:\/\/www.facebook.com\/hudo.si","article_published_time":"2018-06-06T09:33:42+00:00","og_image":[{"width":640,"height":425,"url":"https:\/\/hudo.com\/si\/wp-content\/uploads\/sites\/2\/2016\/10\/20140723-00544639.jpg","type":"image\/jpeg"}],"author":"A. G., STA","twitter_card":"summary_large_image","twitter_creator":"@hudo_si","twitter_site":"@hudo_si","twitter_misc":{"Written by":"A. G., STA","Est. reading time":"1 minuta"},"schema":{"@context":"https:\/\/schema.org","@graph":[{"@type":"Article","@id":"https:\/\/hudo.com\/si\/aktualno\/na-stajerski-avtocesti-danes-ze-stiri-prometne-nesrece\/#article","isPartOf":{"@id":"https:\/\/hudo.com\/si\/aktualno\/na-stajerski-avtocesti-danes-ze-stiri-prometne-nesrece\/"},"author":{"name":"A. G., STA","@id":"https:\/\/hudo.com\/si\/#\/schema\/person\/2391667a63ea075ba94f2f2dc6b77537"},"headline":"Na \u0161tajerski avtocesti danes \u017ee \u0161tiri prometne nesre\u010de","datePublished":"2018-06-06T09:33:42+00:00","dateModified":"2018-06-06T09:33:42+00:00","mainEntityOfPage":{"@id":"https:\/\/hudo.com\/si\/aktualno\/na-stajerski-avtocesti-danes-ze-stiri-prometne-nesrece\/"},"wordCount":280,"publisher":{"@id":"https:\/\/hudo.com\/si\/#organization"},"keywords":["prometna nesre\u010da","Slovenija","\u0161tajerska avtocesta"],"articleSection":["Aktualno"],"inLanguage":"sl-SI"},{"@type":"WebPage","@id":"https:\/\/hudo.com\/si\/aktualno\/na-stajerski-avtocesti-danes-ze-stiri-prometne-nesrece\/","url":"https:\/\/hudo.com\/si\/aktualno\/na-stajerski-avtocesti-danes-ze-stiri-prometne-nesrece\/","name":"Na \u0161tajerski avtocesti danes \u017ee \u0161tiri prometne nesre\u010de - Hudo Slovenija","isPartOf":{"@id":"https:\/\/hudo.com\/si\/#website"},"datePublished":"2018-06-06T09:33:42+00:00","dateModified":"2018-06-06T09:33:42+00:00","breadcrumb":{"@id":"https:\/\/hudo.com\/si\/aktualno\/na-stajerski-avtocesti-danes-ze-stiri-prometne-nesrece\/#breadcrumb"},"inLanguage":"sl-SI","potentialAction":[{"@type":"ReadAction","target":["https:\/\/hudo.com\/si\/aktualno\/na-stajerski-avtocesti-danes-ze-stiri-prometne-nesrece\/"]}]},{"@type":"BreadcrumbList","@id":"https:\/\/hudo.com\/si\/aktualno\/na-stajerski-avtocesti-danes-ze-stiri-prometne-nesrece\/#breadcrumb","itemListElement":[{"@type":"ListItem","position":1,"name":"Home","item":"https:\/\/hudo.com\/si\/"},{"@type":"ListItem","position":2,"name":"Na \u0161tajerski avtocesti danes \u017ee \u0161tiri prometne nesre\u010de"}]},{"@type":"WebSite","@id":"https:\/\/hudo.com\/si\/#website","url":"https:\/\/hudo.com\/si\/","name":"Hudo Slovenija","description":"Vse novice iz Slovenije in sveta","publisher":{"@id":"https:\/\/hudo.com\/si\/#organization"},"potentialAction":[{"@type":"SearchAction","target":{"@type":"EntryPoint","urlTemplate":"https:\/\/hudo.com\/si\/?s={search_term_string}"},"query-input":"required name=search_term_string"}],"inLanguage":"sl-SI"},{"@type":"Organization","@id":"https:\/\/hudo.com\/si\/#organization","name":"VSN Media","url":"https:\/\/hudo.com\/si\/","logo":{"@type":"ImageObject","inLanguage":"sl-SI","@id":"https:\/\/hudo.com\/si\/#\/schema\/logo\/image\/","url":"https:\/\/hudo.com\/si\/wp-content\/uploads\/sites\/2\/2021\/03\/hudo-app-2.png","contentUrl":"https:\/\/hudo.com\/si\/wp-content\/uploads\/sites\/2\/2021\/03\/hudo-app-2.png","width":2185,"height":2167,"caption":"VSN Media"},"image":{"@id":"https:\/\/hudo.com\/si\/#\/schema\/logo\/image\/"},"sameAs":["https:\/\/www.facebook.com\/hudo.si","https:\/\/twitter.com\/hudo_si"]},{"@type":"Person","@id":"https:\/\/hudo.com\/si\/#\/schema\/person\/2391667a63ea075ba94f2f2dc6b77537","name":"A. G., STA","image":{"@type":"ImageObject","inLanguage":"sl-SI","@id":"https:\/\/hudo.com\/si\/#\/schema\/person\/image\/","url":"https:\/\/secure.gravatar.com\/avatar\/e13d22ac3e442658d5025fbbe6238a79?s=96&d=mm&r=g","contentUrl":"https:\/\/secure.gravatar.com\/avatar\/e13d22ac3e442658d5025fbbe6238a79?s=96&d=mm&r=g","caption":"A. G., STA"},"url":"https:\/\/hudo.com\/si\/author\/alenka\/"}]}},"amp_enabled":true,"_links":{"self":[{"href":"https:\/\/hudo.com\/si\/wp-json\/wp\/v2\/posts\/371447"}],"collection":[{"href":"https:\/\/hudo.com\/si\/wp-json\/wp\/v2\/posts"}],"about":[{"href":"https:\/\/hudo.com\/si\/wp-json\/wp\/v2\/types\/post"}],"author":[{"embeddable":true,"href":"https:\/\/hudo.com\/si\/wp-json\/wp\/v2\/users\/5"}],"replies":[{"embeddable":true,"href":"https:\/\/hudo.com\/si\/wp-json\/wp\/v2\/comments?post=371447"}],"version-history":[{"count":1,"href":"https:\/\/hudo.com\/si\/wp-json\/wp\/v2\/posts\/371447\/revisions"}],"predecessor-version":[{"id":371448,"href":"https:\/\/hudo.com\/si\/wp-json\/wp\/v2\/posts\/371447\/revisions\/371448"}],"wp:featuredmedia":[{"embeddable":true,"href":"https:\/\/hudo.com\/si\/wp-json\/wp\/v2\/media\/145588"}],"wp:attachment":[{"href":"https:\/\/hudo.com\/si\/wp-json\/wp\/v2\/media?parent=371447"}],"wp:term":[{"taxonomy":"category","embeddable":true,"href":"https:\/\/hudo.com\/si\/wp-json\/wp\/v2\/categories?post=371447"},{"taxonomy":"post_tag","embeddable":true,"href":"https:\/\/hudo.com\/si\/wp-json\/wp\/v2\/tags?post=371447"},{"taxonomy":"source","embeddable":true,"href":"https:\/\/hudo.com\/si\/wp-json\/wp\/v2\/source?post=371447"},{"taxonomy":"supertag","embeddable":true,"href":"https:\/\/hudo.com\/si\/wp-json\/wp\/v2\/supertag?post=371447"}],"curies":[{"name":"wp","href":"https:\/\/api.w.org\/{rel}","templated":true}]}}