{"id":371467,"date":"2018-06-06T14:13:01","date_gmt":"2018-06-06T12:13:01","guid":{"rendered":"http:\/\/hudo.com\/si\/?p=371467"},"modified":"2018-06-06T14:13:01","modified_gmt":"2018-06-06T12:13:01","slug":"hrvaski-policist-streljal-ob-meji-s-slovenijo","status":"publish","type":"post","link":"https:\/\/hudo.com\/si\/aktualno\/hrvaski-policist-streljal-ob-meji-s-slovenijo\/","title":{"rendered":"Hrva\u0161ki policist streljal ob meji s Slovenijo"},"content":{"rendered":"<p>Hrva\u0161ki policisti so opazili \u010detverico mo\u0161kih pri nezakonitem prestopu meje iz Hrva\u0161ke v Slovenijo. Medtem ko sta dva \u017ee bila na ozemlju Slovenije, so hrva\u0161ki policisti preostala dva pozvali, naj se ustavita in se ule\u017eeta na tla.<\/p>\n<p>Mo\u0161ka sta ukaz zavrnila, eden od njiju pa je s kolom, ki ga je imel v roki, napadel policiste. Zato je eden od policistov streljal v tla, je poro\u010dal Ve\u010dernji list na svoji spletni strani.<\/p>\n<p>&#8220;Prvi strel napadalca ni odvrnil od poskusa napada, ustavil se je \u0161ele po drugem strelu,&#8221; je izjavo na\u010delnika karlov\u0161ke policijske uprave Josipa \u010celi\u0107a pri mejnem prehodu Prili\u0161\u0107e-\u017duni\u010di povzel zagreb\u0161ki \u010dasnik.<\/p>\n<p>\u010celi\u0107 je dodal, da je policist upravi\u010deno uporabil oro\u017eje in je streljal v tla, da bi prestra\u0161il napadalca in se ubranil. \u0160ef karlov\u0161ke policije je ocenil, da gre za izjemen dogodek in ne za pravilo, ter dodal, da so hrva\u0161ki policisti izurjeni za vse izzive pri varovanju meje.<\/p>\n<p>Kot dodaja \u010dasnik, je napadalec iranski dr\u017eavljan, ki je pod policijskim nadzorom. Njegovega kolega \u0161e i\u0161\u010dejo. O incidentu poteka tudi kriminalisti\u010dna preiskava.<\/p>\n","protected":false},"excerpt":{"rendered":"<p>Hrva\u0161ki policist je danes na obmo\u010dju Prili\u0161i\u0107a nedale\u010d maloobmejnega mejnega prehoda \u017duni\u010di pri Metliki streljal v tla, da bi se ubranil pred fizi\u010dnim napadom mo\u0161kega iz Irana, je sporo\u010dila hrva\u0161ka policija. Kot so pojasnili, je do streljanja pri\u0161lo, ko je policist poskusil \u010detverici mo\u0161kih prepre\u010diti ilegalen vstop v Slovenijo.<\/p>\n","protected":false},"author":7,"featured_media":371468,"comment_status":"closed","ping_status":"closed","sticky":false,"template":"","format":"standard","meta":{"footnotes":""},"categories":[1179],"tags":[1810,1728,1595],"source":[4511],"supertag":[],"acf":[],"yoast_head":"<!-- This site is optimized with the Yoast SEO plugin v21.3 - https:\/\/yoast.com\/wordpress\/plugins\/seo\/ -->\n<title>Hrva\u0161ki policist streljal ob meji s Slovenijo - Hudo Slovenija<\/title>\n<meta name=\"robots\" content=\"index, follow, max-snippet:-1, max-image-preview:large, max-video-preview:-1\" \/>\n<link rel=\"canonical\" href=\"https:\/\/hudo.com\/si\/aktualno\/hrvaski-policist-streljal-ob-meji-s-slovenijo\/\" \/>\n<meta property=\"og:locale\" content=\"sl_SI\" \/>\n<meta property=\"og:type\" content=\"article\" \/>\n<meta property=\"og:title\" content=\"Hrva\u0161ki policist streljal ob meji s Slovenijo - Hudo Slovenija\" \/>\n<meta property=\"og:description\" content=\"Hrva\u0161ki policist je danes na obmo\u010dju Prili\u0161i\u0107a nedale\u010d maloobmejnega mejnega prehoda \u017duni\u010di pri Metliki streljal v tla, da bi se ubranil pred fizi\u010dnim napadom mo\u0161kega iz Irana, je sporo\u010dila hrva\u0161ka policija. Kot so pojasnili, je do streljanja pri\u0161lo, ko je policist poskusil \u010detverici mo\u0161kih prepre\u010diti ilegalen vstop v Slovenijo.\" \/>\n<meta property=\"og:url\" content=\"https:\/\/hudo.com\/si\/aktualno\/hrvaski-policist-streljal-ob-meji-s-slovenijo\/\" \/>\n<meta property=\"og:site_name\" content=\"Hudo Slovenija\" \/>\n<meta property=\"article:publisher\" content=\"https:\/\/www.facebook.com\/hudo.si\" \/>\n<meta property=\"article:published_time\" content=\"2018-06-06T12:13:01+00:00\" \/>\n<meta property=\"og:image\" content=\"https:\/\/hudo.com\/si\/wp-content\/uploads\/sites\/2\/2018\/06\/profimedia-0087274486.jpg\" \/>\n\t<meta property=\"og:image:width\" content=\"1800\" \/>\n\t<meta property=\"og:image:height\" content=\"1200\" \/>\n\t<meta property=\"og:image:type\" content=\"image\/jpeg\" \/>\n<meta name=\"author\" content=\"A. P., STA\" \/>\n<meta name=\"twitter:card\" content=\"summary_large_image\" \/>\n<meta name=\"twitter:creator\" content=\"@hudo_si\" \/>\n<meta name=\"twitter:site\" content=\"@hudo_si\" \/>\n<meta name=\"twitter:label1\" content=\"Written by\" \/>\n\t<meta name=\"twitter:data1\" content=\"A. P., STA\" \/>\n\t<meta name=\"twitter:label2\" content=\"Est. reading time\" \/>\n\t<meta name=\"twitter:data2\" content=\"1 minuta\" \/>\n<script type=\"application\/ld+json\" class=\"yoast-schema-graph\">{\"@context\":\"https:\/\/schema.org\",\"@graph\":[{\"@type\":\"Article\",\"@id\":\"https:\/\/hudo.com\/si\/aktualno\/hrvaski-policist-streljal-ob-meji-s-slovenijo\/#article\",\"isPartOf\":{\"@id\":\"https:\/\/hudo.com\/si\/aktualno\/hrvaski-policist-streljal-ob-meji-s-slovenijo\/\"},\"author\":{\"name\":\"A. P., STA\",\"@id\":\"https:\/\/hudo.com\/si\/#\/schema\/person\/18f09c02475ba9e606e941a565b80cff\"},\"headline\":\"Hrva\u0161ki policist streljal ob meji s Slovenijo\",\"datePublished\":\"2018-06-06T12:13:01+00:00\",\"dateModified\":\"2018-06-06T12:13:01+00:00\",\"mainEntityOfPage\":{\"@id\":\"https:\/\/hudo.com\/si\/aktualno\/hrvaski-policist-streljal-ob-meji-s-slovenijo\/\"},\"wordCount\":203,\"publisher\":{\"@id\":\"https:\/\/hudo.com\/si\/#organization\"},\"keywords\":[\"hrva\u0161ka\",\"policija\",\"Slovenija\"],\"articleSection\":[\"Aktualno\"],\"inLanguage\":\"sl-SI\"},{\"@type\":\"WebPage\",\"@id\":\"https:\/\/hudo.com\/si\/aktualno\/hrvaski-policist-streljal-ob-meji-s-slovenijo\/\",\"url\":\"https:\/\/hudo.com\/si\/aktualno\/hrvaski-policist-streljal-ob-meji-s-slovenijo\/\",\"name\":\"Hrva\u0161ki policist streljal ob meji s Slovenijo - Hudo Slovenija\",\"isPartOf\":{\"@id\":\"https:\/\/hudo.com\/si\/#website\"},\"datePublished\":\"2018-06-06T12:13:01+00:00\",\"dateModified\":\"2018-06-06T12:13:01+00:00\",\"breadcrumb\":{\"@id\":\"https:\/\/hudo.com\/si\/aktualno\/hrvaski-policist-streljal-ob-meji-s-slovenijo\/#breadcrumb\"},\"inLanguage\":\"sl-SI\",\"potentialAction\":[{\"@type\":\"ReadAction\",\"target\":[\"https:\/\/hudo.com\/si\/aktualno\/hrvaski-policist-streljal-ob-meji-s-slovenijo\/\"]}]},{\"@type\":\"BreadcrumbList\",\"@id\":\"https:\/\/hudo.com\/si\/aktualno\/hrvaski-policist-streljal-ob-meji-s-slovenijo\/#breadcrumb\",\"itemListElement\":[{\"@type\":\"ListItem\",\"position\":1,\"name\":\"Home\",\"item\":\"https:\/\/hudo.com\/si\/\"},{\"@type\":\"ListItem\",\"position\":2,\"name\":\"Hrva\u0161ki policist streljal ob meji s Slovenijo\"}]},{\"@type\":\"WebSite\",\"@id\":\"https:\/\/hudo.com\/si\/#website\",\"url\":\"https:\/\/hudo.com\/si\/\",\"name\":\"Hudo Slovenija\",\"description\":\"Vse novice iz Slovenije in sveta\",\"publisher\":{\"@id\":\"https:\/\/hudo.com\/si\/#organization\"},\"potentialAction\":[{\"@type\":\"SearchAction\",\"target\":{\"@type\":\"EntryPoint\",\"urlTemplate\":\"https:\/\/hudo.com\/si\/?s={search_term_string}\"},\"query-input\":\"required name=search_term_string\"}],\"inLanguage\":\"sl-SI\"},{\"@type\":\"Organization\",\"@id\":\"https:\/\/hudo.com\/si\/#organization\",\"name\":\"VSN Media\",\"url\":\"https:\/\/hudo.com\/si\/\",\"logo\":{\"@type\":\"ImageObject\",\"inLanguage\":\"sl-SI\",\"@id\":\"https:\/\/hudo.com\/si\/#\/schema\/logo\/image\/\",\"url\":\"https:\/\/hudo.com\/si\/wp-content\/uploads\/sites\/2\/2021\/03\/hudo-app-2.png\",\"contentUrl\":\"https:\/\/hudo.com\/si\/wp-content\/uploads\/sites\/2\/2021\/03\/hudo-app-2.png\",\"width\":2185,\"height\":2167,\"caption\":\"VSN Media\"},\"image\":{\"@id\":\"https:\/\/hudo.com\/si\/#\/schema\/logo\/image\/\"},\"sameAs\":[\"https:\/\/www.facebook.com\/hudo.si\",\"https:\/\/twitter.com\/hudo_si\"]},{\"@type\":\"Person\",\"@id\":\"https:\/\/hudo.com\/si\/#\/schema\/person\/18f09c02475ba9e606e941a565b80cff\",\"name\":\"A. P., STA\",\"image\":{\"@type\":\"ImageObject\",\"inLanguage\":\"sl-SI\",\"@id\":\"https:\/\/hudo.com\/si\/#\/schema\/person\/image\/\",\"url\":\"https:\/\/secure.gravatar.com\/avatar\/03eac8e609f5f04383125d80eaeaaf3e?s=96&d=mm&r=g\",\"contentUrl\":\"https:\/\/secure.gravatar.com\/avatar\/03eac8e609f5f04383125d80eaeaaf3e?s=96&d=mm&r=g\",\"caption\":\"A. P., STA\"},\"url\":\"https:\/\/hudo.com\/si\/author\/lubu\/\"}]}<\/script>\n<!-- \/ Yoast SEO plugin. -->","yoast_head_json":{"title":"Hrva\u0161ki policist streljal ob meji s Slovenijo - Hudo Slovenija","robots":{"index":"index","follow":"follow","max-snippet":"max-snippet:-1","max-image-preview":"max-image-preview:large","max-video-preview":"max-video-preview:-1"},"canonical":"https:\/\/hudo.com\/si\/aktualno\/hrvaski-policist-streljal-ob-meji-s-slovenijo\/","og_locale":"sl_SI","og_type":"article","og_title":"Hrva\u0161ki policist streljal ob meji s Slovenijo - Hudo Slovenija","og_description":"Hrva\u0161ki policist je danes na obmo\u010dju Prili\u0161i\u0107a nedale\u010d maloobmejnega mejnega prehoda \u017duni\u010di pri Metliki streljal v tla, da bi se ubranil pred fizi\u010dnim napadom mo\u0161kega iz Irana, je sporo\u010dila hrva\u0161ka policija. Kot so pojasnili, je do streljanja pri\u0161lo, ko je policist poskusil \u010detverici mo\u0161kih prepre\u010diti ilegalen vstop v Slovenijo.","og_url":"https:\/\/hudo.com\/si\/aktualno\/hrvaski-policist-streljal-ob-meji-s-slovenijo\/","og_site_name":"Hudo Slovenija","article_publisher":"https:\/\/www.facebook.com\/hudo.si","article_published_time":"2018-06-06T12:13:01+00:00","og_image":[{"width":1800,"height":1200,"url":"https:\/\/hudo.com\/si\/wp-content\/uploads\/sites\/2\/2018\/06\/profimedia-0087274486.jpg","type":"image\/jpeg"}],"author":"A. P., STA","twitter_card":"summary_large_image","twitter_creator":"@hudo_si","twitter_site":"@hudo_si","twitter_misc":{"Written by":"A. P., STA","Est. reading time":"1 minuta"},"schema":{"@context":"https:\/\/schema.org","@graph":[{"@type":"Article","@id":"https:\/\/hudo.com\/si\/aktualno\/hrvaski-policist-streljal-ob-meji-s-slovenijo\/#article","isPartOf":{"@id":"https:\/\/hudo.com\/si\/aktualno\/hrvaski-policist-streljal-ob-meji-s-slovenijo\/"},"author":{"name":"A. P., STA","@id":"https:\/\/hudo.com\/si\/#\/schema\/person\/18f09c02475ba9e606e941a565b80cff"},"headline":"Hrva\u0161ki policist streljal ob meji s Slovenijo","datePublished":"2018-06-06T12:13:01+00:00","dateModified":"2018-06-06T12:13:01+00:00","mainEntityOfPage":{"@id":"https:\/\/hudo.com\/si\/aktualno\/hrvaski-policist-streljal-ob-meji-s-slovenijo\/"},"wordCount":203,"publisher":{"@id":"https:\/\/hudo.com\/si\/#organization"},"keywords":["hrva\u0161ka","policija","Slovenija"],"articleSection":["Aktualno"],"inLanguage":"sl-SI"},{"@type":"WebPage","@id":"https:\/\/hudo.com\/si\/aktualno\/hrvaski-policist-streljal-ob-meji-s-slovenijo\/","url":"https:\/\/hudo.com\/si\/aktualno\/hrvaski-policist-streljal-ob-meji-s-slovenijo\/","name":"Hrva\u0161ki policist streljal ob meji s Slovenijo - Hudo Slovenija","isPartOf":{"@id":"https:\/\/hudo.com\/si\/#website"},"datePublished":"2018-06-06T12:13:01+00:00","dateModified":"2018-06-06T12:13:01+00:00","breadcrumb":{"@id":"https:\/\/hudo.com\/si\/aktualno\/hrvaski-policist-streljal-ob-meji-s-slovenijo\/#breadcrumb"},"inLanguage":"sl-SI","potentialAction":[{"@type":"ReadAction","target":["https:\/\/hudo.com\/si\/aktualno\/hrvaski-policist-streljal-ob-meji-s-slovenijo\/"]}]},{"@type":"BreadcrumbList","@id":"https:\/\/hudo.com\/si\/aktualno\/hrvaski-policist-streljal-ob-meji-s-slovenijo\/#breadcrumb","itemListElement":[{"@type":"ListItem","position":1,"name":"Home","item":"https:\/\/hudo.com\/si\/"},{"@type":"ListItem","position":2,"name":"Hrva\u0161ki policist streljal ob meji s Slovenijo"}]},{"@type":"WebSite","@id":"https:\/\/hudo.com\/si\/#website","url":"https:\/\/hudo.com\/si\/","name":"Hudo Slovenija","description":"Vse novice iz Slovenije in sveta","publisher":{"@id":"https:\/\/hudo.com\/si\/#organization"},"potentialAction":[{"@type":"SearchAction","target":{"@type":"EntryPoint","urlTemplate":"https:\/\/hudo.com\/si\/?s={search_term_string}"},"query-input":"required name=search_term_string"}],"inLanguage":"sl-SI"},{"@type":"Organization","@id":"https:\/\/hudo.com\/si\/#organization","name":"VSN Media","url":"https:\/\/hudo.com\/si\/","logo":{"@type":"ImageObject","inLanguage":"sl-SI","@id":"https:\/\/hudo.com\/si\/#\/schema\/logo\/image\/","url":"https:\/\/hudo.com\/si\/wp-content\/uploads\/sites\/2\/2021\/03\/hudo-app-2.png","contentUrl":"https:\/\/hudo.com\/si\/wp-content\/uploads\/sites\/2\/2021\/03\/hudo-app-2.png","width":2185,"height":2167,"caption":"VSN Media"},"image":{"@id":"https:\/\/hudo.com\/si\/#\/schema\/logo\/image\/"},"sameAs":["https:\/\/www.facebook.com\/hudo.si","https:\/\/twitter.com\/hudo_si"]},{"@type":"Person","@id":"https:\/\/hudo.com\/si\/#\/schema\/person\/18f09c02475ba9e606e941a565b80cff","name":"A. P., STA","image":{"@type":"ImageObject","inLanguage":"sl-SI","@id":"https:\/\/hudo.com\/si\/#\/schema\/person\/image\/","url":"https:\/\/secure.gravatar.com\/avatar\/03eac8e609f5f04383125d80eaeaaf3e?s=96&d=mm&r=g","contentUrl":"https:\/\/secure.gravatar.com\/avatar\/03eac8e609f5f04383125d80eaeaaf3e?s=96&d=mm&r=g","caption":"A. P., STA"},"url":"https:\/\/hudo.com\/si\/author\/lubu\/"}]}},"amp_enabled":true,"_links":{"self":[{"href":"https:\/\/hudo.com\/si\/wp-json\/wp\/v2\/posts\/371467"}],"collection":[{"href":"https:\/\/hudo.com\/si\/wp-json\/wp\/v2\/posts"}],"about":[{"href":"https:\/\/hudo.com\/si\/wp-json\/wp\/v2\/types\/post"}],"author":[{"embeddable":true,"href":"https:\/\/hudo.com\/si\/wp-json\/wp\/v2\/users\/7"}],"replies":[{"embeddable":true,"href":"https:\/\/hudo.com\/si\/wp-json\/wp\/v2\/comments?post=371467"}],"version-history":[{"count":1,"href":"https:\/\/hudo.com\/si\/wp-json\/wp\/v2\/posts\/371467\/revisions"}],"predecessor-version":[{"id":371469,"href":"https:\/\/hudo.com\/si\/wp-json\/wp\/v2\/posts\/371467\/revisions\/371469"}],"wp:featuredmedia":[{"embeddable":true,"href":"https:\/\/hudo.com\/si\/wp-json\/wp\/v2\/media\/371468"}],"wp:attachment":[{"href":"https:\/\/hudo.com\/si\/wp-json\/wp\/v2\/media?parent=371467"}],"wp:term":[{"taxonomy":"category","embeddable":true,"href":"https:\/\/hudo.com\/si\/wp-json\/wp\/v2\/categories?post=371467"},{"taxonomy":"post_tag","embeddable":true,"href":"https:\/\/hudo.com\/si\/wp-json\/wp\/v2\/tags?post=371467"},{"taxonomy":"source","embeddable":true,"href":"https:\/\/hudo.com\/si\/wp-json\/wp\/v2\/source?post=371467"},{"taxonomy":"supertag","embeddable":true,"href":"https:\/\/hudo.com\/si\/wp-json\/wp\/v2\/supertag?post=371467"}],"curies":[{"name":"wp","href":"https:\/\/api.w.org\/{rel}","templated":true}]}}