{"id":371574,"date":"2018-06-08T10:19:03","date_gmt":"2018-06-08T08:19:03","guid":{"rendered":"http:\/\/hudo.com\/si\/?p=371574"},"modified":"2018-06-08T11:43:22","modified_gmt":"2018-06-08T09:43:22","slug":"v-dz-prejeli-sumljivo-posiljko-z-belim-prahom-ena-oseba-v-karanteni","status":"publish","type":"post","link":"https:\/\/hudo.com\/si\/aktualno\/v-dz-prejeli-sumljivo-posiljko-z-belim-prahom-ena-oseba-v-karanteni\/","title":{"rendered":"V DZ prejeli sumljivo po\u0161iljko z belim prahom, ena oseba v karanteni"},"content":{"rendered":"<div class=\"text\">\n<p>V drugem primeru je \u0161lo za sumljivo po\u0161iljko fizi\u010dni osebi, dostavljeno v nabiralnik stanovanja v Ljubljani. Tudi v tem primeru policisti in druge slu\u017ebe izvajajo vse aktivnosti po protokolu, so pojasnili na Policijski upravi (PU) Ljubljana. Ve\u010d informacij pa bodo lahko posredovali, ko bodo kon\u010dane aktivnosti policistov in znani rezultati prvih analiz.<\/p>\n<p>V zvezi s po\u0161iljko v DZ pa so v tamkaj\u0161nji slu\u017ebi za odnose z javnostmi pojasnili, da tovrstne sumljive po\u0161iljke nikoli ne dose\u017eejo naslovnika, saj njihov sprejem poteka po natan\u010dno predpisanem in ustaljenem postopku. Odprejo jih namre\u010d javni uslu\u017ebenci pri obdelavi vhodne po\u0161te oziroma v vlo\u017ei\u0161\u010du, ki jim te po\u0161iljke zagotovo niso namenjene, so dejali za STA.<\/p>\n<\/div>\n","protected":false},"excerpt":{"rendered":"<p>V DZ so prejeli sumljivo po\u0161iljko z belim prahom. Na kraju so posredovali gasilci in policisti, za eno osebo so dolo\u010dili karanteno. Kot so sporo\u010dili s PU Ljubljana, so policisti in druge interventne slu\u017ebe z ogledom \u017ee kon\u010dali, po\u0161iljko so zavarovali in poslali v analizo. V tem \u010dasu pa so jih obvestili o \u0161e eni sumljivi po\u0161iljki.<\/p>\n","protected":false},"author":5,"featured_media":209732,"comment_status":"closed","ping_status":"closed","sticky":false,"template":"","format":"standard","meta":{"footnotes":""},"categories":[1179],"tags":[7012,1728,1595,6741],"source":[4511],"supertag":[7150],"acf":[],"yoast_head":"<!-- This site is optimized with the Yoast SEO plugin v21.3 - https:\/\/yoast.com\/wordpress\/plugins\/seo\/ -->\n<title>V DZ prejeli sumljivo po\u0161iljko z belim prahom, ena oseba v karanteni - Hudo Slovenija<\/title>\n<meta name=\"robots\" content=\"index, follow, max-snippet:-1, max-image-preview:large, max-video-preview:-1\" \/>\n<link rel=\"canonical\" href=\"https:\/\/hudo.com\/si\/aktualno\/v-dz-prejeli-sumljivo-posiljko-z-belim-prahom-ena-oseba-v-karanteni\/\" \/>\n<meta property=\"og:locale\" content=\"sl_SI\" \/>\n<meta property=\"og:type\" content=\"article\" \/>\n<meta property=\"og:title\" content=\"V DZ prejeli sumljivo po\u0161iljko z belim prahom, ena oseba v karanteni - Hudo Slovenija\" \/>\n<meta property=\"og:description\" content=\"V DZ so prejeli sumljivo po\u0161iljko z belim prahom. Na kraju so posredovali gasilci in policisti, za eno osebo so dolo\u010dili karanteno. Kot so sporo\u010dili s PU Ljubljana, so policisti in druge interventne slu\u017ebe z ogledom \u017ee kon\u010dali, po\u0161iljko so zavarovali in poslali v analizo. V tem \u010dasu pa so jih obvestili o \u0161e eni sumljivi po\u0161iljki.\" \/>\n<meta property=\"og:url\" content=\"https:\/\/hudo.com\/si\/aktualno\/v-dz-prejeli-sumljivo-posiljko-z-belim-prahom-ena-oseba-v-karanteni\/\" \/>\n<meta property=\"og:site_name\" content=\"Hudo Slovenija\" \/>\n<meta property=\"article:publisher\" content=\"https:\/\/www.facebook.com\/hudo.si\" \/>\n<meta property=\"article:published_time\" content=\"2018-06-08T08:19:03+00:00\" \/>\n<meta property=\"article:modified_time\" content=\"2018-06-08T09:43:22+00:00\" \/>\n<meta property=\"og:image\" content=\"https:\/\/hudo.com\/si\/wp-content\/uploads\/sites\/2\/2017\/02\/profimedia-0149490944-1.jpg\" \/>\n\t<meta property=\"og:image:width\" content=\"1250\" \/>\n\t<meta property=\"og:image:height\" content=\"833\" \/>\n\t<meta property=\"og:image:type\" content=\"image\/jpeg\" \/>\n<meta name=\"author\" content=\"A. G., STA\" \/>\n<meta name=\"twitter:card\" content=\"summary_large_image\" \/>\n<meta name=\"twitter:creator\" content=\"@hudo_si\" \/>\n<meta name=\"twitter:site\" content=\"@hudo_si\" \/>\n<meta name=\"twitter:label1\" content=\"Written by\" \/>\n\t<meta name=\"twitter:data1\" content=\"A. G., STA\" \/>\n\t<meta name=\"twitter:label2\" content=\"Est. reading time\" \/>\n\t<meta name=\"twitter:data2\" content=\"1 minuta\" \/>\n<script type=\"application\/ld+json\" class=\"yoast-schema-graph\">{\"@context\":\"https:\/\/schema.org\",\"@graph\":[{\"@type\":\"Article\",\"@id\":\"https:\/\/hudo.com\/si\/aktualno\/v-dz-prejeli-sumljivo-posiljko-z-belim-prahom-ena-oseba-v-karanteni\/#article\",\"isPartOf\":{\"@id\":\"https:\/\/hudo.com\/si\/aktualno\/v-dz-prejeli-sumljivo-posiljko-z-belim-prahom-ena-oseba-v-karanteni\/\"},\"author\":{\"name\":\"A. G., STA\",\"@id\":\"https:\/\/hudo.com\/si\/#\/schema\/person\/2391667a63ea075ba94f2f2dc6b77537\"},\"headline\":\"V DZ prejeli sumljivo po\u0161iljko z belim prahom, ena oseba v karanteni\",\"datePublished\":\"2018-06-08T08:19:03+00:00\",\"dateModified\":\"2018-06-08T09:43:22+00:00\",\"mainEntityOfPage\":{\"@id\":\"https:\/\/hudo.com\/si\/aktualno\/v-dz-prejeli-sumljivo-posiljko-z-belim-prahom-ena-oseba-v-karanteni\/\"},\"wordCount\":137,\"publisher\":{\"@id\":\"https:\/\/hudo.com\/si\/#organization\"},\"keywords\":[\"dr\u017eavni zbor\",\"policija\",\"Slovenija\",\"sumljiva po\u0161iljka\"],\"articleSection\":[\"Aktualno\"],\"inLanguage\":\"sl-SI\"},{\"@type\":\"WebPage\",\"@id\":\"https:\/\/hudo.com\/si\/aktualno\/v-dz-prejeli-sumljivo-posiljko-z-belim-prahom-ena-oseba-v-karanteni\/\",\"url\":\"https:\/\/hudo.com\/si\/aktualno\/v-dz-prejeli-sumljivo-posiljko-z-belim-prahom-ena-oseba-v-karanteni\/\",\"name\":\"V DZ prejeli sumljivo po\u0161iljko z belim prahom, ena oseba v karanteni - Hudo Slovenija\",\"isPartOf\":{\"@id\":\"https:\/\/hudo.com\/si\/#website\"},\"datePublished\":\"2018-06-08T08:19:03+00:00\",\"dateModified\":\"2018-06-08T09:43:22+00:00\",\"breadcrumb\":{\"@id\":\"https:\/\/hudo.com\/si\/aktualno\/v-dz-prejeli-sumljivo-posiljko-z-belim-prahom-ena-oseba-v-karanteni\/#breadcrumb\"},\"inLanguage\":\"sl-SI\",\"potentialAction\":[{\"@type\":\"ReadAction\",\"target\":[\"https:\/\/hudo.com\/si\/aktualno\/v-dz-prejeli-sumljivo-posiljko-z-belim-prahom-ena-oseba-v-karanteni\/\"]}]},{\"@type\":\"BreadcrumbList\",\"@id\":\"https:\/\/hudo.com\/si\/aktualno\/v-dz-prejeli-sumljivo-posiljko-z-belim-prahom-ena-oseba-v-karanteni\/#breadcrumb\",\"itemListElement\":[{\"@type\":\"ListItem\",\"position\":1,\"name\":\"Home\",\"item\":\"https:\/\/hudo.com\/si\/\"},{\"@type\":\"ListItem\",\"position\":2,\"name\":\"V DZ prejeli sumljivo po\u0161iljko z belim prahom, ena oseba v karanteni\"}]},{\"@type\":\"WebSite\",\"@id\":\"https:\/\/hudo.com\/si\/#website\",\"url\":\"https:\/\/hudo.com\/si\/\",\"name\":\"Hudo Slovenija\",\"description\":\"Vse novice iz Slovenije in sveta\",\"publisher\":{\"@id\":\"https:\/\/hudo.com\/si\/#organization\"},\"potentialAction\":[{\"@type\":\"SearchAction\",\"target\":{\"@type\":\"EntryPoint\",\"urlTemplate\":\"https:\/\/hudo.com\/si\/?s={search_term_string}\"},\"query-input\":\"required name=search_term_string\"}],\"inLanguage\":\"sl-SI\"},{\"@type\":\"Organization\",\"@id\":\"https:\/\/hudo.com\/si\/#organization\",\"name\":\"VSN Media\",\"url\":\"https:\/\/hudo.com\/si\/\",\"logo\":{\"@type\":\"ImageObject\",\"inLanguage\":\"sl-SI\",\"@id\":\"https:\/\/hudo.com\/si\/#\/schema\/logo\/image\/\",\"url\":\"https:\/\/hudo.com\/si\/wp-content\/uploads\/sites\/2\/2021\/03\/hudo-app-2.png\",\"contentUrl\":\"https:\/\/hudo.com\/si\/wp-content\/uploads\/sites\/2\/2021\/03\/hudo-app-2.png\",\"width\":2185,\"height\":2167,\"caption\":\"VSN Media\"},\"image\":{\"@id\":\"https:\/\/hudo.com\/si\/#\/schema\/logo\/image\/\"},\"sameAs\":[\"https:\/\/www.facebook.com\/hudo.si\",\"https:\/\/twitter.com\/hudo_si\"]},{\"@type\":\"Person\",\"@id\":\"https:\/\/hudo.com\/si\/#\/schema\/person\/2391667a63ea075ba94f2f2dc6b77537\",\"name\":\"A. G., STA\",\"image\":{\"@type\":\"ImageObject\",\"inLanguage\":\"sl-SI\",\"@id\":\"https:\/\/hudo.com\/si\/#\/schema\/person\/image\/\",\"url\":\"https:\/\/secure.gravatar.com\/avatar\/e13d22ac3e442658d5025fbbe6238a79?s=96&d=mm&r=g\",\"contentUrl\":\"https:\/\/secure.gravatar.com\/avatar\/e13d22ac3e442658d5025fbbe6238a79?s=96&d=mm&r=g\",\"caption\":\"A. G., STA\"},\"url\":\"https:\/\/hudo.com\/si\/author\/alenka\/\"}]}<\/script>\n<!-- \/ Yoast SEO plugin. -->","yoast_head_json":{"title":"V DZ prejeli sumljivo po\u0161iljko z belim prahom, ena oseba v karanteni - Hudo Slovenija","robots":{"index":"index","follow":"follow","max-snippet":"max-snippet:-1","max-image-preview":"max-image-preview:large","max-video-preview":"max-video-preview:-1"},"canonical":"https:\/\/hudo.com\/si\/aktualno\/v-dz-prejeli-sumljivo-posiljko-z-belim-prahom-ena-oseba-v-karanteni\/","og_locale":"sl_SI","og_type":"article","og_title":"V DZ prejeli sumljivo po\u0161iljko z belim prahom, ena oseba v karanteni - Hudo Slovenija","og_description":"V DZ so prejeli sumljivo po\u0161iljko z belim prahom. Na kraju so posredovali gasilci in policisti, za eno osebo so dolo\u010dili karanteno. Kot so sporo\u010dili s PU Ljubljana, so policisti in druge interventne slu\u017ebe z ogledom \u017ee kon\u010dali, po\u0161iljko so zavarovali in poslali v analizo. V tem \u010dasu pa so jih obvestili o \u0161e eni sumljivi po\u0161iljki.","og_url":"https:\/\/hudo.com\/si\/aktualno\/v-dz-prejeli-sumljivo-posiljko-z-belim-prahom-ena-oseba-v-karanteni\/","og_site_name":"Hudo Slovenija","article_publisher":"https:\/\/www.facebook.com\/hudo.si","article_published_time":"2018-06-08T08:19:03+00:00","article_modified_time":"2018-06-08T09:43:22+00:00","og_image":[{"width":1250,"height":833,"url":"https:\/\/hudo.com\/si\/wp-content\/uploads\/sites\/2\/2017\/02\/profimedia-0149490944-1.jpg","type":"image\/jpeg"}],"author":"A. G., STA","twitter_card":"summary_large_image","twitter_creator":"@hudo_si","twitter_site":"@hudo_si","twitter_misc":{"Written by":"A. G., STA","Est. reading time":"1 minuta"},"schema":{"@context":"https:\/\/schema.org","@graph":[{"@type":"Article","@id":"https:\/\/hudo.com\/si\/aktualno\/v-dz-prejeli-sumljivo-posiljko-z-belim-prahom-ena-oseba-v-karanteni\/#article","isPartOf":{"@id":"https:\/\/hudo.com\/si\/aktualno\/v-dz-prejeli-sumljivo-posiljko-z-belim-prahom-ena-oseba-v-karanteni\/"},"author":{"name":"A. G., STA","@id":"https:\/\/hudo.com\/si\/#\/schema\/person\/2391667a63ea075ba94f2f2dc6b77537"},"headline":"V DZ prejeli sumljivo po\u0161iljko z belim prahom, ena oseba v karanteni","datePublished":"2018-06-08T08:19:03+00:00","dateModified":"2018-06-08T09:43:22+00:00","mainEntityOfPage":{"@id":"https:\/\/hudo.com\/si\/aktualno\/v-dz-prejeli-sumljivo-posiljko-z-belim-prahom-ena-oseba-v-karanteni\/"},"wordCount":137,"publisher":{"@id":"https:\/\/hudo.com\/si\/#organization"},"keywords":["dr\u017eavni zbor","policija","Slovenija","sumljiva po\u0161iljka"],"articleSection":["Aktualno"],"inLanguage":"sl-SI"},{"@type":"WebPage","@id":"https:\/\/hudo.com\/si\/aktualno\/v-dz-prejeli-sumljivo-posiljko-z-belim-prahom-ena-oseba-v-karanteni\/","url":"https:\/\/hudo.com\/si\/aktualno\/v-dz-prejeli-sumljivo-posiljko-z-belim-prahom-ena-oseba-v-karanteni\/","name":"V DZ prejeli sumljivo po\u0161iljko z belim prahom, ena oseba v karanteni - Hudo Slovenija","isPartOf":{"@id":"https:\/\/hudo.com\/si\/#website"},"datePublished":"2018-06-08T08:19:03+00:00","dateModified":"2018-06-08T09:43:22+00:00","breadcrumb":{"@id":"https:\/\/hudo.com\/si\/aktualno\/v-dz-prejeli-sumljivo-posiljko-z-belim-prahom-ena-oseba-v-karanteni\/#breadcrumb"},"inLanguage":"sl-SI","potentialAction":[{"@type":"ReadAction","target":["https:\/\/hudo.com\/si\/aktualno\/v-dz-prejeli-sumljivo-posiljko-z-belim-prahom-ena-oseba-v-karanteni\/"]}]},{"@type":"BreadcrumbList","@id":"https:\/\/hudo.com\/si\/aktualno\/v-dz-prejeli-sumljivo-posiljko-z-belim-prahom-ena-oseba-v-karanteni\/#breadcrumb","itemListElement":[{"@type":"ListItem","position":1,"name":"Home","item":"https:\/\/hudo.com\/si\/"},{"@type":"ListItem","position":2,"name":"V DZ prejeli sumljivo po\u0161iljko z belim prahom, ena oseba v karanteni"}]},{"@type":"WebSite","@id":"https:\/\/hudo.com\/si\/#website","url":"https:\/\/hudo.com\/si\/","name":"Hudo Slovenija","description":"Vse novice iz Slovenije in sveta","publisher":{"@id":"https:\/\/hudo.com\/si\/#organization"},"potentialAction":[{"@type":"SearchAction","target":{"@type":"EntryPoint","urlTemplate":"https:\/\/hudo.com\/si\/?s={search_term_string}"},"query-input":"required name=search_term_string"}],"inLanguage":"sl-SI"},{"@type":"Organization","@id":"https:\/\/hudo.com\/si\/#organization","name":"VSN Media","url":"https:\/\/hudo.com\/si\/","logo":{"@type":"ImageObject","inLanguage":"sl-SI","@id":"https:\/\/hudo.com\/si\/#\/schema\/logo\/image\/","url":"https:\/\/hudo.com\/si\/wp-content\/uploads\/sites\/2\/2021\/03\/hudo-app-2.png","contentUrl":"https:\/\/hudo.com\/si\/wp-content\/uploads\/sites\/2\/2021\/03\/hudo-app-2.png","width":2185,"height":2167,"caption":"VSN Media"},"image":{"@id":"https:\/\/hudo.com\/si\/#\/schema\/logo\/image\/"},"sameAs":["https:\/\/www.facebook.com\/hudo.si","https:\/\/twitter.com\/hudo_si"]},{"@type":"Person","@id":"https:\/\/hudo.com\/si\/#\/schema\/person\/2391667a63ea075ba94f2f2dc6b77537","name":"A. G., STA","image":{"@type":"ImageObject","inLanguage":"sl-SI","@id":"https:\/\/hudo.com\/si\/#\/schema\/person\/image\/","url":"https:\/\/secure.gravatar.com\/avatar\/e13d22ac3e442658d5025fbbe6238a79?s=96&d=mm&r=g","contentUrl":"https:\/\/secure.gravatar.com\/avatar\/e13d22ac3e442658d5025fbbe6238a79?s=96&d=mm&r=g","caption":"A. G., STA"},"url":"https:\/\/hudo.com\/si\/author\/alenka\/"}]}},"amp_enabled":true,"_links":{"self":[{"href":"https:\/\/hudo.com\/si\/wp-json\/wp\/v2\/posts\/371574"}],"collection":[{"href":"https:\/\/hudo.com\/si\/wp-json\/wp\/v2\/posts"}],"about":[{"href":"https:\/\/hudo.com\/si\/wp-json\/wp\/v2\/types\/post"}],"author":[{"embeddable":true,"href":"https:\/\/hudo.com\/si\/wp-json\/wp\/v2\/users\/5"}],"replies":[{"embeddable":true,"href":"https:\/\/hudo.com\/si\/wp-json\/wp\/v2\/comments?post=371574"}],"version-history":[{"count":2,"href":"https:\/\/hudo.com\/si\/wp-json\/wp\/v2\/posts\/371574\/revisions"}],"predecessor-version":[{"id":371612,"href":"https:\/\/hudo.com\/si\/wp-json\/wp\/v2\/posts\/371574\/revisions\/371612"}],"wp:featuredmedia":[{"embeddable":true,"href":"https:\/\/hudo.com\/si\/wp-json\/wp\/v2\/media\/209732"}],"wp:attachment":[{"href":"https:\/\/hudo.com\/si\/wp-json\/wp\/v2\/media?parent=371574"}],"wp:term":[{"taxonomy":"category","embeddable":true,"href":"https:\/\/hudo.com\/si\/wp-json\/wp\/v2\/categories?post=371574"},{"taxonomy":"post_tag","embeddable":true,"href":"https:\/\/hudo.com\/si\/wp-json\/wp\/v2\/tags?post=371574"},{"taxonomy":"source","embeddable":true,"href":"https:\/\/hudo.com\/si\/wp-json\/wp\/v2\/source?post=371574"},{"taxonomy":"supertag","embeddable":true,"href":"https:\/\/hudo.com\/si\/wp-json\/wp\/v2\/supertag?post=371574"}],"curies":[{"name":"wp","href":"https:\/\/api.w.org\/{rel}","templated":true}]}}