{"id":371583,"date":"2018-06-08T10:22:12","date_gmt":"2018-06-08T08:22:12","guid":{"rendered":"http:\/\/hudo.com\/si\/?p=371583"},"modified":"2018-06-08T10:22:12","modified_gmt":"2018-06-08T08:22:12","slug":"avstrija-zapira-sedem-mosej-zaradi-desnicarskega-ekstremizma","status":"publish","type":"post","link":"https:\/\/hudo.com\/si\/aktualno\/avstrija-zapira-sedem-mosej-zaradi-desnicarskega-ekstremizma\/","title":{"rendered":"Avstrija zapira sedem mo\u0161ej zaradi desni\u010darskega ekstremizma"},"content":{"rendered":"<p>Med zaprtimi mo\u0161ejami je tur\u0161ka mo\u0161eja na Dunaju in \u0161est mo\u0161ej, s katerimi upravlja arabska verska skupnost. \u0160tiri od njih se nahajajo na Dunaju, dve v zvezni de\u017eeli Zgornja Avstrija in ena na avstrijskem Koro\u0161kem.<\/p>\n<p>Njihovo zaprtje so odredili zaradi kr\u0161itev zakona o islamu, je na jutranji novinarski konferenci v kanclerskem uradu pojasnil Kurz. Kot je dodal vicekancler Heinz-Christian Strache, ni mogo\u010de &#8220;trpeti sovra\u017enih pridig pod krinko religije&#8221;.<\/p>\n<p>Minister za kulturo Gernot Bl\u00fcmel je pojasnil, da so tur\u0161ko mo\u0161ejo na Dunaju zaprli zaradi suma desni\u010darskega ekstremizma in ker ni pridobila ustreznega dovoljenja za delovanje s strani Avstrijske skupnosti za islamsko vero, krovne skupine muslimanov v dr\u017eavi. Arabske mo\u0161eje so zaprli zaradi salafisti\u010dnih stali\u0161\u010d, ki naj bi jih pridigali v njih, je \u0161e pojasnil Bl\u00fcmel.<\/p>\n<p>Trenutno zaradi kr\u0161itve prepovedi financiranja iz tujine preiskujejo do 60 imamov, od katerih naj bi bila ve\u010dina vklju\u010denih v Zdru\u017eenje tur\u0161kih-islamskih kulturnih dru\u0161tev v Evropi (ATIB). To je je neposredno pod nadzorom tur\u0161kih dr\u017eavnih verskih organov.<\/p>\n<p>Ustrezen postopek so \u017ee spro\u017eili proti 11, od katerih so pri dveh tudi \u017ee ugotovili kr\u0161itve. Tisti, pri katerih bodo ugotovili kr\u0161itve, bodo morali zapustiti dr\u017eavo, sicer jim grozi izgon, je po poro\u010danju avstrijske tiskovne agencije APA pojasnil notranji minister Herbert Kickl.<\/p>\n<p>Preiskavo mo\u0161ej in imamov so v Avstriji uvedli po aprilski objavi fotografij otrok, ki so v eni glavnih dunajskih mo\u0161ej, povezanih s tur\u0161ko skupnostjo, uprizorili eni glavnih bitk Otomanskega cesarstva med prvo svetovno vojno.<\/p>\n<p>Na fotografijah je bilo videti de\u010dke, kako nosijo tur\u0161ko zastavo in korakajo, oble\u010deni v maskirne uniforme. Uprizorili so tudi mrtve vojake, prekrite s tur\u0161kimi zastavami. Prav tako je bilo videti deklice z naglavnimi rutami.<\/p>\n<p>Mo\u0161ejo, kjer se je dogodek odvil, je vodil ATIB, ki je ob objavi fotografij aprila sporo\u010dil, da je \u0161lo za &#8220;ob\u017ealovanja vreden&#8221; dogodek.<\/p>\n","protected":false},"excerpt":{"rendered":"<p>Avstrija je danes v skladu z leta 2015 sprejetim zakonom o islamu napovedala zaprtje sedmih mo\u0161ej, ve\u010d deset imamom pa zaradi suma prepovedanega financiranja iz tujine grozi izgon. &#8220;Vzporedne dru\u017ebe, politi\u010dni islam in te\u017enje k radikalizaciji v na\u0161i dru\u017ebi nimajo mesta,&#8221; je ob tem pojasnil avstrijski kancler Sebastian Kurz.<\/p>\n","protected":false},"author":7,"featured_media":371585,"comment_status":"closed","ping_status":"closed","sticky":false,"template":"","format":"standard","meta":{"footnotes":""},"categories":[1179],"tags":[1934,6520,7566],"source":[4511],"supertag":[],"acf":[],"yoast_head":"<!-- This site is optimized with the Yoast SEO plugin v21.3 - https:\/\/yoast.com\/wordpress\/plugins\/seo\/ -->\n<title>Avstrija zapira sedem mo\u0161ej zaradi desni\u010darskega ekstremizma - Hudo Slovenija<\/title>\n<meta name=\"robots\" content=\"index, follow, max-snippet:-1, max-image-preview:large, max-video-preview:-1\" \/>\n<link rel=\"canonical\" href=\"https:\/\/hudo.com\/si\/aktualno\/avstrija-zapira-sedem-mosej-zaradi-desnicarskega-ekstremizma\/\" \/>\n<meta property=\"og:locale\" content=\"sl_SI\" \/>\n<meta property=\"og:type\" content=\"article\" \/>\n<meta property=\"og:title\" content=\"Avstrija zapira sedem mo\u0161ej zaradi desni\u010darskega ekstremizma - Hudo Slovenija\" \/>\n<meta property=\"og:description\" content=\"Avstrija je danes v skladu z leta 2015 sprejetim zakonom o islamu napovedala zaprtje sedmih mo\u0161ej, ve\u010d deset imamom pa zaradi suma prepovedanega financiranja iz tujine grozi izgon. &quot;Vzporedne dru\u017ebe, politi\u010dni islam in te\u017enje k radikalizaciji v na\u0161i dru\u017ebi nimajo mesta,&quot; je ob tem pojasnil avstrijski kancler Sebastian Kurz.\" \/>\n<meta property=\"og:url\" content=\"https:\/\/hudo.com\/si\/aktualno\/avstrija-zapira-sedem-mosej-zaradi-desnicarskega-ekstremizma\/\" \/>\n<meta property=\"og:site_name\" content=\"Hudo Slovenija\" \/>\n<meta property=\"article:publisher\" content=\"https:\/\/www.facebook.com\/hudo.si\" \/>\n<meta property=\"article:published_time\" content=\"2018-06-08T08:22:12+00:00\" \/>\n<meta property=\"og:image\" content=\"https:\/\/hudo.com\/si\/wp-content\/uploads\/sites\/2\/2018\/06\/profimedia-0089845534.jpg\" \/>\n\t<meta property=\"og:image:width\" content=\"1250\" \/>\n\t<meta property=\"og:image:height\" content=\"896\" \/>\n\t<meta property=\"og:image:type\" content=\"image\/jpeg\" \/>\n<meta name=\"author\" content=\"A. P., STA\" \/>\n<meta name=\"twitter:card\" content=\"summary_large_image\" \/>\n<meta name=\"twitter:creator\" content=\"@hudo_si\" \/>\n<meta name=\"twitter:site\" content=\"@hudo_si\" \/>\n<meta name=\"twitter:label1\" content=\"Written by\" \/>\n\t<meta name=\"twitter:data1\" content=\"A. P., STA\" \/>\n\t<meta name=\"twitter:label2\" content=\"Est. reading time\" \/>\n\t<meta name=\"twitter:data2\" content=\"2 minuti\" \/>\n<script type=\"application\/ld+json\" class=\"yoast-schema-graph\">{\"@context\":\"https:\/\/schema.org\",\"@graph\":[{\"@type\":\"Article\",\"@id\":\"https:\/\/hudo.com\/si\/aktualno\/avstrija-zapira-sedem-mosej-zaradi-desnicarskega-ekstremizma\/#article\",\"isPartOf\":{\"@id\":\"https:\/\/hudo.com\/si\/aktualno\/avstrija-zapira-sedem-mosej-zaradi-desnicarskega-ekstremizma\/\"},\"author\":{\"name\":\"A. P., STA\",\"@id\":\"https:\/\/hudo.com\/si\/#\/schema\/person\/18f09c02475ba9e606e941a565b80cff\"},\"headline\":\"Avstrija zapira sedem mo\u0161ej zaradi desni\u010darskega ekstremizma\",\"datePublished\":\"2018-06-08T08:22:12+00:00\",\"dateModified\":\"2018-06-08T08:22:12+00:00\",\"mainEntityOfPage\":{\"@id\":\"https:\/\/hudo.com\/si\/aktualno\/avstrija-zapira-sedem-mosej-zaradi-desnicarskega-ekstremizma\/\"},\"wordCount\":340,\"publisher\":{\"@id\":\"https:\/\/hudo.com\/si\/#organization\"},\"keywords\":[\"Avstrija\",\"desni\u010darski skrajne\u017ei\",\"radikalni islamizem\"],\"articleSection\":[\"Aktualno\"],\"inLanguage\":\"sl-SI\"},{\"@type\":\"WebPage\",\"@id\":\"https:\/\/hudo.com\/si\/aktualno\/avstrija-zapira-sedem-mosej-zaradi-desnicarskega-ekstremizma\/\",\"url\":\"https:\/\/hudo.com\/si\/aktualno\/avstrija-zapira-sedem-mosej-zaradi-desnicarskega-ekstremizma\/\",\"name\":\"Avstrija zapira sedem mo\u0161ej zaradi desni\u010darskega ekstremizma - Hudo Slovenija\",\"isPartOf\":{\"@id\":\"https:\/\/hudo.com\/si\/#website\"},\"datePublished\":\"2018-06-08T08:22:12+00:00\",\"dateModified\":\"2018-06-08T08:22:12+00:00\",\"breadcrumb\":{\"@id\":\"https:\/\/hudo.com\/si\/aktualno\/avstrija-zapira-sedem-mosej-zaradi-desnicarskega-ekstremizma\/#breadcrumb\"},\"inLanguage\":\"sl-SI\",\"potentialAction\":[{\"@type\":\"ReadAction\",\"target\":[\"https:\/\/hudo.com\/si\/aktualno\/avstrija-zapira-sedem-mosej-zaradi-desnicarskega-ekstremizma\/\"]}]},{\"@type\":\"BreadcrumbList\",\"@id\":\"https:\/\/hudo.com\/si\/aktualno\/avstrija-zapira-sedem-mosej-zaradi-desnicarskega-ekstremizma\/#breadcrumb\",\"itemListElement\":[{\"@type\":\"ListItem\",\"position\":1,\"name\":\"Home\",\"item\":\"https:\/\/hudo.com\/si\/\"},{\"@type\":\"ListItem\",\"position\":2,\"name\":\"Avstrija zapira sedem mo\u0161ej zaradi desni\u010darskega ekstremizma\"}]},{\"@type\":\"WebSite\",\"@id\":\"https:\/\/hudo.com\/si\/#website\",\"url\":\"https:\/\/hudo.com\/si\/\",\"name\":\"Hudo Slovenija\",\"description\":\"Vse novice iz Slovenije in sveta\",\"publisher\":{\"@id\":\"https:\/\/hudo.com\/si\/#organization\"},\"potentialAction\":[{\"@type\":\"SearchAction\",\"target\":{\"@type\":\"EntryPoint\",\"urlTemplate\":\"https:\/\/hudo.com\/si\/?s={search_term_string}\"},\"query-input\":\"required name=search_term_string\"}],\"inLanguage\":\"sl-SI\"},{\"@type\":\"Organization\",\"@id\":\"https:\/\/hudo.com\/si\/#organization\",\"name\":\"VSN Media\",\"url\":\"https:\/\/hudo.com\/si\/\",\"logo\":{\"@type\":\"ImageObject\",\"inLanguage\":\"sl-SI\",\"@id\":\"https:\/\/hudo.com\/si\/#\/schema\/logo\/image\/\",\"url\":\"https:\/\/hudo.com\/si\/wp-content\/uploads\/sites\/2\/2021\/03\/hudo-app-2.png\",\"contentUrl\":\"https:\/\/hudo.com\/si\/wp-content\/uploads\/sites\/2\/2021\/03\/hudo-app-2.png\",\"width\":2185,\"height\":2167,\"caption\":\"VSN Media\"},\"image\":{\"@id\":\"https:\/\/hudo.com\/si\/#\/schema\/logo\/image\/\"},\"sameAs\":[\"https:\/\/www.facebook.com\/hudo.si\",\"https:\/\/twitter.com\/hudo_si\"]},{\"@type\":\"Person\",\"@id\":\"https:\/\/hudo.com\/si\/#\/schema\/person\/18f09c02475ba9e606e941a565b80cff\",\"name\":\"A. P., STA\",\"image\":{\"@type\":\"ImageObject\",\"inLanguage\":\"sl-SI\",\"@id\":\"https:\/\/hudo.com\/si\/#\/schema\/person\/image\/\",\"url\":\"https:\/\/secure.gravatar.com\/avatar\/03eac8e609f5f04383125d80eaeaaf3e?s=96&d=mm&r=g\",\"contentUrl\":\"https:\/\/secure.gravatar.com\/avatar\/03eac8e609f5f04383125d80eaeaaf3e?s=96&d=mm&r=g\",\"caption\":\"A. P., STA\"},\"url\":\"https:\/\/hudo.com\/si\/author\/lubu\/\"}]}<\/script>\n<!-- \/ Yoast SEO plugin. -->","yoast_head_json":{"title":"Avstrija zapira sedem mo\u0161ej zaradi desni\u010darskega ekstremizma - Hudo Slovenija","robots":{"index":"index","follow":"follow","max-snippet":"max-snippet:-1","max-image-preview":"max-image-preview:large","max-video-preview":"max-video-preview:-1"},"canonical":"https:\/\/hudo.com\/si\/aktualno\/avstrija-zapira-sedem-mosej-zaradi-desnicarskega-ekstremizma\/","og_locale":"sl_SI","og_type":"article","og_title":"Avstrija zapira sedem mo\u0161ej zaradi desni\u010darskega ekstremizma - Hudo Slovenija","og_description":"Avstrija je danes v skladu z leta 2015 sprejetim zakonom o islamu napovedala zaprtje sedmih mo\u0161ej, ve\u010d deset imamom pa zaradi suma prepovedanega financiranja iz tujine grozi izgon. \"Vzporedne dru\u017ebe, politi\u010dni islam in te\u017enje k radikalizaciji v na\u0161i dru\u017ebi nimajo mesta,\" je ob tem pojasnil avstrijski kancler Sebastian Kurz.","og_url":"https:\/\/hudo.com\/si\/aktualno\/avstrija-zapira-sedem-mosej-zaradi-desnicarskega-ekstremizma\/","og_site_name":"Hudo Slovenija","article_publisher":"https:\/\/www.facebook.com\/hudo.si","article_published_time":"2018-06-08T08:22:12+00:00","og_image":[{"width":1250,"height":896,"url":"https:\/\/hudo.com\/si\/wp-content\/uploads\/sites\/2\/2018\/06\/profimedia-0089845534.jpg","type":"image\/jpeg"}],"author":"A. P., STA","twitter_card":"summary_large_image","twitter_creator":"@hudo_si","twitter_site":"@hudo_si","twitter_misc":{"Written by":"A. P., STA","Est. reading time":"2 minuti"},"schema":{"@context":"https:\/\/schema.org","@graph":[{"@type":"Article","@id":"https:\/\/hudo.com\/si\/aktualno\/avstrija-zapira-sedem-mosej-zaradi-desnicarskega-ekstremizma\/#article","isPartOf":{"@id":"https:\/\/hudo.com\/si\/aktualno\/avstrija-zapira-sedem-mosej-zaradi-desnicarskega-ekstremizma\/"},"author":{"name":"A. P., STA","@id":"https:\/\/hudo.com\/si\/#\/schema\/person\/18f09c02475ba9e606e941a565b80cff"},"headline":"Avstrija zapira sedem mo\u0161ej zaradi desni\u010darskega ekstremizma","datePublished":"2018-06-08T08:22:12+00:00","dateModified":"2018-06-08T08:22:12+00:00","mainEntityOfPage":{"@id":"https:\/\/hudo.com\/si\/aktualno\/avstrija-zapira-sedem-mosej-zaradi-desnicarskega-ekstremizma\/"},"wordCount":340,"publisher":{"@id":"https:\/\/hudo.com\/si\/#organization"},"keywords":["Avstrija","desni\u010darski skrajne\u017ei","radikalni islamizem"],"articleSection":["Aktualno"],"inLanguage":"sl-SI"},{"@type":"WebPage","@id":"https:\/\/hudo.com\/si\/aktualno\/avstrija-zapira-sedem-mosej-zaradi-desnicarskega-ekstremizma\/","url":"https:\/\/hudo.com\/si\/aktualno\/avstrija-zapira-sedem-mosej-zaradi-desnicarskega-ekstremizma\/","name":"Avstrija zapira sedem mo\u0161ej zaradi desni\u010darskega ekstremizma - Hudo Slovenija","isPartOf":{"@id":"https:\/\/hudo.com\/si\/#website"},"datePublished":"2018-06-08T08:22:12+00:00","dateModified":"2018-06-08T08:22:12+00:00","breadcrumb":{"@id":"https:\/\/hudo.com\/si\/aktualno\/avstrija-zapira-sedem-mosej-zaradi-desnicarskega-ekstremizma\/#breadcrumb"},"inLanguage":"sl-SI","potentialAction":[{"@type":"ReadAction","target":["https:\/\/hudo.com\/si\/aktualno\/avstrija-zapira-sedem-mosej-zaradi-desnicarskega-ekstremizma\/"]}]},{"@type":"BreadcrumbList","@id":"https:\/\/hudo.com\/si\/aktualno\/avstrija-zapira-sedem-mosej-zaradi-desnicarskega-ekstremizma\/#breadcrumb","itemListElement":[{"@type":"ListItem","position":1,"name":"Home","item":"https:\/\/hudo.com\/si\/"},{"@type":"ListItem","position":2,"name":"Avstrija zapira sedem mo\u0161ej zaradi desni\u010darskega ekstremizma"}]},{"@type":"WebSite","@id":"https:\/\/hudo.com\/si\/#website","url":"https:\/\/hudo.com\/si\/","name":"Hudo Slovenija","description":"Vse novice iz Slovenije in sveta","publisher":{"@id":"https:\/\/hudo.com\/si\/#organization"},"potentialAction":[{"@type":"SearchAction","target":{"@type":"EntryPoint","urlTemplate":"https:\/\/hudo.com\/si\/?s={search_term_string}"},"query-input":"required name=search_term_string"}],"inLanguage":"sl-SI"},{"@type":"Organization","@id":"https:\/\/hudo.com\/si\/#organization","name":"VSN Media","url":"https:\/\/hudo.com\/si\/","logo":{"@type":"ImageObject","inLanguage":"sl-SI","@id":"https:\/\/hudo.com\/si\/#\/schema\/logo\/image\/","url":"https:\/\/hudo.com\/si\/wp-content\/uploads\/sites\/2\/2021\/03\/hudo-app-2.png","contentUrl":"https:\/\/hudo.com\/si\/wp-content\/uploads\/sites\/2\/2021\/03\/hudo-app-2.png","width":2185,"height":2167,"caption":"VSN Media"},"image":{"@id":"https:\/\/hudo.com\/si\/#\/schema\/logo\/image\/"},"sameAs":["https:\/\/www.facebook.com\/hudo.si","https:\/\/twitter.com\/hudo_si"]},{"@type":"Person","@id":"https:\/\/hudo.com\/si\/#\/schema\/person\/18f09c02475ba9e606e941a565b80cff","name":"A. P., STA","image":{"@type":"ImageObject","inLanguage":"sl-SI","@id":"https:\/\/hudo.com\/si\/#\/schema\/person\/image\/","url":"https:\/\/secure.gravatar.com\/avatar\/03eac8e609f5f04383125d80eaeaaf3e?s=96&d=mm&r=g","contentUrl":"https:\/\/secure.gravatar.com\/avatar\/03eac8e609f5f04383125d80eaeaaf3e?s=96&d=mm&r=g","caption":"A. P., STA"},"url":"https:\/\/hudo.com\/si\/author\/lubu\/"}]}},"amp_enabled":true,"_links":{"self":[{"href":"https:\/\/hudo.com\/si\/wp-json\/wp\/v2\/posts\/371583"}],"collection":[{"href":"https:\/\/hudo.com\/si\/wp-json\/wp\/v2\/posts"}],"about":[{"href":"https:\/\/hudo.com\/si\/wp-json\/wp\/v2\/types\/post"}],"author":[{"embeddable":true,"href":"https:\/\/hudo.com\/si\/wp-json\/wp\/v2\/users\/7"}],"replies":[{"embeddable":true,"href":"https:\/\/hudo.com\/si\/wp-json\/wp\/v2\/comments?post=371583"}],"version-history":[{"count":1,"href":"https:\/\/hudo.com\/si\/wp-json\/wp\/v2\/posts\/371583\/revisions"}],"predecessor-version":[{"id":371586,"href":"https:\/\/hudo.com\/si\/wp-json\/wp\/v2\/posts\/371583\/revisions\/371586"}],"wp:featuredmedia":[{"embeddable":true,"href":"https:\/\/hudo.com\/si\/wp-json\/wp\/v2\/media\/371585"}],"wp:attachment":[{"href":"https:\/\/hudo.com\/si\/wp-json\/wp\/v2\/media?parent=371583"}],"wp:term":[{"taxonomy":"category","embeddable":true,"href":"https:\/\/hudo.com\/si\/wp-json\/wp\/v2\/categories?post=371583"},{"taxonomy":"post_tag","embeddable":true,"href":"https:\/\/hudo.com\/si\/wp-json\/wp\/v2\/tags?post=371583"},{"taxonomy":"source","embeddable":true,"href":"https:\/\/hudo.com\/si\/wp-json\/wp\/v2\/source?post=371583"},{"taxonomy":"supertag","embeddable":true,"href":"https:\/\/hudo.com\/si\/wp-json\/wp\/v2\/supertag?post=371583"}],"curies":[{"name":"wp","href":"https:\/\/api.w.org\/{rel}","templated":true}]}}