{"id":371674,"date":"2018-06-10T08:17:46","date_gmt":"2018-06-10T06:17:46","guid":{"rendered":"http:\/\/hudo.com\/si\/?p=371674"},"modified":"2018-06-10T08:17:46","modified_gmt":"2018-06-10T06:17:46","slug":"trump-po-polomiji-na-vrhu-g7-uzaljeno-tvital","status":"publish","type":"post","link":"https:\/\/hudo.com\/si\/aktualno\/trump-po-polomiji-na-vrhu-g7-uzaljeno-tvital\/","title":{"rendered":"Trump po polomiji na vrhu G7 u\u017ealjeno tvital"},"content":{"rendered":"<p>Trump je tvitnil, da je ameri\u0161kim predstavnikom, ki so ostali v Kanadi za njim, ko je \u017ee odrinil proti Singapurju, naro\u010dil, naj ne podprejo skupne izjave zaradi &#8220;Justinovih&#8221; la\u017enih izjav na novinarski konferenci in dejstva, da Kanada zara\u010dunava ogromne carine ameri\u0161kim kmetom, delavcem in podjetjem. Dodal je \u0161e namig, da bo kmalu uvedel visoke carine na uvoz avtomobilov v ZDA.<\/p>\n<p>V nadaljevanju tvita je Trudeauja napadel tudi osebno. &#8220;Premier Justin Trudeau iz Kanade je bil ves poni\u017een in prijazen na sre\u010danjih G7, nato pa je na novinarski konferenci, ko sem \u017ee od\u0161el, dejal, da so ameri\u0161ke carine \u017ealjive in ga ne bo nih\u010de porival naokrog. Zelo neiskren in \u0161ibak. Na\u0161e carine so odgovor na njegove 270-odstotne na mleko!&#8221;<\/p>\n<p>\u017de pred vrhom, ki je v petek in soboto potekal v kraju La Malbaie v kanadski provinci Quebec, je bilo jasno, da bodo te\u017eave zaradi Trumpa. Najprej zaradi njegovih carin na uvoz jekla in aluminija v ZDA, ki jih je 1. junija uvedel proti EU, Kanadi in Mehiki, nato zaradi izjav, ki jih je dal pred potjo na vrh, kamor je zamudil debelo uro, in obna\u0161anja na samem vrhu.<\/p>\n<p>\u017de pred vrhom G7 so analitiki govorili, da gre v bistvu za vrh G6 plus ZDA, in napovedovali, da bo sklepno izjavo, o kateri se morajo strinjati vsi udele\u017eenci, izjemno te\u017eko sprejeti zaradi ZDA. Na koncu so jo sicer le sprejeli, sicer brez ZDA v delu, ki je izra\u017eal podporo Pari\u0161kemu podnebnemu sporazumu, in brez ZDA ter Japonske pri zavezi, da bodo svetovne oceane o\u010distili onesna\u017eevanja s plastiko.<\/p>\n<p>Trump je pred potjo v Kanado navrgel, da bi bilo treba G7 spremeniti nazaj v G8 z vrnitvijo Rusije, \u010desar ni vzela resno niti Moskva, vendar pa je Trump, ki se veliko bolje po\u010duti v dru\u017ebi avtokratov, kot so Vladimir Putin, Xi Jinping in Kim Jong-un, kot pa v dru\u017ebi demokrati\u010dno izvoljenih in odgovornih voditeljev, vztrajal.<\/p>\n<p>Na novinarski konferenci pred odhodom proti Singapurju, kjer se bo v torek sre\u010dal s Kimom, je krivdo za rusko zasedbo Krima, zaradi \u010desar so Moskvo izklju\u010dili iz G8, pripisal predsedniku Baracku Obami, ker je to dovolil, ker Trump menda tega ne bi dovolil.<\/p>\n<p>Ameri\u0161ki mediji so pred vrhom poro\u010dali, da Trump no\u010de v Kanado, ker no\u010de poslu\u0161ati pridig zaradi svojih trgovinskih in drugih izpadov. V petek so mu kolegi iz \u0161estih dr\u017eav nizali statisti\u010dne in druge podatke z dejstvi okrog trgovine.<\/p>\n<p>Vendar pa francoski diplomatski viri pravijo, da Trump ni sli\u0161al ni\u010desar in je uprizoril eno svojih dolgih nepovezanih tirad, kar je potem storil tudi z novinarsko konferenco v soboto, zaradi \u010desar so kriti\u010dni mediji v ZDA za\u010deli spet ugibati o njegovem du\u0161evnem zdravju.<\/p>\n<p>Trump je bil v soboto vidno jezen in je vztrajal pri svojem prepri\u010danju, da so ZDA pra\u0161i\u010dek hranilnik za svet, kar se bo nehalo ali pa se bo nehala ameri\u0161ka trgovina s svetom. Hkrati je vztrajal, da so njegovi odnosi s kolegi voditelji na vrhu odli\u010dni, celo najbolj\u0161i v zgodovini. Sam je storil vse, da ne bi bili. V soboto zjutraj je na primer zamudil na zajtrk in razpravo o spolni enakopravnosti.<\/p>\n<p>Vzdu\u0161je vrha G7 pa je najbolj ponazorila fotografija, ki je pri\u0161la iz kabineta nem\u0161ke kanclerke Angele Merkel in prikazuje Trumpa na stolu s prekri\u017eanimi rokami in Merklovo in druge voditelje okrog njega, ki ga stoje prepri\u010dujejo v nekaj.<\/p>\n<p>Kljub cirkusu je bila izjava sprejeta, vendar pa \u0161e ni bila objavljena do novinarske konference Trudeauja, ki je Trumpa tako pogrela, da je objavil \u017ealjivi tvit in se umaknil od izjave. Kanad\u010dan je dejal, da so tisti, ki so pri\u010dakovali re\u0161itev sporov s Trumpom okrog trgovine, pri\u010dakovali preve\u010d.<\/p>\n<p>&#8220;Predsednik ZDA bo o\u010ditno \u0161e naprej govoril, kar govori,&#8221; je dejal Trudeau in vztrajal pri tem, da bo Kanada v odgovor na Trumpove carine 1. julija uvedla svoje carine na uvoz iz ZDA v vi\u0161ini 16,5 milijard dolarjev. Mehika je carine \u017ee uvedla in podobno bo storila tudi EU, \u010deprav so se na vrhu G7 menda na\u010deloma dogovorili o za\u010detku trgovinskega dialoga med ZDA in EU v naslednjih dveh tednih.<\/p>\n<p>&#8220;Povedal mi je, da bi bile carine napaka, in strinjam se, da si tega nikakor ne \u017eelimo. Ne \u017eelimo \u0161kodovati ameri\u0161kim delavcem, ampak na odlo\u010ditev za nezakonite in nesprejemljive carine na kanadske jeklarje in delavce v avtomobilski industriji in na kanadsko ekonomijo je treba odgovoriti sorazmerno,&#8221; je dejal Kanad\u010dan in s tem izrazil mnenje prakti\u010dno vseh udele\u017eencev vrha razen ameri\u0161kih.<\/p>\n<p>Gladko je zavrnil tudi Trumpovo trditev, da so blizu dogovora o novem sporazumu o prosti trgovini v Severni Ameriki (Nafta), ki bo imel rok trajanja na primer pet let. &#8220;Tega ne bo. Ne bomo sprejemali sporazuma, ki bo avtomati\u010dno potekel vsakih pet let. To ni trgovinski sporazum. Tega ni na mizi,&#8221; je dejal.<\/p>\n<p>Sklepna izjava vrha G7 oziroma G6, ker je Trump ZDA umaknil podporo pari\u0161kemu podnebnemu sporazumu in zavezi za o\u010di\u0161\u010denje oceanov plastike, med drugim takoj na za\u010detku izra\u017ea skupno zavezo za boj proti protekcionizmu in za odpravljanje trgovinskih ovir ter mednarodni trgovinski sistem na osnovi pravil.<\/p>\n<p>Potem pa na skupaj osmih straneh med drugim izra\u017ea skupno zavezo, da Iran ne bo nikoli pri\u0161el do jedrskega oro\u017eja, poziva Rusijo, naj preneha spodkopavati demokracije in neha podpirati sirskega predsednika Ba\u0161arja al Asada, poziva k hitrim reformam Svetovne trgovinske organizacije (WTO) ter poziva k ve\u010dji enakosti spolov.<\/p>\n<p>EU, Kanada, Japonska, Nem\u010dija, Velika Britanija in Svetovna banka bodo za izobra\u017eevanje \u017eensk in deklet v kriznih in konfliktnih situacijah namenile 3,8 milijarde dolarjev. ZDA se ne gredo, ampak niso proti.<\/p>\n","protected":false},"excerpt":{"rendered":"<p>Ameri\u0161ki predsednik Donald Trump je nekaj ur po koncu vrha G7 v Kanadi na daljavo po Twitterju u\u017ealjeno zavrnil podporo skupni izjavi voditeljev skupine sedmih najrazvitej\u0161ih dr\u017eav. Razjezila ga je novinarska konferenca kanadskega premierja Justina Trudeauja po vrhu in pred objavo skupne izjave.<\/p>\n","protected":false},"author":7,"featured_media":370824,"comment_status":"closed","ping_status":"closed","sticky":false,"template":"","format":"standard","meta":{"footnotes":""},"categories":[1179],"tags":[1680,5362,1682],"source":[4511],"supertag":[],"acf":[],"yoast_head":"<!-- This site is optimized with the Yoast SEO plugin v21.3 - https:\/\/yoast.com\/wordpress\/plugins\/seo\/ -->\n<title>Trump po polomiji na vrhu G7 u\u017ealjeno tvital - Hudo Slovenija<\/title>\n<meta name=\"robots\" content=\"index, follow, max-snippet:-1, max-image-preview:large, max-video-preview:-1\" \/>\n<link rel=\"canonical\" href=\"https:\/\/hudo.com\/si\/aktualno\/trump-po-polomiji-na-vrhu-g7-uzaljeno-tvital\/\" \/>\n<meta property=\"og:locale\" content=\"sl_SI\" \/>\n<meta property=\"og:type\" content=\"article\" \/>\n<meta property=\"og:title\" content=\"Trump po polomiji na vrhu G7 u\u017ealjeno tvital - Hudo Slovenija\" \/>\n<meta property=\"og:description\" content=\"Ameri\u0161ki predsednik Donald Trump je nekaj ur po koncu vrha G7 v Kanadi na daljavo po Twitterju u\u017ealjeno zavrnil podporo skupni izjavi voditeljev skupine sedmih najrazvitej\u0161ih dr\u017eav. Razjezila ga je novinarska konferenca kanadskega premierja Justina Trudeauja po vrhu in pred objavo skupne izjave.\" \/>\n<meta property=\"og:url\" content=\"https:\/\/hudo.com\/si\/aktualno\/trump-po-polomiji-na-vrhu-g7-uzaljeno-tvital\/\" \/>\n<meta property=\"og:site_name\" content=\"Hudo Slovenija\" \/>\n<meta property=\"article:publisher\" content=\"https:\/\/www.facebook.com\/hudo.si\" \/>\n<meta property=\"article:published_time\" content=\"2018-06-10T06:17:46+00:00\" \/>\n<meta property=\"og:image\" content=\"https:\/\/hudo.com\/si\/wp-content\/uploads\/sites\/2\/2018\/05\/profimedia-0373060870.jpg\" \/>\n\t<meta property=\"og:image:width\" content=\"1000\" \/>\n\t<meta property=\"og:image:height\" content=\"667\" \/>\n\t<meta property=\"og:image:type\" content=\"image\/jpeg\" \/>\n<meta name=\"author\" content=\"A. P., STA\" \/>\n<meta name=\"twitter:card\" content=\"summary_large_image\" \/>\n<meta name=\"twitter:creator\" content=\"@hudo_si\" \/>\n<meta name=\"twitter:site\" content=\"@hudo_si\" \/>\n<meta name=\"twitter:label1\" content=\"Written by\" \/>\n\t<meta name=\"twitter:data1\" content=\"A. P., STA\" \/>\n\t<meta name=\"twitter:label2\" content=\"Est. reading time\" \/>\n\t<meta name=\"twitter:data2\" content=\"5 minut\" \/>\n<script type=\"application\/ld+json\" class=\"yoast-schema-graph\">{\"@context\":\"https:\/\/schema.org\",\"@graph\":[{\"@type\":\"Article\",\"@id\":\"https:\/\/hudo.com\/si\/aktualno\/trump-po-polomiji-na-vrhu-g7-uzaljeno-tvital\/#article\",\"isPartOf\":{\"@id\":\"https:\/\/hudo.com\/si\/aktualno\/trump-po-polomiji-na-vrhu-g7-uzaljeno-tvital\/\"},\"author\":{\"name\":\"A. P., STA\",\"@id\":\"https:\/\/hudo.com\/si\/#\/schema\/person\/18f09c02475ba9e606e941a565b80cff\"},\"headline\":\"Trump po polomiji na vrhu G7 u\u017ealjeno tvital\",\"datePublished\":\"2018-06-10T06:17:46+00:00\",\"dateModified\":\"2018-06-10T06:17:46+00:00\",\"mainEntityOfPage\":{\"@id\":\"https:\/\/hudo.com\/si\/aktualno\/trump-po-polomiji-na-vrhu-g7-uzaljeno-tvital\/\"},\"wordCount\":980,\"publisher\":{\"@id\":\"https:\/\/hudo.com\/si\/#organization\"},\"keywords\":[\"Donald Trump\",\"G7\",\"ZDA\"],\"articleSection\":[\"Aktualno\"],\"inLanguage\":\"sl-SI\"},{\"@type\":\"WebPage\",\"@id\":\"https:\/\/hudo.com\/si\/aktualno\/trump-po-polomiji-na-vrhu-g7-uzaljeno-tvital\/\",\"url\":\"https:\/\/hudo.com\/si\/aktualno\/trump-po-polomiji-na-vrhu-g7-uzaljeno-tvital\/\",\"name\":\"Trump po polomiji na vrhu G7 u\u017ealjeno tvital - Hudo Slovenija\",\"isPartOf\":{\"@id\":\"https:\/\/hudo.com\/si\/#website\"},\"datePublished\":\"2018-06-10T06:17:46+00:00\",\"dateModified\":\"2018-06-10T06:17:46+00:00\",\"breadcrumb\":{\"@id\":\"https:\/\/hudo.com\/si\/aktualno\/trump-po-polomiji-na-vrhu-g7-uzaljeno-tvital\/#breadcrumb\"},\"inLanguage\":\"sl-SI\",\"potentialAction\":[{\"@type\":\"ReadAction\",\"target\":[\"https:\/\/hudo.com\/si\/aktualno\/trump-po-polomiji-na-vrhu-g7-uzaljeno-tvital\/\"]}]},{\"@type\":\"BreadcrumbList\",\"@id\":\"https:\/\/hudo.com\/si\/aktualno\/trump-po-polomiji-na-vrhu-g7-uzaljeno-tvital\/#breadcrumb\",\"itemListElement\":[{\"@type\":\"ListItem\",\"position\":1,\"name\":\"Home\",\"item\":\"https:\/\/hudo.com\/si\/\"},{\"@type\":\"ListItem\",\"position\":2,\"name\":\"Trump po polomiji na vrhu G7 u\u017ealjeno tvital\"}]},{\"@type\":\"WebSite\",\"@id\":\"https:\/\/hudo.com\/si\/#website\",\"url\":\"https:\/\/hudo.com\/si\/\",\"name\":\"Hudo Slovenija\",\"description\":\"Vse novice iz Slovenije in sveta\",\"publisher\":{\"@id\":\"https:\/\/hudo.com\/si\/#organization\"},\"potentialAction\":[{\"@type\":\"SearchAction\",\"target\":{\"@type\":\"EntryPoint\",\"urlTemplate\":\"https:\/\/hudo.com\/si\/?s={search_term_string}\"},\"query-input\":\"required name=search_term_string\"}],\"inLanguage\":\"sl-SI\"},{\"@type\":\"Organization\",\"@id\":\"https:\/\/hudo.com\/si\/#organization\",\"name\":\"VSN Media\",\"url\":\"https:\/\/hudo.com\/si\/\",\"logo\":{\"@type\":\"ImageObject\",\"inLanguage\":\"sl-SI\",\"@id\":\"https:\/\/hudo.com\/si\/#\/schema\/logo\/image\/\",\"url\":\"https:\/\/hudo.com\/si\/wp-content\/uploads\/sites\/2\/2021\/03\/hudo-app-2.png\",\"contentUrl\":\"https:\/\/hudo.com\/si\/wp-content\/uploads\/sites\/2\/2021\/03\/hudo-app-2.png\",\"width\":2185,\"height\":2167,\"caption\":\"VSN Media\"},\"image\":{\"@id\":\"https:\/\/hudo.com\/si\/#\/schema\/logo\/image\/\"},\"sameAs\":[\"https:\/\/www.facebook.com\/hudo.si\",\"https:\/\/twitter.com\/hudo_si\"]},{\"@type\":\"Person\",\"@id\":\"https:\/\/hudo.com\/si\/#\/schema\/person\/18f09c02475ba9e606e941a565b80cff\",\"name\":\"A. P., STA\",\"image\":{\"@type\":\"ImageObject\",\"inLanguage\":\"sl-SI\",\"@id\":\"https:\/\/hudo.com\/si\/#\/schema\/person\/image\/\",\"url\":\"https:\/\/secure.gravatar.com\/avatar\/03eac8e609f5f04383125d80eaeaaf3e?s=96&d=mm&r=g\",\"contentUrl\":\"https:\/\/secure.gravatar.com\/avatar\/03eac8e609f5f04383125d80eaeaaf3e?s=96&d=mm&r=g\",\"caption\":\"A. P., STA\"},\"url\":\"https:\/\/hudo.com\/si\/author\/lubu\/\"}]}<\/script>\n<!-- \/ Yoast SEO plugin. -->","yoast_head_json":{"title":"Trump po polomiji na vrhu G7 u\u017ealjeno tvital - Hudo Slovenija","robots":{"index":"index","follow":"follow","max-snippet":"max-snippet:-1","max-image-preview":"max-image-preview:large","max-video-preview":"max-video-preview:-1"},"canonical":"https:\/\/hudo.com\/si\/aktualno\/trump-po-polomiji-na-vrhu-g7-uzaljeno-tvital\/","og_locale":"sl_SI","og_type":"article","og_title":"Trump po polomiji na vrhu G7 u\u017ealjeno tvital - Hudo Slovenija","og_description":"Ameri\u0161ki predsednik Donald Trump je nekaj ur po koncu vrha G7 v Kanadi na daljavo po Twitterju u\u017ealjeno zavrnil podporo skupni izjavi voditeljev skupine sedmih najrazvitej\u0161ih dr\u017eav. Razjezila ga je novinarska konferenca kanadskega premierja Justina Trudeauja po vrhu in pred objavo skupne izjave.","og_url":"https:\/\/hudo.com\/si\/aktualno\/trump-po-polomiji-na-vrhu-g7-uzaljeno-tvital\/","og_site_name":"Hudo Slovenija","article_publisher":"https:\/\/www.facebook.com\/hudo.si","article_published_time":"2018-06-10T06:17:46+00:00","og_image":[{"width":1000,"height":667,"url":"https:\/\/hudo.com\/si\/wp-content\/uploads\/sites\/2\/2018\/05\/profimedia-0373060870.jpg","type":"image\/jpeg"}],"author":"A. P., STA","twitter_card":"summary_large_image","twitter_creator":"@hudo_si","twitter_site":"@hudo_si","twitter_misc":{"Written by":"A. P., STA","Est. reading time":"5 minut"},"schema":{"@context":"https:\/\/schema.org","@graph":[{"@type":"Article","@id":"https:\/\/hudo.com\/si\/aktualno\/trump-po-polomiji-na-vrhu-g7-uzaljeno-tvital\/#article","isPartOf":{"@id":"https:\/\/hudo.com\/si\/aktualno\/trump-po-polomiji-na-vrhu-g7-uzaljeno-tvital\/"},"author":{"name":"A. P., STA","@id":"https:\/\/hudo.com\/si\/#\/schema\/person\/18f09c02475ba9e606e941a565b80cff"},"headline":"Trump po polomiji na vrhu G7 u\u017ealjeno tvital","datePublished":"2018-06-10T06:17:46+00:00","dateModified":"2018-06-10T06:17:46+00:00","mainEntityOfPage":{"@id":"https:\/\/hudo.com\/si\/aktualno\/trump-po-polomiji-na-vrhu-g7-uzaljeno-tvital\/"},"wordCount":980,"publisher":{"@id":"https:\/\/hudo.com\/si\/#organization"},"keywords":["Donald Trump","G7","ZDA"],"articleSection":["Aktualno"],"inLanguage":"sl-SI"},{"@type":"WebPage","@id":"https:\/\/hudo.com\/si\/aktualno\/trump-po-polomiji-na-vrhu-g7-uzaljeno-tvital\/","url":"https:\/\/hudo.com\/si\/aktualno\/trump-po-polomiji-na-vrhu-g7-uzaljeno-tvital\/","name":"Trump po polomiji na vrhu G7 u\u017ealjeno tvital - Hudo Slovenija","isPartOf":{"@id":"https:\/\/hudo.com\/si\/#website"},"datePublished":"2018-06-10T06:17:46+00:00","dateModified":"2018-06-10T06:17:46+00:00","breadcrumb":{"@id":"https:\/\/hudo.com\/si\/aktualno\/trump-po-polomiji-na-vrhu-g7-uzaljeno-tvital\/#breadcrumb"},"inLanguage":"sl-SI","potentialAction":[{"@type":"ReadAction","target":["https:\/\/hudo.com\/si\/aktualno\/trump-po-polomiji-na-vrhu-g7-uzaljeno-tvital\/"]}]},{"@type":"BreadcrumbList","@id":"https:\/\/hudo.com\/si\/aktualno\/trump-po-polomiji-na-vrhu-g7-uzaljeno-tvital\/#breadcrumb","itemListElement":[{"@type":"ListItem","position":1,"name":"Home","item":"https:\/\/hudo.com\/si\/"},{"@type":"ListItem","position":2,"name":"Trump po polomiji na vrhu G7 u\u017ealjeno tvital"}]},{"@type":"WebSite","@id":"https:\/\/hudo.com\/si\/#website","url":"https:\/\/hudo.com\/si\/","name":"Hudo Slovenija","description":"Vse novice iz Slovenije in sveta","publisher":{"@id":"https:\/\/hudo.com\/si\/#organization"},"potentialAction":[{"@type":"SearchAction","target":{"@type":"EntryPoint","urlTemplate":"https:\/\/hudo.com\/si\/?s={search_term_string}"},"query-input":"required name=search_term_string"}],"inLanguage":"sl-SI"},{"@type":"Organization","@id":"https:\/\/hudo.com\/si\/#organization","name":"VSN Media","url":"https:\/\/hudo.com\/si\/","logo":{"@type":"ImageObject","inLanguage":"sl-SI","@id":"https:\/\/hudo.com\/si\/#\/schema\/logo\/image\/","url":"https:\/\/hudo.com\/si\/wp-content\/uploads\/sites\/2\/2021\/03\/hudo-app-2.png","contentUrl":"https:\/\/hudo.com\/si\/wp-content\/uploads\/sites\/2\/2021\/03\/hudo-app-2.png","width":2185,"height":2167,"caption":"VSN Media"},"image":{"@id":"https:\/\/hudo.com\/si\/#\/schema\/logo\/image\/"},"sameAs":["https:\/\/www.facebook.com\/hudo.si","https:\/\/twitter.com\/hudo_si"]},{"@type":"Person","@id":"https:\/\/hudo.com\/si\/#\/schema\/person\/18f09c02475ba9e606e941a565b80cff","name":"A. P., STA","image":{"@type":"ImageObject","inLanguage":"sl-SI","@id":"https:\/\/hudo.com\/si\/#\/schema\/person\/image\/","url":"https:\/\/secure.gravatar.com\/avatar\/03eac8e609f5f04383125d80eaeaaf3e?s=96&d=mm&r=g","contentUrl":"https:\/\/secure.gravatar.com\/avatar\/03eac8e609f5f04383125d80eaeaaf3e?s=96&d=mm&r=g","caption":"A. P., STA"},"url":"https:\/\/hudo.com\/si\/author\/lubu\/"}]}},"amp_enabled":true,"_links":{"self":[{"href":"https:\/\/hudo.com\/si\/wp-json\/wp\/v2\/posts\/371674"}],"collection":[{"href":"https:\/\/hudo.com\/si\/wp-json\/wp\/v2\/posts"}],"about":[{"href":"https:\/\/hudo.com\/si\/wp-json\/wp\/v2\/types\/post"}],"author":[{"embeddable":true,"href":"https:\/\/hudo.com\/si\/wp-json\/wp\/v2\/users\/7"}],"replies":[{"embeddable":true,"href":"https:\/\/hudo.com\/si\/wp-json\/wp\/v2\/comments?post=371674"}],"version-history":[{"count":1,"href":"https:\/\/hudo.com\/si\/wp-json\/wp\/v2\/posts\/371674\/revisions"}],"predecessor-version":[{"id":371675,"href":"https:\/\/hudo.com\/si\/wp-json\/wp\/v2\/posts\/371674\/revisions\/371675"}],"wp:featuredmedia":[{"embeddable":true,"href":"https:\/\/hudo.com\/si\/wp-json\/wp\/v2\/media\/370824"}],"wp:attachment":[{"href":"https:\/\/hudo.com\/si\/wp-json\/wp\/v2\/media?parent=371674"}],"wp:term":[{"taxonomy":"category","embeddable":true,"href":"https:\/\/hudo.com\/si\/wp-json\/wp\/v2\/categories?post=371674"},{"taxonomy":"post_tag","embeddable":true,"href":"https:\/\/hudo.com\/si\/wp-json\/wp\/v2\/tags?post=371674"},{"taxonomy":"source","embeddable":true,"href":"https:\/\/hudo.com\/si\/wp-json\/wp\/v2\/source?post=371674"},{"taxonomy":"supertag","embeddable":true,"href":"https:\/\/hudo.com\/si\/wp-json\/wp\/v2\/supertag?post=371674"}],"curies":[{"name":"wp","href":"https:\/\/api.w.org\/{rel}","templated":true}]}}