{"id":371710,"date":"2018-06-11T07:35:35","date_gmt":"2018-06-11T05:35:35","guid":{"rendered":"https:\/\/hudo.com\/si\/2018\/06\/11\/tara-zupancic-nam-je-predstavila-svojo-novo-ljubezen\/"},"modified":"2018-06-11T07:35:35","modified_gmt":"2018-06-11T05:35:35","slug":"tara-zupancic-nam-je-predstavila-svojo-novo-ljubezen","status":"publish","type":"post","link":"https:\/\/hudo.com\/si\/vip\/tara-zupancic-nam-je-predstavila-svojo-novo-ljubezen\/","title":{"rendered":"Tara Zupan\u010di\u010d nam je predstavila svojo novo ljubezen"},"content":{"rendered":"<p>Znano je, da Tara \u017ee od nekdaj rada ustvarja, njen najnovej\u0161i projekt pa sli\u0161i na ime Tricikel, za katerega pravi, da ji je povsem pisan na ko\u017eo in v katerega je usmerila vso svojo energijo.<\/p>\n<blockquote class=\"instagram-media\" data-instgrm-captioned data-instgrm-permalink=\"https:\/\/www.instagram.com\/p\/BjpKuTxBhFZ\/\" data-instgrm-version=\"8\" style=\" background:#FFF; border:0; border-radius:3px; box-shadow:0 0 1px 0 rgba(0,0,0,0.5),0 1px 10px 0 rgba(0,0,0,0.15); margin: 1px; max-width:658px; padding:0; width:99.375%; width:-webkit-calc(100% - 2px); width:calc(100% - 2px);\">\n<div style=\"padding:8px;\">\n<div style=\" background:#F8F8F8; line-height:0; margin-top:40px; padding:50% 0; text-align:center; width:100%;\">\n<div style=\" background:url(data:image\/png;base64,iVBORw0KGgoAAAANSUhEUgAAACwAAAAsCAMAAAApWqozAAAABGdBTUEAALGPC\/xhBQAAAAFzUkdCAK7OHOkAAAAMUExURczMzPf399fX1+bm5mzY9AMAAADiSURBVDjLvZXbEsMgCES5\/P8\/t9FuRVCRmU73JWlzosgSIIZURCjo\/ad+EQJJB4Hv8BFt+IDpQoCx1wjOSBFhh2XssxEIYn3ulI\/6MNReE07UIWJEv8UEOWDS88LY97kqyTliJKKtuYBbruAyVh5wOHiXmpi5we58Ek028czwyuQdLKPG1Bkb4NnM+VeAnfHqn1k4+GPT6uGQcvu2h2OVuIf\/gWUFyy8OWEpdyZSa3aVCqpVoVvzZZ2VTnn2wU8qzVjDDetO90GSy9mVLqtgYSy231MxrY6I2gGqjrTY0L8fxCxfCBbhWrsYYAAAAAElFTkSuQmCC); display:block; height:44px; margin:0 auto -44px; position:relative; top:-22px; width:44px;\"><\/div>\n<\/div>\n<p style=\" margin:8px 0 0 0; padding:0 4px;\"> <a href=\"https:\/\/www.instagram.com\/p\/BjpKuTxBhFZ\/\" style=\" color:#000; font-family:Arial,sans-serif; font-size:14px; font-style:normal; font-weight:normal; line-height:17px; text-decoration:none; word-wrap:break-word;\" target=\"_blank\">Moja Varishana je dobila nove barve. Barve trenutkov, barve vsega tistega \u201cumetniskega nereda\u201d, ki se dogaja navznoter, vse tiste barve, ki jih zivim, lovim in imam tako neskoncno rada!  In tukaj so, \u010dedne re\u010di iz (skoraj) smeti! <img decoding=\"async\" src=\"https:\/\/s.w.org\/images\/core\/emoji\/2.2.1\/72x72\/1f49c.png\" alt=\" \" class=\"wp-smiley\" style=\"height: 1em; max-height: 1em;\" \/> Hvala @3cikel_tricikel <img decoding=\"async\" src=\"https:\/\/s.w.org\/images\/core\/emoji\/2.2.1\/72x72\/1f49c.png\" alt=\" \" class=\"wp-smiley\" style=\"height: 1em; max-height: 1em;\" \/> link in bio #varishana #art #design #recycled #tricikel #creative #lovilcitrenutkov #lovilcivetrov #momentcatchers<\/a><\/p>\n<p style=\" color:#c9c8cd; font-family:Arial,sans-serif; font-size:14px; line-height:17px; margin-bottom:0; margin-top:8px; overflow:hidden; padding:8px 0 7px; text-align:center; text-overflow:ellipsis; white-space:nowrap;\">A post shared by <a href=\"https:\/\/www.instagram.com\/varishana\/\" style=\" color:#c9c8cd; font-family:Arial,sans-serif; font-size:14px; font-style:normal; font-weight:normal; line-height:17px;\" target=\"_blank\"> Tara Zupan\u010di\u010d<\/a> (@varishana) on <time style=\" font-family:Arial,sans-serif; font-size:14px; line-height:17px;\" datetime=\"2018-06-05T12:37:36+00:00\">Jun 5, 2018 at 5:37am PDT<\/time><\/p>\n<\/div>\n<\/blockquote>\n<p>Tricikel je zgodba, v kateri ustvarjalci odslu\u017eenim materialom podarjajo tretji cikel oziroma tretje \u017eivljenje.<\/p>\n<p>Pravi, da se je ideja rodila za prijateljskim omizjem, danes pa se nadaljuje v gara\u017eni krojilnici.<\/p>\n<p><img loading=\"lazy\" decoding=\"async\" class=\"alignnone size-medium wp-image-275001\" src=\"https:\/\/zenska.hudo.com\/files\/2018\/06\/img_5707-320x212.jpeg\" alt=\"\" width=\"320\" height=\"212\" srcset=\"https:\/\/zenska.hudo.com\/files\/2018\/06\/img_5707-320x212.jpeg 320w, https:\/\/zenska.hudo.com\/files\/2018\/06\/img_5707-768x509.jpeg 768w, https:\/\/zenska.hudo.com\/files\/2018\/06\/img_5707-660x437.jpeg 660w, https:\/\/zenska.hudo.com\/files\/2018\/06\/img_5707.jpeg 1136w\" sizes=\"(max-width: 320px) 100vw, 320px\" \/><\/p>\n<p>Izdelki nastajajo iz ostankov odve\u010dnih ogla\u0161evalskih in tiskarskih materialov, ki bi sicer pristali na smeti\u0161\u010du.<\/p>\n<p>V Tricikel gara\u017eni delavnici tako &#8220;odpadne ogla\u0161evalske materiale&#8221;, ki svojemu prvotnemu namenu ne slu\u017eijo ve\u010d, najprej okopajo, o\u010dedijo in ukrojijo, nato pa jih pozorno in natan\u010dno za\u0161ijejo prsti lokalnih \u0161ivilj.<\/p>\n<blockquote class=\"instagram-media\" data-instgrm-captioned data-instgrm-permalink=\"https:\/\/www.instagram.com\/p\/Bju3nPWBMkU\/\" data-instgrm-version=\"8\" style=\" background:#FFF; border:0; border-radius:3px; box-shadow:0 0 1px 0 rgba(0,0,0,0.5),0 1px 10px 0 rgba(0,0,0,0.15); margin: 1px; max-width:658px; padding:0; width:99.375%; width:-webkit-calc(100% - 2px); width:calc(100% - 2px);\">\n<div style=\"padding:8px;\">\n<div style=\" background:#F8F8F8; line-height:0; margin-top:40px; padding:50% 0; text-align:center; width:100%;\">\n<div style=\" background:url(data:image\/png;base64,iVBORw0KGgoAAAANSUhEUgAAACwAAAAsCAMAAAApWqozAAAABGdBTUEAALGPC\/xhBQAAAAFzUkdCAK7OHOkAAAAMUExURczMzPf399fX1+bm5mzY9AMAAADiSURBVDjLvZXbEsMgCES5\/P8\/t9FuRVCRmU73JWlzosgSIIZURCjo\/ad+EQJJB4Hv8BFt+IDpQoCx1wjOSBFhh2XssxEIYn3ulI\/6MNReE07UIWJEv8UEOWDS88LY97kqyTliJKKtuYBbruAyVh5wOHiXmpi5we58Ek028czwyuQdLKPG1Bkb4NnM+VeAnfHqn1k4+GPT6uGQcvu2h2OVuIf\/gWUFyy8OWEpdyZSa3aVCqpVoVvzZZ2VTnn2wU8qzVjDDetO90GSy9mVLqtgYSy231MxrY6I2gGqjrTY0L8fxCxfCBbhWrsYYAAAAAElFTkSuQmCC); display:block; height:44px; margin:0 auto -44px; position:relative; top:-22px; width:44px;\"><\/div>\n<\/div>\n<p style=\" margin:8px 0 0 0; padding:0 4px;\"> <a href=\"https:\/\/www.instagram.com\/p\/Bju3nPWBMkU\/\" style=\" color:#000; font-family:Arial,sans-serif; font-size:14px; font-style:normal; font-weight:normal; line-height:17px; text-decoration:none; word-wrap:break-word;\" target=\"_blank\">\u010cist prva! <img decoding=\"async\" src=\"https:\/\/s.w.org\/images\/core\/emoji\/2.2.1\/72x72\/1f499.png\" alt=\" \" class=\"wp-smiley\" style=\"height: 1em; max-height: 1em;\" \/> #razstava #hvalahvalahvala @fakultetazadizajn #varishana #tricikel @3cikel_tricikel @dionis.bakhus<\/a><\/p>\n<p style=\" color:#c9c8cd; font-family:Arial,sans-serif; font-size:14px; line-height:17px; margin-bottom:0; margin-top:8px; overflow:hidden; padding:8px 0 7px; text-align:center; text-overflow:ellipsis; white-space:nowrap;\">A post shared by <a href=\"https:\/\/www.instagram.com\/varishana\/\" style=\" color:#c9c8cd; font-family:Arial,sans-serif; font-size:14px; font-style:normal; font-weight:normal; line-height:17px;\" target=\"_blank\"> Tara Zupan\u010di\u010d<\/a> (@varishana) on <time style=\" font-family:Arial,sans-serif; font-size:14px; line-height:17px;\" datetime=\"2018-06-07T17:46:04+00:00\">Jun 7, 2018 at 10:46am PDT<\/time><\/p>\n<\/div>\n<\/blockquote>\n<p>Projektu pa je svojo noto dodala tudi Tara, ki te odslu\u017eene materiale uporablja za modne izdelke, potiskane z njeno avtorsko grafiko in dizajni. Njena kolekcija nosi naslov Varishana. Njene izdelke si lahko ogledate in naro\u010dite na spletni strani <strong><a href=\"http:\/\/tricikel.com\/\">tricikel.com.<\/a>.<\/strong><\/p>\n","protected":false},"excerpt":{"rendered":"<p>Simpati\u010dna televizijska voditeljica Tara Zupan\u010di\u010d, ki je tudi to sezono blestela v \u0161ovu Zvezde ple\u0161ejo, nam je predstavila svojo novo ljubezen.<\/p>\n","protected":false},"author":1,"featured_media":0,"comment_status":"closed","ping_status":"closed","sticky":false,"template":"","format":"standard","meta":{"footnotes":""},"categories":[1093],"tags":[9936,11347],"source":[1370,1345,1334],"supertag":[],"acf":[],"yoast_head":"<!-- This site is optimized with the Yoast SEO plugin v21.3 - https:\/\/yoast.com\/wordpress\/plugins\/seo\/ -->\n<title>Tara Zupan\u010di\u010d nam je predstavila svojo novo ljubezen - Hudo Slovenija<\/title>\n<meta name=\"robots\" content=\"index, follow, max-snippet:-1, max-image-preview:large, max-video-preview:-1\" \/>\n<link rel=\"canonical\" href=\"https:\/\/hudo.com\/si\/vip\/tara-zupancic-nam-je-predstavila-svojo-novo-ljubezen\/\" \/>\n<meta property=\"og:locale\" content=\"sl_SI\" \/>\n<meta property=\"og:type\" content=\"article\" \/>\n<meta property=\"og:title\" content=\"Tara Zupan\u010di\u010d nam je predstavila svojo novo ljubezen - Hudo Slovenija\" \/>\n<meta property=\"og:description\" content=\"Simpati\u010dna televizijska voditeljica Tara Zupan\u010di\u010d, ki je tudi to sezono blestela v \u0161ovu Zvezde ple\u0161ejo, nam je predstavila svojo novo ljubezen.\" \/>\n<meta property=\"og:url\" content=\"https:\/\/hudo.com\/si\/vip\/tara-zupancic-nam-je-predstavila-svojo-novo-ljubezen\/\" \/>\n<meta property=\"og:site_name\" content=\"Hudo Slovenija\" \/>\n<meta property=\"article:publisher\" content=\"https:\/\/www.facebook.com\/hudo.si\" \/>\n<meta property=\"article:published_time\" content=\"2018-06-11T05:35:35+00:00\" \/>\n<meta property=\"og:image\" content=\"https:\/\/hudo.com\/si\/wp-content\/uploads\/sites\/2\/2018\/06\/tara_photokajazmajevska-10-scaled.jpg\" \/>\n\t<meta property=\"og:image:width\" content=\"2560\" \/>\n\t<meta property=\"og:image:height\" content=\"1707\" \/>\n\t<meta property=\"og:image:type\" content=\"image\/jpeg\" \/>\n<meta name=\"author\" content=\"hudo\" \/>\n<meta name=\"twitter:card\" content=\"summary_large_image\" \/>\n<meta name=\"twitter:creator\" content=\"@hudo_si\" \/>\n<meta name=\"twitter:site\" content=\"@hudo_si\" \/>\n<meta name=\"twitter:label1\" content=\"Written by\" \/>\n\t<meta name=\"twitter:data1\" content=\"hudo\" \/>\n\t<meta name=\"twitter:label2\" content=\"Est. reading time\" \/>\n\t<meta name=\"twitter:data2\" content=\"1 minuta\" \/>\n<script type=\"application\/ld+json\" class=\"yoast-schema-graph\">{\"@context\":\"https:\/\/schema.org\",\"@graph\":[{\"@type\":\"Article\",\"@id\":\"https:\/\/hudo.com\/si\/vip\/tara-zupancic-nam-je-predstavila-svojo-novo-ljubezen\/#article\",\"isPartOf\":{\"@id\":\"https:\/\/hudo.com\/si\/vip\/tara-zupancic-nam-je-predstavila-svojo-novo-ljubezen\/\"},\"author\":{\"name\":\"hudo\",\"@id\":\"https:\/\/hudo.com\/si\/#\/schema\/person\/601cf3379633985b20f7e50f2bb47707\"},\"headline\":\"Tara Zupan\u010di\u010d nam je predstavila svojo novo ljubezen\",\"datePublished\":\"2018-06-11T05:35:35+00:00\",\"dateModified\":\"2018-06-11T05:35:35+00:00\",\"mainEntityOfPage\":{\"@id\":\"https:\/\/hudo.com\/si\/vip\/tara-zupancic-nam-je-predstavila-svojo-novo-ljubezen\/\"},\"wordCount\":265,\"publisher\":{\"@id\":\"https:\/\/hudo.com\/si\/#organization\"},\"keywords\":[\"Tara Zupan\u010di\u010d\",\"Tricikel\"],\"articleSection\":[\"VIP\"],\"inLanguage\":\"sl-SI\"},{\"@type\":\"WebPage\",\"@id\":\"https:\/\/hudo.com\/si\/vip\/tara-zupancic-nam-je-predstavila-svojo-novo-ljubezen\/\",\"url\":\"https:\/\/hudo.com\/si\/vip\/tara-zupancic-nam-je-predstavila-svojo-novo-ljubezen\/\",\"name\":\"Tara Zupan\u010di\u010d nam je predstavila svojo novo ljubezen - Hudo Slovenija\",\"isPartOf\":{\"@id\":\"https:\/\/hudo.com\/si\/#website\"},\"datePublished\":\"2018-06-11T05:35:35+00:00\",\"dateModified\":\"2018-06-11T05:35:35+00:00\",\"breadcrumb\":{\"@id\":\"https:\/\/hudo.com\/si\/vip\/tara-zupancic-nam-je-predstavila-svojo-novo-ljubezen\/#breadcrumb\"},\"inLanguage\":\"sl-SI\",\"potentialAction\":[{\"@type\":\"ReadAction\",\"target\":[\"https:\/\/hudo.com\/si\/vip\/tara-zupancic-nam-je-predstavila-svojo-novo-ljubezen\/\"]}]},{\"@type\":\"BreadcrumbList\",\"@id\":\"https:\/\/hudo.com\/si\/vip\/tara-zupancic-nam-je-predstavila-svojo-novo-ljubezen\/#breadcrumb\",\"itemListElement\":[{\"@type\":\"ListItem\",\"position\":1,\"name\":\"Home\",\"item\":\"https:\/\/hudo.com\/si\/\"},{\"@type\":\"ListItem\",\"position\":2,\"name\":\"Tara Zupan\u010di\u010d nam je predstavila svojo novo ljubezen\"}]},{\"@type\":\"WebSite\",\"@id\":\"https:\/\/hudo.com\/si\/#website\",\"url\":\"https:\/\/hudo.com\/si\/\",\"name\":\"Hudo Slovenija\",\"description\":\"Vse novice iz Slovenije in sveta\",\"publisher\":{\"@id\":\"https:\/\/hudo.com\/si\/#organization\"},\"potentialAction\":[{\"@type\":\"SearchAction\",\"target\":{\"@type\":\"EntryPoint\",\"urlTemplate\":\"https:\/\/hudo.com\/si\/?s={search_term_string}\"},\"query-input\":\"required name=search_term_string\"}],\"inLanguage\":\"sl-SI\"},{\"@type\":\"Organization\",\"@id\":\"https:\/\/hudo.com\/si\/#organization\",\"name\":\"VSN Media\",\"url\":\"https:\/\/hudo.com\/si\/\",\"logo\":{\"@type\":\"ImageObject\",\"inLanguage\":\"sl-SI\",\"@id\":\"https:\/\/hudo.com\/si\/#\/schema\/logo\/image\/\",\"url\":\"https:\/\/hudo.com\/si\/wp-content\/uploads\/sites\/2\/2021\/03\/hudo-app-2.png\",\"contentUrl\":\"https:\/\/hudo.com\/si\/wp-content\/uploads\/sites\/2\/2021\/03\/hudo-app-2.png\",\"width\":2185,\"height\":2167,\"caption\":\"VSN Media\"},\"image\":{\"@id\":\"https:\/\/hudo.com\/si\/#\/schema\/logo\/image\/\"},\"sameAs\":[\"https:\/\/www.facebook.com\/hudo.si\",\"https:\/\/twitter.com\/hudo_si\"]},{\"@type\":\"Person\",\"@id\":\"https:\/\/hudo.com\/si\/#\/schema\/person\/601cf3379633985b20f7e50f2bb47707\",\"name\":\"hudo\",\"image\":{\"@type\":\"ImageObject\",\"inLanguage\":\"sl-SI\",\"@id\":\"https:\/\/hudo.com\/si\/#\/schema\/person\/image\/\",\"url\":\"https:\/\/secure.gravatar.com\/avatar\/c4ca25fa72cace7a696b52ff5db9e095?s=96&d=mm&r=g\",\"contentUrl\":\"https:\/\/secure.gravatar.com\/avatar\/c4ca25fa72cace7a696b52ff5db9e095?s=96&d=mm&r=g\",\"caption\":\"hudo\"},\"url\":\"https:\/\/hudo.com\/si\/author\/hudo\/\"}]}<\/script>\n<!-- \/ Yoast SEO plugin. -->","yoast_head_json":{"title":"Tara Zupan\u010di\u010d nam je predstavila svojo novo ljubezen - Hudo Slovenija","robots":{"index":"index","follow":"follow","max-snippet":"max-snippet:-1","max-image-preview":"max-image-preview:large","max-video-preview":"max-video-preview:-1"},"canonical":"https:\/\/hudo.com\/si\/vip\/tara-zupancic-nam-je-predstavila-svojo-novo-ljubezen\/","og_locale":"sl_SI","og_type":"article","og_title":"Tara Zupan\u010di\u010d nam je predstavila svojo novo ljubezen - Hudo Slovenija","og_description":"Simpati\u010dna televizijska voditeljica Tara Zupan\u010di\u010d, ki je tudi to sezono blestela v \u0161ovu Zvezde ple\u0161ejo, nam je predstavila svojo novo ljubezen.","og_url":"https:\/\/hudo.com\/si\/vip\/tara-zupancic-nam-je-predstavila-svojo-novo-ljubezen\/","og_site_name":"Hudo Slovenija","article_publisher":"https:\/\/www.facebook.com\/hudo.si","article_published_time":"2018-06-11T05:35:35+00:00","og_image":[{"width":2560,"height":1707,"url":"https:\/\/hudo.com\/si\/wp-content\/uploads\/sites\/2\/2018\/06\/tara_photokajazmajevska-10-scaled.jpg","type":"image\/jpeg"}],"author":"hudo","twitter_card":"summary_large_image","twitter_creator":"@hudo_si","twitter_site":"@hudo_si","twitter_misc":{"Written by":"hudo","Est. reading time":"1 minuta"},"schema":{"@context":"https:\/\/schema.org","@graph":[{"@type":"Article","@id":"https:\/\/hudo.com\/si\/vip\/tara-zupancic-nam-je-predstavila-svojo-novo-ljubezen\/#article","isPartOf":{"@id":"https:\/\/hudo.com\/si\/vip\/tara-zupancic-nam-je-predstavila-svojo-novo-ljubezen\/"},"author":{"name":"hudo","@id":"https:\/\/hudo.com\/si\/#\/schema\/person\/601cf3379633985b20f7e50f2bb47707"},"headline":"Tara Zupan\u010di\u010d nam je predstavila svojo novo ljubezen","datePublished":"2018-06-11T05:35:35+00:00","dateModified":"2018-06-11T05:35:35+00:00","mainEntityOfPage":{"@id":"https:\/\/hudo.com\/si\/vip\/tara-zupancic-nam-je-predstavila-svojo-novo-ljubezen\/"},"wordCount":265,"publisher":{"@id":"https:\/\/hudo.com\/si\/#organization"},"keywords":["Tara Zupan\u010di\u010d","Tricikel"],"articleSection":["VIP"],"inLanguage":"sl-SI"},{"@type":"WebPage","@id":"https:\/\/hudo.com\/si\/vip\/tara-zupancic-nam-je-predstavila-svojo-novo-ljubezen\/","url":"https:\/\/hudo.com\/si\/vip\/tara-zupancic-nam-je-predstavila-svojo-novo-ljubezen\/","name":"Tara Zupan\u010di\u010d nam je predstavila svojo novo ljubezen - Hudo Slovenija","isPartOf":{"@id":"https:\/\/hudo.com\/si\/#website"},"datePublished":"2018-06-11T05:35:35+00:00","dateModified":"2018-06-11T05:35:35+00:00","breadcrumb":{"@id":"https:\/\/hudo.com\/si\/vip\/tara-zupancic-nam-je-predstavila-svojo-novo-ljubezen\/#breadcrumb"},"inLanguage":"sl-SI","potentialAction":[{"@type":"ReadAction","target":["https:\/\/hudo.com\/si\/vip\/tara-zupancic-nam-je-predstavila-svojo-novo-ljubezen\/"]}]},{"@type":"BreadcrumbList","@id":"https:\/\/hudo.com\/si\/vip\/tara-zupancic-nam-je-predstavila-svojo-novo-ljubezen\/#breadcrumb","itemListElement":[{"@type":"ListItem","position":1,"name":"Home","item":"https:\/\/hudo.com\/si\/"},{"@type":"ListItem","position":2,"name":"Tara Zupan\u010di\u010d nam je predstavila svojo novo ljubezen"}]},{"@type":"WebSite","@id":"https:\/\/hudo.com\/si\/#website","url":"https:\/\/hudo.com\/si\/","name":"Hudo Slovenija","description":"Vse novice iz Slovenije in sveta","publisher":{"@id":"https:\/\/hudo.com\/si\/#organization"},"potentialAction":[{"@type":"SearchAction","target":{"@type":"EntryPoint","urlTemplate":"https:\/\/hudo.com\/si\/?s={search_term_string}"},"query-input":"required name=search_term_string"}],"inLanguage":"sl-SI"},{"@type":"Organization","@id":"https:\/\/hudo.com\/si\/#organization","name":"VSN Media","url":"https:\/\/hudo.com\/si\/","logo":{"@type":"ImageObject","inLanguage":"sl-SI","@id":"https:\/\/hudo.com\/si\/#\/schema\/logo\/image\/","url":"https:\/\/hudo.com\/si\/wp-content\/uploads\/sites\/2\/2021\/03\/hudo-app-2.png","contentUrl":"https:\/\/hudo.com\/si\/wp-content\/uploads\/sites\/2\/2021\/03\/hudo-app-2.png","width":2185,"height":2167,"caption":"VSN Media"},"image":{"@id":"https:\/\/hudo.com\/si\/#\/schema\/logo\/image\/"},"sameAs":["https:\/\/www.facebook.com\/hudo.si","https:\/\/twitter.com\/hudo_si"]},{"@type":"Person","@id":"https:\/\/hudo.com\/si\/#\/schema\/person\/601cf3379633985b20f7e50f2bb47707","name":"hudo","image":{"@type":"ImageObject","inLanguage":"sl-SI","@id":"https:\/\/hudo.com\/si\/#\/schema\/person\/image\/","url":"https:\/\/secure.gravatar.com\/avatar\/c4ca25fa72cace7a696b52ff5db9e095?s=96&d=mm&r=g","contentUrl":"https:\/\/secure.gravatar.com\/avatar\/c4ca25fa72cace7a696b52ff5db9e095?s=96&d=mm&r=g","caption":"hudo"},"url":"https:\/\/hudo.com\/si\/author\/hudo\/"}]}},"amp_enabled":true,"_links":{"self":[{"href":"https:\/\/hudo.com\/si\/wp-json\/wp\/v2\/posts\/371710"}],"collection":[{"href":"https:\/\/hudo.com\/si\/wp-json\/wp\/v2\/posts"}],"about":[{"href":"https:\/\/hudo.com\/si\/wp-json\/wp\/v2\/types\/post"}],"author":[{"embeddable":true,"href":"https:\/\/hudo.com\/si\/wp-json\/wp\/v2\/users\/1"}],"replies":[{"embeddable":true,"href":"https:\/\/hudo.com\/si\/wp-json\/wp\/v2\/comments?post=371710"}],"version-history":[{"count":0,"href":"https:\/\/hudo.com\/si\/wp-json\/wp\/v2\/posts\/371710\/revisions"}],"wp:attachment":[{"href":"https:\/\/hudo.com\/si\/wp-json\/wp\/v2\/media?parent=371710"}],"wp:term":[{"taxonomy":"category","embeddable":true,"href":"https:\/\/hudo.com\/si\/wp-json\/wp\/v2\/categories?post=371710"},{"taxonomy":"post_tag","embeddable":true,"href":"https:\/\/hudo.com\/si\/wp-json\/wp\/v2\/tags?post=371710"},{"taxonomy":"source","embeddable":true,"href":"https:\/\/hudo.com\/si\/wp-json\/wp\/v2\/source?post=371710"},{"taxonomy":"supertag","embeddable":true,"href":"https:\/\/hudo.com\/si\/wp-json\/wp\/v2\/supertag?post=371710"}],"curies":[{"name":"wp","href":"https:\/\/api.w.org\/{rel}","templated":true}]}}