{"id":371915,"date":"2018-06-14T07:32:22","date_gmt":"2018-06-14T05:32:22","guid":{"rendered":"http:\/\/hudo.com\/si\/?p=371915"},"modified":"2018-06-14T07:32:22","modified_gmt":"2018-06-14T05:32:22","slug":"mocnejse-nevihte-povzrocile-kar-nekaj-tezav-tudi-v-pomurju","status":"publish","type":"post","link":"https:\/\/hudo.com\/si\/aktualno\/mocnejse-nevihte-povzrocile-kar-nekaj-tezav-tudi-v-pomurju\/","title":{"rendered":"Mo\u010dnej\u0161e nevihte povzro\u010dile kar nekaj te\u017eav tudi v Pomurju"},"content":{"rendered":"<p>V Murski Soboti je zaradi velikega naliva, zalilo podvoz v Cankarjevi ulici. V naraslo vodo se je zapeljal voznik osebnega vozila in obstal v vodi. Gasilci so iz poplavljenega podvoza izvlekli eno osebno in eno re\u0161evalno vozilo.<\/p>\n<p>\u017de v sredo popoldne se je mo\u010dna nevihta premikala z Dolenjske preko Posavja in \u0160tajerske proti Koro\u0161ki in povzro\u010dila kar nekaj te\u017eav.<\/p>\n<p>Danes bo prete\u017eno obla\u010dno, zjutraj in dopoldne bo ponekod v notranjosti Slovenije ob\u010dasno \u0161e rahlo de\u017eevalo. Popoldne bo suho, na Primorskem se bodo oblaki trgali. Pihal bo veter severnih smeri, na Primorskem ve\u010dinoma \u0161ibka burja. Najvi\u0161je dnevne temperature bodo od 19 do 22, na Primorskem do 26 stopinj Celzija, napoveduje Agencija RS za okolje.<\/p>\n<p>V petek bo delno jasno s spremenljivo obla\u010dnostjo, zjutraj bo ponekod na jugu mo\u017ena kak\u0161na kaplja de\u017eja. Pihal bo severni do severovzhodni veter, na Primorskem \u0161ibka burja. Najni\u017eje jutranje temperature bodo od 10 do 17, najvi\u0161je dnevne od 20 do 25, na Primorskem do 27 stopinj.<\/p>\n<p>V soboto bo na vzhodu spremenljivo do prete\u017eno obla\u010dno. Drugod bo delno jasno, popoldne pa bo spremenljivo obla\u010dno s posameznimi plohami ali nevihtami. Jasno bo ostalo na Primorskem, kjer ploh ne bo. Ponekod bo \u0161e pihal severovzhodnik. V nedeljo bo po deloma jasnem jutru spremenljivo do prete\u017eno obla\u010dno. Predvsem sredi dneva in popoldne bodo krajevne plohe in nevihte.<\/p>\n<p>V naslednjih dneh je zaradi lokalno mo\u010dnih nalivov v preteklih dneh in napovedanih padavin pove\u010dana verjetnost pojavljanja zemeljskih plazov v osrednji in vzhodni Sloveniji. Do pojavljanja zemeljskih plazov lahko pride tudi v ostalih predelih Slovenije, so sporo\u010dili iz Geolo\u0161kega zavoda Slovenije.<\/p>\n","protected":false},"excerpt":{"rendered":"<p>Mo\u010dnej\u0161e nevihte so v sredo zve\u010der povzro\u010dile nekaj te\u017eav tudi v Pomurju. Padavinska voda je zalila prostore pred telovadnico Osnovne \u0161ole Puconci in kletne prostore nekaj stanovanjskih hi\u0161 v ob\u010dinah Puconci, Beltinci, Murska sobota in Ljutomer. Gasilci so iz\u010drpali vodo in odstranili naplavljen material, poro\u010da center za obve\u0161\u010danje.<\/p>\n","protected":false},"author":8,"featured_media":370860,"comment_status":"closed","ping_status":"closed","sticky":false,"template":"","format":"standard","meta":{"footnotes":""},"categories":[1179],"tags":[3706,4833,1595],"source":[4511],"supertag":[],"acf":[],"yoast_head":"<!-- This site is optimized with the Yoast SEO plugin v21.3 - https:\/\/yoast.com\/wordpress\/plugins\/seo\/ -->\n<title>Mo\u010dnej\u0161e nevihte povzro\u010dile kar nekaj te\u017eav tudi v Pomurju - Hudo Slovenija<\/title>\n<meta name=\"robots\" content=\"index, follow, max-snippet:-1, max-image-preview:large, max-video-preview:-1\" \/>\n<link rel=\"canonical\" href=\"https:\/\/hudo.com\/si\/aktualno\/mocnejse-nevihte-povzrocile-kar-nekaj-tezav-tudi-v-pomurju\/\" \/>\n<meta property=\"og:locale\" content=\"sl_SI\" \/>\n<meta property=\"og:type\" content=\"article\" \/>\n<meta property=\"og:title\" content=\"Mo\u010dnej\u0161e nevihte povzro\u010dile kar nekaj te\u017eav tudi v Pomurju - Hudo Slovenija\" \/>\n<meta property=\"og:description\" content=\"Mo\u010dnej\u0161e nevihte so v sredo zve\u010der povzro\u010dile nekaj te\u017eav tudi v Pomurju. Padavinska voda je zalila prostore pred telovadnico Osnovne \u0161ole Puconci in kletne prostore nekaj stanovanjskih hi\u0161 v ob\u010dinah Puconci, Beltinci, Murska sobota in Ljutomer. Gasilci so iz\u010drpali vodo in odstranili naplavljen material, poro\u010da center za obve\u0161\u010danje.\" \/>\n<meta property=\"og:url\" content=\"https:\/\/hudo.com\/si\/aktualno\/mocnejse-nevihte-povzrocile-kar-nekaj-tezav-tudi-v-pomurju\/\" \/>\n<meta property=\"og:site_name\" content=\"Hudo Slovenija\" \/>\n<meta property=\"article:publisher\" content=\"https:\/\/www.facebook.com\/hudo.si\" \/>\n<meta property=\"article:published_time\" content=\"2018-06-14T05:32:22+00:00\" \/>\n<meta property=\"og:image\" content=\"https:\/\/hudo.com\/si\/wp-content\/uploads\/sites\/2\/2018\/05\/profimedia-0177250338.jpg\" \/>\n\t<meta property=\"og:image:width\" content=\"1250\" \/>\n\t<meta property=\"og:image:height\" content=\"831\" \/>\n\t<meta property=\"og:image:type\" content=\"image\/jpeg\" \/>\n<meta name=\"author\" content=\"M. N., STA\" \/>\n<meta name=\"twitter:card\" content=\"summary_large_image\" \/>\n<meta name=\"twitter:creator\" content=\"@hudo_si\" \/>\n<meta name=\"twitter:site\" content=\"@hudo_si\" \/>\n<meta name=\"twitter:label1\" content=\"Written by\" \/>\n\t<meta name=\"twitter:data1\" content=\"M. N., STA\" \/>\n\t<meta name=\"twitter:label2\" content=\"Est. reading time\" \/>\n\t<meta name=\"twitter:data2\" content=\"1 minuta\" \/>\n<script type=\"application\/ld+json\" class=\"yoast-schema-graph\">{\"@context\":\"https:\/\/schema.org\",\"@graph\":[{\"@type\":\"Article\",\"@id\":\"https:\/\/hudo.com\/si\/aktualno\/mocnejse-nevihte-povzrocile-kar-nekaj-tezav-tudi-v-pomurju\/#article\",\"isPartOf\":{\"@id\":\"https:\/\/hudo.com\/si\/aktualno\/mocnejse-nevihte-povzrocile-kar-nekaj-tezav-tudi-v-pomurju\/\"},\"author\":{\"name\":\"M. N., STA\",\"@id\":\"https:\/\/hudo.com\/si\/#\/schema\/person\/c2f10ce65d2e6ede2aeda5be2a0611fa\"},\"headline\":\"Mo\u010dnej\u0161e nevihte povzro\u010dile kar nekaj te\u017eav tudi v Pomurju\",\"datePublished\":\"2018-06-14T05:32:22+00:00\",\"dateModified\":\"2018-06-14T05:32:22+00:00\",\"mainEntityOfPage\":{\"@id\":\"https:\/\/hudo.com\/si\/aktualno\/mocnejse-nevihte-povzrocile-kar-nekaj-tezav-tudi-v-pomurju\/\"},\"wordCount\":289,\"publisher\":{\"@id\":\"https:\/\/hudo.com\/si\/#organization\"},\"keywords\":[\"nevihte\",\"Pomurje\",\"Slovenija\"],\"articleSection\":[\"Aktualno\"],\"inLanguage\":\"sl-SI\"},{\"@type\":\"WebPage\",\"@id\":\"https:\/\/hudo.com\/si\/aktualno\/mocnejse-nevihte-povzrocile-kar-nekaj-tezav-tudi-v-pomurju\/\",\"url\":\"https:\/\/hudo.com\/si\/aktualno\/mocnejse-nevihte-povzrocile-kar-nekaj-tezav-tudi-v-pomurju\/\",\"name\":\"Mo\u010dnej\u0161e nevihte povzro\u010dile kar nekaj te\u017eav tudi v Pomurju - Hudo Slovenija\",\"isPartOf\":{\"@id\":\"https:\/\/hudo.com\/si\/#website\"},\"datePublished\":\"2018-06-14T05:32:22+00:00\",\"dateModified\":\"2018-06-14T05:32:22+00:00\",\"breadcrumb\":{\"@id\":\"https:\/\/hudo.com\/si\/aktualno\/mocnejse-nevihte-povzrocile-kar-nekaj-tezav-tudi-v-pomurju\/#breadcrumb\"},\"inLanguage\":\"sl-SI\",\"potentialAction\":[{\"@type\":\"ReadAction\",\"target\":[\"https:\/\/hudo.com\/si\/aktualno\/mocnejse-nevihte-povzrocile-kar-nekaj-tezav-tudi-v-pomurju\/\"]}]},{\"@type\":\"BreadcrumbList\",\"@id\":\"https:\/\/hudo.com\/si\/aktualno\/mocnejse-nevihte-povzrocile-kar-nekaj-tezav-tudi-v-pomurju\/#breadcrumb\",\"itemListElement\":[{\"@type\":\"ListItem\",\"position\":1,\"name\":\"Home\",\"item\":\"https:\/\/hudo.com\/si\/\"},{\"@type\":\"ListItem\",\"position\":2,\"name\":\"Mo\u010dnej\u0161e nevihte povzro\u010dile kar nekaj te\u017eav tudi v Pomurju\"}]},{\"@type\":\"WebSite\",\"@id\":\"https:\/\/hudo.com\/si\/#website\",\"url\":\"https:\/\/hudo.com\/si\/\",\"name\":\"Hudo Slovenija\",\"description\":\"Vse novice iz Slovenije in sveta\",\"publisher\":{\"@id\":\"https:\/\/hudo.com\/si\/#organization\"},\"potentialAction\":[{\"@type\":\"SearchAction\",\"target\":{\"@type\":\"EntryPoint\",\"urlTemplate\":\"https:\/\/hudo.com\/si\/?s={search_term_string}\"},\"query-input\":\"required name=search_term_string\"}],\"inLanguage\":\"sl-SI\"},{\"@type\":\"Organization\",\"@id\":\"https:\/\/hudo.com\/si\/#organization\",\"name\":\"VSN Media\",\"url\":\"https:\/\/hudo.com\/si\/\",\"logo\":{\"@type\":\"ImageObject\",\"inLanguage\":\"sl-SI\",\"@id\":\"https:\/\/hudo.com\/si\/#\/schema\/logo\/image\/\",\"url\":\"https:\/\/hudo.com\/si\/wp-content\/uploads\/sites\/2\/2021\/03\/hudo-app-2.png\",\"contentUrl\":\"https:\/\/hudo.com\/si\/wp-content\/uploads\/sites\/2\/2021\/03\/hudo-app-2.png\",\"width\":2185,\"height\":2167,\"caption\":\"VSN Media\"},\"image\":{\"@id\":\"https:\/\/hudo.com\/si\/#\/schema\/logo\/image\/\"},\"sameAs\":[\"https:\/\/www.facebook.com\/hudo.si\",\"https:\/\/twitter.com\/hudo_si\"]},{\"@type\":\"Person\",\"@id\":\"https:\/\/hudo.com\/si\/#\/schema\/person\/c2f10ce65d2e6ede2aeda5be2a0611fa\",\"name\":\"M. N., STA\",\"image\":{\"@type\":\"ImageObject\",\"inLanguage\":\"sl-SI\",\"@id\":\"https:\/\/hudo.com\/si\/#\/schema\/person\/image\/\",\"url\":\"https:\/\/secure.gravatar.com\/avatar\/f370d38daa10467f755c5c766a4cac20?s=96&d=mm&r=g\",\"contentUrl\":\"https:\/\/secure.gravatar.com\/avatar\/f370d38daa10467f755c5c766a4cac20?s=96&d=mm&r=g\",\"caption\":\"M. N., STA\"},\"url\":\"https:\/\/hudo.com\/si\/author\/mana\/\"}]}<\/script>\n<!-- \/ Yoast SEO plugin. -->","yoast_head_json":{"title":"Mo\u010dnej\u0161e nevihte povzro\u010dile kar nekaj te\u017eav tudi v Pomurju - Hudo Slovenija","robots":{"index":"index","follow":"follow","max-snippet":"max-snippet:-1","max-image-preview":"max-image-preview:large","max-video-preview":"max-video-preview:-1"},"canonical":"https:\/\/hudo.com\/si\/aktualno\/mocnejse-nevihte-povzrocile-kar-nekaj-tezav-tudi-v-pomurju\/","og_locale":"sl_SI","og_type":"article","og_title":"Mo\u010dnej\u0161e nevihte povzro\u010dile kar nekaj te\u017eav tudi v Pomurju - Hudo Slovenija","og_description":"Mo\u010dnej\u0161e nevihte so v sredo zve\u010der povzro\u010dile nekaj te\u017eav tudi v Pomurju. Padavinska voda je zalila prostore pred telovadnico Osnovne \u0161ole Puconci in kletne prostore nekaj stanovanjskih hi\u0161 v ob\u010dinah Puconci, Beltinci, Murska sobota in Ljutomer. Gasilci so iz\u010drpali vodo in odstranili naplavljen material, poro\u010da center za obve\u0161\u010danje.","og_url":"https:\/\/hudo.com\/si\/aktualno\/mocnejse-nevihte-povzrocile-kar-nekaj-tezav-tudi-v-pomurju\/","og_site_name":"Hudo Slovenija","article_publisher":"https:\/\/www.facebook.com\/hudo.si","article_published_time":"2018-06-14T05:32:22+00:00","og_image":[{"width":1250,"height":831,"url":"https:\/\/hudo.com\/si\/wp-content\/uploads\/sites\/2\/2018\/05\/profimedia-0177250338.jpg","type":"image\/jpeg"}],"author":"M. N., STA","twitter_card":"summary_large_image","twitter_creator":"@hudo_si","twitter_site":"@hudo_si","twitter_misc":{"Written by":"M. N., STA","Est. reading time":"1 minuta"},"schema":{"@context":"https:\/\/schema.org","@graph":[{"@type":"Article","@id":"https:\/\/hudo.com\/si\/aktualno\/mocnejse-nevihte-povzrocile-kar-nekaj-tezav-tudi-v-pomurju\/#article","isPartOf":{"@id":"https:\/\/hudo.com\/si\/aktualno\/mocnejse-nevihte-povzrocile-kar-nekaj-tezav-tudi-v-pomurju\/"},"author":{"name":"M. N., STA","@id":"https:\/\/hudo.com\/si\/#\/schema\/person\/c2f10ce65d2e6ede2aeda5be2a0611fa"},"headline":"Mo\u010dnej\u0161e nevihte povzro\u010dile kar nekaj te\u017eav tudi v Pomurju","datePublished":"2018-06-14T05:32:22+00:00","dateModified":"2018-06-14T05:32:22+00:00","mainEntityOfPage":{"@id":"https:\/\/hudo.com\/si\/aktualno\/mocnejse-nevihte-povzrocile-kar-nekaj-tezav-tudi-v-pomurju\/"},"wordCount":289,"publisher":{"@id":"https:\/\/hudo.com\/si\/#organization"},"keywords":["nevihte","Pomurje","Slovenija"],"articleSection":["Aktualno"],"inLanguage":"sl-SI"},{"@type":"WebPage","@id":"https:\/\/hudo.com\/si\/aktualno\/mocnejse-nevihte-povzrocile-kar-nekaj-tezav-tudi-v-pomurju\/","url":"https:\/\/hudo.com\/si\/aktualno\/mocnejse-nevihte-povzrocile-kar-nekaj-tezav-tudi-v-pomurju\/","name":"Mo\u010dnej\u0161e nevihte povzro\u010dile kar nekaj te\u017eav tudi v Pomurju - Hudo Slovenija","isPartOf":{"@id":"https:\/\/hudo.com\/si\/#website"},"datePublished":"2018-06-14T05:32:22+00:00","dateModified":"2018-06-14T05:32:22+00:00","breadcrumb":{"@id":"https:\/\/hudo.com\/si\/aktualno\/mocnejse-nevihte-povzrocile-kar-nekaj-tezav-tudi-v-pomurju\/#breadcrumb"},"inLanguage":"sl-SI","potentialAction":[{"@type":"ReadAction","target":["https:\/\/hudo.com\/si\/aktualno\/mocnejse-nevihte-povzrocile-kar-nekaj-tezav-tudi-v-pomurju\/"]}]},{"@type":"BreadcrumbList","@id":"https:\/\/hudo.com\/si\/aktualno\/mocnejse-nevihte-povzrocile-kar-nekaj-tezav-tudi-v-pomurju\/#breadcrumb","itemListElement":[{"@type":"ListItem","position":1,"name":"Home","item":"https:\/\/hudo.com\/si\/"},{"@type":"ListItem","position":2,"name":"Mo\u010dnej\u0161e nevihte povzro\u010dile kar nekaj te\u017eav tudi v Pomurju"}]},{"@type":"WebSite","@id":"https:\/\/hudo.com\/si\/#website","url":"https:\/\/hudo.com\/si\/","name":"Hudo Slovenija","description":"Vse novice iz Slovenije in sveta","publisher":{"@id":"https:\/\/hudo.com\/si\/#organization"},"potentialAction":[{"@type":"SearchAction","target":{"@type":"EntryPoint","urlTemplate":"https:\/\/hudo.com\/si\/?s={search_term_string}"},"query-input":"required name=search_term_string"}],"inLanguage":"sl-SI"},{"@type":"Organization","@id":"https:\/\/hudo.com\/si\/#organization","name":"VSN Media","url":"https:\/\/hudo.com\/si\/","logo":{"@type":"ImageObject","inLanguage":"sl-SI","@id":"https:\/\/hudo.com\/si\/#\/schema\/logo\/image\/","url":"https:\/\/hudo.com\/si\/wp-content\/uploads\/sites\/2\/2021\/03\/hudo-app-2.png","contentUrl":"https:\/\/hudo.com\/si\/wp-content\/uploads\/sites\/2\/2021\/03\/hudo-app-2.png","width":2185,"height":2167,"caption":"VSN Media"},"image":{"@id":"https:\/\/hudo.com\/si\/#\/schema\/logo\/image\/"},"sameAs":["https:\/\/www.facebook.com\/hudo.si","https:\/\/twitter.com\/hudo_si"]},{"@type":"Person","@id":"https:\/\/hudo.com\/si\/#\/schema\/person\/c2f10ce65d2e6ede2aeda5be2a0611fa","name":"M. N., STA","image":{"@type":"ImageObject","inLanguage":"sl-SI","@id":"https:\/\/hudo.com\/si\/#\/schema\/person\/image\/","url":"https:\/\/secure.gravatar.com\/avatar\/f370d38daa10467f755c5c766a4cac20?s=96&d=mm&r=g","contentUrl":"https:\/\/secure.gravatar.com\/avatar\/f370d38daa10467f755c5c766a4cac20?s=96&d=mm&r=g","caption":"M. N., STA"},"url":"https:\/\/hudo.com\/si\/author\/mana\/"}]}},"amp_enabled":true,"_links":{"self":[{"href":"https:\/\/hudo.com\/si\/wp-json\/wp\/v2\/posts\/371915"}],"collection":[{"href":"https:\/\/hudo.com\/si\/wp-json\/wp\/v2\/posts"}],"about":[{"href":"https:\/\/hudo.com\/si\/wp-json\/wp\/v2\/types\/post"}],"author":[{"embeddable":true,"href":"https:\/\/hudo.com\/si\/wp-json\/wp\/v2\/users\/8"}],"replies":[{"embeddable":true,"href":"https:\/\/hudo.com\/si\/wp-json\/wp\/v2\/comments?post=371915"}],"version-history":[{"count":1,"href":"https:\/\/hudo.com\/si\/wp-json\/wp\/v2\/posts\/371915\/revisions"}],"predecessor-version":[{"id":371916,"href":"https:\/\/hudo.com\/si\/wp-json\/wp\/v2\/posts\/371915\/revisions\/371916"}],"wp:featuredmedia":[{"embeddable":true,"href":"https:\/\/hudo.com\/si\/wp-json\/wp\/v2\/media\/370860"}],"wp:attachment":[{"href":"https:\/\/hudo.com\/si\/wp-json\/wp\/v2\/media?parent=371915"}],"wp:term":[{"taxonomy":"category","embeddable":true,"href":"https:\/\/hudo.com\/si\/wp-json\/wp\/v2\/categories?post=371915"},{"taxonomy":"post_tag","embeddable":true,"href":"https:\/\/hudo.com\/si\/wp-json\/wp\/v2\/tags?post=371915"},{"taxonomy":"source","embeddable":true,"href":"https:\/\/hudo.com\/si\/wp-json\/wp\/v2\/source?post=371915"},{"taxonomy":"supertag","embeddable":true,"href":"https:\/\/hudo.com\/si\/wp-json\/wp\/v2\/supertag?post=371915"}],"curies":[{"name":"wp","href":"https:\/\/api.w.org\/{rel}","templated":true}]}}