{"id":372093,"date":"2018-06-17T13:02:20","date_gmt":"2018-06-17T11:02:20","guid":{"rendered":"http:\/\/hudo.com\/si\/?p=372093"},"modified":"2018-06-17T14:15:10","modified_gmt":"2018-06-17T12:15:10","slug":"jesenice-z-avtom-prebil-ograjo-pristal-na-zelezniskih-tirih","status":"publish","type":"post","link":"https:\/\/hudo.com\/si\/aktualno\/jesenice-z-avtom-prebil-ograjo-pristal-na-zelezniskih-tirih\/","title":{"rendered":"Jesenice: Z avtom prebil ograjo in pristal na \u017eelezni\u0161kih tirih"},"content":{"rendered":"<div class=\"text\">\n<p>Po podatkih Uprave RS za za\u0161\u010dito in re\u0161evanje se je nesre\u010da zgodila nekaj po 1. uri pono\u010di na Cesti \u017eelezarjev. Po\u0161kodovane so oskrbeli re\u0161evalci in jih prepeljali v Splo\u0161no bolni\u0161nico Jesenice, jeseni\u0161ki gasilci pa so zavarovali kraj nesre\u010de, nudili pomo\u010d re\u0161evalcem in vozilo s pomo\u010djo dvigala dvignili nazaj na cesto.<\/p>\n<p>De\u017eurni delavci Slovenskih \u017eeleznic so na \u017eelezni\u0161ki progi odklopili elektriko in ozemljili elektri\u010dne vodnike ter pregledali progo. \u017delezni\u0161ki promet na progi Jesenice-Kranj je bil med intervencijo prekinjen, \u0161e navaja uprava.<\/p>\n<p>S Policijske uprave Kranj pa so sporo\u010dili \u0161e, da je bil v nesre\u010di po prvih podatkih udele\u017een en osebni avto, policisti pa o nesre\u010di \u0161e vodijo postopek.<\/p>\n<\/div>\n","protected":false},"excerpt":{"rendered":"<p>V prometni nesre\u010di, ki se je minulo no\u010d zgodila na Jesenicah, je po prvih podatkih policije osebni avto prebil varovalno ograjo in pristal na \u017eelezni\u0161kih tirih pod nivojem vozi\u0161\u010da. Pri tem sta se voznik in eden od potnikov la\u017eje po\u0161kodovala, drugi potnik pa huje. \u017delezni\u0161ki promet na progi Jesenice-Kranj je bil nekaj \u010dasa prekinjen.<\/p>\n","protected":false},"author":5,"featured_media":208944,"comment_status":"closed","ping_status":"closed","sticky":false,"template":"","format":"standard","meta":{"footnotes":""},"categories":[1179],"tags":[1728,4791,1595],"source":[4511],"supertag":[7150],"acf":[],"yoast_head":"<!-- This site is optimized with the Yoast SEO plugin v21.3 - https:\/\/yoast.com\/wordpress\/plugins\/seo\/ -->\n<title>Jesenice: Z avtom prebil ograjo in pristal na \u017eelezni\u0161kih tirih - Hudo Slovenija<\/title>\n<meta name=\"robots\" content=\"index, follow, max-snippet:-1, max-image-preview:large, max-video-preview:-1\" \/>\n<link rel=\"canonical\" href=\"https:\/\/hudo.com\/si\/aktualno\/jesenice-z-avtom-prebil-ograjo-pristal-na-zelezniskih-tirih\/\" \/>\n<meta property=\"og:locale\" content=\"sl_SI\" \/>\n<meta property=\"og:type\" content=\"article\" \/>\n<meta property=\"og:title\" content=\"Jesenice: Z avtom prebil ograjo in pristal na \u017eelezni\u0161kih tirih - Hudo Slovenija\" \/>\n<meta property=\"og:description\" content=\"V prometni nesre\u010di, ki se je minulo no\u010d zgodila na Jesenicah, je po prvih podatkih policije osebni avto prebil varovalno ograjo in pristal na \u017eelezni\u0161kih tirih pod nivojem vozi\u0161\u010da. Pri tem sta se voznik in eden od potnikov la\u017eje po\u0161kodovala, drugi potnik pa huje. \u017delezni\u0161ki promet na progi Jesenice-Kranj je bil nekaj \u010dasa prekinjen.\" \/>\n<meta property=\"og:url\" content=\"https:\/\/hudo.com\/si\/aktualno\/jesenice-z-avtom-prebil-ograjo-pristal-na-zelezniskih-tirih\/\" \/>\n<meta property=\"og:site_name\" content=\"Hudo Slovenija\" \/>\n<meta property=\"article:publisher\" content=\"https:\/\/www.facebook.com\/hudo.si\" \/>\n<meta property=\"article:published_time\" content=\"2018-06-17T11:02:20+00:00\" \/>\n<meta property=\"article:modified_time\" content=\"2018-06-17T12:15:10+00:00\" \/>\n<meta property=\"og:image\" content=\"https:\/\/hudo.com\/si\/wp-content\/uploads\/sites\/2\/2017\/02\/20070913-00042421.jpg\" \/>\n\t<meta property=\"og:image:width\" content=\"640\" \/>\n\t<meta property=\"og:image:height\" content=\"405\" \/>\n\t<meta property=\"og:image:type\" content=\"image\/jpeg\" \/>\n<meta name=\"author\" content=\"A. G., STA\" \/>\n<meta name=\"twitter:card\" content=\"summary_large_image\" \/>\n<meta name=\"twitter:creator\" content=\"@hudo_si\" \/>\n<meta name=\"twitter:site\" content=\"@hudo_si\" \/>\n<meta name=\"twitter:label1\" content=\"Written by\" \/>\n\t<meta name=\"twitter:data1\" content=\"A. G., STA\" \/>\n\t<meta name=\"twitter:label2\" content=\"Est. reading time\" \/>\n\t<meta name=\"twitter:data2\" content=\"1 minuta\" \/>\n<script type=\"application\/ld+json\" class=\"yoast-schema-graph\">{\"@context\":\"https:\/\/schema.org\",\"@graph\":[{\"@type\":\"Article\",\"@id\":\"https:\/\/hudo.com\/si\/aktualno\/jesenice-z-avtom-prebil-ograjo-pristal-na-zelezniskih-tirih\/#article\",\"isPartOf\":{\"@id\":\"https:\/\/hudo.com\/si\/aktualno\/jesenice-z-avtom-prebil-ograjo-pristal-na-zelezniskih-tirih\/\"},\"author\":{\"name\":\"A. G., STA\",\"@id\":\"https:\/\/hudo.com\/si\/#\/schema\/person\/2391667a63ea075ba94f2f2dc6b77537\"},\"headline\":\"Jesenice: Z avtom prebil ograjo in pristal na \u017eelezni\u0161kih tirih\",\"datePublished\":\"2018-06-17T11:02:20+00:00\",\"dateModified\":\"2018-06-17T12:15:10+00:00\",\"mainEntityOfPage\":{\"@id\":\"https:\/\/hudo.com\/si\/aktualno\/jesenice-z-avtom-prebil-ograjo-pristal-na-zelezniskih-tirih\/\"},\"wordCount\":137,\"publisher\":{\"@id\":\"https:\/\/hudo.com\/si\/#organization\"},\"keywords\":[\"policija\",\"prometna nesre\u010da\",\"Slovenija\"],\"articleSection\":[\"Aktualno\"],\"inLanguage\":\"sl-SI\"},{\"@type\":\"WebPage\",\"@id\":\"https:\/\/hudo.com\/si\/aktualno\/jesenice-z-avtom-prebil-ograjo-pristal-na-zelezniskih-tirih\/\",\"url\":\"https:\/\/hudo.com\/si\/aktualno\/jesenice-z-avtom-prebil-ograjo-pristal-na-zelezniskih-tirih\/\",\"name\":\"Jesenice: Z avtom prebil ograjo in pristal na \u017eelezni\u0161kih tirih - Hudo Slovenija\",\"isPartOf\":{\"@id\":\"https:\/\/hudo.com\/si\/#website\"},\"datePublished\":\"2018-06-17T11:02:20+00:00\",\"dateModified\":\"2018-06-17T12:15:10+00:00\",\"breadcrumb\":{\"@id\":\"https:\/\/hudo.com\/si\/aktualno\/jesenice-z-avtom-prebil-ograjo-pristal-na-zelezniskih-tirih\/#breadcrumb\"},\"inLanguage\":\"sl-SI\",\"potentialAction\":[{\"@type\":\"ReadAction\",\"target\":[\"https:\/\/hudo.com\/si\/aktualno\/jesenice-z-avtom-prebil-ograjo-pristal-na-zelezniskih-tirih\/\"]}]},{\"@type\":\"BreadcrumbList\",\"@id\":\"https:\/\/hudo.com\/si\/aktualno\/jesenice-z-avtom-prebil-ograjo-pristal-na-zelezniskih-tirih\/#breadcrumb\",\"itemListElement\":[{\"@type\":\"ListItem\",\"position\":1,\"name\":\"Home\",\"item\":\"https:\/\/hudo.com\/si\/\"},{\"@type\":\"ListItem\",\"position\":2,\"name\":\"Jesenice: Z avtom prebil ograjo in pristal na \u017eelezni\u0161kih tirih\"}]},{\"@type\":\"WebSite\",\"@id\":\"https:\/\/hudo.com\/si\/#website\",\"url\":\"https:\/\/hudo.com\/si\/\",\"name\":\"Hudo Slovenija\",\"description\":\"Vse novice iz Slovenije in sveta\",\"publisher\":{\"@id\":\"https:\/\/hudo.com\/si\/#organization\"},\"potentialAction\":[{\"@type\":\"SearchAction\",\"target\":{\"@type\":\"EntryPoint\",\"urlTemplate\":\"https:\/\/hudo.com\/si\/?s={search_term_string}\"},\"query-input\":\"required name=search_term_string\"}],\"inLanguage\":\"sl-SI\"},{\"@type\":\"Organization\",\"@id\":\"https:\/\/hudo.com\/si\/#organization\",\"name\":\"VSN Media\",\"url\":\"https:\/\/hudo.com\/si\/\",\"logo\":{\"@type\":\"ImageObject\",\"inLanguage\":\"sl-SI\",\"@id\":\"https:\/\/hudo.com\/si\/#\/schema\/logo\/image\/\",\"url\":\"https:\/\/hudo.com\/si\/wp-content\/uploads\/sites\/2\/2021\/03\/hudo-app-2.png\",\"contentUrl\":\"https:\/\/hudo.com\/si\/wp-content\/uploads\/sites\/2\/2021\/03\/hudo-app-2.png\",\"width\":2185,\"height\":2167,\"caption\":\"VSN Media\"},\"image\":{\"@id\":\"https:\/\/hudo.com\/si\/#\/schema\/logo\/image\/\"},\"sameAs\":[\"https:\/\/www.facebook.com\/hudo.si\",\"https:\/\/twitter.com\/hudo_si\"]},{\"@type\":\"Person\",\"@id\":\"https:\/\/hudo.com\/si\/#\/schema\/person\/2391667a63ea075ba94f2f2dc6b77537\",\"name\":\"A. G., STA\",\"image\":{\"@type\":\"ImageObject\",\"inLanguage\":\"sl-SI\",\"@id\":\"https:\/\/hudo.com\/si\/#\/schema\/person\/image\/\",\"url\":\"https:\/\/secure.gravatar.com\/avatar\/e13d22ac3e442658d5025fbbe6238a79?s=96&d=mm&r=g\",\"contentUrl\":\"https:\/\/secure.gravatar.com\/avatar\/e13d22ac3e442658d5025fbbe6238a79?s=96&d=mm&r=g\",\"caption\":\"A. G., STA\"},\"url\":\"https:\/\/hudo.com\/si\/author\/alenka\/\"}]}<\/script>\n<!-- \/ Yoast SEO plugin. -->","yoast_head_json":{"title":"Jesenice: Z avtom prebil ograjo in pristal na \u017eelezni\u0161kih tirih - Hudo Slovenija","robots":{"index":"index","follow":"follow","max-snippet":"max-snippet:-1","max-image-preview":"max-image-preview:large","max-video-preview":"max-video-preview:-1"},"canonical":"https:\/\/hudo.com\/si\/aktualno\/jesenice-z-avtom-prebil-ograjo-pristal-na-zelezniskih-tirih\/","og_locale":"sl_SI","og_type":"article","og_title":"Jesenice: Z avtom prebil ograjo in pristal na \u017eelezni\u0161kih tirih - Hudo Slovenija","og_description":"V prometni nesre\u010di, ki se je minulo no\u010d zgodila na Jesenicah, je po prvih podatkih policije osebni avto prebil varovalno ograjo in pristal na \u017eelezni\u0161kih tirih pod nivojem vozi\u0161\u010da. Pri tem sta se voznik in eden od potnikov la\u017eje po\u0161kodovala, drugi potnik pa huje. \u017delezni\u0161ki promet na progi Jesenice-Kranj je bil nekaj \u010dasa prekinjen.","og_url":"https:\/\/hudo.com\/si\/aktualno\/jesenice-z-avtom-prebil-ograjo-pristal-na-zelezniskih-tirih\/","og_site_name":"Hudo Slovenija","article_publisher":"https:\/\/www.facebook.com\/hudo.si","article_published_time":"2018-06-17T11:02:20+00:00","article_modified_time":"2018-06-17T12:15:10+00:00","og_image":[{"width":640,"height":405,"url":"https:\/\/hudo.com\/si\/wp-content\/uploads\/sites\/2\/2017\/02\/20070913-00042421.jpg","type":"image\/jpeg"}],"author":"A. G., STA","twitter_card":"summary_large_image","twitter_creator":"@hudo_si","twitter_site":"@hudo_si","twitter_misc":{"Written by":"A. G., STA","Est. reading time":"1 minuta"},"schema":{"@context":"https:\/\/schema.org","@graph":[{"@type":"Article","@id":"https:\/\/hudo.com\/si\/aktualno\/jesenice-z-avtom-prebil-ograjo-pristal-na-zelezniskih-tirih\/#article","isPartOf":{"@id":"https:\/\/hudo.com\/si\/aktualno\/jesenice-z-avtom-prebil-ograjo-pristal-na-zelezniskih-tirih\/"},"author":{"name":"A. G., STA","@id":"https:\/\/hudo.com\/si\/#\/schema\/person\/2391667a63ea075ba94f2f2dc6b77537"},"headline":"Jesenice: Z avtom prebil ograjo in pristal na \u017eelezni\u0161kih tirih","datePublished":"2018-06-17T11:02:20+00:00","dateModified":"2018-06-17T12:15:10+00:00","mainEntityOfPage":{"@id":"https:\/\/hudo.com\/si\/aktualno\/jesenice-z-avtom-prebil-ograjo-pristal-na-zelezniskih-tirih\/"},"wordCount":137,"publisher":{"@id":"https:\/\/hudo.com\/si\/#organization"},"keywords":["policija","prometna nesre\u010da","Slovenija"],"articleSection":["Aktualno"],"inLanguage":"sl-SI"},{"@type":"WebPage","@id":"https:\/\/hudo.com\/si\/aktualno\/jesenice-z-avtom-prebil-ograjo-pristal-na-zelezniskih-tirih\/","url":"https:\/\/hudo.com\/si\/aktualno\/jesenice-z-avtom-prebil-ograjo-pristal-na-zelezniskih-tirih\/","name":"Jesenice: Z avtom prebil ograjo in pristal na \u017eelezni\u0161kih tirih - Hudo Slovenija","isPartOf":{"@id":"https:\/\/hudo.com\/si\/#website"},"datePublished":"2018-06-17T11:02:20+00:00","dateModified":"2018-06-17T12:15:10+00:00","breadcrumb":{"@id":"https:\/\/hudo.com\/si\/aktualno\/jesenice-z-avtom-prebil-ograjo-pristal-na-zelezniskih-tirih\/#breadcrumb"},"inLanguage":"sl-SI","potentialAction":[{"@type":"ReadAction","target":["https:\/\/hudo.com\/si\/aktualno\/jesenice-z-avtom-prebil-ograjo-pristal-na-zelezniskih-tirih\/"]}]},{"@type":"BreadcrumbList","@id":"https:\/\/hudo.com\/si\/aktualno\/jesenice-z-avtom-prebil-ograjo-pristal-na-zelezniskih-tirih\/#breadcrumb","itemListElement":[{"@type":"ListItem","position":1,"name":"Home","item":"https:\/\/hudo.com\/si\/"},{"@type":"ListItem","position":2,"name":"Jesenice: Z avtom prebil ograjo in pristal na \u017eelezni\u0161kih tirih"}]},{"@type":"WebSite","@id":"https:\/\/hudo.com\/si\/#website","url":"https:\/\/hudo.com\/si\/","name":"Hudo Slovenija","description":"Vse novice iz Slovenije in sveta","publisher":{"@id":"https:\/\/hudo.com\/si\/#organization"},"potentialAction":[{"@type":"SearchAction","target":{"@type":"EntryPoint","urlTemplate":"https:\/\/hudo.com\/si\/?s={search_term_string}"},"query-input":"required name=search_term_string"}],"inLanguage":"sl-SI"},{"@type":"Organization","@id":"https:\/\/hudo.com\/si\/#organization","name":"VSN Media","url":"https:\/\/hudo.com\/si\/","logo":{"@type":"ImageObject","inLanguage":"sl-SI","@id":"https:\/\/hudo.com\/si\/#\/schema\/logo\/image\/","url":"https:\/\/hudo.com\/si\/wp-content\/uploads\/sites\/2\/2021\/03\/hudo-app-2.png","contentUrl":"https:\/\/hudo.com\/si\/wp-content\/uploads\/sites\/2\/2021\/03\/hudo-app-2.png","width":2185,"height":2167,"caption":"VSN Media"},"image":{"@id":"https:\/\/hudo.com\/si\/#\/schema\/logo\/image\/"},"sameAs":["https:\/\/www.facebook.com\/hudo.si","https:\/\/twitter.com\/hudo_si"]},{"@type":"Person","@id":"https:\/\/hudo.com\/si\/#\/schema\/person\/2391667a63ea075ba94f2f2dc6b77537","name":"A. G., STA","image":{"@type":"ImageObject","inLanguage":"sl-SI","@id":"https:\/\/hudo.com\/si\/#\/schema\/person\/image\/","url":"https:\/\/secure.gravatar.com\/avatar\/e13d22ac3e442658d5025fbbe6238a79?s=96&d=mm&r=g","contentUrl":"https:\/\/secure.gravatar.com\/avatar\/e13d22ac3e442658d5025fbbe6238a79?s=96&d=mm&r=g","caption":"A. G., STA"},"url":"https:\/\/hudo.com\/si\/author\/alenka\/"}]}},"amp_enabled":true,"_links":{"self":[{"href":"https:\/\/hudo.com\/si\/wp-json\/wp\/v2\/posts\/372093"}],"collection":[{"href":"https:\/\/hudo.com\/si\/wp-json\/wp\/v2\/posts"}],"about":[{"href":"https:\/\/hudo.com\/si\/wp-json\/wp\/v2\/types\/post"}],"author":[{"embeddable":true,"href":"https:\/\/hudo.com\/si\/wp-json\/wp\/v2\/users\/5"}],"replies":[{"embeddable":true,"href":"https:\/\/hudo.com\/si\/wp-json\/wp\/v2\/comments?post=372093"}],"version-history":[{"count":1,"href":"https:\/\/hudo.com\/si\/wp-json\/wp\/v2\/posts\/372093\/revisions"}],"predecessor-version":[{"id":372094,"href":"https:\/\/hudo.com\/si\/wp-json\/wp\/v2\/posts\/372093\/revisions\/372094"}],"wp:featuredmedia":[{"embeddable":true,"href":"https:\/\/hudo.com\/si\/wp-json\/wp\/v2\/media\/208944"}],"wp:attachment":[{"href":"https:\/\/hudo.com\/si\/wp-json\/wp\/v2\/media?parent=372093"}],"wp:term":[{"taxonomy":"category","embeddable":true,"href":"https:\/\/hudo.com\/si\/wp-json\/wp\/v2\/categories?post=372093"},{"taxonomy":"post_tag","embeddable":true,"href":"https:\/\/hudo.com\/si\/wp-json\/wp\/v2\/tags?post=372093"},{"taxonomy":"source","embeddable":true,"href":"https:\/\/hudo.com\/si\/wp-json\/wp\/v2\/source?post=372093"},{"taxonomy":"supertag","embeddable":true,"href":"https:\/\/hudo.com\/si\/wp-json\/wp\/v2\/supertag?post=372093"}],"curies":[{"name":"wp","href":"https:\/\/api.w.org\/{rel}","templated":true}]}}