{"id":372126,"date":"2018-06-18T10:06:49","date_gmt":"2018-06-18T08:06:49","guid":{"rendered":"http:\/\/hudo.com\/si\/?p=372126"},"modified":"2018-06-18T10:06:49","modified_gmt":"2018-06-18T08:06:49","slug":"melania-ostro-nad-trumpovo-politiko-locevanja-otrok","status":"publish","type":"post","link":"https:\/\/hudo.com\/si\/aktualno\/melania-ostro-nad-trumpovo-politiko-locevanja-otrok\/","title":{"rendered":"Melania ostro nad Trumpovo politiko lo\u010devanja otrok"},"content":{"rendered":"<div class=\"text\">\n<p>&#8220;Moramo biti dr\u017eava, ki spo\u0161tuje vse zakone, a tudi dr\u017eava, ki vlada s srcem,&#8221; je, kot so sporo\u010dili iz Bele hi\u0161e, poudarila prva dama ZDA.<\/p>\n<p>Melania Trump se je tako odlo\u010dno odzvala na vse resnej\u0161e te\u017eave zaradi politike ni\u010delne tolerance do migrantov, pri kateri vztraja njen soprog Donald Trump. Od sredine aprila je Trumpova administracija od njihovih dru\u017ein lo\u010dila ve\u010d kot 2000 otrok priseljencev.<\/p>\n<p>Trumpova svetovalka Kellyanne Conway je v nedeljo na televiziji NBC dejala, da ji ta politika kot materi, katoli\u010danki in nekomu z vestjo ni v\u0161e\u010d. Tudi predsedniku menda ni, \u010deprav pri njej vztraja.<\/p>\n<p>Trump trdi, da so za odvzemanje otrok migrantom na meji krivi demokrati, ki so sprejeli tovrstni zakon. Gre sicer za politiko njegovega pravosodnega ministra Jeffa Sessionsa, ki jo lahko Trump ali pa Sessions v trenutku kon\u010data. A upata, da bo tak\u0161na politika povzro\u010dila upad \u0161tevila nezakonitih priseljencev v ZDA.<\/p>\n<p>Pred sedanjo prakso so v ZDA mladoletne otroke pustili skupaj s star\u0161i, dokler je trajal postopek. Zdaj star\u0161e zapirajo v objekte, kjer ne sme biti otrok. Te lo\u010dujejo od star\u0161ev in jih zapirajo v posebne centre, namenjene samo otrokom. Otroke iz teh centrov lahko sicer predajo sorodnikom, ki \u017eivijo v ZDA, a \u010de ti nimajo dovoljenj za delo in bivanje v ZDA, jih aretirajo, ko pridejo po otroke.<\/p>\n<p>Velike ve\u010dine otrok sicer niso odvzeli nezakonitim priseljencem, temve\u010d tistim, ki se sku\u0161ajo zate\u010di v ZDA pred nasiljem v dru\u017eini ali pred nasiljem uli\u010dnih tolp, ki jih dejansko ZDA izva\u017eajo v Latinsko Ameriko. Zloglasna tolpa MS-13, o kateri Trump nenehno govori, je namre\u010d nastala v ZDA, \u010deprav so v njej nezakoniti priseljenci.<\/p>\n<p>ZDA redno izganjajo \u0161tevilne pripadnike uli\u010dnih tolp, ki so nezakoniti priseljenci, najve\u010d v dr\u017eave Srednje Amerike. Ti doma ustvarijo podru\u017enice, ki so podobno ali \u0161e bolj nasilne od tistih v ZDA. Navadni ljudje za\u0161\u010dite od dr\u017eave, kot sta na primer Salvador ali Gvatemala, ne dobijo in so prisiljeni pobegniti.<\/p>\n<p>Sessions je pred kratkim sporo\u010dil, da se je odlo\u010dil, da nasilje v dru\u017eini in nasilje uli\u010dnih tolp ne bo ve\u010d razlog za podelitev azila v ZDA. Vse, ki prihajajo po azil preko ju\u017ene meje, aretirajo kot kriminalce in jim odvzamejo otroke.<\/p>\n<p>Demokratski kongresniki, ki so po Trumpovem mnenju krivi za to politiko, so v nedeljo skupaj z drugimi dr\u017eavljani proti njej protestirali pred objektom v New Jerseyju, kamor zapirajo priseljence in azilante.<\/p>\n<p>&#8220;To ne sme biti to, kar smo kot dr\u017eava,&#8221; je dejal newyor\u0161ki demokrat Jerold Nadler pred objektom v mestu Elizabeth, kjer se je sre\u010dal s tremi azilanti, ki ne vedo kje so njihovi otroci. &#8220;Nehaj \u017ee enkrat lagati Ameri\u010danom. To je tvoja politika,&#8221; je v New Jerseyju Trumpu sporo\u010dil demokratski kongresnik Hakeem Jeffries.<\/p>\n<p>Podobno se je dogajalo tudi drugje po ZDA, na primer v Teksasu, kjer je najve\u010dji center za odvzete otroke. Demokratski kongresnik iz Teksasa Beto O&#8217;Rourke, ki kandidira za senat proti republikancu Tedu Cruzu, je izjavil, da je to, kar se dogaja, neameri\u0161ko in ne\u010dlove\u0161ko ter napovedal svojo udele\u017ebo na protestnih pohodih na mejo.<\/p>\n<p>Proti lo\u010devanju dru\u017ein migrantov je v nedeljo ostro nastopila tudi nekdanja prva dama ZDA Laura Bush. &#8220;Politika ni\u010delne tolerance je kruta. Je nemoralna. In mi je strla srce,&#8221; je soproga nekdanjega republikanskega predsednika Georgea Busha zapisala v \u010dasniku Washington Post. &#8220;Na\u0161a vlada ne bi smela skladi\u0161\u010diti otrok v preurejenih trgovinah ali delati na\u010drtov, kako jih bo namestila v \u0161otorskih mestih v pu\u0161\u010davah,&#8221; je dodala.<\/p>\n<\/div>\n","protected":false},"excerpt":{"rendered":"<p>Prva dama ZDA Melania Trump je v nedeljo nastopila proti lo\u010devanju otrok migrantov od star\u0161ev. Prva dama ne \u017eeli otrok, lo\u010denih od njihovih dru\u017ein, ter upa, da bodo v kongresu kmalu dosegli dogovor o priseljenski reformi, je sporo\u010dila njena tiskovna predstavnica. Proti lo\u010devanju dru\u017ein migrantov je tudi nekdanja prva dama ZDA Laura Bush.<\/p>\n","protected":false},"author":5,"featured_media":372127,"comment_status":"closed","ping_status":"closed","sticky":false,"template":"","format":"standard","meta":{"footnotes":""},"categories":[1179],"tags":[1680,1681,4776,1652,6387,1682],"source":[4511],"supertag":[6103],"acf":[],"yoast_head":"<!-- This site is optimized with the Yoast SEO plugin v21.3 - https:\/\/yoast.com\/wordpress\/plugins\/seo\/ -->\n<title>Melania ostro nad Trumpovo politiko lo\u010devanja otrok - Hudo Slovenija<\/title>\n<meta name=\"robots\" content=\"index, follow, max-snippet:-1, max-image-preview:large, max-video-preview:-1\" \/>\n<link rel=\"canonical\" href=\"https:\/\/hudo.com\/si\/aktualno\/melania-ostro-nad-trumpovo-politiko-locevanja-otrok\/\" \/>\n<meta property=\"og:locale\" content=\"sl_SI\" \/>\n<meta property=\"og:type\" content=\"article\" \/>\n<meta property=\"og:title\" content=\"Melania ostro nad Trumpovo politiko lo\u010devanja otrok - Hudo Slovenija\" \/>\n<meta property=\"og:description\" content=\"Prva dama ZDA Melania Trump je v nedeljo nastopila proti lo\u010devanju otrok migrantov od star\u0161ev. Prva dama ne \u017eeli otrok, lo\u010denih od njihovih dru\u017ein, ter upa, da bodo v kongresu kmalu dosegli dogovor o priseljenski reformi, je sporo\u010dila njena tiskovna predstavnica. Proti lo\u010devanju dru\u017ein migrantov je tudi nekdanja prva dama ZDA Laura Bush.\" \/>\n<meta property=\"og:url\" content=\"https:\/\/hudo.com\/si\/aktualno\/melania-ostro-nad-trumpovo-politiko-locevanja-otrok\/\" \/>\n<meta property=\"og:site_name\" content=\"Hudo Slovenija\" \/>\n<meta property=\"article:publisher\" content=\"https:\/\/www.facebook.com\/hudo.si\" \/>\n<meta property=\"article:published_time\" content=\"2018-06-18T08:06:49+00:00\" \/>\n<meta property=\"og:image\" content=\"https:\/\/hudo.com\/si\/wp-content\/uploads\/sites\/2\/2018\/06\/profimedia-0370990811.jpg\" \/>\n\t<meta property=\"og:image:width\" content=\"1250\" \/>\n\t<meta property=\"og:image:height\" content=\"944\" \/>\n\t<meta property=\"og:image:type\" content=\"image\/jpeg\" \/>\n<meta name=\"author\" content=\"A. G., STA\" \/>\n<meta name=\"twitter:card\" content=\"summary_large_image\" \/>\n<meta name=\"twitter:creator\" content=\"@hudo_si\" \/>\n<meta name=\"twitter:site\" content=\"@hudo_si\" \/>\n<meta name=\"twitter:label1\" content=\"Written by\" \/>\n\t<meta name=\"twitter:data1\" content=\"A. G., STA\" \/>\n\t<meta name=\"twitter:label2\" content=\"Est. reading time\" \/>\n\t<meta name=\"twitter:data2\" content=\"3 minute\" \/>\n<script type=\"application\/ld+json\" class=\"yoast-schema-graph\">{\"@context\":\"https:\/\/schema.org\",\"@graph\":[{\"@type\":\"Article\",\"@id\":\"https:\/\/hudo.com\/si\/aktualno\/melania-ostro-nad-trumpovo-politiko-locevanja-otrok\/#article\",\"isPartOf\":{\"@id\":\"https:\/\/hudo.com\/si\/aktualno\/melania-ostro-nad-trumpovo-politiko-locevanja-otrok\/\"},\"author\":{\"name\":\"A. G., STA\",\"@id\":\"https:\/\/hudo.com\/si\/#\/schema\/person\/2391667a63ea075ba94f2f2dc6b77537\"},\"headline\":\"Melania ostro nad Trumpovo politiko lo\u010devanja otrok\",\"datePublished\":\"2018-06-18T08:06:49+00:00\",\"dateModified\":\"2018-06-18T08:06:49+00:00\",\"mainEntityOfPage\":{\"@id\":\"https:\/\/hudo.com\/si\/aktualno\/melania-ostro-nad-trumpovo-politiko-locevanja-otrok\/\"},\"wordCount\":617,\"publisher\":{\"@id\":\"https:\/\/hudo.com\/si\/#organization\"},\"keywords\":[\"Donald Trump\",\"Melania Trump\",\"migracije\",\"otroci\",\"priseljenci\",\"ZDA\"],\"articleSection\":[\"Aktualno\"],\"inLanguage\":\"sl-SI\"},{\"@type\":\"WebPage\",\"@id\":\"https:\/\/hudo.com\/si\/aktualno\/melania-ostro-nad-trumpovo-politiko-locevanja-otrok\/\",\"url\":\"https:\/\/hudo.com\/si\/aktualno\/melania-ostro-nad-trumpovo-politiko-locevanja-otrok\/\",\"name\":\"Melania ostro nad Trumpovo politiko lo\u010devanja otrok - Hudo Slovenija\",\"isPartOf\":{\"@id\":\"https:\/\/hudo.com\/si\/#website\"},\"datePublished\":\"2018-06-18T08:06:49+00:00\",\"dateModified\":\"2018-06-18T08:06:49+00:00\",\"breadcrumb\":{\"@id\":\"https:\/\/hudo.com\/si\/aktualno\/melania-ostro-nad-trumpovo-politiko-locevanja-otrok\/#breadcrumb\"},\"inLanguage\":\"sl-SI\",\"potentialAction\":[{\"@type\":\"ReadAction\",\"target\":[\"https:\/\/hudo.com\/si\/aktualno\/melania-ostro-nad-trumpovo-politiko-locevanja-otrok\/\"]}]},{\"@type\":\"BreadcrumbList\",\"@id\":\"https:\/\/hudo.com\/si\/aktualno\/melania-ostro-nad-trumpovo-politiko-locevanja-otrok\/#breadcrumb\",\"itemListElement\":[{\"@type\":\"ListItem\",\"position\":1,\"name\":\"Home\",\"item\":\"https:\/\/hudo.com\/si\/\"},{\"@type\":\"ListItem\",\"position\":2,\"name\":\"Melania ostro nad Trumpovo politiko lo\u010devanja otrok\"}]},{\"@type\":\"WebSite\",\"@id\":\"https:\/\/hudo.com\/si\/#website\",\"url\":\"https:\/\/hudo.com\/si\/\",\"name\":\"Hudo Slovenija\",\"description\":\"Vse novice iz Slovenije in sveta\",\"publisher\":{\"@id\":\"https:\/\/hudo.com\/si\/#organization\"},\"potentialAction\":[{\"@type\":\"SearchAction\",\"target\":{\"@type\":\"EntryPoint\",\"urlTemplate\":\"https:\/\/hudo.com\/si\/?s={search_term_string}\"},\"query-input\":\"required name=search_term_string\"}],\"inLanguage\":\"sl-SI\"},{\"@type\":\"Organization\",\"@id\":\"https:\/\/hudo.com\/si\/#organization\",\"name\":\"VSN Media\",\"url\":\"https:\/\/hudo.com\/si\/\",\"logo\":{\"@type\":\"ImageObject\",\"inLanguage\":\"sl-SI\",\"@id\":\"https:\/\/hudo.com\/si\/#\/schema\/logo\/image\/\",\"url\":\"https:\/\/hudo.com\/si\/wp-content\/uploads\/sites\/2\/2021\/03\/hudo-app-2.png\",\"contentUrl\":\"https:\/\/hudo.com\/si\/wp-content\/uploads\/sites\/2\/2021\/03\/hudo-app-2.png\",\"width\":2185,\"height\":2167,\"caption\":\"VSN Media\"},\"image\":{\"@id\":\"https:\/\/hudo.com\/si\/#\/schema\/logo\/image\/\"},\"sameAs\":[\"https:\/\/www.facebook.com\/hudo.si\",\"https:\/\/twitter.com\/hudo_si\"]},{\"@type\":\"Person\",\"@id\":\"https:\/\/hudo.com\/si\/#\/schema\/person\/2391667a63ea075ba94f2f2dc6b77537\",\"name\":\"A. G., STA\",\"image\":{\"@type\":\"ImageObject\",\"inLanguage\":\"sl-SI\",\"@id\":\"https:\/\/hudo.com\/si\/#\/schema\/person\/image\/\",\"url\":\"https:\/\/secure.gravatar.com\/avatar\/e13d22ac3e442658d5025fbbe6238a79?s=96&d=mm&r=g\",\"contentUrl\":\"https:\/\/secure.gravatar.com\/avatar\/e13d22ac3e442658d5025fbbe6238a79?s=96&d=mm&r=g\",\"caption\":\"A. G., STA\"},\"url\":\"https:\/\/hudo.com\/si\/author\/alenka\/\"}]}<\/script>\n<!-- \/ Yoast SEO plugin. -->","yoast_head_json":{"title":"Melania ostro nad Trumpovo politiko lo\u010devanja otrok - Hudo Slovenija","robots":{"index":"index","follow":"follow","max-snippet":"max-snippet:-1","max-image-preview":"max-image-preview:large","max-video-preview":"max-video-preview:-1"},"canonical":"https:\/\/hudo.com\/si\/aktualno\/melania-ostro-nad-trumpovo-politiko-locevanja-otrok\/","og_locale":"sl_SI","og_type":"article","og_title":"Melania ostro nad Trumpovo politiko lo\u010devanja otrok - Hudo Slovenija","og_description":"Prva dama ZDA Melania Trump je v nedeljo nastopila proti lo\u010devanju otrok migrantov od star\u0161ev. Prva dama ne \u017eeli otrok, lo\u010denih od njihovih dru\u017ein, ter upa, da bodo v kongresu kmalu dosegli dogovor o priseljenski reformi, je sporo\u010dila njena tiskovna predstavnica. Proti lo\u010devanju dru\u017ein migrantov je tudi nekdanja prva dama ZDA Laura Bush.","og_url":"https:\/\/hudo.com\/si\/aktualno\/melania-ostro-nad-trumpovo-politiko-locevanja-otrok\/","og_site_name":"Hudo Slovenija","article_publisher":"https:\/\/www.facebook.com\/hudo.si","article_published_time":"2018-06-18T08:06:49+00:00","og_image":[{"width":1250,"height":944,"url":"https:\/\/hudo.com\/si\/wp-content\/uploads\/sites\/2\/2018\/06\/profimedia-0370990811.jpg","type":"image\/jpeg"}],"author":"A. G., STA","twitter_card":"summary_large_image","twitter_creator":"@hudo_si","twitter_site":"@hudo_si","twitter_misc":{"Written by":"A. G., STA","Est. reading time":"3 minute"},"schema":{"@context":"https:\/\/schema.org","@graph":[{"@type":"Article","@id":"https:\/\/hudo.com\/si\/aktualno\/melania-ostro-nad-trumpovo-politiko-locevanja-otrok\/#article","isPartOf":{"@id":"https:\/\/hudo.com\/si\/aktualno\/melania-ostro-nad-trumpovo-politiko-locevanja-otrok\/"},"author":{"name":"A. G., STA","@id":"https:\/\/hudo.com\/si\/#\/schema\/person\/2391667a63ea075ba94f2f2dc6b77537"},"headline":"Melania ostro nad Trumpovo politiko lo\u010devanja otrok","datePublished":"2018-06-18T08:06:49+00:00","dateModified":"2018-06-18T08:06:49+00:00","mainEntityOfPage":{"@id":"https:\/\/hudo.com\/si\/aktualno\/melania-ostro-nad-trumpovo-politiko-locevanja-otrok\/"},"wordCount":617,"publisher":{"@id":"https:\/\/hudo.com\/si\/#organization"},"keywords":["Donald Trump","Melania Trump","migracije","otroci","priseljenci","ZDA"],"articleSection":["Aktualno"],"inLanguage":"sl-SI"},{"@type":"WebPage","@id":"https:\/\/hudo.com\/si\/aktualno\/melania-ostro-nad-trumpovo-politiko-locevanja-otrok\/","url":"https:\/\/hudo.com\/si\/aktualno\/melania-ostro-nad-trumpovo-politiko-locevanja-otrok\/","name":"Melania ostro nad Trumpovo politiko lo\u010devanja otrok - Hudo Slovenija","isPartOf":{"@id":"https:\/\/hudo.com\/si\/#website"},"datePublished":"2018-06-18T08:06:49+00:00","dateModified":"2018-06-18T08:06:49+00:00","breadcrumb":{"@id":"https:\/\/hudo.com\/si\/aktualno\/melania-ostro-nad-trumpovo-politiko-locevanja-otrok\/#breadcrumb"},"inLanguage":"sl-SI","potentialAction":[{"@type":"ReadAction","target":["https:\/\/hudo.com\/si\/aktualno\/melania-ostro-nad-trumpovo-politiko-locevanja-otrok\/"]}]},{"@type":"BreadcrumbList","@id":"https:\/\/hudo.com\/si\/aktualno\/melania-ostro-nad-trumpovo-politiko-locevanja-otrok\/#breadcrumb","itemListElement":[{"@type":"ListItem","position":1,"name":"Home","item":"https:\/\/hudo.com\/si\/"},{"@type":"ListItem","position":2,"name":"Melania ostro nad Trumpovo politiko lo\u010devanja otrok"}]},{"@type":"WebSite","@id":"https:\/\/hudo.com\/si\/#website","url":"https:\/\/hudo.com\/si\/","name":"Hudo Slovenija","description":"Vse novice iz Slovenije in sveta","publisher":{"@id":"https:\/\/hudo.com\/si\/#organization"},"potentialAction":[{"@type":"SearchAction","target":{"@type":"EntryPoint","urlTemplate":"https:\/\/hudo.com\/si\/?s={search_term_string}"},"query-input":"required name=search_term_string"}],"inLanguage":"sl-SI"},{"@type":"Organization","@id":"https:\/\/hudo.com\/si\/#organization","name":"VSN Media","url":"https:\/\/hudo.com\/si\/","logo":{"@type":"ImageObject","inLanguage":"sl-SI","@id":"https:\/\/hudo.com\/si\/#\/schema\/logo\/image\/","url":"https:\/\/hudo.com\/si\/wp-content\/uploads\/sites\/2\/2021\/03\/hudo-app-2.png","contentUrl":"https:\/\/hudo.com\/si\/wp-content\/uploads\/sites\/2\/2021\/03\/hudo-app-2.png","width":2185,"height":2167,"caption":"VSN Media"},"image":{"@id":"https:\/\/hudo.com\/si\/#\/schema\/logo\/image\/"},"sameAs":["https:\/\/www.facebook.com\/hudo.si","https:\/\/twitter.com\/hudo_si"]},{"@type":"Person","@id":"https:\/\/hudo.com\/si\/#\/schema\/person\/2391667a63ea075ba94f2f2dc6b77537","name":"A. G., STA","image":{"@type":"ImageObject","inLanguage":"sl-SI","@id":"https:\/\/hudo.com\/si\/#\/schema\/person\/image\/","url":"https:\/\/secure.gravatar.com\/avatar\/e13d22ac3e442658d5025fbbe6238a79?s=96&d=mm&r=g","contentUrl":"https:\/\/secure.gravatar.com\/avatar\/e13d22ac3e442658d5025fbbe6238a79?s=96&d=mm&r=g","caption":"A. G., STA"},"url":"https:\/\/hudo.com\/si\/author\/alenka\/"}]}},"amp_enabled":true,"_links":{"self":[{"href":"https:\/\/hudo.com\/si\/wp-json\/wp\/v2\/posts\/372126"}],"collection":[{"href":"https:\/\/hudo.com\/si\/wp-json\/wp\/v2\/posts"}],"about":[{"href":"https:\/\/hudo.com\/si\/wp-json\/wp\/v2\/types\/post"}],"author":[{"embeddable":true,"href":"https:\/\/hudo.com\/si\/wp-json\/wp\/v2\/users\/5"}],"replies":[{"embeddable":true,"href":"https:\/\/hudo.com\/si\/wp-json\/wp\/v2\/comments?post=372126"}],"version-history":[{"count":1,"href":"https:\/\/hudo.com\/si\/wp-json\/wp\/v2\/posts\/372126\/revisions"}],"predecessor-version":[{"id":372128,"href":"https:\/\/hudo.com\/si\/wp-json\/wp\/v2\/posts\/372126\/revisions\/372128"}],"wp:featuredmedia":[{"embeddable":true,"href":"https:\/\/hudo.com\/si\/wp-json\/wp\/v2\/media\/372127"}],"wp:attachment":[{"href":"https:\/\/hudo.com\/si\/wp-json\/wp\/v2\/media?parent=372126"}],"wp:term":[{"taxonomy":"category","embeddable":true,"href":"https:\/\/hudo.com\/si\/wp-json\/wp\/v2\/categories?post=372126"},{"taxonomy":"post_tag","embeddable":true,"href":"https:\/\/hudo.com\/si\/wp-json\/wp\/v2\/tags?post=372126"},{"taxonomy":"source","embeddable":true,"href":"https:\/\/hudo.com\/si\/wp-json\/wp\/v2\/source?post=372126"},{"taxonomy":"supertag","embeddable":true,"href":"https:\/\/hudo.com\/si\/wp-json\/wp\/v2\/supertag?post=372126"}],"curies":[{"name":"wp","href":"https:\/\/api.w.org\/{rel}","templated":true}]}}